{"id":1427,"date":"2019-10-25T11:35:01","date_gmt":"2019-10-25T09:35:01","guid":{"rendered":"http:\/\/wp.kristdemokraterna.se\/linkoping\/?p=1427"},"modified":"2021-08-13T11:47:49","modified_gmt":"2021-08-13T09:47:49","slug":"den-ofrivilliga-ensamheten","status":"publish","type":"post","link":"https:\/\/wp.kristdemokraterna.se\/linkoping\/den-ofrivilliga-ensamheten\/","title":{"rendered":"Den ofrivilliga ensamheten"},"content":{"rendered":"<p>Kommunalr\u00e5det Denis\u00e9 Cassel och \u00e4ldren\u00e4mndens ordf\u00f6rande Liselotte Fager bes\u00f6kte under Torsdagen Gr\u00f6na G\u00e5rdens boende. I samband med bes\u00f6ket h\u00f6lls en presstr\u00e4ff om den ofrivilliga ensamheten.<\/p>\n<p>Ensamhet bland \u00e4ldre har blivit ett riskproblem som \u00f6kar i lavinartad takt i Sverige. Enligt siffror fr\u00e5n Statistiska Centralbyr\u00e5n (SCB) \u00e4r det cirka 300 000 personer 65 \u00e5r och \u00e4ldre \u2013 eller n\u00e4stan var sj\u00e4tte senior som uppger att de upplever ensamhet relativt ofta. Ofrivillig ensamhet drabbar allt \u00adfler \u00e4ldre och medf\u00f6r risk f\u00f6r isolering, nedsatt h\u00e4lsa och s\u00e4mre livskvalitet. Ensamhet kan leda till psykisk oh\u00e4lsa som depression, \u00e5ngest och oro.<\/p>\n<p>Alla kan drabbas av ensamhet. Man kan k\u00e4nna sig ensam b\u00e5de p\u00e5 egen hand och i s\u00e4llskap av andra. D\u00e5 \u00e4r det viktigt att skapa m\u00f6jligheter till v\u00e4nskap och gemenskap, att kunna k\u00e4nna sig beh\u00f6vd och att ha n\u00e5gon att prata med. Detta \u00e4r inte ett individuellt problem utan ett samh\u00e4llsekonomiskt problem som f\u00e5r l\u00e5ngtg\u00e5ende konsekvenser f\u00f6r v\u00e5rt v\u00e4lbefinnande.<\/p>\n<p>F\u00f6rslag f\u00f6r att bryta den ofrivilliga ensamheten:<\/p>\n<ol>\n<li>Planering av boendeformer<\/li>\n<li>Bygg fler \u00e4ldreboenden<\/li>\n<li>St\u00e4rk civilsamh\u00e4llet<\/li>\n<\/ol>\n<p>Kristdemokraternas kommunalr\u00e5d Denis\u00e9 Cassel s\u00e4ger s\u00e5h\u00e4r om civilsamh\u00e4llets roll f\u00f6r att bryta ensamheten:<\/p>\n<ul>\n<li>Det \u00e4r fantastiskt att se de hj\u00e4ltar som arbetar ideellt f\u00f6r att gynna m\u00e4nniskors vardag. Nu m\u00e5ste vi fr\u00e5n politiskt h\u00e5ll se till att f\u00f6reningar och m\u00e4nniskor som arbetar frivilligt f\u00e5r b\u00e4ttre villkor s\u00e5 detta viktiga arbete kan forts\u00e4tta.<\/li>\n<\/ul>\n<p><strong>\u00a0<\/strong><strong>I veckan fattar \u00e4ldren\u00e4mnden beslut om \u00e4ldren\u00e4mndens internbudget. \u00c4ldren\u00e4mnden har tilldelats en summa om 10 miljoner kronor att f\u00f6rdela p\u00e5 kvalitetsf\u00f6rb\u00e4ttringar 2020. <\/strong><\/p>\n<p>Den st\u00f6rsta delen av pengarna 5 miljoner kommer att g\u00e5 till att tillskapa tillagningsk\u00f6k p\u00e5 plats i v\u00e5ra \u00e4ldreboende. Det inneb\u00e4r att den \u00e4ldre erbjuds h\u00f6gre kvalit\u00e9 d\u00e4r man direkt kan vara med att p\u00e5verka vad som serveras men \u00e4ven de r\u00e5varor som anv\u00e4nds i tillagningen och sj\u00e4lv kunna delta i matlagningen.<\/p>\n<ul>\n<li>V\u00e5ra \u00e4ldre f\u00f6rtj\u00e4nar god och n\u00e4ringsrik mat. Men \u00e4n god m\u00e5ltidsituation har en st\u00f6rre betydelse \u00e4n s\u00e5, det \u00e4r ett s\u00e4tt att erbjuda fler \u00e4ldre m\u00f6jligheten att inta m\u00e5ltider i gemenskap med andra. S\u00e4ger Liselotte Fager.<\/li>\n<\/ul>\n<p>I budgeten f\u00f6resl\u00e5r vi en utredning g\u00e4llande social samvaro i hemtj\u00e4nsten. Vi m\u00e5ste se \u00f6ver hur vi tillsammans med civilsamh\u00e4llet och f\u00f6reningslivet kan hitta nya v\u00e4gar f\u00f6r att p\u00e5 allvar kunna bryta de \u00e4ldres isolering och ensamhet. Idag genomf\u00f6rs social samvaro av v\u00e5rdpersonal som utf\u00f6r dessa insatser inom hemtj\u00e4nst. En utredning kr\u00e4vs f\u00f6r att se hur sociala insatser kan utf\u00f6ras p\u00e5 annat s\u00e4tt med \u00f6kad kvalitetstid f\u00f6r den \u00e4ldre.<\/p>\n<ul>\n<li>Ensamhet bland \u00e4ldre \u00e4r alldeles f\u00f6r vanligt f\u00f6rekommande och d\u00e4rf\u00f6r \u00e4r det h\u00e4r en prioriterad fr\u00e5ga f\u00f6r mig som ordf\u00f6rande. Genom dessa satsningar hoppas vi kunna erbjuda fler \u00e4ldre m\u00f6jligheten till\u00a0\u00f6kad social gemenskap,\u00a0s\u00e4ger Liselotte Fager (KD).<\/li>\n<\/ul>\n","protected":false},"excerpt":{"rendered":"<p>Kommunalr\u00e5det Denis\u00e9 Cassel och \u00e4ldren\u00e4mndens ordf\u00f6rande Liselotte Fager bes\u00f6kte under Torsdagen Gr\u00f6na G\u00e5rdens boende. I samband med bes\u00f6ket h\u00f6lls en presstr\u00e4ff om den ofrivilliga ensamheten. Ensamhet bland \u00e4ldre har blivit ett riskproblem som \u00f6kar i lavinartad takt i Sverige. Enligt siffror fr\u00e5n Statistiska Centralbyr\u00e5n (SCB) \u00e4r det cirka 300 000 personer 65 \u00e5r och \u00e4ldre <a class=\"read-more-link\" href=\"https:\/\/wp.kristdemokraterna.se\/linkoping\/den-ofrivilliga-ensamheten\/\">Read More<\/a><\/p>\n","protected":false},"author":410,"featured_media":0,"comment_status":"closed","ping_status":"closed","sticky":false,"template":"","format":"standard","meta":{"_acf_changed":false,"footnotes":""},"categories":[22,1],"tags":[],"class_list":["post-1427","post","type-post","status-publish","format-standard","hentry","category-arkiv","category-okategoriserade"],"acf":[],"yoast_head":"<!-- This site is optimized with the Yoast SEO plugin v27.4 - https:\/\/yoast.com\/product\/yoast-seo-wordpress\/ -->\n<title>Den ofrivilliga ensamheten - Kristdemokraterna i Link\u00f6ping<\/title>\n<meta name=\"robots\" content=\"index, follow, max-snippet:-1, max-image-preview:large, max-video-preview:-1\" \/>\n<link rel=\"canonical\" href=\"https:\/\/wp.kristdemokraterna.se\/linkoping\/den-ofrivilliga-ensamheten\/\" \/>\n<meta property=\"og:locale\" content=\"sv_SE\" \/>\n<meta property=\"og:type\" content=\"article\" \/>\n<meta property=\"og:title\" content=\"Den ofrivilliga ensamheten - Kristdemokraterna i Link\u00f6ping\" \/>\n<meta property=\"og:description\" content=\"Kommunalr\u00e5det Denis\u00e9 Cassel och \u00e4ldren\u00e4mndens ordf\u00f6rande Liselotte Fager bes\u00f6kte under Torsdagen Gr\u00f6na G\u00e5rdens boende. I samband med bes\u00f6ket h\u00f6lls en presstr\u00e4ff om den ofrivilliga ensamheten. Ensamhet bland \u00e4ldre har blivit ett riskproblem som \u00f6kar i lavinartad takt i Sverige. Enligt siffror fr\u00e5n Statistiska Centralbyr\u00e5n (SCB) \u00e4r det cirka 300 000 personer 65 \u00e5r och \u00e4ldre Read More\" \/>\n<meta property=\"og:url\" content=\"https:\/\/wp.kristdemokraterna.se\/linkoping\/den-ofrivilliga-ensamheten\/\" \/>\n<meta property=\"og:site_name\" content=\"Kristdemokraterna i Link\u00f6ping\" \/>\n<meta property=\"article:author\" content=\"https:\/\/www.facebook.com\/kdlinkoping\/\" \/>\n<meta property=\"article:published_time\" content=\"2019-10-25T09:35:01+00:00\" \/>\n<meta property=\"article:modified_time\" content=\"2021-08-13T09:47:49+00:00\" \/>\n<meta name=\"author\" content=\"linkoping\" \/>\n<meta name=\"twitter:card\" content=\"summary_large_image\" \/>\n<meta name=\"twitter:label1\" content=\"Skriven av\" \/>\n\t<meta name=\"twitter:data1\" content=\"linkoping\" \/>\n\t<meta name=\"twitter:label2\" content=\"Ber\u00e4knad l\u00e4stid\" \/>\n\t<meta name=\"twitter:data2\" content=\"3 minuter\" \/>\n<script type=\"application\/ld+json\" class=\"yoast-schema-graph\">{\"@context\":\"https:\\\/\\\/schema.org\",\"@graph\":[{\"@type\":\"Article\",\"@id\":\"https:\\\/\\\/wp.kristdemokraterna.se\\\/linkoping\\\/den-ofrivilliga-ensamheten\\\/#article\",\"isPartOf\":{\"@id\":\"https:\\\/\\\/wp.kristdemokraterna.se\\\/linkoping\\\/den-ofrivilliga-ensamheten\\\/\"},\"author\":{\"name\":\"linkoping\",\"@id\":\"https:\\\/\\\/wp.kristdemokraterna.se\\\/linkoping\\\/#\\\/schema\\\/person\\\/b0148c3c8863db76d330faa282b9521a\"},\"headline\":\"Den ofrivilliga ensamheten\",\"datePublished\":\"2019-10-25T09:35:01+00:00\",\"dateModified\":\"2021-08-13T09:47:49+00:00\",\"mainEntityOfPage\":{\"@id\":\"https:\\\/\\\/wp.kristdemokraterna.se\\\/linkoping\\\/den-ofrivilliga-ensamheten\\\/\"},\"wordCount\":543,\"articleSection\":[\"arkiv\",\"okategoriserade\"],\"inLanguage\":\"sv-SE\"},{\"@type\":\"WebPage\",\"@id\":\"https:\\\/\\\/wp.kristdemokraterna.se\\\/linkoping\\\/den-ofrivilliga-ensamheten\\\/\",\"url\":\"https:\\\/\\\/wp.kristdemokraterna.se\\\/linkoping\\\/den-ofrivilliga-ensamheten\\\/\",\"name\":\"Den ofrivilliga ensamheten - Kristdemokraterna i Link\u00f6ping\",\"isPartOf\":{\"@id\":\"https:\\\/\\\/wp.kristdemokraterna.se\\\/linkoping\\\/#website\"},\"datePublished\":\"2019-10-25T09:35:01+00:00\",\"dateModified\":\"2021-08-13T09:47:49+00:00\",\"author\":{\"@id\":\"https:\\\/\\\/wp.kristdemokraterna.se\\\/linkoping\\\/#\\\/schema\\\/person\\\/b0148c3c8863db76d330faa282b9521a\"},\"breadcrumb\":{\"@id\":\"https:\\\/\\\/wp.kristdemokraterna.se\\\/linkoping\\\/den-ofrivilliga-ensamheten\\\/#breadcrumb\"},\"inLanguage\":\"sv-SE\",\"potentialAction\":[{\"@type\":\"ReadAction\",\"target\":[\"https:\\\/\\\/wp.kristdemokraterna.se\\\/linkoping\\\/den-ofrivilliga-ensamheten\\\/\"]}]},{\"@type\":\"BreadcrumbList\",\"@id\":\"https:\\\/\\\/wp.kristdemokraterna.se\\\/linkoping\\\/den-ofrivilliga-ensamheten\\\/#breadcrumb\",\"itemListElement\":[{\"@type\":\"ListItem\",\"position\":1,\"name\":\"Hem\",\"item\":\"https:\\\/\\\/wp.kristdemokraterna.se\\\/linkoping\\\/\"},{\"@type\":\"ListItem\",\"position\":2,\"name\":\"Den ofrivilliga ensamheten\"}]},{\"@type\":\"WebSite\",\"@id\":\"https:\\\/\\\/wp.kristdemokraterna.se\\\/linkoping\\\/#website\",\"url\":\"https:\\\/\\\/wp.kristdemokraterna.se\\\/linkoping\\\/\",\"name\":\"Kristdemokraterna i Link\u00f6ping\",\"description\":\"\",\"inLanguage\":\"sv-SE\"},{\"@type\":\"Person\",\"@id\":\"https:\\\/\\\/wp.kristdemokraterna.se\\\/linkoping\\\/#\\\/schema\\\/person\\\/b0148c3c8863db76d330faa282b9521a\",\"name\":\"linkoping\",\"image\":{\"@type\":\"ImageObject\",\"inLanguage\":\"sv-SE\",\"@id\":\"https:\\\/\\\/secure.gravatar.com\\\/avatar\\\/016e7965fec0e08fdd07b021a7d25181278d4b29b1d5bab57b16017e35421895?s=96&r=g\",\"url\":\"https:\\\/\\\/secure.gravatar.com\\\/avatar\\\/016e7965fec0e08fdd07b021a7d25181278d4b29b1d5bab57b16017e35421895?s=96&r=g\",\"contentUrl\":\"https:\\\/\\\/secure.gravatar.com\\\/avatar\\\/016e7965fec0e08fdd07b021a7d25181278d4b29b1d5bab57b16017e35421895?s=96&r=g\",\"caption\":\"linkoping\"},\"sameAs\":[\"https:\\\/\\\/www.facebook.com\\\/kdlinkoping\\\/\"],\"url\":\"https:\\\/\\\/wp.kristdemokraterna.se\\\/linkoping\\\/author\\\/linkoping\\\/\"}]}<\/script>\n<!-- \/ Yoast SEO plugin. -->","yoast_head_json":{"title":"Den ofrivilliga ensamheten - Kristdemokraterna i Link\u00f6ping","robots":{"index":"index","follow":"follow","max-snippet":"max-snippet:-1","max-image-preview":"max-image-preview:large","max-video-preview":"max-video-preview:-1"},"canonical":"https:\/\/wp.kristdemokraterna.se\/linkoping\/den-ofrivilliga-ensamheten\/","og_locale":"sv_SE","og_type":"article","og_title":"Den ofrivilliga ensamheten - Kristdemokraterna i Link\u00f6ping","og_description":"Kommunalr\u00e5det Denis\u00e9 Cassel och \u00e4ldren\u00e4mndens ordf\u00f6rande Liselotte Fager bes\u00f6kte under Torsdagen Gr\u00f6na G\u00e5rdens boende. I samband med bes\u00f6ket h\u00f6lls en presstr\u00e4ff om den ofrivilliga ensamheten. Ensamhet bland \u00e4ldre har blivit ett riskproblem som \u00f6kar i lavinartad takt i Sverige. Enligt siffror fr\u00e5n Statistiska Centralbyr\u00e5n (SCB) \u00e4r det cirka 300 000 personer 65 \u00e5r och \u00e4ldre Read More","og_url":"https:\/\/wp.kristdemokraterna.se\/linkoping\/den-ofrivilliga-ensamheten\/","og_site_name":"Kristdemokraterna i Link\u00f6ping","article_author":"https:\/\/www.facebook.com\/kdlinkoping\/","article_published_time":"2019-10-25T09:35:01+00:00","article_modified_time":"2021-08-13T09:47:49+00:00","author":"linkoping","twitter_card":"summary_large_image","twitter_misc":{"Skriven av":"linkoping","Ber\u00e4knad l\u00e4stid":"3 minuter"},"schema":{"@context":"https:\/\/schema.org","@graph":[{"@type":"Article","@id":"https:\/\/wp.kristdemokraterna.se\/linkoping\/den-ofrivilliga-ensamheten\/#article","isPartOf":{"@id":"https:\/\/wp.kristdemokraterna.se\/linkoping\/den-ofrivilliga-ensamheten\/"},"author":{"name":"linkoping","@id":"https:\/\/wp.kristdemokraterna.se\/linkoping\/#\/schema\/person\/b0148c3c8863db76d330faa282b9521a"},"headline":"Den ofrivilliga ensamheten","datePublished":"2019-10-25T09:35:01+00:00","dateModified":"2021-08-13T09:47:49+00:00","mainEntityOfPage":{"@id":"https:\/\/wp.kristdemokraterna.se\/linkoping\/den-ofrivilliga-ensamheten\/"},"wordCount":543,"articleSection":["arkiv","okategoriserade"],"inLanguage":"sv-SE"},{"@type":"WebPage","@id":"https:\/\/wp.kristdemokraterna.se\/linkoping\/den-ofrivilliga-ensamheten\/","url":"https:\/\/wp.kristdemokraterna.se\/linkoping\/den-ofrivilliga-ensamheten\/","name":"Den ofrivilliga ensamheten - Kristdemokraterna i Link\u00f6ping","isPartOf":{"@id":"https:\/\/wp.kristdemokraterna.se\/linkoping\/#website"},"datePublished":"2019-10-25T09:35:01+00:00","dateModified":"2021-08-13T09:47:49+00:00","author":{"@id":"https:\/\/wp.kristdemokraterna.se\/linkoping\/#\/schema\/person\/b0148c3c8863db76d330faa282b9521a"},"breadcrumb":{"@id":"https:\/\/wp.kristdemokraterna.se\/linkoping\/den-ofrivilliga-ensamheten\/#breadcrumb"},"inLanguage":"sv-SE","potentialAction":[{"@type":"ReadAction","target":["https:\/\/wp.kristdemokraterna.se\/linkoping\/den-ofrivilliga-ensamheten\/"]}]},{"@type":"BreadcrumbList","@id":"https:\/\/wp.kristdemokraterna.se\/linkoping\/den-ofrivilliga-ensamheten\/#breadcrumb","itemListElement":[{"@type":"ListItem","position":1,"name":"Hem","item":"https:\/\/wp.kristdemokraterna.se\/linkoping\/"},{"@type":"ListItem","position":2,"name":"Den ofrivilliga ensamheten"}]},{"@type":"WebSite","@id":"https:\/\/wp.kristdemokraterna.se\/linkoping\/#website","url":"https:\/\/wp.kristdemokraterna.se\/linkoping\/","name":"Kristdemokraterna i Link\u00f6ping","description":"","inLanguage":"sv-SE"},{"@type":"Person","@id":"https:\/\/wp.kristdemokraterna.se\/linkoping\/#\/schema\/person\/b0148c3c8863db76d330faa282b9521a","name":"linkoping","image":{"@type":"ImageObject","inLanguage":"sv-SE","@id":"https:\/\/secure.gravatar.com\/avatar\/016e7965fec0e08fdd07b021a7d25181278d4b29b1d5bab57b16017e35421895?s=96&r=g","url":"https:\/\/secure.gravatar.com\/avatar\/016e7965fec0e08fdd07b021a7d25181278d4b29b1d5bab57b16017e35421895?s=96&r=g","contentUrl":"https:\/\/secure.gravatar.com\/avatar\/016e7965fec0e08fdd07b021a7d25181278d4b29b1d5bab57b16017e35421895?s=96&r=g","caption":"linkoping"},"sameAs":["https:\/\/www.facebook.com\/kdlinkoping\/"],"url":"https:\/\/wp.kristdemokraterna.se\/linkoping\/author\/linkoping\/"}]}},"_links":{"self":[{"href":"https:\/\/wp.kristdemokraterna.se\/linkoping\/wp-json\/wp\/v2\/posts\/1427","targetHints":{"allow":["GET"]}}],"collection":[{"href":"https:\/\/wp.kristdemokraterna.se\/linkoping\/wp-json\/wp\/v2\/posts"}],"about":[{"href":"https:\/\/wp.kristdemokraterna.se\/linkoping\/wp-json\/wp\/v2\/types\/post"}],"author":[{"embeddable":true,"href":"https:\/\/wp.kristdemokraterna.se\/linkoping\/wp-json\/wp\/v2\/users\/410"}],"replies":[{"embeddable":true,"href":"https:\/\/wp.kristdemokraterna.se\/linkoping\/wp-json\/wp\/v2\/comments?post=1427"}],"version-history":[{"count":1,"href":"https:\/\/wp.kristdemokraterna.se\/linkoping\/wp-json\/wp\/v2\/posts\/1427\/revisions"}],"predecessor-version":[{"id":1429,"href":"https:\/\/wp.kristdemokraterna.se\/linkoping\/wp-json\/wp\/v2\/posts\/1427\/revisions\/1429"}],"wp:attachment":[{"href":"https:\/\/wp.kristdemokraterna.se\/linkoping\/wp-json\/wp\/v2\/media?parent=1427"}],"wp:term":[{"taxonomy":"category","embeddable":true,"href":"https:\/\/wp.kristdemokraterna.se\/linkoping\/wp-json\/wp\/v2\/categories?post=1427"},{"taxonomy":"post_tag","embeddable":true,"href":"https:\/\/wp.kristdemokraterna.se\/linkoping\/wp-json\/wp\/v2\/tags?post=1427"}],"curies":[{"name":"wp","href":"https:\/\/api.w.org\/{rel}","templated":true}]}}