{"id":1441,"date":"2019-11-18T14:00:57","date_gmt":"2019-11-18T13:00:57","guid":{"rendered":"http:\/\/wp.kristdemokraterna.se\/linkoping\/?p=1441"},"modified":"2021-08-13T11:47:49","modified_gmt":"2021-08-13T09:47:49","slug":"kommunalradets-nyhetsbrev-vecka-v-46","status":"publish","type":"post","link":"https:\/\/wp.kristdemokraterna.se\/linkoping\/kommunalradets-nyhetsbrev-vecka-v-46\/","title":{"rendered":"Kommunalr\u00e5dets nyhetsbrev vecka V.46"},"content":{"rendered":"<p><span class=\"   \">Hej v\u00e4nner!<br \/>\n<\/span><span class=\"   \">Av f\u00f6rklarliga sk\u00e4l mailade jag inte ut n\u00e5got informationsbrev f\u00f6rra veckan. Det blev m\u00e5nga och l\u00e5nga timmar p\u00e5 Rikstinget i Ume\u00e5. Jag gav bort min ombudsplats i v\u00e5ras till Samuel Holm. F\u00f6r partiets \u00e5terv\u00e4xts skull ans\u00e5g jag det viktigt att KDU \u00d6sterg\u00f6tlands ordf\u00f6rande fanns p\u00e5 plats. Samuel gjorde verkligen sk\u00e4l f\u00f6r sin l\u00f6n och levererade konstruktiva och genomarbetade inl\u00e4gg i debatten. \u00d6vriga Link\u00f6pingsombud gjorde ocks\u00e5 ett fantastiskt jobb som tr\u00f6skade sig igenom ca 299 motioner och tv\u00e5 stora propositioner.<br \/>\nDet var ett historiskt riksting p\u00e5 m\u00e5nga s\u00e4tt d\u00e4r vi beslutade om att verka f\u00f6r ett f\u00f6rbud mot helt\u00e4ckande sl\u00f6ja, som burka och niqab inom offentlig verksamhet, som f\u00f6rskola och skola. Vi r\u00f6stade f\u00f6r att verka f\u00f6r striktare f\u00f6rs\u00f6rjningskrav g\u00e4llande anh\u00f6riginvandring, begr\u00e4nsa tolkst\u00f6det, nej till hastighetst\u00e5g, spr\u00e5ktest f\u00f6r permanent uppeh\u00e5llstillst\u00e5nd och nej till nationellt tiggerif\u00f6rbud. N\u00f6jda men n\u00e5got frusna l\u00e4mnade vi Ume\u00e5 i s\u00f6ndagskv\u00e4ll. Mina f\u00f6rhoppningar inf\u00f6r Rikstinget 2021 i Norrk\u00f6ping \u00e4r att vi ska ha fler Link\u00f6pingsombud och minst en representant fr\u00e5n \u00d6sterg\u00f6tland i partistyrelsen. Det kan vi v\u00e4l ha som gemensam uppgift att arbeta f\u00f6r tillsammans?\u00a0<\/span><span class=\"   \">Nedan f\u00f6ljer ett sm\u00f6rg\u00e5sbord med samtliga f\u00f6rhandlingar och beslut g\u00e5ng &#8211; allt finns p\u00e5 partiets Facebook.<\/span><span class=\"   \"><br \/>\n<\/span><span class=\"   \"><br \/>\n<\/span><span class=\"fcsB   \">F\u00f6rhandlingar fredag del 1 &#8211; inkl patiledare Ebba Bush Thors anf\u00f6rande.<br \/>\n<\/span><a href=\"https:\/\/www.facebook.com\/Kristdemokraterna\/videos\/430051687706891\/?epa=SEARCH_BOX\" target=\"_blank\" rel=\"noopener noreferrer\">https:\/\/www.facebook.com\/Kristdemokraterna\/videos\/430051687706891\/?epa=SEARCH_BOX<\/a><span class=\"   \"><\/p>\n<p><\/span><span class=\"fcsB   \">F\u00f6rhandlingar fredag del 2<br \/>\n<\/span><a href=\"https:\/\/www.facebook.com\/Kristdemokraterna\/videos\/541889509706416\/?epa=SEARCH_BOX\" target=\"_blank\" rel=\"noopener noreferrer\">https:\/\/www.facebook.com\/Kristdemokraterna\/videos\/541889509706416\/?epa=SEARCH_BOX<\/a><span class=\"   \"><\/p>\n<p><\/span><span class=\"fcsB   \">F\u00f6rhandlingar l\u00f6rdag<br \/>\n<\/span><a href=\"https:\/\/www.facebook.com\/Kristdemokraterna\/videos\/3566489666698188\/?epa=SEARCH_BOX\" target=\"_blank\" rel=\"noopener noreferrer\">https:\/\/www.facebook.com\/Kristdemokraterna\/videos\/3566489666698188\/?epa=SEARCH_BOX<\/a><span class=\"   \"><\/p>\n<p><\/span><span class=\"fcsB   \">F\u00f6rhandlingar s\u00f6ndag<br \/>\n<\/span><a href=\"https:\/\/www.facebook.com\/Kristdemokraterna\/videos\/615669612304736\/?epa=SEARCH_BOX\" target=\"_blank\" rel=\"noopener noreferrer\">https:\/\/www.facebook.com\/Kristdemokraterna\/videos\/615669612304736\/?epa=SEARCH_BOX<\/a><span class=\"   \"><\/p>\n<p><\/span><span class=\"   \">L\u00e4nkarna finns \u00e4ven under mappen &#8221;Riksting Ume\u00e5 2019&#8221; som alla har p\u00e5 sitt Navetskrivbord.<\/span><span class=\"   \"><br \/>\n<\/span><span class=\"   \"><br \/>\n<\/span><span class=\"fcsB   \">Aktuellt fr\u00e5n Stadshuset v.46<br \/>\n<\/span><span class=\"fcsB   \"><br \/>\n<\/span><span class=\"fcsB   \">Hamngatan och Tullbron<\/span><span class=\"fcsB   \"><br \/>\n<\/span><span class=\"   \">Under samh\u00e4llsbyggnadsn\u00e4mndens sammantr\u00e4de ig\u00e5r onsdag 13 november behandlades \u00e4rendet \u201d\u00d6ppnande av Hamngatan\u201d. Allians f\u00f6r Link\u00f6ping f\u00f6reslog att Hamngatan och Tullbron skulle \u00f6ppnas upp helt f\u00f6r biltrafik, vilket inneb\u00e4r ett borttagande av kollektivtrafikk\u00f6rf\u00e4lten. F\u00f6rslaget inneb\u00e4r att \u00e4rendet kommer att beh\u00f6va lyftas till kommunfullm\u00e4ktige f\u00f6r beslut. Jag vill d\u00e4rf\u00f6r att ni kommer p\u00e5l\u00e4sta till v\u00e5rt KD-gruppm\u00f6te m\u00e5ndag 18 november. Viktigt att vi \u00e4r f\u00f6rberedda inf\u00f6r debatten eftersom oppositionen inte kommer spara p\u00e5 krutet. Handlingarna finns i Meetings och p\u00e5 n\u00e4tet. Se mitt f\u00f6reg\u00e5ende mail med kallelsen.<\/span><span class=\"   \"><br \/>\n<\/span><span class=\"   \"><br \/>\n<\/span><span class=\"fcsB   \">MR-dagarna<\/span><span class=\"fcsB   \"><br \/>\n<\/span><span class=\"   \">I \u00e5r \u00e4r Link\u00f6pings kommun samarbetspartner och lokal v\u00e4rd f\u00f6r Nordens st\u00f6rsta forum f\u00f6r m\u00e4nskliga r\u00e4ttigheter (MR-dagarna). Ig\u00e5r f\u00f6rmiddags deltog jag p\u00e5 en presstr\u00e4ff utifr\u00e5n min roll som f\u00f6rste vice ordf\u00f6rande i kommunstyrelsen i Link\u00f6ping. Evenemanget samlar \u00e5rligen 3000 &#8211; 5000 bes\u00f6kare.<br \/>\n<\/span><span class=\"fcsB   \"><br \/>\n<\/span><span class=\"fcsB   \">Verksamhetsbes\u00f6k<\/span><span class=\"fcsB   \"><br \/>\n<\/span><span class=\"   \">P\u00e5 mitt initiativ bes\u00f6kte jag och Niklas Borg idag handlaren Anders Skott som driver ICA Berga. Svenska handlare g\u00e5r miste om miljardbelopp varje \u00e5r p\u00e5 grund av st\u00f6lder \u2013 och den summan v\u00e4xer. V\u00e4rdet p\u00e5 varorna som stj\u00e4ls ber\u00e4knas uppg\u00e5 till sju miljarder kronor p\u00e5 \u00e5rsbasis, enligt en uppskattning som Svensk Handel gjort. ICA Berga \u00e4r inget undantag. Handlaren d\u00e4r noterar ett \u201do\u00e4rlighetssvinn\u201d p\u00e5 ca 2-3 miljoner \u00e5rligen trots att butiken anlitar b\u00e5de civilkontrollanter och v\u00e4ktare kv\u00e4llstid. V\u00e4ktaren f\u00f6ljer kv\u00e4llspersonalen till sina bilar p\u00e5 parkeringen efter avslutat pass f\u00f6r att f\u00f6rs\u00e4kra sig om deras trygghet (!). Av den anledningen k\u00e4ndes det extra angel\u00e4get f\u00f6r mig och Niklas att bes\u00f6ka ICA Berga och fr\u00e5ga vad vi fr\u00e5n politikens och kommunens h\u00e5ll kan bist\u00e5 med f\u00f6r att st\u00e4vja den negativa utvecklingen. Trots st\u00f6lder och oroligheter i centrum ser Anders positivt p\u00e5 verksamheten, han hoppas kunna expandera framgent och g\u00f6ra Berga mer attraktivt. Vi tar med oss Anders f\u00f6rslag och arbetar vidare. Under veckan har jag \u00e4ven gjort ett bes\u00f6k p\u00e5 Veteranpoolen som hj\u00e4lper till med hem, hantverk, tr\u00e4dg\u00e5rd och omsorg. Kunderna \u00e4r i alla \u00e5ldrar, men veteranerna \u00e4r trygga, erfarna och flexibla pension\u00e4rer som hj\u00e4lper till l\u00f6pande eller n\u00e4r kunden ringer. Det var h\u00e4rligt att tr\u00e4ffa regionchef Mimmi S\u00f6derholtz som visar att kompetens inte har ett b\u00e4st f\u00f6re-datum. Tanken fram\u00e5t \u00e4r att Liselotte Fager \u00e4ven ska bes\u00f6ka Veteranpoolen men d\u00e5 f\u00e5 tr\u00e4ffa alla veteraner som arbetar d\u00e4r. Jag m\u00e4rker att vi f\u00e5r v\u00e4ldigt mycket positiv respons genom att g\u00f6ra verksamhetsbes\u00f6k samtidigt som vi marknadsf\u00f6r partiet.<br \/>\n<\/span><span class=\"   \"><br \/>\n<\/span><span class=\"fcsB   \">H\u00f6stfest 2019 med extra partidistrikts\u00e5rsm\u00f6te<\/span><span class=\"fcsB   \"><br \/>\n<\/span><span class=\"   \">L\u00f6rdag 23 november \u00e4r det dags f\u00f6r Kristdemokraterna i \u00d6sterg\u00f6tlands h\u00f6stfest med extra partidistrikts\u00e5rsm\u00f6te. Ni som \u00e4r valda ombud\/ers\u00e4ttare gl\u00f6m inte bort att anm\u00e4la er! Det g\u00e4ller \u00e4ven samtliga av er som ocks\u00e5 t\u00e4nkt g\u00e5. Bindande anm\u00e4lan senast onsdag 20 november via formul\u00e4r:<\/span><span class=\"   \">\u00a0<\/span><a href=\"https:\/\/forms.gle\/AVXaJvjghVQmpRor9\" target=\"_blank\" rel=\"noopener noreferrer\">https:\/\/forms.gle\/AVXaJvjghVQmpRor9<\/a><\/p>\n<p><span class=\"fcsB   \">Mediasammanfattning v. 45-46<br \/>\n<\/span><span class=\"fcsB   \"><br \/>\n5 november &#8211; Fr\u00e5gan: Vem tar ansvar f\u00f6r f\u00f6rsvunna barnen<\/span><span class=\"fcsB   \"><br \/>\n<\/span><a href=\"https:\/\/www.corren.se\/nyheter\/linkoping\/fragan-vem-tar-ansvar-for-forsvunna-barnen-om6371375.aspx\" target=\"_blank\" rel=\"noopener noreferrer\">https:\/\/www.corren.se\/nyheter\/linkoping\/fragan-vem-tar-ansvar-for-forsvunna-barnen-om6371375.aspx<\/a><span class=\"   \"><br \/>\n<\/span><span class=\"fcsB   \">13 november &#8211; 3 000 bes\u00f6kare kommer till forumet<\/span><span class=\"   \"><br \/>\n<\/span><a href=\"https:\/\/www.corren.se\/nyheter\/linkoping\/3-000-besokare-kommer-till-forumet-om6382632.aspx\" target=\"_blank\" rel=\"noopener noreferrer\">https:\/\/www.corren.se\/nyheter\/linkoping\/3-000-besokare-kommer-till-forumet-om6382632.aspx<\/a><span class=\"   \"><br \/>\n<\/span><span class=\"   \"><br \/>\n<\/span><span class=\"   \">H\u00e4lsningar<\/span><span class=\" fcsI  \"><br \/>\nDenis\u00e9 Cassel<\/span><\/p>\n","protected":false},"excerpt":{"rendered":"<p>Hej v\u00e4nner! Av f\u00f6rklarliga sk\u00e4l mailade jag inte ut n\u00e5got informationsbrev f\u00f6rra veckan. Det blev m\u00e5nga och l\u00e5nga timmar p\u00e5 Rikstinget i Ume\u00e5. Jag gav bort min ombudsplats i v\u00e5ras till Samuel Holm. F\u00f6r partiets \u00e5terv\u00e4xts skull ans\u00e5g jag det viktigt att KDU \u00d6sterg\u00f6tlands ordf\u00f6rande fanns p\u00e5 plats. Samuel gjorde verkligen sk\u00e4l f\u00f6r sin l\u00f6n <a class=\"read-more-link\" href=\"https:\/\/wp.kristdemokraterna.se\/linkoping\/kommunalradets-nyhetsbrev-vecka-v-46\/\">Read More<\/a><\/p>\n","protected":false},"author":410,"featured_media":0,"comment_status":"closed","ping_status":"closed","sticky":false,"template":"","format":"standard","meta":{"_acf_changed":false,"footnotes":""},"categories":[22,1],"tags":[],"class_list":["post-1441","post","type-post","status-publish","format-standard","hentry","category-arkiv","category-okategoriserade"],"acf":[],"yoast_head":"<!-- This site is optimized with the Yoast SEO plugin v27.4 - https:\/\/yoast.com\/product\/yoast-seo-wordpress\/ -->\n<title>Kommunalr\u00e5dets nyhetsbrev vecka V.46 - Kristdemokraterna i Link\u00f6ping<\/title>\n<meta name=\"robots\" content=\"index, follow, max-snippet:-1, max-image-preview:large, max-video-preview:-1\" \/>\n<link rel=\"canonical\" href=\"https:\/\/wp.kristdemokraterna.se\/linkoping\/kommunalradets-nyhetsbrev-vecka-v-46\/\" \/>\n<meta property=\"og:locale\" content=\"sv_SE\" \/>\n<meta property=\"og:type\" content=\"article\" \/>\n<meta property=\"og:title\" content=\"Kommunalr\u00e5dets nyhetsbrev vecka V.46 - Kristdemokraterna i Link\u00f6ping\" \/>\n<meta property=\"og:description\" content=\"Hej v\u00e4nner! Av f\u00f6rklarliga sk\u00e4l mailade jag inte ut n\u00e5got informationsbrev f\u00f6rra veckan. Det blev m\u00e5nga och l\u00e5nga timmar p\u00e5 Rikstinget i Ume\u00e5. Jag gav bort min ombudsplats i v\u00e5ras till Samuel Holm. F\u00f6r partiets \u00e5terv\u00e4xts skull ans\u00e5g jag det viktigt att KDU \u00d6sterg\u00f6tlands ordf\u00f6rande fanns p\u00e5 plats. Samuel gjorde verkligen sk\u00e4l f\u00f6r sin l\u00f6n Read More\" \/>\n<meta property=\"og:url\" content=\"https:\/\/wp.kristdemokraterna.se\/linkoping\/kommunalradets-nyhetsbrev-vecka-v-46\/\" \/>\n<meta property=\"og:site_name\" content=\"Kristdemokraterna i Link\u00f6ping\" \/>\n<meta property=\"article:author\" content=\"https:\/\/www.facebook.com\/kdlinkoping\/\" \/>\n<meta property=\"article:published_time\" content=\"2019-11-18T13:00:57+00:00\" \/>\n<meta property=\"article:modified_time\" content=\"2021-08-13T09:47:49+00:00\" \/>\n<meta name=\"author\" content=\"linkoping\" \/>\n<meta name=\"twitter:card\" content=\"summary_large_image\" \/>\n<meta name=\"twitter:label1\" content=\"Skriven av\" \/>\n\t<meta name=\"twitter:data1\" content=\"linkoping\" \/>\n\t<meta name=\"twitter:label2\" content=\"Ber\u00e4knad l\u00e4stid\" \/>\n\t<meta name=\"twitter:data2\" content=\"5 minuter\" \/>\n<script type=\"application\/ld+json\" class=\"yoast-schema-graph\">{\"@context\":\"https:\\\/\\\/schema.org\",\"@graph\":[{\"@type\":\"Article\",\"@id\":\"https:\\\/\\\/wp.kristdemokraterna.se\\\/linkoping\\\/kommunalradets-nyhetsbrev-vecka-v-46\\\/#article\",\"isPartOf\":{\"@id\":\"https:\\\/\\\/wp.kristdemokraterna.se\\\/linkoping\\\/kommunalradets-nyhetsbrev-vecka-v-46\\\/\"},\"author\":{\"name\":\"linkoping\",\"@id\":\"https:\\\/\\\/wp.kristdemokraterna.se\\\/linkoping\\\/#\\\/schema\\\/person\\\/b0148c3c8863db76d330faa282b9521a\"},\"headline\":\"Kommunalr\u00e5dets nyhetsbrev vecka V.46\",\"datePublished\":\"2019-11-18T13:00:57+00:00\",\"dateModified\":\"2021-08-13T09:47:49+00:00\",\"mainEntityOfPage\":{\"@id\":\"https:\\\/\\\/wp.kristdemokraterna.se\\\/linkoping\\\/kommunalradets-nyhetsbrev-vecka-v-46\\\/\"},\"wordCount\":921,\"articleSection\":[\"arkiv\",\"okategoriserade\"],\"inLanguage\":\"sv-SE\"},{\"@type\":\"WebPage\",\"@id\":\"https:\\\/\\\/wp.kristdemokraterna.se\\\/linkoping\\\/kommunalradets-nyhetsbrev-vecka-v-46\\\/\",\"url\":\"https:\\\/\\\/wp.kristdemokraterna.se\\\/linkoping\\\/kommunalradets-nyhetsbrev-vecka-v-46\\\/\",\"name\":\"Kommunalr\u00e5dets nyhetsbrev vecka V.46 - Kristdemokraterna i Link\u00f6ping\",\"isPartOf\":{\"@id\":\"https:\\\/\\\/wp.kristdemokraterna.se\\\/linkoping\\\/#website\"},\"datePublished\":\"2019-11-18T13:00:57+00:00\",\"dateModified\":\"2021-08-13T09:47:49+00:00\",\"author\":{\"@id\":\"https:\\\/\\\/wp.kristdemokraterna.se\\\/linkoping\\\/#\\\/schema\\\/person\\\/b0148c3c8863db76d330faa282b9521a\"},\"breadcrumb\":{\"@id\":\"https:\\\/\\\/wp.kristdemokraterna.se\\\/linkoping\\\/kommunalradets-nyhetsbrev-vecka-v-46\\\/#breadcrumb\"},\"inLanguage\":\"sv-SE\",\"potentialAction\":[{\"@type\":\"ReadAction\",\"target\":[\"https:\\\/\\\/wp.kristdemokraterna.se\\\/linkoping\\\/kommunalradets-nyhetsbrev-vecka-v-46\\\/\"]}]},{\"@type\":\"BreadcrumbList\",\"@id\":\"https:\\\/\\\/wp.kristdemokraterna.se\\\/linkoping\\\/kommunalradets-nyhetsbrev-vecka-v-46\\\/#breadcrumb\",\"itemListElement\":[{\"@type\":\"ListItem\",\"position\":1,\"name\":\"Hem\",\"item\":\"https:\\\/\\\/wp.kristdemokraterna.se\\\/linkoping\\\/\"},{\"@type\":\"ListItem\",\"position\":2,\"name\":\"Kommunalr\u00e5dets nyhetsbrev vecka V.46\"}]},{\"@type\":\"WebSite\",\"@id\":\"https:\\\/\\\/wp.kristdemokraterna.se\\\/linkoping\\\/#website\",\"url\":\"https:\\\/\\\/wp.kristdemokraterna.se\\\/linkoping\\\/\",\"name\":\"Kristdemokraterna i Link\u00f6ping\",\"description\":\"\",\"inLanguage\":\"sv-SE\"},{\"@type\":\"Person\",\"@id\":\"https:\\\/\\\/wp.kristdemokraterna.se\\\/linkoping\\\/#\\\/schema\\\/person\\\/b0148c3c8863db76d330faa282b9521a\",\"name\":\"linkoping\",\"image\":{\"@type\":\"ImageObject\",\"inLanguage\":\"sv-SE\",\"@id\":\"https:\\\/\\\/secure.gravatar.com\\\/avatar\\\/016e7965fec0e08fdd07b021a7d25181278d4b29b1d5bab57b16017e35421895?s=96&r=g\",\"url\":\"https:\\\/\\\/secure.gravatar.com\\\/avatar\\\/016e7965fec0e08fdd07b021a7d25181278d4b29b1d5bab57b16017e35421895?s=96&r=g\",\"contentUrl\":\"https:\\\/\\\/secure.gravatar.com\\\/avatar\\\/016e7965fec0e08fdd07b021a7d25181278d4b29b1d5bab57b16017e35421895?s=96&r=g\",\"caption\":\"linkoping\"},\"sameAs\":[\"https:\\\/\\\/www.facebook.com\\\/kdlinkoping\\\/\"],\"url\":\"https:\\\/\\\/wp.kristdemokraterna.se\\\/linkoping\\\/author\\\/linkoping\\\/\"}]}<\/script>\n<!-- \/ Yoast SEO plugin. -->","yoast_head_json":{"title":"Kommunalr\u00e5dets nyhetsbrev vecka V.46 - Kristdemokraterna i Link\u00f6ping","robots":{"index":"index","follow":"follow","max-snippet":"max-snippet:-1","max-image-preview":"max-image-preview:large","max-video-preview":"max-video-preview:-1"},"canonical":"https:\/\/wp.kristdemokraterna.se\/linkoping\/kommunalradets-nyhetsbrev-vecka-v-46\/","og_locale":"sv_SE","og_type":"article","og_title":"Kommunalr\u00e5dets nyhetsbrev vecka V.46 - Kristdemokraterna i Link\u00f6ping","og_description":"Hej v\u00e4nner! Av f\u00f6rklarliga sk\u00e4l mailade jag inte ut n\u00e5got informationsbrev f\u00f6rra veckan. Det blev m\u00e5nga och l\u00e5nga timmar p\u00e5 Rikstinget i Ume\u00e5. Jag gav bort min ombudsplats i v\u00e5ras till Samuel Holm. F\u00f6r partiets \u00e5terv\u00e4xts skull ans\u00e5g jag det viktigt att KDU \u00d6sterg\u00f6tlands ordf\u00f6rande fanns p\u00e5 plats. Samuel gjorde verkligen sk\u00e4l f\u00f6r sin l\u00f6n Read More","og_url":"https:\/\/wp.kristdemokraterna.se\/linkoping\/kommunalradets-nyhetsbrev-vecka-v-46\/","og_site_name":"Kristdemokraterna i Link\u00f6ping","article_author":"https:\/\/www.facebook.com\/kdlinkoping\/","article_published_time":"2019-11-18T13:00:57+00:00","article_modified_time":"2021-08-13T09:47:49+00:00","author":"linkoping","twitter_card":"summary_large_image","twitter_misc":{"Skriven av":"linkoping","Ber\u00e4knad l\u00e4stid":"5 minuter"},"schema":{"@context":"https:\/\/schema.org","@graph":[{"@type":"Article","@id":"https:\/\/wp.kristdemokraterna.se\/linkoping\/kommunalradets-nyhetsbrev-vecka-v-46\/#article","isPartOf":{"@id":"https:\/\/wp.kristdemokraterna.se\/linkoping\/kommunalradets-nyhetsbrev-vecka-v-46\/"},"author":{"name":"linkoping","@id":"https:\/\/wp.kristdemokraterna.se\/linkoping\/#\/schema\/person\/b0148c3c8863db76d330faa282b9521a"},"headline":"Kommunalr\u00e5dets nyhetsbrev vecka V.46","datePublished":"2019-11-18T13:00:57+00:00","dateModified":"2021-08-13T09:47:49+00:00","mainEntityOfPage":{"@id":"https:\/\/wp.kristdemokraterna.se\/linkoping\/kommunalradets-nyhetsbrev-vecka-v-46\/"},"wordCount":921,"articleSection":["arkiv","okategoriserade"],"inLanguage":"sv-SE"},{"@type":"WebPage","@id":"https:\/\/wp.kristdemokraterna.se\/linkoping\/kommunalradets-nyhetsbrev-vecka-v-46\/","url":"https:\/\/wp.kristdemokraterna.se\/linkoping\/kommunalradets-nyhetsbrev-vecka-v-46\/","name":"Kommunalr\u00e5dets nyhetsbrev vecka V.46 - Kristdemokraterna i Link\u00f6ping","isPartOf":{"@id":"https:\/\/wp.kristdemokraterna.se\/linkoping\/#website"},"datePublished":"2019-11-18T13:00:57+00:00","dateModified":"2021-08-13T09:47:49+00:00","author":{"@id":"https:\/\/wp.kristdemokraterna.se\/linkoping\/#\/schema\/person\/b0148c3c8863db76d330faa282b9521a"},"breadcrumb":{"@id":"https:\/\/wp.kristdemokraterna.se\/linkoping\/kommunalradets-nyhetsbrev-vecka-v-46\/#breadcrumb"},"inLanguage":"sv-SE","potentialAction":[{"@type":"ReadAction","target":["https:\/\/wp.kristdemokraterna.se\/linkoping\/kommunalradets-nyhetsbrev-vecka-v-46\/"]}]},{"@type":"BreadcrumbList","@id":"https:\/\/wp.kristdemokraterna.se\/linkoping\/kommunalradets-nyhetsbrev-vecka-v-46\/#breadcrumb","itemListElement":[{"@type":"ListItem","position":1,"name":"Hem","item":"https:\/\/wp.kristdemokraterna.se\/linkoping\/"},{"@type":"ListItem","position":2,"name":"Kommunalr\u00e5dets nyhetsbrev vecka V.46"}]},{"@type":"WebSite","@id":"https:\/\/wp.kristdemokraterna.se\/linkoping\/#website","url":"https:\/\/wp.kristdemokraterna.se\/linkoping\/","name":"Kristdemokraterna i Link\u00f6ping","description":"","inLanguage":"sv-SE"},{"@type":"Person","@id":"https:\/\/wp.kristdemokraterna.se\/linkoping\/#\/schema\/person\/b0148c3c8863db76d330faa282b9521a","name":"linkoping","image":{"@type":"ImageObject","inLanguage":"sv-SE","@id":"https:\/\/secure.gravatar.com\/avatar\/016e7965fec0e08fdd07b021a7d25181278d4b29b1d5bab57b16017e35421895?s=96&r=g","url":"https:\/\/secure.gravatar.com\/avatar\/016e7965fec0e08fdd07b021a7d25181278d4b29b1d5bab57b16017e35421895?s=96&r=g","contentUrl":"https:\/\/secure.gravatar.com\/avatar\/016e7965fec0e08fdd07b021a7d25181278d4b29b1d5bab57b16017e35421895?s=96&r=g","caption":"linkoping"},"sameAs":["https:\/\/www.facebook.com\/kdlinkoping\/"],"url":"https:\/\/wp.kristdemokraterna.se\/linkoping\/author\/linkoping\/"}]}},"_links":{"self":[{"href":"https:\/\/wp.kristdemokraterna.se\/linkoping\/wp-json\/wp\/v2\/posts\/1441","targetHints":{"allow":["GET"]}}],"collection":[{"href":"https:\/\/wp.kristdemokraterna.se\/linkoping\/wp-json\/wp\/v2\/posts"}],"about":[{"href":"https:\/\/wp.kristdemokraterna.se\/linkoping\/wp-json\/wp\/v2\/types\/post"}],"author":[{"embeddable":true,"href":"https:\/\/wp.kristdemokraterna.se\/linkoping\/wp-json\/wp\/v2\/users\/410"}],"replies":[{"embeddable":true,"href":"https:\/\/wp.kristdemokraterna.se\/linkoping\/wp-json\/wp\/v2\/comments?post=1441"}],"version-history":[{"count":1,"href":"https:\/\/wp.kristdemokraterna.se\/linkoping\/wp-json\/wp\/v2\/posts\/1441\/revisions"}],"predecessor-version":[{"id":1443,"href":"https:\/\/wp.kristdemokraterna.se\/linkoping\/wp-json\/wp\/v2\/posts\/1441\/revisions\/1443"}],"wp:attachment":[{"href":"https:\/\/wp.kristdemokraterna.se\/linkoping\/wp-json\/wp\/v2\/media?parent=1441"}],"wp:term":[{"taxonomy":"category","embeddable":true,"href":"https:\/\/wp.kristdemokraterna.se\/linkoping\/wp-json\/wp\/v2\/categories?post=1441"},{"taxonomy":"post_tag","embeddable":true,"href":"https:\/\/wp.kristdemokraterna.se\/linkoping\/wp-json\/wp\/v2\/tags?post=1441"}],"curies":[{"name":"wp","href":"https:\/\/api.w.org\/{rel}","templated":true}]}}