{"id":1445,"date":"2019-12-01T12:40:09","date_gmt":"2019-12-01T11:40:09","guid":{"rendered":"http:\/\/wp.kristdemokraterna.se\/linkoping\/?p=1445"},"modified":"2021-08-13T11:47:49","modified_gmt":"2021-08-13T09:47:49","slug":"pressmeddelande-om-avtalet-med-resurspoolen","status":"publish","type":"post","link":"https:\/\/wp.kristdemokraterna.se\/linkoping\/pressmeddelande-om-avtalet-med-resurspoolen\/","title":{"rendered":"Pressmeddelande om avtalet med resurspoolen."},"content":{"rendered":"<h1>Pressmeddelande<\/h1>\n<p>Att motverka den ofrivilliga ensamheten bland v\u00e5ra \u00e4ldre \u00e4r en viktigt f\u00f6r Alliansen i Link\u00f6ping. Ensamheten \u00e4r en av v\u00e5r tids stora samh\u00e4llsproblem med oerh\u00f6rt stort lidande. Det kr\u00e4vs ett brett politiskt initiativ f\u00f6r att mota ensamheten. Ett viktigt steg f\u00f6r att minska ensamheten \u00e4r avtal med civilsamh\u00e4llet som till exempel Resurspoolen<\/p>\n<p>Avtalet med resurspoolen g\u00e4llande id\u00e9buren offentligt partnerskap (IOP) kommer under \u00c4ldren\u00e4mndens sammantr\u00e4de den 28:e november att f\u00f6rnyas. Inriktningen \u00e4r att st\u00f6dja och stimulera frivilliguppdrag. Arbeta med m\u00f6tesplatser och tr\u00e4ffpunkter bland annat p\u00e5 kommunens servicehus och trygghetsboenden.<\/p>\n<ul>\n<li>Resurspoolen \u00e4r en viktig resurs f\u00f6r oss, dem hj\u00e4lper att f\u00f6rgylla m\u00e5nga \u00e4ldres vardag och \u00e4r en viktig byggsten f\u00f6r en \u00f6kad trygghet f\u00f6r Link\u00f6pings \u00e4ldre. S\u00e4ger \u00e4ldren\u00e4mndens ordf\u00f6rande Liselotte Fager (KD).<\/li>\n<\/ul>\n<p>\u00c4ven avtalet g\u00e4llande fixartj\u00e4nst kommer f\u00f6rl\u00e4ngas. Fixartj\u00e4nst inneb\u00e4r att du som \u00e4r \u00f6ver 65 \u00e5r kan f\u00e5 hj\u00e4lp med enklare sysslor i hemmet som inte kr\u00e4ver fackkunskap, till exempel h\u00e4nga upp gardiner eller byta gl\u00f6dlampor.<\/p>\n<ul>\n<li>Fixartj\u00e4nst \u00e4r n\u00e5got som g\u00f6r vardagen enklare. Att kunna ge v\u00e5ra \u00e4ldre kostnadsfri hj\u00e4lp med till exempel h\u00e4nga upp gardiner eller byta gl\u00f6dlampor \u00e4r en viktig s\u00e4kerhetsfr\u00e5ga. S\u00e4ger Liselotte Fager (KD).<\/li>\n<\/ul>\n<p>&nbsp;<\/p>\n<p>&nbsp;<\/p>\n<p>F\u00f6r mer information<\/p>\n<p>Liselotte Fager, \u00c4ldren\u00e4mndens ordf\u00f6rande (KD)<br \/>\n<a href=\"mailto:liselotte.fager@linkoping.se\">liselotte.fager@linkoping.se<\/a><\/p>\n<p>Tobias Westling, politisk sekreterare (KD)<br \/>\n<a href=\"mailto:tobias.westling@linkoping.se\">tobias.westling@linkoping.se<\/a><br \/>\n072\u00a0211 78 09<\/p>\n","protected":false},"excerpt":{"rendered":"<p>Pressmeddelande Att motverka den ofrivilliga ensamheten bland v\u00e5ra \u00e4ldre \u00e4r en viktigt f\u00f6r Alliansen i Link\u00f6ping. Ensamheten \u00e4r en av v\u00e5r tids stora samh\u00e4llsproblem med oerh\u00f6rt stort lidande. Det kr\u00e4vs ett brett politiskt initiativ f\u00f6r att mota ensamheten. Ett viktigt steg f\u00f6r att minska ensamheten \u00e4r avtal med civilsamh\u00e4llet som till exempel Resurspoolen Avtalet med <a class=\"read-more-link\" href=\"https:\/\/wp.kristdemokraterna.se\/linkoping\/pressmeddelande-om-avtalet-med-resurspoolen\/\">Read More<\/a><\/p>\n","protected":false},"author":410,"featured_media":0,"comment_status":"closed","ping_status":"closed","sticky":false,"template":"","format":"standard","meta":{"_acf_changed":false,"footnotes":""},"categories":[22,1],"tags":[],"class_list":["post-1445","post","type-post","status-publish","format-standard","hentry","category-arkiv","category-okategoriserade"],"acf":[],"yoast_head":"<!-- This site is optimized with the Yoast SEO plugin v27.4 - https:\/\/yoast.com\/product\/yoast-seo-wordpress\/ -->\n<title>Pressmeddelande om avtalet med resurspoolen. - Kristdemokraterna i Link\u00f6ping<\/title>\n<meta name=\"robots\" content=\"index, follow, max-snippet:-1, max-image-preview:large, max-video-preview:-1\" \/>\n<link rel=\"canonical\" href=\"https:\/\/wp.kristdemokraterna.se\/linkoping\/pressmeddelande-om-avtalet-med-resurspoolen\/\" \/>\n<meta property=\"og:locale\" content=\"sv_SE\" \/>\n<meta property=\"og:type\" content=\"article\" \/>\n<meta property=\"og:title\" content=\"Pressmeddelande om avtalet med resurspoolen. - Kristdemokraterna i Link\u00f6ping\" \/>\n<meta property=\"og:description\" content=\"Pressmeddelande Att motverka den ofrivilliga ensamheten bland v\u00e5ra \u00e4ldre \u00e4r en viktigt f\u00f6r Alliansen i Link\u00f6ping. Ensamheten \u00e4r en av v\u00e5r tids stora samh\u00e4llsproblem med oerh\u00f6rt stort lidande. Det kr\u00e4vs ett brett politiskt initiativ f\u00f6r att mota ensamheten. Ett viktigt steg f\u00f6r att minska ensamheten \u00e4r avtal med civilsamh\u00e4llet som till exempel Resurspoolen Avtalet med Read More\" \/>\n<meta property=\"og:url\" content=\"https:\/\/wp.kristdemokraterna.se\/linkoping\/pressmeddelande-om-avtalet-med-resurspoolen\/\" \/>\n<meta property=\"og:site_name\" content=\"Kristdemokraterna i Link\u00f6ping\" \/>\n<meta property=\"article:author\" content=\"https:\/\/www.facebook.com\/kdlinkoping\/\" \/>\n<meta property=\"article:published_time\" content=\"2019-12-01T11:40:09+00:00\" \/>\n<meta property=\"article:modified_time\" content=\"2021-08-13T09:47:49+00:00\" \/>\n<meta name=\"author\" content=\"linkoping\" \/>\n<meta name=\"twitter:card\" content=\"summary_large_image\" \/>\n<meta name=\"twitter:label1\" content=\"Skriven av\" \/>\n\t<meta name=\"twitter:data1\" content=\"linkoping\" \/>\n\t<meta name=\"twitter:label2\" content=\"Ber\u00e4knad l\u00e4stid\" \/>\n\t<meta name=\"twitter:data2\" content=\"1 minut\" \/>\n<script type=\"application\/ld+json\" class=\"yoast-schema-graph\">{\"@context\":\"https:\\\/\\\/schema.org\",\"@graph\":[{\"@type\":\"Article\",\"@id\":\"https:\\\/\\\/wp.kristdemokraterna.se\\\/linkoping\\\/pressmeddelande-om-avtalet-med-resurspoolen\\\/#article\",\"isPartOf\":{\"@id\":\"https:\\\/\\\/wp.kristdemokraterna.se\\\/linkoping\\\/pressmeddelande-om-avtalet-med-resurspoolen\\\/\"},\"author\":{\"name\":\"linkoping\",\"@id\":\"https:\\\/\\\/wp.kristdemokraterna.se\\\/linkoping\\\/#\\\/schema\\\/person\\\/b0148c3c8863db76d330faa282b9521a\"},\"headline\":\"Pressmeddelande om avtalet med resurspoolen.\",\"datePublished\":\"2019-12-01T11:40:09+00:00\",\"dateModified\":\"2021-08-13T09:47:49+00:00\",\"mainEntityOfPage\":{\"@id\":\"https:\\\/\\\/wp.kristdemokraterna.se\\\/linkoping\\\/pressmeddelande-om-avtalet-med-resurspoolen\\\/\"},\"wordCount\":265,\"articleSection\":[\"arkiv\",\"okategoriserade\"],\"inLanguage\":\"sv-SE\"},{\"@type\":\"WebPage\",\"@id\":\"https:\\\/\\\/wp.kristdemokraterna.se\\\/linkoping\\\/pressmeddelande-om-avtalet-med-resurspoolen\\\/\",\"url\":\"https:\\\/\\\/wp.kristdemokraterna.se\\\/linkoping\\\/pressmeddelande-om-avtalet-med-resurspoolen\\\/\",\"name\":\"Pressmeddelande om avtalet med resurspoolen. - Kristdemokraterna i Link\u00f6ping\",\"isPartOf\":{\"@id\":\"https:\\\/\\\/wp.kristdemokraterna.se\\\/linkoping\\\/#website\"},\"datePublished\":\"2019-12-01T11:40:09+00:00\",\"dateModified\":\"2021-08-13T09:47:49+00:00\",\"author\":{\"@id\":\"https:\\\/\\\/wp.kristdemokraterna.se\\\/linkoping\\\/#\\\/schema\\\/person\\\/b0148c3c8863db76d330faa282b9521a\"},\"breadcrumb\":{\"@id\":\"https:\\\/\\\/wp.kristdemokraterna.se\\\/linkoping\\\/pressmeddelande-om-avtalet-med-resurspoolen\\\/#breadcrumb\"},\"inLanguage\":\"sv-SE\",\"potentialAction\":[{\"@type\":\"ReadAction\",\"target\":[\"https:\\\/\\\/wp.kristdemokraterna.se\\\/linkoping\\\/pressmeddelande-om-avtalet-med-resurspoolen\\\/\"]}]},{\"@type\":\"BreadcrumbList\",\"@id\":\"https:\\\/\\\/wp.kristdemokraterna.se\\\/linkoping\\\/pressmeddelande-om-avtalet-med-resurspoolen\\\/#breadcrumb\",\"itemListElement\":[{\"@type\":\"ListItem\",\"position\":1,\"name\":\"Hem\",\"item\":\"https:\\\/\\\/wp.kristdemokraterna.se\\\/linkoping\\\/\"},{\"@type\":\"ListItem\",\"position\":2,\"name\":\"Pressmeddelande om avtalet med resurspoolen.\"}]},{\"@type\":\"WebSite\",\"@id\":\"https:\\\/\\\/wp.kristdemokraterna.se\\\/linkoping\\\/#website\",\"url\":\"https:\\\/\\\/wp.kristdemokraterna.se\\\/linkoping\\\/\",\"name\":\"Kristdemokraterna i Link\u00f6ping\",\"description\":\"\",\"inLanguage\":\"sv-SE\"},{\"@type\":\"Person\",\"@id\":\"https:\\\/\\\/wp.kristdemokraterna.se\\\/linkoping\\\/#\\\/schema\\\/person\\\/b0148c3c8863db76d330faa282b9521a\",\"name\":\"linkoping\",\"image\":{\"@type\":\"ImageObject\",\"inLanguage\":\"sv-SE\",\"@id\":\"https:\\\/\\\/secure.gravatar.com\\\/avatar\\\/016e7965fec0e08fdd07b021a7d25181278d4b29b1d5bab57b16017e35421895?s=96&r=g\",\"url\":\"https:\\\/\\\/secure.gravatar.com\\\/avatar\\\/016e7965fec0e08fdd07b021a7d25181278d4b29b1d5bab57b16017e35421895?s=96&r=g\",\"contentUrl\":\"https:\\\/\\\/secure.gravatar.com\\\/avatar\\\/016e7965fec0e08fdd07b021a7d25181278d4b29b1d5bab57b16017e35421895?s=96&r=g\",\"caption\":\"linkoping\"},\"sameAs\":[\"https:\\\/\\\/www.facebook.com\\\/kdlinkoping\\\/\"],\"url\":\"https:\\\/\\\/wp.kristdemokraterna.se\\\/linkoping\\\/author\\\/linkoping\\\/\"}]}<\/script>\n<!-- \/ Yoast SEO plugin. -->","yoast_head_json":{"title":"Pressmeddelande om avtalet med resurspoolen. - Kristdemokraterna i Link\u00f6ping","robots":{"index":"index","follow":"follow","max-snippet":"max-snippet:-1","max-image-preview":"max-image-preview:large","max-video-preview":"max-video-preview:-1"},"canonical":"https:\/\/wp.kristdemokraterna.se\/linkoping\/pressmeddelande-om-avtalet-med-resurspoolen\/","og_locale":"sv_SE","og_type":"article","og_title":"Pressmeddelande om avtalet med resurspoolen. - Kristdemokraterna i Link\u00f6ping","og_description":"Pressmeddelande Att motverka den ofrivilliga ensamheten bland v\u00e5ra \u00e4ldre \u00e4r en viktigt f\u00f6r Alliansen i Link\u00f6ping. Ensamheten \u00e4r en av v\u00e5r tids stora samh\u00e4llsproblem med oerh\u00f6rt stort lidande. Det kr\u00e4vs ett brett politiskt initiativ f\u00f6r att mota ensamheten. Ett viktigt steg f\u00f6r att minska ensamheten \u00e4r avtal med civilsamh\u00e4llet som till exempel Resurspoolen Avtalet med Read More","og_url":"https:\/\/wp.kristdemokraterna.se\/linkoping\/pressmeddelande-om-avtalet-med-resurspoolen\/","og_site_name":"Kristdemokraterna i Link\u00f6ping","article_author":"https:\/\/www.facebook.com\/kdlinkoping\/","article_published_time":"2019-12-01T11:40:09+00:00","article_modified_time":"2021-08-13T09:47:49+00:00","author":"linkoping","twitter_card":"summary_large_image","twitter_misc":{"Skriven av":"linkoping","Ber\u00e4knad l\u00e4stid":"1 minut"},"schema":{"@context":"https:\/\/schema.org","@graph":[{"@type":"Article","@id":"https:\/\/wp.kristdemokraterna.se\/linkoping\/pressmeddelande-om-avtalet-med-resurspoolen\/#article","isPartOf":{"@id":"https:\/\/wp.kristdemokraterna.se\/linkoping\/pressmeddelande-om-avtalet-med-resurspoolen\/"},"author":{"name":"linkoping","@id":"https:\/\/wp.kristdemokraterna.se\/linkoping\/#\/schema\/person\/b0148c3c8863db76d330faa282b9521a"},"headline":"Pressmeddelande om avtalet med resurspoolen.","datePublished":"2019-12-01T11:40:09+00:00","dateModified":"2021-08-13T09:47:49+00:00","mainEntityOfPage":{"@id":"https:\/\/wp.kristdemokraterna.se\/linkoping\/pressmeddelande-om-avtalet-med-resurspoolen\/"},"wordCount":265,"articleSection":["arkiv","okategoriserade"],"inLanguage":"sv-SE"},{"@type":"WebPage","@id":"https:\/\/wp.kristdemokraterna.se\/linkoping\/pressmeddelande-om-avtalet-med-resurspoolen\/","url":"https:\/\/wp.kristdemokraterna.se\/linkoping\/pressmeddelande-om-avtalet-med-resurspoolen\/","name":"Pressmeddelande om avtalet med resurspoolen. - Kristdemokraterna i Link\u00f6ping","isPartOf":{"@id":"https:\/\/wp.kristdemokraterna.se\/linkoping\/#website"},"datePublished":"2019-12-01T11:40:09+00:00","dateModified":"2021-08-13T09:47:49+00:00","author":{"@id":"https:\/\/wp.kristdemokraterna.se\/linkoping\/#\/schema\/person\/b0148c3c8863db76d330faa282b9521a"},"breadcrumb":{"@id":"https:\/\/wp.kristdemokraterna.se\/linkoping\/pressmeddelande-om-avtalet-med-resurspoolen\/#breadcrumb"},"inLanguage":"sv-SE","potentialAction":[{"@type":"ReadAction","target":["https:\/\/wp.kristdemokraterna.se\/linkoping\/pressmeddelande-om-avtalet-med-resurspoolen\/"]}]},{"@type":"BreadcrumbList","@id":"https:\/\/wp.kristdemokraterna.se\/linkoping\/pressmeddelande-om-avtalet-med-resurspoolen\/#breadcrumb","itemListElement":[{"@type":"ListItem","position":1,"name":"Hem","item":"https:\/\/wp.kristdemokraterna.se\/linkoping\/"},{"@type":"ListItem","position":2,"name":"Pressmeddelande om avtalet med resurspoolen."}]},{"@type":"WebSite","@id":"https:\/\/wp.kristdemokraterna.se\/linkoping\/#website","url":"https:\/\/wp.kristdemokraterna.se\/linkoping\/","name":"Kristdemokraterna i Link\u00f6ping","description":"","inLanguage":"sv-SE"},{"@type":"Person","@id":"https:\/\/wp.kristdemokraterna.se\/linkoping\/#\/schema\/person\/b0148c3c8863db76d330faa282b9521a","name":"linkoping","image":{"@type":"ImageObject","inLanguage":"sv-SE","@id":"https:\/\/secure.gravatar.com\/avatar\/016e7965fec0e08fdd07b021a7d25181278d4b29b1d5bab57b16017e35421895?s=96&r=g","url":"https:\/\/secure.gravatar.com\/avatar\/016e7965fec0e08fdd07b021a7d25181278d4b29b1d5bab57b16017e35421895?s=96&r=g","contentUrl":"https:\/\/secure.gravatar.com\/avatar\/016e7965fec0e08fdd07b021a7d25181278d4b29b1d5bab57b16017e35421895?s=96&r=g","caption":"linkoping"},"sameAs":["https:\/\/www.facebook.com\/kdlinkoping\/"],"url":"https:\/\/wp.kristdemokraterna.se\/linkoping\/author\/linkoping\/"}]}},"_links":{"self":[{"href":"https:\/\/wp.kristdemokraterna.se\/linkoping\/wp-json\/wp\/v2\/posts\/1445","targetHints":{"allow":["GET"]}}],"collection":[{"href":"https:\/\/wp.kristdemokraterna.se\/linkoping\/wp-json\/wp\/v2\/posts"}],"about":[{"href":"https:\/\/wp.kristdemokraterna.se\/linkoping\/wp-json\/wp\/v2\/types\/post"}],"author":[{"embeddable":true,"href":"https:\/\/wp.kristdemokraterna.se\/linkoping\/wp-json\/wp\/v2\/users\/410"}],"replies":[{"embeddable":true,"href":"https:\/\/wp.kristdemokraterna.se\/linkoping\/wp-json\/wp\/v2\/comments?post=1445"}],"version-history":[{"count":1,"href":"https:\/\/wp.kristdemokraterna.se\/linkoping\/wp-json\/wp\/v2\/posts\/1445\/revisions"}],"predecessor-version":[{"id":1447,"href":"https:\/\/wp.kristdemokraterna.se\/linkoping\/wp-json\/wp\/v2\/posts\/1445\/revisions\/1447"}],"wp:attachment":[{"href":"https:\/\/wp.kristdemokraterna.se\/linkoping\/wp-json\/wp\/v2\/media?parent=1445"}],"wp:term":[{"taxonomy":"category","embeddable":true,"href":"https:\/\/wp.kristdemokraterna.se\/linkoping\/wp-json\/wp\/v2\/categories?post=1445"},{"taxonomy":"post_tag","embeddable":true,"href":"https:\/\/wp.kristdemokraterna.se\/linkoping\/wp-json\/wp\/v2\/tags?post=1445"}],"curies":[{"name":"wp","href":"https:\/\/api.w.org\/{rel}","templated":true}]}}