{"id":1448,"date":"2019-11-22T11:38:31","date_gmt":"2019-11-22T10:38:31","guid":{"rendered":"http:\/\/wp.kristdemokraterna.se\/linkoping\/?p=1448"},"modified":"2021-08-13T11:47:49","modified_gmt":"2021-08-13T09:47:49","slug":"kommunalradets-veckobrev-v-47","status":"publish","type":"post","link":"https:\/\/wp.kristdemokraterna.se\/linkoping\/kommunalradets-veckobrev-v-47\/","title":{"rendered":"Kommunalr\u00e5dets veckobrev V.47"},"content":{"rendered":"<p><span class=\"fcsB  fcsU \">Till KD-gruppen<br \/>\n<\/span><span class=\"   \"><br \/>\nV\u00e4nner!<\/p>\n<p>Trevligt att tr\u00e4ffa samtliga av er ig\u00e5r p\u00e5 partidistriktets extra \u00e5rsm\u00f6te och h\u00f6stfest. Ut\u00f6ver att h\u00f6stfesten \u00e4r ett trevligt inslag s\u00e5 \u00e4r den \u00e4ven ett bra verktyg f\u00f6r att knyta kontakter \u00f6ver kommungr\u00e4nserna. Under kv\u00e4llen levererade Link\u00f6ping kompetens i form av v\u00e5rt regionr\u00e5d i opposition Per Larsson samt m\u00f6tespresidiet som bestod av pol.sek Tobias Westling och \u00e4ldren\u00e4mndens ordf\u00f6rande Liselotte Fager, dock f\u00e5r Link\u00f6ping se sig besegrade i chokladlotteriet. Vill \u00e4ven passa p\u00e5 att tacka f\u00f6r de varma st\u00f6det som jag upplever fr\u00e5n er i form av uppmuntrande ord, mail och v\u00e4lmenande kommentarer. Tack! Nedan f\u00f6ljer en kort summering av veckan i Stadshuset.<br \/>\n<\/span><span class=\"fcsB   \"><br \/>\n<\/span><\/p>\n<p><span class=\"fcsB   \">Nya \u00e4gardirektiv och bolagsordning f\u00f6r Lejonfastigheter AB<\/span><span class=\"   \"><br \/>\nKommunstyrelsen gav i budget 2018 Kommunledningsf\u00f6rvaltningen tillsammans med tj\u00e4nstemannaledningen inom ber\u00f6rda bolag i Stadshuskoncernen i uppdrag att ta fram f\u00f6rslag avseende organisering, styrning och ledning av kommunala verksamhetslokaler. F\u00f6rslaget skulle ta h\u00e4nsyn till kommunens utmaningar g\u00e4llande befolkningstillv\u00e4xt och ekonomi. Vid sammantr\u00e4de med kommunfullm\u00e4ktige i april 2018 redovisade Kommunledningsf\u00f6rvaltningen ett f\u00f6rslag att Lejonfastigheter f\u00e5r i uppgift att arbeta med lokalf\u00f6rs\u00f6rjning, lokalanskaffning och inhyrning kopplat till n\u00e4mndernas verksamhetsutveckling, uppsatta m\u00e5l och demografiska f\u00f6r\u00e4ndringar. Uppgiften inneb\u00e4r att i samverkan med f\u00f6rvaltningarna utveckla och anpassa best\u00e5nden alltefter kommunens \u00e4ndrade f\u00f6ruts\u00e4ttningar. I Lejonfastigheters ut\u00f6kade uppdrag ing\u00e5r att prognostisera kommunens behov av lokaler och ta fram f\u00f6rslag p\u00e5 hur n\u00e4mndernas lokalbehov kan tillgodoses, p\u00e5 kort och l\u00e5ng sikt. N\u00e4mnderna \u00e4r nyttjare av lokaler och ansvarar f\u00f6r att en h\u00f6g nyttjandegrad uppr\u00e4tth\u00e5lls i n\u00e4mndens lokaler. N\u00e4mnderna anm\u00e4ler enligt f\u00f6rslaget sina behov till Lejonfastigheter och b\u00e4r kostnaderna f\u00f6r nyttjade lokaler. Kommunstyrelsen ansvarar fortsatt f\u00f6r styrningen av strategisk lokalf\u00f6rs\u00f6rjning och har uppsikt f\u00f6r att anskaffning och inhyrning sker i enlighet med fastst\u00e4llda principer. M\u00e5let med f\u00f6r\u00e4ndringen \u00e4r att utveckla en professionell organisation och effektiv lokalf\u00f6rs\u00f6rjningsprocess som m\u00f6ter lokalbehov p\u00e5 b\u00e5de kort och l\u00e5ng sikt. Kommunfullm\u00e4ktige godk\u00e4nde inriktningen f\u00f6r organisering, styrning och ledning av kommunala verksamhetslokaler i april 2018 och gav samtidigt kommunstyrelsen i uppdrag att \u00e5terkomma med f\u00f6rslag till reviderade \u00e4gardirektiv till Lejonfastigheter AB. Kommunledningsf\u00f6rvaltningen har tagit fram f\u00f6rslag till nytt \u00e4gardirektiv till Lejonfastigheter utifr\u00e5n bolagets nya uppdrag. F\u00f6r\u00e4ndringarna medf\u00f6r \u00e4ven behov av att revidera Lejonfastigheters bolagsordning.\u00c4rendet medf\u00f6r inga ekonomiska konsekvenser.<\/span><\/p>\n<p><span class=\"fcsB   \">Samarbetet med Kanton, Kina<\/span><span class=\"   \"><br \/>\nP\u00e5 grund av den turbulens som varit sedan Kina hotat kulturminister Amanda Lind (MP) efter att hon n\u00e4rvarat vid Svenska PEN:s utdelning av Tucholskypriset till f\u00f6rl\u00e4ggaren Gui Minhai s\u00e5 \u00e4r det fullst\u00e4ndigt uteslutet med fortsatta politiska kontakter. Allians f\u00f6r Link\u00f6ping anser att det inte finns f\u00f6ruts\u00e4ttningar f\u00f6r ett samarbete n\u00e4r man hotar en svensk minister och d\u00e4rmed den svenska staten. Vi har d\u00e4rf\u00f6r tackat nej till att ta emot en delegation som ville \u00e4ta middag med oss i veckan. Detta har varit omtalat i media och jag antar att ingen av er undg\u00e5tt det. Kontakta mig g\u00e4rna vid fr\u00e5gor och funderingar g\u00e4llande \u00e4rendet.<\/span><\/p>\n<p><span class=\"   \">H\u00e4lsningar<\/span><span class=\" fcsI  \"><br \/>\nDenis\u00e9 Cassel<\/span><span class=\"fcsB   \"><br \/>\n<\/span><\/p>\n","protected":false},"excerpt":{"rendered":"<p>Till KD-gruppen V\u00e4nner! Trevligt att tr\u00e4ffa samtliga av er ig\u00e5r p\u00e5 partidistriktets extra \u00e5rsm\u00f6te och h\u00f6stfest. Ut\u00f6ver att h\u00f6stfesten \u00e4r ett trevligt inslag s\u00e5 \u00e4r den \u00e4ven ett bra verktyg f\u00f6r att knyta kontakter \u00f6ver kommungr\u00e4nserna. Under kv\u00e4llen levererade Link\u00f6ping kompetens i form av v\u00e5rt regionr\u00e5d i opposition Per Larsson samt m\u00f6tespresidiet som bestod av <a class=\"read-more-link\" href=\"https:\/\/wp.kristdemokraterna.se\/linkoping\/kommunalradets-veckobrev-v-47\/\">Read More<\/a><\/p>\n","protected":false},"author":410,"featured_media":0,"comment_status":"closed","ping_status":"closed","sticky":false,"template":"","format":"standard","meta":{"_acf_changed":false,"footnotes":""},"categories":[22,1],"tags":[],"class_list":["post-1448","post","type-post","status-publish","format-standard","hentry","category-arkiv","category-okategoriserade"],"acf":[],"yoast_head":"<!-- This site is optimized with the Yoast SEO plugin v27.4 - https:\/\/yoast.com\/product\/yoast-seo-wordpress\/ -->\n<title>Kommunalr\u00e5dets veckobrev V.47 - Kristdemokraterna i Link\u00f6ping<\/title>\n<meta name=\"robots\" content=\"index, follow, max-snippet:-1, max-image-preview:large, max-video-preview:-1\" \/>\n<link rel=\"canonical\" href=\"https:\/\/wp.kristdemokraterna.se\/linkoping\/kommunalradets-veckobrev-v-47\/\" \/>\n<meta property=\"og:locale\" content=\"sv_SE\" \/>\n<meta property=\"og:type\" content=\"article\" \/>\n<meta property=\"og:title\" content=\"Kommunalr\u00e5dets veckobrev V.47 - Kristdemokraterna i Link\u00f6ping\" \/>\n<meta property=\"og:description\" content=\"Till KD-gruppen V\u00e4nner! Trevligt att tr\u00e4ffa samtliga av er ig\u00e5r p\u00e5 partidistriktets extra \u00e5rsm\u00f6te och h\u00f6stfest. Ut\u00f6ver att h\u00f6stfesten \u00e4r ett trevligt inslag s\u00e5 \u00e4r den \u00e4ven ett bra verktyg f\u00f6r att knyta kontakter \u00f6ver kommungr\u00e4nserna. Under kv\u00e4llen levererade Link\u00f6ping kompetens i form av v\u00e5rt regionr\u00e5d i opposition Per Larsson samt m\u00f6tespresidiet som bestod av Read More\" \/>\n<meta property=\"og:url\" content=\"https:\/\/wp.kristdemokraterna.se\/linkoping\/kommunalradets-veckobrev-v-47\/\" \/>\n<meta property=\"og:site_name\" content=\"Kristdemokraterna i Link\u00f6ping\" \/>\n<meta property=\"article:author\" content=\"https:\/\/www.facebook.com\/kdlinkoping\/\" \/>\n<meta property=\"article:published_time\" content=\"2019-11-22T10:38:31+00:00\" \/>\n<meta property=\"article:modified_time\" content=\"2021-08-13T09:47:49+00:00\" \/>\n<meta name=\"author\" content=\"linkoping\" \/>\n<meta name=\"twitter:card\" content=\"summary_large_image\" \/>\n<meta name=\"twitter:label1\" content=\"Skriven av\" \/>\n\t<meta name=\"twitter:data1\" content=\"linkoping\" \/>\n\t<meta name=\"twitter:label2\" content=\"Ber\u00e4knad l\u00e4stid\" \/>\n\t<meta name=\"twitter:data2\" content=\"3 minuter\" \/>\n<script type=\"application\/ld+json\" class=\"yoast-schema-graph\">{\"@context\":\"https:\\\/\\\/schema.org\",\"@graph\":[{\"@type\":\"Article\",\"@id\":\"https:\\\/\\\/wp.kristdemokraterna.se\\\/linkoping\\\/kommunalradets-veckobrev-v-47\\\/#article\",\"isPartOf\":{\"@id\":\"https:\\\/\\\/wp.kristdemokraterna.se\\\/linkoping\\\/kommunalradets-veckobrev-v-47\\\/\"},\"author\":{\"name\":\"linkoping\",\"@id\":\"https:\\\/\\\/wp.kristdemokraterna.se\\\/linkoping\\\/#\\\/schema\\\/person\\\/b0148c3c8863db76d330faa282b9521a\"},\"headline\":\"Kommunalr\u00e5dets veckobrev V.47\",\"datePublished\":\"2019-11-22T10:38:31+00:00\",\"dateModified\":\"2021-08-13T09:47:49+00:00\",\"mainEntityOfPage\":{\"@id\":\"https:\\\/\\\/wp.kristdemokraterna.se\\\/linkoping\\\/kommunalradets-veckobrev-v-47\\\/\"},\"wordCount\":574,\"articleSection\":[\"arkiv\",\"okategoriserade\"],\"inLanguage\":\"sv-SE\"},{\"@type\":\"WebPage\",\"@id\":\"https:\\\/\\\/wp.kristdemokraterna.se\\\/linkoping\\\/kommunalradets-veckobrev-v-47\\\/\",\"url\":\"https:\\\/\\\/wp.kristdemokraterna.se\\\/linkoping\\\/kommunalradets-veckobrev-v-47\\\/\",\"name\":\"Kommunalr\u00e5dets veckobrev V.47 - Kristdemokraterna i Link\u00f6ping\",\"isPartOf\":{\"@id\":\"https:\\\/\\\/wp.kristdemokraterna.se\\\/linkoping\\\/#website\"},\"datePublished\":\"2019-11-22T10:38:31+00:00\",\"dateModified\":\"2021-08-13T09:47:49+00:00\",\"author\":{\"@id\":\"https:\\\/\\\/wp.kristdemokraterna.se\\\/linkoping\\\/#\\\/schema\\\/person\\\/b0148c3c8863db76d330faa282b9521a\"},\"breadcrumb\":{\"@id\":\"https:\\\/\\\/wp.kristdemokraterna.se\\\/linkoping\\\/kommunalradets-veckobrev-v-47\\\/#breadcrumb\"},\"inLanguage\":\"sv-SE\",\"potentialAction\":[{\"@type\":\"ReadAction\",\"target\":[\"https:\\\/\\\/wp.kristdemokraterna.se\\\/linkoping\\\/kommunalradets-veckobrev-v-47\\\/\"]}]},{\"@type\":\"BreadcrumbList\",\"@id\":\"https:\\\/\\\/wp.kristdemokraterna.se\\\/linkoping\\\/kommunalradets-veckobrev-v-47\\\/#breadcrumb\",\"itemListElement\":[{\"@type\":\"ListItem\",\"position\":1,\"name\":\"Hem\",\"item\":\"https:\\\/\\\/wp.kristdemokraterna.se\\\/linkoping\\\/\"},{\"@type\":\"ListItem\",\"position\":2,\"name\":\"Kommunalr\u00e5dets veckobrev V.47\"}]},{\"@type\":\"WebSite\",\"@id\":\"https:\\\/\\\/wp.kristdemokraterna.se\\\/linkoping\\\/#website\",\"url\":\"https:\\\/\\\/wp.kristdemokraterna.se\\\/linkoping\\\/\",\"name\":\"Kristdemokraterna i Link\u00f6ping\",\"description\":\"\",\"inLanguage\":\"sv-SE\"},{\"@type\":\"Person\",\"@id\":\"https:\\\/\\\/wp.kristdemokraterna.se\\\/linkoping\\\/#\\\/schema\\\/person\\\/b0148c3c8863db76d330faa282b9521a\",\"name\":\"linkoping\",\"image\":{\"@type\":\"ImageObject\",\"inLanguage\":\"sv-SE\",\"@id\":\"https:\\\/\\\/secure.gravatar.com\\\/avatar\\\/016e7965fec0e08fdd07b021a7d25181278d4b29b1d5bab57b16017e35421895?s=96&r=g\",\"url\":\"https:\\\/\\\/secure.gravatar.com\\\/avatar\\\/016e7965fec0e08fdd07b021a7d25181278d4b29b1d5bab57b16017e35421895?s=96&r=g\",\"contentUrl\":\"https:\\\/\\\/secure.gravatar.com\\\/avatar\\\/016e7965fec0e08fdd07b021a7d25181278d4b29b1d5bab57b16017e35421895?s=96&r=g\",\"caption\":\"linkoping\"},\"sameAs\":[\"https:\\\/\\\/www.facebook.com\\\/kdlinkoping\\\/\"],\"url\":\"https:\\\/\\\/wp.kristdemokraterna.se\\\/linkoping\\\/author\\\/linkoping\\\/\"}]}<\/script>\n<!-- \/ Yoast SEO plugin. -->","yoast_head_json":{"title":"Kommunalr\u00e5dets veckobrev V.47 - Kristdemokraterna i Link\u00f6ping","robots":{"index":"index","follow":"follow","max-snippet":"max-snippet:-1","max-image-preview":"max-image-preview:large","max-video-preview":"max-video-preview:-1"},"canonical":"https:\/\/wp.kristdemokraterna.se\/linkoping\/kommunalradets-veckobrev-v-47\/","og_locale":"sv_SE","og_type":"article","og_title":"Kommunalr\u00e5dets veckobrev V.47 - Kristdemokraterna i Link\u00f6ping","og_description":"Till KD-gruppen V\u00e4nner! Trevligt att tr\u00e4ffa samtliga av er ig\u00e5r p\u00e5 partidistriktets extra \u00e5rsm\u00f6te och h\u00f6stfest. Ut\u00f6ver att h\u00f6stfesten \u00e4r ett trevligt inslag s\u00e5 \u00e4r den \u00e4ven ett bra verktyg f\u00f6r att knyta kontakter \u00f6ver kommungr\u00e4nserna. Under kv\u00e4llen levererade Link\u00f6ping kompetens i form av v\u00e5rt regionr\u00e5d i opposition Per Larsson samt m\u00f6tespresidiet som bestod av Read More","og_url":"https:\/\/wp.kristdemokraterna.se\/linkoping\/kommunalradets-veckobrev-v-47\/","og_site_name":"Kristdemokraterna i Link\u00f6ping","article_author":"https:\/\/www.facebook.com\/kdlinkoping\/","article_published_time":"2019-11-22T10:38:31+00:00","article_modified_time":"2021-08-13T09:47:49+00:00","author":"linkoping","twitter_card":"summary_large_image","twitter_misc":{"Skriven av":"linkoping","Ber\u00e4knad l\u00e4stid":"3 minuter"},"schema":{"@context":"https:\/\/schema.org","@graph":[{"@type":"Article","@id":"https:\/\/wp.kristdemokraterna.se\/linkoping\/kommunalradets-veckobrev-v-47\/#article","isPartOf":{"@id":"https:\/\/wp.kristdemokraterna.se\/linkoping\/kommunalradets-veckobrev-v-47\/"},"author":{"name":"linkoping","@id":"https:\/\/wp.kristdemokraterna.se\/linkoping\/#\/schema\/person\/b0148c3c8863db76d330faa282b9521a"},"headline":"Kommunalr\u00e5dets veckobrev V.47","datePublished":"2019-11-22T10:38:31+00:00","dateModified":"2021-08-13T09:47:49+00:00","mainEntityOfPage":{"@id":"https:\/\/wp.kristdemokraterna.se\/linkoping\/kommunalradets-veckobrev-v-47\/"},"wordCount":574,"articleSection":["arkiv","okategoriserade"],"inLanguage":"sv-SE"},{"@type":"WebPage","@id":"https:\/\/wp.kristdemokraterna.se\/linkoping\/kommunalradets-veckobrev-v-47\/","url":"https:\/\/wp.kristdemokraterna.se\/linkoping\/kommunalradets-veckobrev-v-47\/","name":"Kommunalr\u00e5dets veckobrev V.47 - Kristdemokraterna i Link\u00f6ping","isPartOf":{"@id":"https:\/\/wp.kristdemokraterna.se\/linkoping\/#website"},"datePublished":"2019-11-22T10:38:31+00:00","dateModified":"2021-08-13T09:47:49+00:00","author":{"@id":"https:\/\/wp.kristdemokraterna.se\/linkoping\/#\/schema\/person\/b0148c3c8863db76d330faa282b9521a"},"breadcrumb":{"@id":"https:\/\/wp.kristdemokraterna.se\/linkoping\/kommunalradets-veckobrev-v-47\/#breadcrumb"},"inLanguage":"sv-SE","potentialAction":[{"@type":"ReadAction","target":["https:\/\/wp.kristdemokraterna.se\/linkoping\/kommunalradets-veckobrev-v-47\/"]}]},{"@type":"BreadcrumbList","@id":"https:\/\/wp.kristdemokraterna.se\/linkoping\/kommunalradets-veckobrev-v-47\/#breadcrumb","itemListElement":[{"@type":"ListItem","position":1,"name":"Hem","item":"https:\/\/wp.kristdemokraterna.se\/linkoping\/"},{"@type":"ListItem","position":2,"name":"Kommunalr\u00e5dets veckobrev V.47"}]},{"@type":"WebSite","@id":"https:\/\/wp.kristdemokraterna.se\/linkoping\/#website","url":"https:\/\/wp.kristdemokraterna.se\/linkoping\/","name":"Kristdemokraterna i Link\u00f6ping","description":"","inLanguage":"sv-SE"},{"@type":"Person","@id":"https:\/\/wp.kristdemokraterna.se\/linkoping\/#\/schema\/person\/b0148c3c8863db76d330faa282b9521a","name":"linkoping","image":{"@type":"ImageObject","inLanguage":"sv-SE","@id":"https:\/\/secure.gravatar.com\/avatar\/016e7965fec0e08fdd07b021a7d25181278d4b29b1d5bab57b16017e35421895?s=96&r=g","url":"https:\/\/secure.gravatar.com\/avatar\/016e7965fec0e08fdd07b021a7d25181278d4b29b1d5bab57b16017e35421895?s=96&r=g","contentUrl":"https:\/\/secure.gravatar.com\/avatar\/016e7965fec0e08fdd07b021a7d25181278d4b29b1d5bab57b16017e35421895?s=96&r=g","caption":"linkoping"},"sameAs":["https:\/\/www.facebook.com\/kdlinkoping\/"],"url":"https:\/\/wp.kristdemokraterna.se\/linkoping\/author\/linkoping\/"}]}},"_links":{"self":[{"href":"https:\/\/wp.kristdemokraterna.se\/linkoping\/wp-json\/wp\/v2\/posts\/1448","targetHints":{"allow":["GET"]}}],"collection":[{"href":"https:\/\/wp.kristdemokraterna.se\/linkoping\/wp-json\/wp\/v2\/posts"}],"about":[{"href":"https:\/\/wp.kristdemokraterna.se\/linkoping\/wp-json\/wp\/v2\/types\/post"}],"author":[{"embeddable":true,"href":"https:\/\/wp.kristdemokraterna.se\/linkoping\/wp-json\/wp\/v2\/users\/410"}],"replies":[{"embeddable":true,"href":"https:\/\/wp.kristdemokraterna.se\/linkoping\/wp-json\/wp\/v2\/comments?post=1448"}],"version-history":[{"count":1,"href":"https:\/\/wp.kristdemokraterna.se\/linkoping\/wp-json\/wp\/v2\/posts\/1448\/revisions"}],"predecessor-version":[{"id":1450,"href":"https:\/\/wp.kristdemokraterna.se\/linkoping\/wp-json\/wp\/v2\/posts\/1448\/revisions\/1450"}],"wp:attachment":[{"href":"https:\/\/wp.kristdemokraterna.se\/linkoping\/wp-json\/wp\/v2\/media?parent=1448"}],"wp:term":[{"taxonomy":"category","embeddable":true,"href":"https:\/\/wp.kristdemokraterna.se\/linkoping\/wp-json\/wp\/v2\/categories?post=1448"},{"taxonomy":"post_tag","embeddable":true,"href":"https:\/\/wp.kristdemokraterna.se\/linkoping\/wp-json\/wp\/v2\/tags?post=1448"}],"curies":[{"name":"wp","href":"https:\/\/api.w.org\/{rel}","templated":true}]}}