{"id":1456,"date":"2019-12-12T14:11:15","date_gmt":"2019-12-12T13:11:15","guid":{"rendered":"http:\/\/wp.kristdemokraterna.se\/linkoping\/?p=1456"},"modified":"2021-08-13T11:47:49","modified_gmt":"2021-08-13T09:47:49","slug":"kommunalradets-veckobrev-v-49","status":"publish","type":"post","link":"https:\/\/wp.kristdemokraterna.se\/linkoping\/kommunalradets-veckobrev-v-49\/","title":{"rendered":"Kommunalr\u00e5dets veckobrev V. 49"},"content":{"rendered":"<p><span class=\"fcsB  fcsU \">Till KD-gruppen<\/span><span class=\"fcsB   \"><\/p>\n<p><\/span><span class=\"   \">Hej v\u00e4nner!<\/p>\n<p>Det har varit en minst sagt inneh\u00e5llsrik och turbulent vecka i Link\u00f6pingspolitiken. Kristdemokraterna i Link\u00f6ping har under den senaste veckan f\u00f6rekommit i Corren inte mindre \u00e4n fem g\u00e5nger. Vi har \u00e4ven varit med i P4 \u00d6sterg\u00f6tlands l\u00f6rdagss\u00e4ndning samt DN Kultur. Trots att vi \u00e4r det minsta partiet i Alliansen \u00e4r det tydligt tar vi plats och v\u00e5gar st\u00e5 f\u00f6r v\u00e5ra v\u00e4rderingar. Liselotte har tagit n\u00e5gra strider inom \u00e4ldreomsorgen och jag inom kulturen. Puh!<\/span><span class=\"   \"><br \/>\n<\/span><span class=\"fcsB   \"><br \/>\n<\/span><span class=\"fcsB   \">Aktuellt fr\u00e5n Stadshuset v. 49<\/span><span class=\"   \"><\/p>\n<p><\/span><span class=\"fcsB   \">Fika med St: Markus f\u00f6rsamling<\/span><span class=\"   \"><br \/>\nDen kristna ortodoxa f\u00f6rsamlingen St: Markus har under h\u00f6sten efterfr\u00e5gat ett m\u00f6te med mig. Jag \u00e4r god v\u00e4n med deras kass\u00f6r, Simon Posluk fr\u00e5n min tid i Bygg- och milj\u00f6. St:Markus delar i dagsl\u00e4get lokaler med Svenska Kyrkan i Sk\u00e4ggetorp, men lokalen \u00e4r tr\u00e5ng och tiden f\u00f6r gudstj\u00e4nsten \u00e4r sen eftersom att Svenska Kyrkan har f\u00f6rsta tjing. Under flera \u00e5r har f\u00f6rsamlingen samlat in pengar fr\u00e5n privatpersoner\/medlemmar och systerf\u00f6reningar i Europa f\u00f6r att f\u00e5 medel till en egen kyrka. F\u00f6rsamlingen har lyckats samla ihop de pengar de beh\u00f6ver och har k\u00f6pt en tomt i Vallastaden. Tanken \u00e4r att bygga en kyrka som \u00e4r l\u00e4mpad f\u00f6r att samutnyttjas. Kyrkan har ingen egentlig anv\u00e4ndning av lokalen under vardagarna utan vill g\u00e4rna l\u00e5na ut den och skapa en naturlig m\u00f6tesplats i n\u00e4romr\u00e5det. Ett v\u00e4ldigt bra initiativ! F\u00f6r egen del \u00e4r jag glad \u00f6ver att vi nu etablerat en kontakt med f\u00f6rsamlingen som best\u00e5r av ca 600 medlemmar (en del kristdemokrater och en hel del presumtiva). F\u00f6rsamlingen \u00e4r en viktig civilsamh\u00e4llsakt\u00f6r med en lyckad ungdomsverksamhet som v\u00e4nder sig till alla ungdomar och inte bara syrianer.<\/span><\/p>\n<p>&nbsp;<\/p>\n<p><span class=\"fcsB   \">Taveldebatten<\/span><span class=\"   \"><br \/>\n<\/span><span class=\"   \">Jag misst\u00e4nker att f\u00e5 av er har undg\u00e5tt de senaste dagarnas taveldebatt. Det var med sorg som jag s\u00e5g att en tavla p\u00e5 Skylten klumpade ihop KD med ord som Trump, Kim-Jong Un, IS och nynazism som en slags samlad reflektion \u00f6ver samtiden. Jag gjorde ett inl\u00e4gg p\u00e5 mina sociala medier d\u00e4r jag ifr\u00e5gasatte ifall v\u00e5ra gemensamma skattemedel f\u00e5r g\u00e5 till vad som helst, d.v.s ska skattekollektivet st\u00f6tta tydligt partipolitisk konst i en kommunal verksamhet vars verksamhetsuppdrag \u00e4r att vara en m\u00f6tesplats f\u00f6r ALLA Link\u00f6pingsbor?<\/span><\/p>\n<p>&nbsp;<\/p>\n<p><span class=\"fcsB   \">Upps\u00e4gning av Hemtj\u00e4nst<\/span><span class=\"   \"><br \/>\nEn enig \u00e4ldren\u00e4mnd tog beslutet vid sitt senaste m\u00f6te om att s\u00e4ga upp tv\u00e5 hemtj\u00e4nstutf\u00f6rare, detta efter en omfattande kontroll som genomf\u00f6rts hos samtliga hemtj\u00e4nstutf\u00f6rare i kommunen. Detta g\u00e4ller utf\u00f6rarna Saand service och omsorg AB och Bl\u00e5klints omsorgs AB som nu har tre m\u00e5nader p\u00e5 sig att avveckla sin verksamhet. Varningar till b\u00e5da f\u00f6retagen gick ut i b\u00f6rjan av h\u00f6sten, och de har haft en m\u00e5nad p\u00e5 sig att r\u00e4tta till de misstag som kommunen pekat ut. L\u00e4s g\u00e4rna mer i artikeln nedan d\u00e4r \u00e4ldren\u00e4mnden ordf\u00f6rande Liselotte Fager kommenterar upps\u00e4gningarna.<\/span><\/p>\n<p><span class=\"fcsB   \">Mediasammanfattning v. 49<br \/>\n<\/span><span class=\"   \"><br \/>\nEtt axplock:<br \/>\n<\/span><span class=\"   \"><br \/>\n<\/span><span class=\"fcsB   \"><br \/>\n<\/span><span class=\"fcsB   \">6 december &#8211; KD-politiker reagerar mot tavla p\u00e5 Skylten<\/span><span class=\"   \"><br \/>\n<\/span><a href=\"https:\/\/www.corren.se\/nyheter\/linkoping\/kd-politiker-reagerar-mot-tavla-pa-skylten-om6414200.aspx\" target=\"_blank\" rel=\"noopener noreferrer\">https:\/\/www.corren.se\/nyheter\/linkoping\/kd-politiker-reagerar-mot-tavla-pa-skylten-om6414200.aspx<\/a><span class=\"  fcsU \"><br \/>\n<\/span><span class=\"   \"><br \/>\n<\/span><span class=\"fcsB   \">7 december &#8211; Tavla skapar het debatt i politiken &#8211; P4 \u00f6sterg\u00f6tland<\/span><span class=\"   \"><br \/>\n<\/span><a href=\"https:\/\/sverigesradio.se\/sida\/artikel.aspx?programid=160&amp;artikel=7362252\" target=\"_blank\" rel=\"noopener noreferrer\">https:\/\/sverigesradio.se\/sida\/artikel.aspx?programid=160&amp;artikel=7362252<\/a>\u00a0<a href=\"https:\/\/sverigesradio.se\/sida\/artikel.aspx?programid=160&amp;artikel=7362252\" target=\"_blank\" rel=\"noopener noreferrer\">https:\/\/sverigesradio.se\/sida\/artikel.aspx?programid=160&amp;artikel=7362252<\/a><span class=\"   \"><\/p>\n<p><\/span><span class=\"fcsB   \">7 december &#8211; LeanLink fick nobben f\u00f6r sina sparf\u00f6rslag<br \/>\n<\/span><a href=\"https:\/\/www.corren.se\/nyheter\/linkoping\/leanlink-fick-nobben-for-sina-sparforslag-om6414916.aspx\" target=\"_blank\" rel=\"noopener noreferrer\">https:\/\/www.corren.se\/nyheter\/linkoping\/leanlink-fick-nobben-for-sina-sparforslag-om6414916.aspx<\/a><span class=\"fcsB   \"><br \/>\n8 december &#8211;\u00a0<\/span><span class=\"fcsB   \">Tv\u00e5 f\u00f6retag sl\u00e4ngs ut efter kommunal kontroll<\/span><span class=\"fcsB   \"><br \/>\n<\/span><a href=\"https:\/\/www.corren.se\/nyheter\/linkoping\/tva-foretag-slangs-ut-efter-kommunal-kontroll-om6415816.aspx?fbclid=IwAR0GdqDf7yRjxDSNIoIyJyEAWh28cLUAh822RYC9L1YANlYNVJOmPXOapvY\" target=\"_blank\" rel=\"noopener noreferrer\">https:\/\/www.corren.se\/nyheter\/linkoping\/tva-foretag-slangs-ut-efter-kommunal-kontroll-om6415816.aspx?fbclid=IwAR0GdqDf7yRjxDSNIoIyJyEAWh28cLUAh822RYC9L1YANlYNVJOmPXOapvY<\/a><span class=\"   \"><\/p>\n<p><\/span><span class=\"   \">H\u00e4lsningar<\/span><span class=\" fcsI  \"><br \/>\nDenis\u00e9 Cassel<\/span><span class=\"fcsB   \"><\/p>\n<p><\/span><\/p>\n","protected":false},"excerpt":{"rendered":"<p>Till KD-gruppen Hej v\u00e4nner! Det har varit en minst sagt inneh\u00e5llsrik och turbulent vecka i Link\u00f6pingspolitiken. Kristdemokraterna i Link\u00f6ping har under den senaste veckan f\u00f6rekommit i Corren inte mindre \u00e4n fem g\u00e5nger. Vi har \u00e4ven varit med i P4 \u00d6sterg\u00f6tlands l\u00f6rdagss\u00e4ndning samt DN Kultur. Trots att vi \u00e4r det minsta partiet i Alliansen \u00e4r det <a class=\"read-more-link\" href=\"https:\/\/wp.kristdemokraterna.se\/linkoping\/kommunalradets-veckobrev-v-49\/\">Read More<\/a><\/p>\n","protected":false},"author":410,"featured_media":0,"comment_status":"closed","ping_status":"closed","sticky":false,"template":"","format":"standard","meta":{"_acf_changed":false,"footnotes":""},"categories":[22,1],"tags":[],"class_list":["post-1456","post","type-post","status-publish","format-standard","hentry","category-arkiv","category-okategoriserade"],"acf":[],"yoast_head":"<!-- This site is optimized with the Yoast SEO plugin v27.4 - https:\/\/yoast.com\/product\/yoast-seo-wordpress\/ -->\n<title>Kommunalr\u00e5dets veckobrev V. 49 - Kristdemokraterna i Link\u00f6ping<\/title>\n<meta name=\"robots\" content=\"index, follow, max-snippet:-1, max-image-preview:large, max-video-preview:-1\" \/>\n<link rel=\"canonical\" href=\"https:\/\/wp.kristdemokraterna.se\/linkoping\/kommunalradets-veckobrev-v-49\/\" \/>\n<meta property=\"og:locale\" content=\"sv_SE\" \/>\n<meta property=\"og:type\" content=\"article\" \/>\n<meta property=\"og:title\" content=\"Kommunalr\u00e5dets veckobrev V. 49 - Kristdemokraterna i Link\u00f6ping\" \/>\n<meta property=\"og:description\" content=\"Till KD-gruppen Hej v\u00e4nner! Det har varit en minst sagt inneh\u00e5llsrik och turbulent vecka i Link\u00f6pingspolitiken. Kristdemokraterna i Link\u00f6ping har under den senaste veckan f\u00f6rekommit i Corren inte mindre \u00e4n fem g\u00e5nger. Vi har \u00e4ven varit med i P4 \u00d6sterg\u00f6tlands l\u00f6rdagss\u00e4ndning samt DN Kultur. Trots att vi \u00e4r det minsta partiet i Alliansen \u00e4r det Read More\" \/>\n<meta property=\"og:url\" content=\"https:\/\/wp.kristdemokraterna.se\/linkoping\/kommunalradets-veckobrev-v-49\/\" \/>\n<meta property=\"og:site_name\" content=\"Kristdemokraterna i Link\u00f6ping\" \/>\n<meta property=\"article:author\" content=\"https:\/\/www.facebook.com\/kdlinkoping\/\" \/>\n<meta property=\"article:published_time\" content=\"2019-12-12T13:11:15+00:00\" \/>\n<meta property=\"article:modified_time\" content=\"2021-08-13T09:47:49+00:00\" \/>\n<meta name=\"author\" content=\"linkoping\" \/>\n<meta name=\"twitter:card\" content=\"summary_large_image\" \/>\n<meta name=\"twitter:label1\" content=\"Skriven av\" \/>\n\t<meta name=\"twitter:data1\" content=\"linkoping\" \/>\n\t<meta name=\"twitter:label2\" content=\"Ber\u00e4knad l\u00e4stid\" \/>\n\t<meta name=\"twitter:data2\" content=\"3 minuter\" \/>\n<script type=\"application\/ld+json\" class=\"yoast-schema-graph\">{\"@context\":\"https:\\\/\\\/schema.org\",\"@graph\":[{\"@type\":\"Article\",\"@id\":\"https:\\\/\\\/wp.kristdemokraterna.se\\\/linkoping\\\/kommunalradets-veckobrev-v-49\\\/#article\",\"isPartOf\":{\"@id\":\"https:\\\/\\\/wp.kristdemokraterna.se\\\/linkoping\\\/kommunalradets-veckobrev-v-49\\\/\"},\"author\":{\"name\":\"linkoping\",\"@id\":\"https:\\\/\\\/wp.kristdemokraterna.se\\\/linkoping\\\/#\\\/schema\\\/person\\\/b0148c3c8863db76d330faa282b9521a\"},\"headline\":\"Kommunalr\u00e5dets veckobrev V. 49\",\"datePublished\":\"2019-12-12T13:11:15+00:00\",\"dateModified\":\"2021-08-13T09:47:49+00:00\",\"mainEntityOfPage\":{\"@id\":\"https:\\\/\\\/wp.kristdemokraterna.se\\\/linkoping\\\/kommunalradets-veckobrev-v-49\\\/\"},\"wordCount\":644,\"articleSection\":[\"arkiv\",\"okategoriserade\"],\"inLanguage\":\"sv-SE\"},{\"@type\":\"WebPage\",\"@id\":\"https:\\\/\\\/wp.kristdemokraterna.se\\\/linkoping\\\/kommunalradets-veckobrev-v-49\\\/\",\"url\":\"https:\\\/\\\/wp.kristdemokraterna.se\\\/linkoping\\\/kommunalradets-veckobrev-v-49\\\/\",\"name\":\"Kommunalr\u00e5dets veckobrev V. 49 - Kristdemokraterna i Link\u00f6ping\",\"isPartOf\":{\"@id\":\"https:\\\/\\\/wp.kristdemokraterna.se\\\/linkoping\\\/#website\"},\"datePublished\":\"2019-12-12T13:11:15+00:00\",\"dateModified\":\"2021-08-13T09:47:49+00:00\",\"author\":{\"@id\":\"https:\\\/\\\/wp.kristdemokraterna.se\\\/linkoping\\\/#\\\/schema\\\/person\\\/b0148c3c8863db76d330faa282b9521a\"},\"breadcrumb\":{\"@id\":\"https:\\\/\\\/wp.kristdemokraterna.se\\\/linkoping\\\/kommunalradets-veckobrev-v-49\\\/#breadcrumb\"},\"inLanguage\":\"sv-SE\",\"potentialAction\":[{\"@type\":\"ReadAction\",\"target\":[\"https:\\\/\\\/wp.kristdemokraterna.se\\\/linkoping\\\/kommunalradets-veckobrev-v-49\\\/\"]}]},{\"@type\":\"BreadcrumbList\",\"@id\":\"https:\\\/\\\/wp.kristdemokraterna.se\\\/linkoping\\\/kommunalradets-veckobrev-v-49\\\/#breadcrumb\",\"itemListElement\":[{\"@type\":\"ListItem\",\"position\":1,\"name\":\"Hem\",\"item\":\"https:\\\/\\\/wp.kristdemokraterna.se\\\/linkoping\\\/\"},{\"@type\":\"ListItem\",\"position\":2,\"name\":\"Kommunalr\u00e5dets veckobrev V. 49\"}]},{\"@type\":\"WebSite\",\"@id\":\"https:\\\/\\\/wp.kristdemokraterna.se\\\/linkoping\\\/#website\",\"url\":\"https:\\\/\\\/wp.kristdemokraterna.se\\\/linkoping\\\/\",\"name\":\"Kristdemokraterna i Link\u00f6ping\",\"description\":\"\",\"inLanguage\":\"sv-SE\"},{\"@type\":\"Person\",\"@id\":\"https:\\\/\\\/wp.kristdemokraterna.se\\\/linkoping\\\/#\\\/schema\\\/person\\\/b0148c3c8863db76d330faa282b9521a\",\"name\":\"linkoping\",\"image\":{\"@type\":\"ImageObject\",\"inLanguage\":\"sv-SE\",\"@id\":\"https:\\\/\\\/secure.gravatar.com\\\/avatar\\\/016e7965fec0e08fdd07b021a7d25181278d4b29b1d5bab57b16017e35421895?s=96&r=g\",\"url\":\"https:\\\/\\\/secure.gravatar.com\\\/avatar\\\/016e7965fec0e08fdd07b021a7d25181278d4b29b1d5bab57b16017e35421895?s=96&r=g\",\"contentUrl\":\"https:\\\/\\\/secure.gravatar.com\\\/avatar\\\/016e7965fec0e08fdd07b021a7d25181278d4b29b1d5bab57b16017e35421895?s=96&r=g\",\"caption\":\"linkoping\"},\"sameAs\":[\"https:\\\/\\\/www.facebook.com\\\/kdlinkoping\\\/\"],\"url\":\"https:\\\/\\\/wp.kristdemokraterna.se\\\/linkoping\\\/author\\\/linkoping\\\/\"}]}<\/script>\n<!-- \/ Yoast SEO plugin. -->","yoast_head_json":{"title":"Kommunalr\u00e5dets veckobrev V. 49 - Kristdemokraterna i Link\u00f6ping","robots":{"index":"index","follow":"follow","max-snippet":"max-snippet:-1","max-image-preview":"max-image-preview:large","max-video-preview":"max-video-preview:-1"},"canonical":"https:\/\/wp.kristdemokraterna.se\/linkoping\/kommunalradets-veckobrev-v-49\/","og_locale":"sv_SE","og_type":"article","og_title":"Kommunalr\u00e5dets veckobrev V. 49 - Kristdemokraterna i Link\u00f6ping","og_description":"Till KD-gruppen Hej v\u00e4nner! Det har varit en minst sagt inneh\u00e5llsrik och turbulent vecka i Link\u00f6pingspolitiken. Kristdemokraterna i Link\u00f6ping har under den senaste veckan f\u00f6rekommit i Corren inte mindre \u00e4n fem g\u00e5nger. Vi har \u00e4ven varit med i P4 \u00d6sterg\u00f6tlands l\u00f6rdagss\u00e4ndning samt DN Kultur. Trots att vi \u00e4r det minsta partiet i Alliansen \u00e4r det Read More","og_url":"https:\/\/wp.kristdemokraterna.se\/linkoping\/kommunalradets-veckobrev-v-49\/","og_site_name":"Kristdemokraterna i Link\u00f6ping","article_author":"https:\/\/www.facebook.com\/kdlinkoping\/","article_published_time":"2019-12-12T13:11:15+00:00","article_modified_time":"2021-08-13T09:47:49+00:00","author":"linkoping","twitter_card":"summary_large_image","twitter_misc":{"Skriven av":"linkoping","Ber\u00e4knad l\u00e4stid":"3 minuter"},"schema":{"@context":"https:\/\/schema.org","@graph":[{"@type":"Article","@id":"https:\/\/wp.kristdemokraterna.se\/linkoping\/kommunalradets-veckobrev-v-49\/#article","isPartOf":{"@id":"https:\/\/wp.kristdemokraterna.se\/linkoping\/kommunalradets-veckobrev-v-49\/"},"author":{"name":"linkoping","@id":"https:\/\/wp.kristdemokraterna.se\/linkoping\/#\/schema\/person\/b0148c3c8863db76d330faa282b9521a"},"headline":"Kommunalr\u00e5dets veckobrev V. 49","datePublished":"2019-12-12T13:11:15+00:00","dateModified":"2021-08-13T09:47:49+00:00","mainEntityOfPage":{"@id":"https:\/\/wp.kristdemokraterna.se\/linkoping\/kommunalradets-veckobrev-v-49\/"},"wordCount":644,"articleSection":["arkiv","okategoriserade"],"inLanguage":"sv-SE"},{"@type":"WebPage","@id":"https:\/\/wp.kristdemokraterna.se\/linkoping\/kommunalradets-veckobrev-v-49\/","url":"https:\/\/wp.kristdemokraterna.se\/linkoping\/kommunalradets-veckobrev-v-49\/","name":"Kommunalr\u00e5dets veckobrev V. 49 - Kristdemokraterna i Link\u00f6ping","isPartOf":{"@id":"https:\/\/wp.kristdemokraterna.se\/linkoping\/#website"},"datePublished":"2019-12-12T13:11:15+00:00","dateModified":"2021-08-13T09:47:49+00:00","author":{"@id":"https:\/\/wp.kristdemokraterna.se\/linkoping\/#\/schema\/person\/b0148c3c8863db76d330faa282b9521a"},"breadcrumb":{"@id":"https:\/\/wp.kristdemokraterna.se\/linkoping\/kommunalradets-veckobrev-v-49\/#breadcrumb"},"inLanguage":"sv-SE","potentialAction":[{"@type":"ReadAction","target":["https:\/\/wp.kristdemokraterna.se\/linkoping\/kommunalradets-veckobrev-v-49\/"]}]},{"@type":"BreadcrumbList","@id":"https:\/\/wp.kristdemokraterna.se\/linkoping\/kommunalradets-veckobrev-v-49\/#breadcrumb","itemListElement":[{"@type":"ListItem","position":1,"name":"Hem","item":"https:\/\/wp.kristdemokraterna.se\/linkoping\/"},{"@type":"ListItem","position":2,"name":"Kommunalr\u00e5dets veckobrev V. 49"}]},{"@type":"WebSite","@id":"https:\/\/wp.kristdemokraterna.se\/linkoping\/#website","url":"https:\/\/wp.kristdemokraterna.se\/linkoping\/","name":"Kristdemokraterna i Link\u00f6ping","description":"","inLanguage":"sv-SE"},{"@type":"Person","@id":"https:\/\/wp.kristdemokraterna.se\/linkoping\/#\/schema\/person\/b0148c3c8863db76d330faa282b9521a","name":"linkoping","image":{"@type":"ImageObject","inLanguage":"sv-SE","@id":"https:\/\/secure.gravatar.com\/avatar\/016e7965fec0e08fdd07b021a7d25181278d4b29b1d5bab57b16017e35421895?s=96&r=g","url":"https:\/\/secure.gravatar.com\/avatar\/016e7965fec0e08fdd07b021a7d25181278d4b29b1d5bab57b16017e35421895?s=96&r=g","contentUrl":"https:\/\/secure.gravatar.com\/avatar\/016e7965fec0e08fdd07b021a7d25181278d4b29b1d5bab57b16017e35421895?s=96&r=g","caption":"linkoping"},"sameAs":["https:\/\/www.facebook.com\/kdlinkoping\/"],"url":"https:\/\/wp.kristdemokraterna.se\/linkoping\/author\/linkoping\/"}]}},"_links":{"self":[{"href":"https:\/\/wp.kristdemokraterna.se\/linkoping\/wp-json\/wp\/v2\/posts\/1456","targetHints":{"allow":["GET"]}}],"collection":[{"href":"https:\/\/wp.kristdemokraterna.se\/linkoping\/wp-json\/wp\/v2\/posts"}],"about":[{"href":"https:\/\/wp.kristdemokraterna.se\/linkoping\/wp-json\/wp\/v2\/types\/post"}],"author":[{"embeddable":true,"href":"https:\/\/wp.kristdemokraterna.se\/linkoping\/wp-json\/wp\/v2\/users\/410"}],"replies":[{"embeddable":true,"href":"https:\/\/wp.kristdemokraterna.se\/linkoping\/wp-json\/wp\/v2\/comments?post=1456"}],"version-history":[{"count":1,"href":"https:\/\/wp.kristdemokraterna.se\/linkoping\/wp-json\/wp\/v2\/posts\/1456\/revisions"}],"predecessor-version":[{"id":1457,"href":"https:\/\/wp.kristdemokraterna.se\/linkoping\/wp-json\/wp\/v2\/posts\/1456\/revisions\/1457"}],"wp:attachment":[{"href":"https:\/\/wp.kristdemokraterna.se\/linkoping\/wp-json\/wp\/v2\/media?parent=1456"}],"wp:term":[{"taxonomy":"category","embeddable":true,"href":"https:\/\/wp.kristdemokraterna.se\/linkoping\/wp-json\/wp\/v2\/categories?post=1456"},{"taxonomy":"post_tag","embeddable":true,"href":"https:\/\/wp.kristdemokraterna.se\/linkoping\/wp-json\/wp\/v2\/tags?post=1456"}],"curies":[{"name":"wp","href":"https:\/\/api.w.org\/{rel}","templated":true}]}}