{"id":1459,"date":"2020-01-17T15:20:19","date_gmt":"2020-01-17T14:20:19","guid":{"rendered":"http:\/\/wp.kristdemokraterna.se\/linkoping\/?p=1459"},"modified":"2021-08-13T11:46:50","modified_gmt":"2021-08-13T09:46:50","slug":"kommunalradets-veckobrev-v-3","status":"publish","type":"post","link":"https:\/\/wp.kristdemokraterna.se\/linkoping\/kommunalradets-veckobrev-v-3\/","title":{"rendered":"Kommunalr\u00e5dets veckobrev v.3"},"content":{"rendered":"<p><span class=\"fcsB \"><strong>\u00d6ppnandet av Hamngatan<\/strong><br \/>\n<\/span><span class=\" \">Torsdag 16 januari gick sa<\/span><span class=\" \">mh\u00e4llsbyggnadsn\u00e4mndens ordf\u00f6rande ut med information om att kommunen skulle \u00f6ppna Hamngatan f\u00f6r biltrafik i samtliga k\u00f6rf\u00e4lt. 1 timme efter att pressmeddelandet g\u00e5tt ut fick man veta att det inte var m\u00f6jligt, eftersom det inte finns ett lagakraftvunnet beslut att \u00f6ppna Hamngatan. Det hade skett ett fel n\u00e4r kansliet i Stadshuset skulle ansl\u00e5 beslutsprotokollet efter KF. Inga beslut som vi fattade i december har vunnit laga kraft. De har nu anslagit beslutet igen, men det dr\u00f6jer fram tills februari innan dessa b\u00f6rjar g\u00e4lla. Detta har inte kommunicerats till n\u00e5gon f\u00f6rr\u00e4n senaste dagarna. Tj\u00e4nstepersonerna p\u00e5 Milj\u00f6 och- samh\u00e4llsbyggnadskontoret visste inte att fel beg\u00e5tts i Stadshuset.<\/span><\/p>\n<p>Sammanfattningsvis kan inte Hamngatan \u00f6ppnas f\u00f6r trafik f\u00f6rr\u00e4n fullm\u00e4ktiges beslut vunnit laga kraft, i februari. Med anledning av detta bet kommunen i det sura \u00e4pplet och kommunicerade ut att det skett ett administrativt fel, utan att n\u00e4mnda i detalj vilka fel dessa \u00e4r. Detta kommunicerades ut till allm\u00e4nheten fredag 17 januari. Informationen som gick ut var att beslutet inte vunnit laga kraft och att Hamngatan d\u00e4rf\u00f6r inte kan \u00f6ppnas f\u00f6r trafik f\u00f6rr\u00e4n om tv\u00e5 veckor.<\/p>\n<p>&nbsp;<\/p>\n<p><span class=\"fcsB \"><strong>Mingel och panelsamtal med Allians f\u00f6r Link\u00f6pings gruppledare<\/strong><br \/>\n<\/span><span class=\" \">Hur \u00e4r egentligen st\u00e4mningen mellan Allianspartierna ett \u00e5r efter januari\u00f6verenskommelsen? Kom p\u00e5 mingel med Alliansen m\u00e5ndag 20 januari s\u00e5 f\u00e5r du svaret. F\u00f6rutom trevlig st\u00e4mning kommer det att bjudas p\u00e5 ett panelsamtal med samtliga gruppledare fr\u00e5n Allianspartierna i Link\u00f6ping. Vi b\u00f6rjar kl. 18.00.00 p\u00e5 Link\u00f6pingsmoderaternas f\u00f6rbundsexpedition. Evenemanget \u00e4r \u00f6ppet f\u00f6r alla.<br \/>\nAdress: Bielkegatan 1, 58221 Link\u00f6ping. Hoppas vi ses d\u00e4r!<br \/>\n<\/span><strong><span class=\"fcsB fcsU \"><br \/>\n<\/span><span class=\"fcsB \">Kommunalr\u00e5dets engagemang v. 3<\/span><\/strong><span class=\"fcsB \"><br \/>\n<\/span><span class=\"fcsB \"><br \/>\n<\/span><span class=\"fcsB \">M\u00e5ndag, 13 januari<br \/>\n<\/span><span class=\" \">Avst\u00e4mning KSO och vice KSO<br \/>\nStrategiskt utskott<br \/>\nKD-grupp<\/span><\/p>\n<p>Tisdag, 14 januari<br \/>\n<span class=\" \">Kommunalr\u00e5dstr\u00e4ff Allians f\u00f6r Link\u00f6ping<br \/>\nKS<\/span><\/p>\n<p><span class=\"fcsB \">Onsdag, 15 januari<br \/>\n<\/span><span class=\" \">M\u00f6te med HR-direkt\u00f6ren Sonja Erlandsson<br \/>\n<\/span><span class=\"fcsB \"><br \/>\nTorsdag, 16 januari<br \/>\n<\/span><span class=\" \">Inl\u00e4sning KS \u00c4B och KF<br \/>\n<\/span><span class=\"fcsB \"><br \/>\nFredag, 17 januari<br \/>\n<\/span><span class=\" \">Bes\u00f6k av East Sweden Convention Bureu<\/span><\/p>\n","protected":false},"excerpt":{"rendered":"<p>\u00d6ppnandet av Hamngatan Torsdag 16 januari gick samh\u00e4llsbyggnadsn\u00e4mndens ordf\u00f6rande ut med information om att kommunen skulle \u00f6ppna Hamngatan f\u00f6r biltrafik i samtliga k\u00f6rf\u00e4lt. 1 timme efter att pressmeddelandet g\u00e5tt ut fick man veta att det inte var m\u00f6jligt, eftersom det inte finns ett lagakraftvunnet beslut att \u00f6ppna Hamngatan. Det hade skett ett fel n\u00e4r kansliet <a class=\"read-more-link\" href=\"https:\/\/wp.kristdemokraterna.se\/linkoping\/kommunalradets-veckobrev-v-3\/\">Read More<\/a><\/p>\n","protected":false},"author":410,"featured_media":0,"comment_status":"closed","ping_status":"closed","sticky":false,"template":"","format":"standard","meta":{"_acf_changed":false,"footnotes":""},"categories":[22,1],"tags":[],"class_list":["post-1459","post","type-post","status-publish","format-standard","hentry","category-arkiv","category-okategoriserade"],"acf":[],"yoast_head":"<!-- This site is optimized with the Yoast SEO plugin v27.4 - https:\/\/yoast.com\/product\/yoast-seo-wordpress\/ -->\n<title>Kommunalr\u00e5dets veckobrev v.3 - Kristdemokraterna i Link\u00f6ping<\/title>\n<meta name=\"robots\" content=\"index, follow, max-snippet:-1, max-image-preview:large, max-video-preview:-1\" \/>\n<link rel=\"canonical\" href=\"https:\/\/wp.kristdemokraterna.se\/linkoping\/kommunalradets-veckobrev-v-3\/\" \/>\n<meta property=\"og:locale\" content=\"sv_SE\" \/>\n<meta property=\"og:type\" content=\"article\" \/>\n<meta property=\"og:title\" content=\"Kommunalr\u00e5dets veckobrev v.3 - Kristdemokraterna i Link\u00f6ping\" \/>\n<meta property=\"og:description\" content=\"\u00d6ppnandet av Hamngatan Torsdag 16 januari gick samh\u00e4llsbyggnadsn\u00e4mndens ordf\u00f6rande ut med information om att kommunen skulle \u00f6ppna Hamngatan f\u00f6r biltrafik i samtliga k\u00f6rf\u00e4lt. 1 timme efter att pressmeddelandet g\u00e5tt ut fick man veta att det inte var m\u00f6jligt, eftersom det inte finns ett lagakraftvunnet beslut att \u00f6ppna Hamngatan. Det hade skett ett fel n\u00e4r kansliet Read More\" \/>\n<meta property=\"og:url\" content=\"https:\/\/wp.kristdemokraterna.se\/linkoping\/kommunalradets-veckobrev-v-3\/\" \/>\n<meta property=\"og:site_name\" content=\"Kristdemokraterna i Link\u00f6ping\" \/>\n<meta property=\"article:author\" content=\"https:\/\/www.facebook.com\/kdlinkoping\/\" \/>\n<meta property=\"article:published_time\" content=\"2020-01-17T14:20:19+00:00\" \/>\n<meta property=\"article:modified_time\" content=\"2021-08-13T09:46:50+00:00\" \/>\n<meta name=\"author\" content=\"linkoping\" \/>\n<meta name=\"twitter:card\" content=\"summary_large_image\" \/>\n<meta name=\"twitter:label1\" content=\"Skriven av\" \/>\n\t<meta name=\"twitter:data1\" content=\"linkoping\" \/>\n\t<meta name=\"twitter:label2\" content=\"Ber\u00e4knad l\u00e4stid\" \/>\n\t<meta name=\"twitter:data2\" content=\"2 minuter\" \/>\n<script type=\"application\/ld+json\" class=\"yoast-schema-graph\">{\"@context\":\"https:\\\/\\\/schema.org\",\"@graph\":[{\"@type\":\"Article\",\"@id\":\"https:\\\/\\\/wp.kristdemokraterna.se\\\/linkoping\\\/kommunalradets-veckobrev-v-3\\\/#article\",\"isPartOf\":{\"@id\":\"https:\\\/\\\/wp.kristdemokraterna.se\\\/linkoping\\\/kommunalradets-veckobrev-v-3\\\/\"},\"author\":{\"name\":\"linkoping\",\"@id\":\"https:\\\/\\\/wp.kristdemokraterna.se\\\/linkoping\\\/#\\\/schema\\\/person\\\/b0148c3c8863db76d330faa282b9521a\"},\"headline\":\"Kommunalr\u00e5dets veckobrev v.3\",\"datePublished\":\"2020-01-17T14:20:19+00:00\",\"dateModified\":\"2021-08-13T09:46:50+00:00\",\"mainEntityOfPage\":{\"@id\":\"https:\\\/\\\/wp.kristdemokraterna.se\\\/linkoping\\\/kommunalradets-veckobrev-v-3\\\/\"},\"wordCount\":350,\"articleSection\":[\"arkiv\",\"okategoriserade\"],\"inLanguage\":\"sv-SE\"},{\"@type\":\"WebPage\",\"@id\":\"https:\\\/\\\/wp.kristdemokraterna.se\\\/linkoping\\\/kommunalradets-veckobrev-v-3\\\/\",\"url\":\"https:\\\/\\\/wp.kristdemokraterna.se\\\/linkoping\\\/kommunalradets-veckobrev-v-3\\\/\",\"name\":\"Kommunalr\u00e5dets veckobrev v.3 - Kristdemokraterna i Link\u00f6ping\",\"isPartOf\":{\"@id\":\"https:\\\/\\\/wp.kristdemokraterna.se\\\/linkoping\\\/#website\"},\"datePublished\":\"2020-01-17T14:20:19+00:00\",\"dateModified\":\"2021-08-13T09:46:50+00:00\",\"author\":{\"@id\":\"https:\\\/\\\/wp.kristdemokraterna.se\\\/linkoping\\\/#\\\/schema\\\/person\\\/b0148c3c8863db76d330faa282b9521a\"},\"breadcrumb\":{\"@id\":\"https:\\\/\\\/wp.kristdemokraterna.se\\\/linkoping\\\/kommunalradets-veckobrev-v-3\\\/#breadcrumb\"},\"inLanguage\":\"sv-SE\",\"potentialAction\":[{\"@type\":\"ReadAction\",\"target\":[\"https:\\\/\\\/wp.kristdemokraterna.se\\\/linkoping\\\/kommunalradets-veckobrev-v-3\\\/\"]}]},{\"@type\":\"BreadcrumbList\",\"@id\":\"https:\\\/\\\/wp.kristdemokraterna.se\\\/linkoping\\\/kommunalradets-veckobrev-v-3\\\/#breadcrumb\",\"itemListElement\":[{\"@type\":\"ListItem\",\"position\":1,\"name\":\"Hem\",\"item\":\"https:\\\/\\\/wp.kristdemokraterna.se\\\/linkoping\\\/\"},{\"@type\":\"ListItem\",\"position\":2,\"name\":\"Kommunalr\u00e5dets veckobrev v.3\"}]},{\"@type\":\"WebSite\",\"@id\":\"https:\\\/\\\/wp.kristdemokraterna.se\\\/linkoping\\\/#website\",\"url\":\"https:\\\/\\\/wp.kristdemokraterna.se\\\/linkoping\\\/\",\"name\":\"Kristdemokraterna i Link\u00f6ping\",\"description\":\"\",\"inLanguage\":\"sv-SE\"},{\"@type\":\"Person\",\"@id\":\"https:\\\/\\\/wp.kristdemokraterna.se\\\/linkoping\\\/#\\\/schema\\\/person\\\/b0148c3c8863db76d330faa282b9521a\",\"name\":\"linkoping\",\"image\":{\"@type\":\"ImageObject\",\"inLanguage\":\"sv-SE\",\"@id\":\"https:\\\/\\\/secure.gravatar.com\\\/avatar\\\/016e7965fec0e08fdd07b021a7d25181278d4b29b1d5bab57b16017e35421895?s=96&r=g\",\"url\":\"https:\\\/\\\/secure.gravatar.com\\\/avatar\\\/016e7965fec0e08fdd07b021a7d25181278d4b29b1d5bab57b16017e35421895?s=96&r=g\",\"contentUrl\":\"https:\\\/\\\/secure.gravatar.com\\\/avatar\\\/016e7965fec0e08fdd07b021a7d25181278d4b29b1d5bab57b16017e35421895?s=96&r=g\",\"caption\":\"linkoping\"},\"sameAs\":[\"https:\\\/\\\/www.facebook.com\\\/kdlinkoping\\\/\"],\"url\":\"https:\\\/\\\/wp.kristdemokraterna.se\\\/linkoping\\\/author\\\/linkoping\\\/\"}]}<\/script>\n<!-- \/ Yoast SEO plugin. -->","yoast_head_json":{"title":"Kommunalr\u00e5dets veckobrev v.3 - Kristdemokraterna i Link\u00f6ping","robots":{"index":"index","follow":"follow","max-snippet":"max-snippet:-1","max-image-preview":"max-image-preview:large","max-video-preview":"max-video-preview:-1"},"canonical":"https:\/\/wp.kristdemokraterna.se\/linkoping\/kommunalradets-veckobrev-v-3\/","og_locale":"sv_SE","og_type":"article","og_title":"Kommunalr\u00e5dets veckobrev v.3 - Kristdemokraterna i Link\u00f6ping","og_description":"\u00d6ppnandet av Hamngatan Torsdag 16 januari gick samh\u00e4llsbyggnadsn\u00e4mndens ordf\u00f6rande ut med information om att kommunen skulle \u00f6ppna Hamngatan f\u00f6r biltrafik i samtliga k\u00f6rf\u00e4lt. 1 timme efter att pressmeddelandet g\u00e5tt ut fick man veta att det inte var m\u00f6jligt, eftersom det inte finns ett lagakraftvunnet beslut att \u00f6ppna Hamngatan. Det hade skett ett fel n\u00e4r kansliet Read More","og_url":"https:\/\/wp.kristdemokraterna.se\/linkoping\/kommunalradets-veckobrev-v-3\/","og_site_name":"Kristdemokraterna i Link\u00f6ping","article_author":"https:\/\/www.facebook.com\/kdlinkoping\/","article_published_time":"2020-01-17T14:20:19+00:00","article_modified_time":"2021-08-13T09:46:50+00:00","author":"linkoping","twitter_card":"summary_large_image","twitter_misc":{"Skriven av":"linkoping","Ber\u00e4knad l\u00e4stid":"2 minuter"},"schema":{"@context":"https:\/\/schema.org","@graph":[{"@type":"Article","@id":"https:\/\/wp.kristdemokraterna.se\/linkoping\/kommunalradets-veckobrev-v-3\/#article","isPartOf":{"@id":"https:\/\/wp.kristdemokraterna.se\/linkoping\/kommunalradets-veckobrev-v-3\/"},"author":{"name":"linkoping","@id":"https:\/\/wp.kristdemokraterna.se\/linkoping\/#\/schema\/person\/b0148c3c8863db76d330faa282b9521a"},"headline":"Kommunalr\u00e5dets veckobrev v.3","datePublished":"2020-01-17T14:20:19+00:00","dateModified":"2021-08-13T09:46:50+00:00","mainEntityOfPage":{"@id":"https:\/\/wp.kristdemokraterna.se\/linkoping\/kommunalradets-veckobrev-v-3\/"},"wordCount":350,"articleSection":["arkiv","okategoriserade"],"inLanguage":"sv-SE"},{"@type":"WebPage","@id":"https:\/\/wp.kristdemokraterna.se\/linkoping\/kommunalradets-veckobrev-v-3\/","url":"https:\/\/wp.kristdemokraterna.se\/linkoping\/kommunalradets-veckobrev-v-3\/","name":"Kommunalr\u00e5dets veckobrev v.3 - Kristdemokraterna i Link\u00f6ping","isPartOf":{"@id":"https:\/\/wp.kristdemokraterna.se\/linkoping\/#website"},"datePublished":"2020-01-17T14:20:19+00:00","dateModified":"2021-08-13T09:46:50+00:00","author":{"@id":"https:\/\/wp.kristdemokraterna.se\/linkoping\/#\/schema\/person\/b0148c3c8863db76d330faa282b9521a"},"breadcrumb":{"@id":"https:\/\/wp.kristdemokraterna.se\/linkoping\/kommunalradets-veckobrev-v-3\/#breadcrumb"},"inLanguage":"sv-SE","potentialAction":[{"@type":"ReadAction","target":["https:\/\/wp.kristdemokraterna.se\/linkoping\/kommunalradets-veckobrev-v-3\/"]}]},{"@type":"BreadcrumbList","@id":"https:\/\/wp.kristdemokraterna.se\/linkoping\/kommunalradets-veckobrev-v-3\/#breadcrumb","itemListElement":[{"@type":"ListItem","position":1,"name":"Hem","item":"https:\/\/wp.kristdemokraterna.se\/linkoping\/"},{"@type":"ListItem","position":2,"name":"Kommunalr\u00e5dets veckobrev v.3"}]},{"@type":"WebSite","@id":"https:\/\/wp.kristdemokraterna.se\/linkoping\/#website","url":"https:\/\/wp.kristdemokraterna.se\/linkoping\/","name":"Kristdemokraterna i Link\u00f6ping","description":"","inLanguage":"sv-SE"},{"@type":"Person","@id":"https:\/\/wp.kristdemokraterna.se\/linkoping\/#\/schema\/person\/b0148c3c8863db76d330faa282b9521a","name":"linkoping","image":{"@type":"ImageObject","inLanguage":"sv-SE","@id":"https:\/\/secure.gravatar.com\/avatar\/016e7965fec0e08fdd07b021a7d25181278d4b29b1d5bab57b16017e35421895?s=96&r=g","url":"https:\/\/secure.gravatar.com\/avatar\/016e7965fec0e08fdd07b021a7d25181278d4b29b1d5bab57b16017e35421895?s=96&r=g","contentUrl":"https:\/\/secure.gravatar.com\/avatar\/016e7965fec0e08fdd07b021a7d25181278d4b29b1d5bab57b16017e35421895?s=96&r=g","caption":"linkoping"},"sameAs":["https:\/\/www.facebook.com\/kdlinkoping\/"],"url":"https:\/\/wp.kristdemokraterna.se\/linkoping\/author\/linkoping\/"}]}},"_links":{"self":[{"href":"https:\/\/wp.kristdemokraterna.se\/linkoping\/wp-json\/wp\/v2\/posts\/1459","targetHints":{"allow":["GET"]}}],"collection":[{"href":"https:\/\/wp.kristdemokraterna.se\/linkoping\/wp-json\/wp\/v2\/posts"}],"about":[{"href":"https:\/\/wp.kristdemokraterna.se\/linkoping\/wp-json\/wp\/v2\/types\/post"}],"author":[{"embeddable":true,"href":"https:\/\/wp.kristdemokraterna.se\/linkoping\/wp-json\/wp\/v2\/users\/410"}],"replies":[{"embeddable":true,"href":"https:\/\/wp.kristdemokraterna.se\/linkoping\/wp-json\/wp\/v2\/comments?post=1459"}],"version-history":[{"count":2,"href":"https:\/\/wp.kristdemokraterna.se\/linkoping\/wp-json\/wp\/v2\/posts\/1459\/revisions"}],"predecessor-version":[{"id":1461,"href":"https:\/\/wp.kristdemokraterna.se\/linkoping\/wp-json\/wp\/v2\/posts\/1459\/revisions\/1461"}],"wp:attachment":[{"href":"https:\/\/wp.kristdemokraterna.se\/linkoping\/wp-json\/wp\/v2\/media?parent=1459"}],"wp:term":[{"taxonomy":"category","embeddable":true,"href":"https:\/\/wp.kristdemokraterna.se\/linkoping\/wp-json\/wp\/v2\/categories?post=1459"},{"taxonomy":"post_tag","embeddable":true,"href":"https:\/\/wp.kristdemokraterna.se\/linkoping\/wp-json\/wp\/v2\/tags?post=1459"}],"curies":[{"name":"wp","href":"https:\/\/api.w.org\/{rel}","templated":true}]}}