{"id":1462,"date":"2019-12-16T15:24:05","date_gmt":"2019-12-16T14:24:05","guid":{"rendered":"http:\/\/wp.kristdemokraterna.se\/linkoping\/?p=1462"},"modified":"2021-08-13T11:47:49","modified_gmt":"2021-08-13T09:47:49","slug":"1462-2","status":"publish","type":"post","link":"https:\/\/wp.kristdemokraterna.se\/linkoping\/1462-2\/","title":{"rendered":""},"content":{"rendered":"<p><span class=\"_5mfr\"><span class=\"_6qdm\">\ud83d\udcb5<\/span><\/span>\u00a0VARJE \u00c5R STJ\u00c4LS DET F\u00d6R N\u00c4RA SJU MILJARDER I SVENSKA BUTIKER<\/p>\n<p>I h\u00e4lften av dagligvarubutikerna uts\u00e4tts personal f\u00f6r hot varje m\u00e5nad. Och en tredjedel av butike<span class=\"text_exposed_show\">rna har sv\u00e5rt att rekrytera personal p\u00e5 grund av brottsligheten. M\u00e5nga handlare \u2013 inte minst i utsatta omr\u00e5den \u2013 vittnar om hur vissa yrkeskriminella systematiskt anv\u00e4nder matvarubutiker som skafferier &#8211; och kl\u00e4dbutiker som garderober.<\/span><\/p>\n<div class=\"text_exposed_show\">\n<p>Av den anledningen tyckte vi att det var angel\u00e4get att bjuda in v\u00e5r gruppledare i riksdagen och r\u00e4ttspolitisk talesperson <a class=\"profileLink\" title=\"Andreas Carlson\" href=\"https:\/\/www.facebook.com\/andreas.carlson.353?__tn__=KH-R&amp;eid=ARCsgOPS3e6o2JvXHqmW_7ZrvHDxG7Pk60f0ZMif6h6PSo-rQMa3LeZ5cXd8nyzvA46KAmZwfY7Pcemc&amp;fref=mentions&amp;__xts__%5B0%5D=68.ARBagF5xanTNbKArFXuz_Co2DpzPM9nWnHHvvzwJ_IJUWSytumyH1BfFoybD2fn6jqKejgV13K1cf0mIqH7TnmSfiOjG7MTXETTeQ8i0M5EJaaoqm6dyd62EO0WASCAO5xR96dJ1Z1w12Ax0v2FSQ8rR07-YL-bixMBUMlIZUqaztadTcTGkqHzkS3ExLRJeZDsO7D1B1jqj8-GwoiDZVigO-4z3NAIW5CCT3UXi3MuPQQ6-3GnKOJVUUPgdHIoCi7-GmfYk46RgpDQvlM0rn9HkAzRQgzl1tppqK59eur4-Pm3dJI_e7IWKXswznpJM9BMgcZdjTcY1UrVsJ7KlQZ7qcdxQ5pMPb1A0hpuPfvbQMy-nYcwweP9NvviRskVY5BaFoGtB7FdEzB6CM85UADUxKU0lDwFHKKfqv9xfkjbV8XM\" data-hovercard=\"\/ajax\/hovercard\/user.php?id=566150442&amp;extragetparams=%7B%22__tn__%22%3A%22%2CdKH-R-R%22%2C%22eid%22%3A%22ARCsgOPS3e6o2JvXHqmW_7ZrvHDxG7Pk60f0ZMif6h6PSo-rQMa3LeZ5cXd8nyzvA46KAmZwfY7Pcemc%22%2C%22fref%22%3A%22mentions%22%7D\" data-hovercard-prefer-more-content-show=\"1\">Andreas Carlson<\/a>\u00a0samt Kristdemokraterna i \u00d6sterg\u00f6tlands riksdagsledamot\u00a0<a id=\"js_2zb\" class=\"profileLink\" title=\"Magnus Oscarsson\" href=\"https:\/\/www.facebook.com\/magnus.oscarsson.777?__tn__=KH-R&amp;eid=ARBexCamgqYWK-NXmw2u3N9BZx8Vd_wSnvcqIULIyAsj3IKqmww32hMtbZXukQZp9otof8Fs4Es96h9y&amp;fref=mentions&amp;__xts__%5B0%5D=68.ARBagF5xanTNbKArFXuz_Co2DpzPM9nWnHHvvzwJ_IJUWSytumyH1BfFoybD2fn6jqKejgV13K1cf0mIqH7TnmSfiOjG7MTXETTeQ8i0M5EJaaoqm6dyd62EO0WASCAO5xR96dJ1Z1w12Ax0v2FSQ8rR07-YL-bixMBUMlIZUqaztadTcTGkqHzkS3ExLRJeZDsO7D1B1jqj8-GwoiDZVigO-4z3NAIW5CCT3UXi3MuPQQ6-3GnKOJVUUPgdHIoCi7-GmfYk46RgpDQvlM0rn9HkAzRQgzl1tppqK59eur4-Pm3dJI_e7IWKXswznpJM9BMgcZdjTcY1UrVsJ7KlQZ7qcdxQ5pMPb1A0hpuPfvbQMy-nYcwweP9NvviRskVY5BaFoGtB7FdEzB6CM85UADUxKU0lDwFHKKfqv9xfkjbV8XM\" data-hovercard=\"\/ajax\/hovercard\/user.php?id=100005685572854&amp;extragetparams=%7B%22__tn__%22%3A%22%2CdKH-R-R%22%2C%22eid%22%3A%22ARBexCamgqYWK-NXmw2u3N9BZx8Vd_wSnvcqIULIyAsj3IKqmww32hMtbZXukQZp9otof8Fs4Es96h9y%22%2C%22fref%22%3A%22mentions%22%7D\" data-hovercard-prefer-more-content-show=\"1\" aria-describedby=\"u_c5_1\">Magnus Oscarsson<\/a>\u00a0och bes\u00f6ka handlaren Willys i stadsdelen Sk\u00e4ggetorp f\u00f6r att f\u00e5 en aktuell l\u00e4gesrapport. Stort tack till butikschef Christina Eidborn L\u00f6nn som tog emot oss och delade med sig av sina tankar.<\/p>\n<p>I nul\u00e4get kan inte handlarna porta de som stj\u00e4l och vandaliserar. Men med ett lagstadgat tilltr\u00e4desf\u00f6rbud skulle handlarna kunna freda sig fr\u00e5n de som stj\u00e4l. I en byr\u00e5l\u00e5da p\u00e5 Justitiedepartementet ligger en f\u00e4rdig utredning om att inf\u00f6ra en lag om tilltr\u00e4desf\u00f6rbud. Den \u00e4r remitterad och klar. Och har s\u00e5 varit i n\u00e4rmare ett halv\u00e5r. Vi Kristdemokrater undrar: varf\u00f6r agerar Regeringen inte?<\/p>\n<\/div>\n","protected":false},"excerpt":{"rendered":"<p>\ud83d\udcb5\u00a0VARJE \u00c5R STJ\u00c4LS DET F\u00d6R N\u00c4RA SJU MILJARDER I SVENSKA BUTIKER I h\u00e4lften av dagligvarubutikerna uts\u00e4tts personal f\u00f6r hot varje m\u00e5nad. Och en tredjedel av butikerna har sv\u00e5rt att rekrytera personal p\u00e5 grund av brottsligheten. M\u00e5nga handlare \u2013 inte minst i utsatta omr\u00e5den \u2013 vittnar om hur vissa yrkeskriminella systematiskt anv\u00e4nder matvarubutiker som skafferier &#8211; <a class=\"read-more-link\" href=\"https:\/\/wp.kristdemokraterna.se\/linkoping\/1462-2\/\">Read More<\/a><\/p>\n","protected":false},"author":410,"featured_media":0,"comment_status":"closed","ping_status":"closed","sticky":false,"template":"","format":"standard","meta":{"_acf_changed":false,"footnotes":""},"categories":[22,1],"tags":[],"class_list":["post-1462","post","type-post","status-publish","format-standard","hentry","category-arkiv","category-okategoriserade"],"acf":[],"yoast_head":"<!-- This site is optimized with the Yoast SEO plugin v27.4 - https:\/\/yoast.com\/product\/yoast-seo-wordpress\/ -->\n<title>- Kristdemokraterna i Link\u00f6ping<\/title>\n<meta name=\"robots\" content=\"index, follow, max-snippet:-1, max-image-preview:large, max-video-preview:-1\" \/>\n<link rel=\"canonical\" href=\"https:\/\/wp.kristdemokraterna.se\/linkoping\/1462-2\/\" \/>\n<meta property=\"og:locale\" content=\"sv_SE\" \/>\n<meta property=\"og:type\" content=\"article\" \/>\n<meta property=\"og:title\" content=\"- Kristdemokraterna i Link\u00f6ping\" \/>\n<meta property=\"og:description\" content=\"\ud83d\udcb5\u00a0VARJE \u00c5R STJ\u00c4LS DET F\u00d6R N\u00c4RA SJU MILJARDER I SVENSKA BUTIKER I h\u00e4lften av dagligvarubutikerna uts\u00e4tts personal f\u00f6r hot varje m\u00e5nad. Och en tredjedel av butikerna har sv\u00e5rt att rekrytera personal p\u00e5 grund av brottsligheten. M\u00e5nga handlare \u2013 inte minst i utsatta omr\u00e5den \u2013 vittnar om hur vissa yrkeskriminella systematiskt anv\u00e4nder matvarubutiker som skafferier &#8211; Read More\" \/>\n<meta property=\"og:url\" content=\"https:\/\/wp.kristdemokraterna.se\/linkoping\/1462-2\/\" \/>\n<meta property=\"og:site_name\" content=\"Kristdemokraterna i Link\u00f6ping\" \/>\n<meta property=\"article:author\" content=\"https:\/\/www.facebook.com\/kdlinkoping\/\" \/>\n<meta property=\"article:published_time\" content=\"2019-12-16T14:24:05+00:00\" \/>\n<meta property=\"article:modified_time\" content=\"2021-08-13T09:47:49+00:00\" \/>\n<meta name=\"author\" content=\"linkoping\" \/>\n<meta name=\"twitter:card\" content=\"summary_large_image\" \/>\n<meta name=\"twitter:label1\" content=\"Skriven av\" \/>\n\t<meta name=\"twitter:data1\" content=\"linkoping\" \/>\n\t<meta name=\"twitter:label2\" content=\"Ber\u00e4knad l\u00e4stid\" \/>\n\t<meta name=\"twitter:data2\" content=\"1 minut\" \/>\n<script type=\"application\/ld+json\" class=\"yoast-schema-graph\">{\"@context\":\"https:\\\/\\\/schema.org\",\"@graph\":[{\"@type\":\"Article\",\"@id\":\"https:\\\/\\\/wp.kristdemokraterna.se\\\/linkoping\\\/1462-2\\\/#article\",\"isPartOf\":{\"@id\":\"https:\\\/\\\/wp.kristdemokraterna.se\\\/linkoping\\\/1462-2\\\/\"},\"author\":{\"name\":\"linkoping\",\"@id\":\"https:\\\/\\\/wp.kristdemokraterna.se\\\/linkoping\\\/#\\\/schema\\\/person\\\/b0148c3c8863db76d330faa282b9521a\"},\"headline\":\"Ingen rubrik\",\"datePublished\":\"2019-12-16T14:24:05+00:00\",\"dateModified\":\"2021-08-13T09:47:49+00:00\",\"mainEntityOfPage\":{\"@id\":\"https:\\\/\\\/wp.kristdemokraterna.se\\\/linkoping\\\/1462-2\\\/\"},\"wordCount\":213,\"articleSection\":[\"arkiv\",\"okategoriserade\"],\"inLanguage\":\"sv-SE\"},{\"@type\":\"WebPage\",\"@id\":\"https:\\\/\\\/wp.kristdemokraterna.se\\\/linkoping\\\/1462-2\\\/\",\"url\":\"https:\\\/\\\/wp.kristdemokraterna.se\\\/linkoping\\\/1462-2\\\/\",\"name\":\"- Kristdemokraterna i Link\u00f6ping\",\"isPartOf\":{\"@id\":\"https:\\\/\\\/wp.kristdemokraterna.se\\\/linkoping\\\/#website\"},\"datePublished\":\"2019-12-16T14:24:05+00:00\",\"dateModified\":\"2021-08-13T09:47:49+00:00\",\"author\":{\"@id\":\"https:\\\/\\\/wp.kristdemokraterna.se\\\/linkoping\\\/#\\\/schema\\\/person\\\/b0148c3c8863db76d330faa282b9521a\"},\"inLanguage\":\"sv-SE\",\"potentialAction\":[{\"@type\":\"ReadAction\",\"target\":[\"https:\\\/\\\/wp.kristdemokraterna.se\\\/linkoping\\\/1462-2\\\/\"]}]},{\"@type\":\"WebSite\",\"@id\":\"https:\\\/\\\/wp.kristdemokraterna.se\\\/linkoping\\\/#website\",\"url\":\"https:\\\/\\\/wp.kristdemokraterna.se\\\/linkoping\\\/\",\"name\":\"Kristdemokraterna i Link\u00f6ping\",\"description\":\"\",\"inLanguage\":\"sv-SE\"},{\"@type\":\"Person\",\"@id\":\"https:\\\/\\\/wp.kristdemokraterna.se\\\/linkoping\\\/#\\\/schema\\\/person\\\/b0148c3c8863db76d330faa282b9521a\",\"name\":\"linkoping\",\"image\":{\"@type\":\"ImageObject\",\"inLanguage\":\"sv-SE\",\"@id\":\"https:\\\/\\\/secure.gravatar.com\\\/avatar\\\/016e7965fec0e08fdd07b021a7d25181278d4b29b1d5bab57b16017e35421895?s=96&r=g\",\"url\":\"https:\\\/\\\/secure.gravatar.com\\\/avatar\\\/016e7965fec0e08fdd07b021a7d25181278d4b29b1d5bab57b16017e35421895?s=96&r=g\",\"contentUrl\":\"https:\\\/\\\/secure.gravatar.com\\\/avatar\\\/016e7965fec0e08fdd07b021a7d25181278d4b29b1d5bab57b16017e35421895?s=96&r=g\",\"caption\":\"linkoping\"},\"sameAs\":[\"https:\\\/\\\/www.facebook.com\\\/kdlinkoping\\\/\"],\"url\":\"https:\\\/\\\/wp.kristdemokraterna.se\\\/linkoping\\\/author\\\/linkoping\\\/\"}]}<\/script>\n<!-- \/ Yoast SEO plugin. -->","yoast_head_json":{"title":"- Kristdemokraterna i Link\u00f6ping","robots":{"index":"index","follow":"follow","max-snippet":"max-snippet:-1","max-image-preview":"max-image-preview:large","max-video-preview":"max-video-preview:-1"},"canonical":"https:\/\/wp.kristdemokraterna.se\/linkoping\/1462-2\/","og_locale":"sv_SE","og_type":"article","og_title":"- Kristdemokraterna i Link\u00f6ping","og_description":"\ud83d\udcb5\u00a0VARJE \u00c5R STJ\u00c4LS DET F\u00d6R N\u00c4RA SJU MILJARDER I SVENSKA BUTIKER I h\u00e4lften av dagligvarubutikerna uts\u00e4tts personal f\u00f6r hot varje m\u00e5nad. Och en tredjedel av butikerna har sv\u00e5rt att rekrytera personal p\u00e5 grund av brottsligheten. M\u00e5nga handlare \u2013 inte minst i utsatta omr\u00e5den \u2013 vittnar om hur vissa yrkeskriminella systematiskt anv\u00e4nder matvarubutiker som skafferier &#8211; Read More","og_url":"https:\/\/wp.kristdemokraterna.se\/linkoping\/1462-2\/","og_site_name":"Kristdemokraterna i Link\u00f6ping","article_author":"https:\/\/www.facebook.com\/kdlinkoping\/","article_published_time":"2019-12-16T14:24:05+00:00","article_modified_time":"2021-08-13T09:47:49+00:00","author":"linkoping","twitter_card":"summary_large_image","twitter_misc":{"Skriven av":"linkoping","Ber\u00e4knad l\u00e4stid":"1 minut"},"schema":{"@context":"https:\/\/schema.org","@graph":[{"@type":"Article","@id":"https:\/\/wp.kristdemokraterna.se\/linkoping\/1462-2\/#article","isPartOf":{"@id":"https:\/\/wp.kristdemokraterna.se\/linkoping\/1462-2\/"},"author":{"name":"linkoping","@id":"https:\/\/wp.kristdemokraterna.se\/linkoping\/#\/schema\/person\/b0148c3c8863db76d330faa282b9521a"},"headline":"Ingen rubrik","datePublished":"2019-12-16T14:24:05+00:00","dateModified":"2021-08-13T09:47:49+00:00","mainEntityOfPage":{"@id":"https:\/\/wp.kristdemokraterna.se\/linkoping\/1462-2\/"},"wordCount":213,"articleSection":["arkiv","okategoriserade"],"inLanguage":"sv-SE"},{"@type":"WebPage","@id":"https:\/\/wp.kristdemokraterna.se\/linkoping\/1462-2\/","url":"https:\/\/wp.kristdemokraterna.se\/linkoping\/1462-2\/","name":"- Kristdemokraterna i Link\u00f6ping","isPartOf":{"@id":"https:\/\/wp.kristdemokraterna.se\/linkoping\/#website"},"datePublished":"2019-12-16T14:24:05+00:00","dateModified":"2021-08-13T09:47:49+00:00","author":{"@id":"https:\/\/wp.kristdemokraterna.se\/linkoping\/#\/schema\/person\/b0148c3c8863db76d330faa282b9521a"},"inLanguage":"sv-SE","potentialAction":[{"@type":"ReadAction","target":["https:\/\/wp.kristdemokraterna.se\/linkoping\/1462-2\/"]}]},{"@type":"WebSite","@id":"https:\/\/wp.kristdemokraterna.se\/linkoping\/#website","url":"https:\/\/wp.kristdemokraterna.se\/linkoping\/","name":"Kristdemokraterna i Link\u00f6ping","description":"","inLanguage":"sv-SE"},{"@type":"Person","@id":"https:\/\/wp.kristdemokraterna.se\/linkoping\/#\/schema\/person\/b0148c3c8863db76d330faa282b9521a","name":"linkoping","image":{"@type":"ImageObject","inLanguage":"sv-SE","@id":"https:\/\/secure.gravatar.com\/avatar\/016e7965fec0e08fdd07b021a7d25181278d4b29b1d5bab57b16017e35421895?s=96&r=g","url":"https:\/\/secure.gravatar.com\/avatar\/016e7965fec0e08fdd07b021a7d25181278d4b29b1d5bab57b16017e35421895?s=96&r=g","contentUrl":"https:\/\/secure.gravatar.com\/avatar\/016e7965fec0e08fdd07b021a7d25181278d4b29b1d5bab57b16017e35421895?s=96&r=g","caption":"linkoping"},"sameAs":["https:\/\/www.facebook.com\/kdlinkoping\/"],"url":"https:\/\/wp.kristdemokraterna.se\/linkoping\/author\/linkoping\/"}]}},"_links":{"self":[{"href":"https:\/\/wp.kristdemokraterna.se\/linkoping\/wp-json\/wp\/v2\/posts\/1462","targetHints":{"allow":["GET"]}}],"collection":[{"href":"https:\/\/wp.kristdemokraterna.se\/linkoping\/wp-json\/wp\/v2\/posts"}],"about":[{"href":"https:\/\/wp.kristdemokraterna.se\/linkoping\/wp-json\/wp\/v2\/types\/post"}],"author":[{"embeddable":true,"href":"https:\/\/wp.kristdemokraterna.se\/linkoping\/wp-json\/wp\/v2\/users\/410"}],"replies":[{"embeddable":true,"href":"https:\/\/wp.kristdemokraterna.se\/linkoping\/wp-json\/wp\/v2\/comments?post=1462"}],"version-history":[{"count":1,"href":"https:\/\/wp.kristdemokraterna.se\/linkoping\/wp-json\/wp\/v2\/posts\/1462\/revisions"}],"predecessor-version":[{"id":1464,"href":"https:\/\/wp.kristdemokraterna.se\/linkoping\/wp-json\/wp\/v2\/posts\/1462\/revisions\/1464"}],"wp:attachment":[{"href":"https:\/\/wp.kristdemokraterna.se\/linkoping\/wp-json\/wp\/v2\/media?parent=1462"}],"wp:term":[{"taxonomy":"category","embeddable":true,"href":"https:\/\/wp.kristdemokraterna.se\/linkoping\/wp-json\/wp\/v2\/categories?post=1462"},{"taxonomy":"post_tag","embeddable":true,"href":"https:\/\/wp.kristdemokraterna.se\/linkoping\/wp-json\/wp\/v2\/tags?post=1462"}],"curies":[{"name":"wp","href":"https:\/\/api.w.org\/{rel}","templated":true}]}}