{"id":1465,"date":"2020-01-27T08:19:09","date_gmt":"2020-01-27T07:19:09","guid":{"rendered":"http:\/\/wp.kristdemokraterna.se\/linkoping\/?p=1465"},"modified":"2021-08-13T11:46:50","modified_gmt":"2021-08-13T09:46:50","slug":"kommunalradets-veckobrev-v-4","status":"publish","type":"post","link":"https:\/\/wp.kristdemokraterna.se\/linkoping\/kommunalradets-veckobrev-v-4\/","title":{"rendered":"Kommunalr\u00e5dets veckobrev V.4"},"content":{"rendered":"<p><span class=\"fcsB  fcsU \">Till KD-gruppen<\/span><span class=\"   \"><\/p>\n<p>Hej v\u00e4nner!<\/p>\n<p>Redan s\u00f6ndag!\u00a0Hoppas ni haft en bra vecka\u00a0&#8211; det har jag. N\u00e4sta vecka blir dock \u00e4nnu b\u00e4ttre f\u00f6r d\u00e5 ska jag och pol.sek Tobias b.la \u00e5ka upp p\u00e5 partiets ledningsdag p\u00e5 SKR. Vi ska \u00e4ven delta p\u00e5 Kristdemokraternas inspirationsdag l\u00f6rdag 1 februari p\u00e5 Hotell Ekoxen, visst har ni anm\u00e4lt er? Fram tills dess f\u00e5r ni h\u00e5lla till godo med en \u00e5terrapportering av denna veckans bestyr.<br \/>\n<\/span><span class=\"fcsB   \"><br \/>\nKompetens-och skattesl\u00f6seri att v\u00e4lja bort \u00e4ldre arbetstagare<\/span><span class=\"   \"><br \/>\nLink\u00f6ping \u00e4r bland de f\u00f6rsta kommunerna i Sverige att anta riktlinjer f\u00f6r ett f\u00f6rl\u00e4ngt arbetsliv. Det betyder inte att man \u00e4r n\u00f6dgad att arbeta efter 65+, d\u00e4remot finns det m\u00f6jlighet f\u00f6r den som k\u00e4nner att den vill och orkar. Att ha ett arbete \u00e4r mer \u00e4n att ha en l\u00f6n.\u00a0Med anledning av att jag b.la. har ansvar f\u00f6r kommunens personalfr\u00e5gor och Liselotte har ansvar f\u00f6r \u00e4ldrefr\u00e5gorna tyckte jag att det var angel\u00e4get att vi skulle g\u00e5 ut med en gemensam och \u00e4ldrev\u00e4nlig skrivning. Lyckligtvis har vi f\u00e5tt v\u00e4ldigt fin respons p\u00e5 artikeln! Skicka g\u00e4rna ett mail till pol.sek Tobias Westling om ni vill ha tillg\u00e5ng till rapporten i fr\u00e5ga. Jag \u00e4r glad att jag och Liselotte kan arbeta tv\u00e4rsektionellt och \u201djacka i\u201d varandra kring fr\u00e5gor som \u00e4r ideologiskt viktiga f\u00f6r partiet. L\u00e4nk till artikeln \u00e5terfinns l\u00e4ngre ner i mailet.<\/p>\n<p><\/span><span class=\"fcsB   \">Planerad debattartikel ang\u00e5ende konfessionella\/religi\u00f6sa friskolor<\/span><span class=\"   \"><br \/>\ned anledning av debatten ang\u00e5ende religi\u00f6sa friskolor g\u00f6r jag och professor i religionsvetenskap Kjell O Lejon (KD) ett debattinl\u00e4gg i Corren. Inl\u00e4gget har \u00e4nnu inte publicerats, men jag har f\u00e5tt besked om att det ska ske imorgon m\u00e5ndag 27\/1). H\u00e4xjakten p\u00e5 de kristna och judiska friskolorna som sk\u00f6ter sig anm\u00e4rkningsfritt m\u00e5ste f\u00e5 ett slut. Vi undrar varf\u00f6r utbildningsministern inte t\u00f6rs vara mer specifik och erk\u00e4nna att det \u00e4r de muslimska friskolorna som missk\u00f6ter sig som man vill \u00e5t. Sanningen \u00e4r att de kristna friskolorna lyckas b\u00e4ttre med integrationen av olika grupper \u00e4n majoriteten av Sveriges skolor. Om vi ser till 2018 hade de 54 grundskolor med kristen profil 37,2 % elever med utl\u00e4ndsk bakgrund, medan grundskolorna med kommunal huvudman hade 25,2%. Skolverkets statistik visar t.o.m. att kristna friskolor \u00e4r \u201db\u00e4st i klassen\u201d n\u00e4r det g\u00e4ller invandrade elever och resultatutveckling. Sett till de kristna friskolornas studieresultat och m\u00e5ngfald av elever finner vi ingen annan f\u00f6rklaring till f\u00f6rbudsivrarna h\u00e4xjakt. Jag vet att religi\u00f6sa friskolor \u00e4r en vattendelare, men i detta fallet skulle det k\u00e4nnas m\u00e4rkligt att jag som kommunalr\u00e5d f\u00f6r Kristdemokraterna och v\u00e5r ledamot i bildningsn\u00e4mnden, Kjell inte uttalade oss i \u00e4rendet. Jag tror personligen inte p\u00e5 kollektiv bestraffning och heller inte p\u00e5 att strypa en av frist\u00e4derna f\u00f6r v\u00e5rt lands bek\u00e4nnande kristna. Vid synpunkter p\u00e5 artikeln \u00e4r jag glad om dessa framf\u00f6rs till mig.<br \/>\n<\/span><span class=\"fcsB   \"><br \/>\nGruppledartr\u00e4ff med Alliansen<\/span><span class=\"   \"><br \/>\nI m\u00e5ndagskv\u00e4ll tr\u00e4ffades samtliga av Alliansens gruppledare p\u00e5 Moderaternas expedition. Evenemang anordnades av MUF, men \u00f6vriga ungdomsf\u00f6rbund fanns representerade. Vi gruppledare fick svara p\u00e5 fr\u00e5gor fr\u00e5n publiken. Fr\u00e5gorna fokuserade p\u00e5 v\u00e5rt Allianssamarbete och v\u00e5r gruppdynamik. Jag tycker att vi har ett gott samarbete och det underl\u00e4ttar att jag varit med fr\u00e5n f\u00f6rsta dagen samarbetet bildades. Vi var eniga om att v\u00e5rt samarbete \u00e4r individbundet och att vi arbetar bra tillsammans. Extra glad blev jag dessutom \u00f6ver att kunna blicka ut \u00f6ver n\u00e5gra bekanta KDU-ansikten, gamla medlemmar som nya. Kul!<\/p>\n<p><\/span><span class=\"fcsB   \">EBO-lagen 2020<\/span><span class=\"   \"><br \/>\nUnder veckan har vi i Allianssamarbetet diskuterat lagen om eget boende, den s\u00e5 kallade\u00a0EBO-lagen, som ger\u00a0<\/span><span class=\"   \">asyls\u00f6kande friheten att bos\u00e4tta sig var de vill med r\u00e4tt till statliga och kommunala bidrag. Efter den 1 januari 2020 har 32 kommuner m\u00f6jlighet att g\u00f6ra undantag i lagen.\u00a0<\/span><span class=\"   \">Lagen har l\u00e4nge kritiserats av flera partier och den nu aktuella lag\u00e4ndringen \u00e4r en f\u00f6ljd av januariavtalet.<\/span><span class=\"   \">\u00a0<\/span><span class=\"   \">Syftet med lag\u00e4ndringen som tr\u00e4dde i kraft vid \u00e5rsskiftet \u00e4r att minska segregationen. Nya lagen ger ett antal kommuner i landet \u2013 som haft h\u00f6gt tryck av asyls\u00f6kande\u00a0 \u2013 m\u00f6jlighet att v\u00e4lja omr\u00e5den i kommunen som ska vara undantag fr\u00e5n EBO. En asyls\u00f6kande som sj\u00e4lvmant v\u00e4ljer att bos\u00e4tta sig i n\u00e5got av dessa undantagsomr\u00e5den f\u00f6rlorar m\u00f6jligheten till statliga och kommunala bidrag. P\u00e5 s\u00e5 s\u00e4tt ska en asyls\u00f6kande motiveras att bos\u00e4tta sig p\u00e5 andra platser och med st\u00f6rre geografisk spridning, men flera kommuner har flaggat f\u00f6r att de kommer undanta hela kommunen fr\u00e5n lagen. Det inneb\u00e4r att en asyls\u00f6kande enbart kommer kunna bos\u00e4tta sig i kommunen med bidrag om Migrationsverket anvisar dem dit. De nya reglerna tr\u00e4dde i kraft 1 januari, men b\u00f6rjar g\u00e4lla 1 juli 2020. De asyls\u00f6kande som redan bosatt sig p\u00e5verkas inte d\u00e5 lagen inte \u00e4r retroaktiv. Vi har \u00e4nnu inte landat i ett gemensamt st\u00e4llningstagande utan beh\u00f6ver f\u00e5 mer k\u00f6tt p\u00e5 benen. Jag vill dock ta h\u00f6jd f\u00f6r att det diskuteras och att jag \u00e5terkommer till er genom att lyfta fr\u00e5gan p\u00e5 v\u00e5r KD-grupp.<\/p>\n<p><\/span><span class=\"fcsB   \">LSAB styrelsem\u00f6te + \u00e4gardialog Science Park Mj\u00e4rdevi<\/span><span class=\"   \"><br \/>\nI onsdags var jag p\u00e5 styrelsem\u00f6te med Stadshus AB + \u00e4gardialog med Science Park Mj\u00e4rdevi. Det var mycket roligt att se v\u00e5r ordf\u00f6rande i Science Parken Claes Bengtsson i sitt esse. Jag \u00e4r \u00e4ven tacksam \u00f6ver att f\u00e5 l\u00e4ra mig mer om bolaget. P\u00e5 senaste KD-gruppen kom det till\u00e4ggsf\u00f6rslag p\u00e5 det nya f\u00f6rslaget till \u00e4gardirektiv. Jag bad Magnus Landberg och Claes Bengtsson boka in en gemensam sittning efter KD-gruppen f\u00f6r att ta fram en gemensam skrivelse ang b.la fr\u00e4mjandet av entrepren\u00f6rskap. Jag bearbetade \u00f6vriga Alliansgruppen som nu har valt att st\u00e4lla sig bakom till\u00e4ggsf\u00f6rslaget fr\u00e5n oss.<\/span><\/p>\n","protected":false},"excerpt":{"rendered":"<p>Till KD-gruppen Hej v\u00e4nner! Redan s\u00f6ndag!\u00a0Hoppas ni haft en bra vecka\u00a0&#8211; det har jag. N\u00e4sta vecka blir dock \u00e4nnu b\u00e4ttre f\u00f6r d\u00e5 ska jag och pol.sek Tobias b.la \u00e5ka upp p\u00e5 partiets ledningsdag p\u00e5 SKR. Vi ska \u00e4ven delta p\u00e5 Kristdemokraternas inspirationsdag l\u00f6rdag 1 februari p\u00e5 Hotell Ekoxen, visst har ni anm\u00e4lt er? Fram tills <a class=\"read-more-link\" href=\"https:\/\/wp.kristdemokraterna.se\/linkoping\/kommunalradets-veckobrev-v-4\/\">Read More<\/a><\/p>\n","protected":false},"author":410,"featured_media":0,"comment_status":"closed","ping_status":"closed","sticky":false,"template":"","format":"standard","meta":{"_acf_changed":false,"footnotes":""},"categories":[22,1],"tags":[],"class_list":["post-1465","post","type-post","status-publish","format-standard","hentry","category-arkiv","category-okategoriserade"],"acf":[],"yoast_head":"<!-- This site is optimized with the Yoast SEO plugin v27.4 - https:\/\/yoast.com\/product\/yoast-seo-wordpress\/ -->\n<title>Kommunalr\u00e5dets veckobrev V.4 - Kristdemokraterna i Link\u00f6ping<\/title>\n<meta name=\"robots\" content=\"index, follow, max-snippet:-1, max-image-preview:large, max-video-preview:-1\" \/>\n<link rel=\"canonical\" href=\"https:\/\/wp.kristdemokraterna.se\/linkoping\/kommunalradets-veckobrev-v-4\/\" \/>\n<meta property=\"og:locale\" content=\"sv_SE\" \/>\n<meta property=\"og:type\" content=\"article\" \/>\n<meta property=\"og:title\" content=\"Kommunalr\u00e5dets veckobrev V.4 - Kristdemokraterna i Link\u00f6ping\" \/>\n<meta property=\"og:description\" content=\"Till KD-gruppen Hej v\u00e4nner! Redan s\u00f6ndag!\u00a0Hoppas ni haft en bra vecka\u00a0&#8211; det har jag. N\u00e4sta vecka blir dock \u00e4nnu b\u00e4ttre f\u00f6r d\u00e5 ska jag och pol.sek Tobias b.la \u00e5ka upp p\u00e5 partiets ledningsdag p\u00e5 SKR. Vi ska \u00e4ven delta p\u00e5 Kristdemokraternas inspirationsdag l\u00f6rdag 1 februari p\u00e5 Hotell Ekoxen, visst har ni anm\u00e4lt er? Fram tills Read More\" \/>\n<meta property=\"og:url\" content=\"https:\/\/wp.kristdemokraterna.se\/linkoping\/kommunalradets-veckobrev-v-4\/\" \/>\n<meta property=\"og:site_name\" content=\"Kristdemokraterna i Link\u00f6ping\" \/>\n<meta property=\"article:author\" content=\"https:\/\/www.facebook.com\/kdlinkoping\/\" \/>\n<meta property=\"article:published_time\" content=\"2020-01-27T07:19:09+00:00\" \/>\n<meta property=\"article:modified_time\" content=\"2021-08-13T09:46:50+00:00\" \/>\n<meta name=\"author\" content=\"linkoping\" \/>\n<meta name=\"twitter:card\" content=\"summary_large_image\" \/>\n<meta name=\"twitter:label1\" content=\"Skriven av\" \/>\n\t<meta name=\"twitter:data1\" content=\"linkoping\" \/>\n\t<meta name=\"twitter:label2\" content=\"Ber\u00e4knad l\u00e4stid\" \/>\n\t<meta name=\"twitter:data2\" content=\"5 minuter\" \/>\n<script type=\"application\/ld+json\" class=\"yoast-schema-graph\">{\"@context\":\"https:\\\/\\\/schema.org\",\"@graph\":[{\"@type\":\"Article\",\"@id\":\"https:\\\/\\\/wp.kristdemokraterna.se\\\/linkoping\\\/kommunalradets-veckobrev-v-4\\\/#article\",\"isPartOf\":{\"@id\":\"https:\\\/\\\/wp.kristdemokraterna.se\\\/linkoping\\\/kommunalradets-veckobrev-v-4\\\/\"},\"author\":{\"name\":\"linkoping\",\"@id\":\"https:\\\/\\\/wp.kristdemokraterna.se\\\/linkoping\\\/#\\\/schema\\\/person\\\/b0148c3c8863db76d330faa282b9521a\"},\"headline\":\"Kommunalr\u00e5dets veckobrev V.4\",\"datePublished\":\"2020-01-27T07:19:09+00:00\",\"dateModified\":\"2021-08-13T09:46:50+00:00\",\"mainEntityOfPage\":{\"@id\":\"https:\\\/\\\/wp.kristdemokraterna.se\\\/linkoping\\\/kommunalradets-veckobrev-v-4\\\/\"},\"wordCount\":1028,\"articleSection\":[\"arkiv\",\"okategoriserade\"],\"inLanguage\":\"sv-SE\"},{\"@type\":\"WebPage\",\"@id\":\"https:\\\/\\\/wp.kristdemokraterna.se\\\/linkoping\\\/kommunalradets-veckobrev-v-4\\\/\",\"url\":\"https:\\\/\\\/wp.kristdemokraterna.se\\\/linkoping\\\/kommunalradets-veckobrev-v-4\\\/\",\"name\":\"Kommunalr\u00e5dets veckobrev V.4 - Kristdemokraterna i Link\u00f6ping\",\"isPartOf\":{\"@id\":\"https:\\\/\\\/wp.kristdemokraterna.se\\\/linkoping\\\/#website\"},\"datePublished\":\"2020-01-27T07:19:09+00:00\",\"dateModified\":\"2021-08-13T09:46:50+00:00\",\"author\":{\"@id\":\"https:\\\/\\\/wp.kristdemokraterna.se\\\/linkoping\\\/#\\\/schema\\\/person\\\/b0148c3c8863db76d330faa282b9521a\"},\"breadcrumb\":{\"@id\":\"https:\\\/\\\/wp.kristdemokraterna.se\\\/linkoping\\\/kommunalradets-veckobrev-v-4\\\/#breadcrumb\"},\"inLanguage\":\"sv-SE\",\"potentialAction\":[{\"@type\":\"ReadAction\",\"target\":[\"https:\\\/\\\/wp.kristdemokraterna.se\\\/linkoping\\\/kommunalradets-veckobrev-v-4\\\/\"]}]},{\"@type\":\"BreadcrumbList\",\"@id\":\"https:\\\/\\\/wp.kristdemokraterna.se\\\/linkoping\\\/kommunalradets-veckobrev-v-4\\\/#breadcrumb\",\"itemListElement\":[{\"@type\":\"ListItem\",\"position\":1,\"name\":\"Hem\",\"item\":\"https:\\\/\\\/wp.kristdemokraterna.se\\\/linkoping\\\/\"},{\"@type\":\"ListItem\",\"position\":2,\"name\":\"Kommunalr\u00e5dets veckobrev V.4\"}]},{\"@type\":\"WebSite\",\"@id\":\"https:\\\/\\\/wp.kristdemokraterna.se\\\/linkoping\\\/#website\",\"url\":\"https:\\\/\\\/wp.kristdemokraterna.se\\\/linkoping\\\/\",\"name\":\"Kristdemokraterna i Link\u00f6ping\",\"description\":\"\",\"inLanguage\":\"sv-SE\"},{\"@type\":\"Person\",\"@id\":\"https:\\\/\\\/wp.kristdemokraterna.se\\\/linkoping\\\/#\\\/schema\\\/person\\\/b0148c3c8863db76d330faa282b9521a\",\"name\":\"linkoping\",\"image\":{\"@type\":\"ImageObject\",\"inLanguage\":\"sv-SE\",\"@id\":\"https:\\\/\\\/secure.gravatar.com\\\/avatar\\\/016e7965fec0e08fdd07b021a7d25181278d4b29b1d5bab57b16017e35421895?s=96&r=g\",\"url\":\"https:\\\/\\\/secure.gravatar.com\\\/avatar\\\/016e7965fec0e08fdd07b021a7d25181278d4b29b1d5bab57b16017e35421895?s=96&r=g\",\"contentUrl\":\"https:\\\/\\\/secure.gravatar.com\\\/avatar\\\/016e7965fec0e08fdd07b021a7d25181278d4b29b1d5bab57b16017e35421895?s=96&r=g\",\"caption\":\"linkoping\"},\"sameAs\":[\"https:\\\/\\\/www.facebook.com\\\/kdlinkoping\\\/\"],\"url\":\"https:\\\/\\\/wp.kristdemokraterna.se\\\/linkoping\\\/author\\\/linkoping\\\/\"}]}<\/script>\n<!-- \/ Yoast SEO plugin. -->","yoast_head_json":{"title":"Kommunalr\u00e5dets veckobrev V.4 - Kristdemokraterna i Link\u00f6ping","robots":{"index":"index","follow":"follow","max-snippet":"max-snippet:-1","max-image-preview":"max-image-preview:large","max-video-preview":"max-video-preview:-1"},"canonical":"https:\/\/wp.kristdemokraterna.se\/linkoping\/kommunalradets-veckobrev-v-4\/","og_locale":"sv_SE","og_type":"article","og_title":"Kommunalr\u00e5dets veckobrev V.4 - Kristdemokraterna i Link\u00f6ping","og_description":"Till KD-gruppen Hej v\u00e4nner! Redan s\u00f6ndag!\u00a0Hoppas ni haft en bra vecka\u00a0&#8211; det har jag. N\u00e4sta vecka blir dock \u00e4nnu b\u00e4ttre f\u00f6r d\u00e5 ska jag och pol.sek Tobias b.la \u00e5ka upp p\u00e5 partiets ledningsdag p\u00e5 SKR. Vi ska \u00e4ven delta p\u00e5 Kristdemokraternas inspirationsdag l\u00f6rdag 1 februari p\u00e5 Hotell Ekoxen, visst har ni anm\u00e4lt er? Fram tills Read More","og_url":"https:\/\/wp.kristdemokraterna.se\/linkoping\/kommunalradets-veckobrev-v-4\/","og_site_name":"Kristdemokraterna i Link\u00f6ping","article_author":"https:\/\/www.facebook.com\/kdlinkoping\/","article_published_time":"2020-01-27T07:19:09+00:00","article_modified_time":"2021-08-13T09:46:50+00:00","author":"linkoping","twitter_card":"summary_large_image","twitter_misc":{"Skriven av":"linkoping","Ber\u00e4knad l\u00e4stid":"5 minuter"},"schema":{"@context":"https:\/\/schema.org","@graph":[{"@type":"Article","@id":"https:\/\/wp.kristdemokraterna.se\/linkoping\/kommunalradets-veckobrev-v-4\/#article","isPartOf":{"@id":"https:\/\/wp.kristdemokraterna.se\/linkoping\/kommunalradets-veckobrev-v-4\/"},"author":{"name":"linkoping","@id":"https:\/\/wp.kristdemokraterna.se\/linkoping\/#\/schema\/person\/b0148c3c8863db76d330faa282b9521a"},"headline":"Kommunalr\u00e5dets veckobrev V.4","datePublished":"2020-01-27T07:19:09+00:00","dateModified":"2021-08-13T09:46:50+00:00","mainEntityOfPage":{"@id":"https:\/\/wp.kristdemokraterna.se\/linkoping\/kommunalradets-veckobrev-v-4\/"},"wordCount":1028,"articleSection":["arkiv","okategoriserade"],"inLanguage":"sv-SE"},{"@type":"WebPage","@id":"https:\/\/wp.kristdemokraterna.se\/linkoping\/kommunalradets-veckobrev-v-4\/","url":"https:\/\/wp.kristdemokraterna.se\/linkoping\/kommunalradets-veckobrev-v-4\/","name":"Kommunalr\u00e5dets veckobrev V.4 - Kristdemokraterna i Link\u00f6ping","isPartOf":{"@id":"https:\/\/wp.kristdemokraterna.se\/linkoping\/#website"},"datePublished":"2020-01-27T07:19:09+00:00","dateModified":"2021-08-13T09:46:50+00:00","author":{"@id":"https:\/\/wp.kristdemokraterna.se\/linkoping\/#\/schema\/person\/b0148c3c8863db76d330faa282b9521a"},"breadcrumb":{"@id":"https:\/\/wp.kristdemokraterna.se\/linkoping\/kommunalradets-veckobrev-v-4\/#breadcrumb"},"inLanguage":"sv-SE","potentialAction":[{"@type":"ReadAction","target":["https:\/\/wp.kristdemokraterna.se\/linkoping\/kommunalradets-veckobrev-v-4\/"]}]},{"@type":"BreadcrumbList","@id":"https:\/\/wp.kristdemokraterna.se\/linkoping\/kommunalradets-veckobrev-v-4\/#breadcrumb","itemListElement":[{"@type":"ListItem","position":1,"name":"Hem","item":"https:\/\/wp.kristdemokraterna.se\/linkoping\/"},{"@type":"ListItem","position":2,"name":"Kommunalr\u00e5dets veckobrev V.4"}]},{"@type":"WebSite","@id":"https:\/\/wp.kristdemokraterna.se\/linkoping\/#website","url":"https:\/\/wp.kristdemokraterna.se\/linkoping\/","name":"Kristdemokraterna i Link\u00f6ping","description":"","inLanguage":"sv-SE"},{"@type":"Person","@id":"https:\/\/wp.kristdemokraterna.se\/linkoping\/#\/schema\/person\/b0148c3c8863db76d330faa282b9521a","name":"linkoping","image":{"@type":"ImageObject","inLanguage":"sv-SE","@id":"https:\/\/secure.gravatar.com\/avatar\/016e7965fec0e08fdd07b021a7d25181278d4b29b1d5bab57b16017e35421895?s=96&r=g","url":"https:\/\/secure.gravatar.com\/avatar\/016e7965fec0e08fdd07b021a7d25181278d4b29b1d5bab57b16017e35421895?s=96&r=g","contentUrl":"https:\/\/secure.gravatar.com\/avatar\/016e7965fec0e08fdd07b021a7d25181278d4b29b1d5bab57b16017e35421895?s=96&r=g","caption":"linkoping"},"sameAs":["https:\/\/www.facebook.com\/kdlinkoping\/"],"url":"https:\/\/wp.kristdemokraterna.se\/linkoping\/author\/linkoping\/"}]}},"_links":{"self":[{"href":"https:\/\/wp.kristdemokraterna.se\/linkoping\/wp-json\/wp\/v2\/posts\/1465","targetHints":{"allow":["GET"]}}],"collection":[{"href":"https:\/\/wp.kristdemokraterna.se\/linkoping\/wp-json\/wp\/v2\/posts"}],"about":[{"href":"https:\/\/wp.kristdemokraterna.se\/linkoping\/wp-json\/wp\/v2\/types\/post"}],"author":[{"embeddable":true,"href":"https:\/\/wp.kristdemokraterna.se\/linkoping\/wp-json\/wp\/v2\/users\/410"}],"replies":[{"embeddable":true,"href":"https:\/\/wp.kristdemokraterna.se\/linkoping\/wp-json\/wp\/v2\/comments?post=1465"}],"version-history":[{"count":1,"href":"https:\/\/wp.kristdemokraterna.se\/linkoping\/wp-json\/wp\/v2\/posts\/1465\/revisions"}],"predecessor-version":[{"id":1466,"href":"https:\/\/wp.kristdemokraterna.se\/linkoping\/wp-json\/wp\/v2\/posts\/1465\/revisions\/1466"}],"wp:attachment":[{"href":"https:\/\/wp.kristdemokraterna.se\/linkoping\/wp-json\/wp\/v2\/media?parent=1465"}],"wp:term":[{"taxonomy":"category","embeddable":true,"href":"https:\/\/wp.kristdemokraterna.se\/linkoping\/wp-json\/wp\/v2\/categories?post=1465"},{"taxonomy":"post_tag","embeddable":true,"href":"https:\/\/wp.kristdemokraterna.se\/linkoping\/wp-json\/wp\/v2\/tags?post=1465"}],"curies":[{"name":"wp","href":"https:\/\/api.w.org\/{rel}","templated":true}]}}