{"id":1468,"date":"2020-02-17T08:00:23","date_gmt":"2020-02-17T07:00:23","guid":{"rendered":"http:\/\/wp.kristdemokraterna.se\/linkoping\/?p=1468"},"modified":"2021-08-13T11:46:50","modified_gmt":"2021-08-13T09:46:50","slug":"information-fran-kommunalradet-v-7","status":"publish","type":"post","link":"https:\/\/wp.kristdemokraterna.se\/linkoping\/information-fran-kommunalradet-v-7\/","title":{"rendered":"Information fr\u00e5n kommunalr\u00e5det v. 7"},"content":{"rendered":"<p><span class=\"fcsB  fcsU \">Till KD-gruppen<\/span><span class=\"  fcsU \"><br \/>\n<\/span><span class=\"   \"><br \/>\nHej v\u00e4nner,<\/p>\n<p>Gl\u00e4djande att se s\u00e5 m\u00e5nga av er p\u00e5 \u00e5rsm\u00f6tet! Extra gl\u00e4djande att b\u00e5de Johan H\u00e4ggblom och Martina M\u00e9lbeus utg\u00f6r nytt presidium i partiavdelningsstyrelsen. Det k\u00e4nns stabilt och jag \u00e4r \u00f6vertygad om att vi med dessa f\u00f6retr\u00e4dare rustat oss v\u00e4l f\u00f6r att ta oss an det partiorganisatoriska arbetet f\u00f6r 2020. I mitt \u00e5rsm\u00f6testal n\u00e4mnde jag att vi p\u00e5 pappret m\u00e5 vi vara Alliansens minsta best\u00e5ndsdel, men vi f\u00e5r heller inte gl\u00f6mma att vi \u00e4r en av dess f\u00f6ruts\u00e4ttningar. Utan Kristdemokraterna i Link\u00f6pingspolitiken \u2013 inget borgerligt politiskt styre. Vi \u00e4r den borgerliga v\u00e4lf\u00e4rdsr\u00f6sten som beh\u00f6vs f\u00f6r familjerna, civilsamh\u00e4llet och kommunens ekonomi. Ett tr\u00e5kigt, \u00e5terh\u00e5llsamt och kompetent f\u00f6rvaltarskap d\u00e4r vi forts\u00e4tter att h\u00e5lla h\u00e5rt i pl\u00e5nboken. Detta \u00e4r vi en garant f\u00f6r tillsammans! Jag \u00e4r glad \u00f6ver att vara gruppledare i en av Sveriges st\u00f6rsta partiavdelningar. Inget av detta hade varit m\u00f6jligt utan er. Tack!<\/p>\n<p><\/span><span class=\"fcsB   \"><br \/>\nAktuellt fr\u00e5n Stadshuset v. 7<\/span><span class=\"fcsB   \"><\/p>\n<p>Hatbrott utanf\u00f6r Link\u00f6pings stadsbibliotek<\/span><span class=\"   \"><br \/>\nFinns det en framtid f\u00f6r judiskt liv i Sverige? Det \u00e4r en fr\u00e5ga jag st\u00e4ller mig ofta. Att Israel har en fantastisk framtid, det \u00e4r jag s\u00e4ker p\u00e5. Men fr\u00e5gan \u00e4r vilken framtid judarna i Sverige har. P\u00e5 f\u00f6rintelsens minnesdag den 27 januari eldades b\u00f6cker om judendomen och nazismen upp p\u00e5 ett bokb\u00e5l utanf\u00f6r biblioteket. Jag fick reda p\u00e5 det samma dag som det h\u00e4nde, men kommunen har valt att ligga l\u00e5gt och inte g\u00e5 ut med information till allm\u00e4nheten ang\u00e5ende h\u00e4ndelsen. Sveriges Radio P4 skickade ut en bl\u00e4nkare den 8 februari, i \u00f6vrigt kn\u00e4pptyst. Med anledning av detta har jag skrivit en debattartikel som \u00e4r inskickade till Corren (publiceras n\u00e5gon g\u00e5ng under v. 8.) artikeln adresserar jag svenska judars utsatthet och ifr\u00e5gas\u00e4tter varf\u00f6r regeringen st\u00e5r undfallen i dessa fr\u00e5gor. I Sverige finns det i dag v\u00e4nstergrupperingar samt nazistiska och islamistiska sammanslutningar. Dessa grupper har f\u00e5 saker gemensamt, men det finns en sak som f\u00f6renar dem \u2013 judehatet.<\/p>\n<p>Detta m\u00e5ste tas p\u00e5 stort allvar och hanteras skyndsamt. Judar har levt i Sverige sedan 1700-talet och \u00e4r en av v\u00e5ra fem nationella minoriteter. Det inneb\u00e4r att vi som land f\u00f6rpliktigat oss att verka f\u00f6r att judisk kultur och tradition ska st\u00f6djas och skyddas, p\u00e5 samma s\u00e4tt som f\u00f6r \u00f6vriga nationella minoriteter. Med detta f\u00f6ljer ett ansvar: judar ska kunna leva i Sverige utan att frukta f\u00f6r sin s\u00e4kerhet. Det \u00e4r dags att regeringen g\u00f6r allt som st\u00e5r i deras makt f\u00f6r att s\u00e4kerst\u00e4lla s\u00e4kerheten f\u00f6r sina judiska medborgare. Jag har \u00e4ven bett Johan H\u00e4ggblom skriva under p\u00e5 artikeln i egenskap av nya ordf\u00f6rande f\u00f6r Kristdemokraterna i Link\u00f6ping. Det \u00e4r ett bra s\u00e4tt att marknadsf\u00f6ra honom, men ocks\u00e5 att marknadsf\u00f6ra att vi Kristdemokrater v\u00e4rnar judiskt liv och inte \u00e4r r\u00e4dda att s\u00e4ga ifr\u00e5n. Jag kommer att l\u00e4gga ut artikeln p\u00e5 min Facebook efter att Corren publicerat den. Dela\/gilla g\u00e4rna f\u00f6r st\u00f6rre spridning.<\/p>\n<p><\/span><span class=\"fcsB   \">Kommunsamarbete med Polisen<\/span><span class=\"   \"><br \/>\nI tisdags beslutade kommunstyrelsen att Link\u00f6pings brottsf\u00f6rebyggande r\u00e5d ska skrotas. Detta med anledning av att v\u00e5rt kommunsamarbete med polisen m\u00e5ste bli b\u00e4ttre f\u00f6r att \u00f6ka tryggheten och minska segregationen i Link\u00f6ping. R\u00e5det ska ist\u00e4llet ers\u00e4ttas av en politisk styrgrupp d\u00e4r kommunstyrelsens presidium, kommundirekt\u00f6ren, s\u00e4kerhetsenheten, lokalpolisomr\u00e5deschefen och kommunpolis ing\u00e5r. Gruppen ska m\u00f6tas tre g\u00e5nger per \u00e5r f\u00f6r att dela information och skaffa sig en gemensam l\u00e4gesbild. Jag \u00e4r glad att jag i egenskap av 1:e vice kommunstyrelseordf\u00f6rande f\u00e5r vara en del av den nya gruppen och ta ett helhetsgrepp kring trygghetsarbetet i Link\u00f6pings kommun. Jag \u00e5terkommer med mer information om arbetet efter att vi har haft presstr\u00e4ff. Det blir lite l\u00e4ngre fram under v\u00e5rvintern.<\/p>\n<p><\/span><span class=\"fcsB   \">Sammantr\u00e4de med krisledningsn\u00e4mnden<\/span><span class=\"   \"><br \/>\nI egenskap av 1:e vice kommunstyrelseordf\u00f6rande och kommunalr\u00e5d ing\u00e5r jag i kommunens krisledningsn\u00e4mnd. Med anledning av detta var jag och Alliansens \u00f6vriga kommunalr\u00e5d iv\u00e4g p\u00e5 en krislednings\u00f6vning p\u00e5 ett hemligt st\u00e4lle under hela torsdagen. Platsen var m\u00f6rk, fuktig och kall och vi fick inte anv\u00e4nda varken Ipad eller telefon. Det var en utmaning f\u00f6r oss alla som \u00e4r vana vid att vara st\u00e4ndigt uppkopplade. Jag f\u00e5r inte ber\u00e4tta vad dagen inneh\u00f6ll, men i har haft \u00f6vningar av liknande kaliber tidigare. I den b\u00e4sta av v\u00e4rldar skulle det inte beh\u00f6vas, men tyv\u00e4rr \u00f6kar hoten utifr\u00e5n och vi beh\u00f6ver vara rustade p\u00e5 politisk niv\u00e5 och inf\u00f6rst\u00e5dda med olika scenarion som kan intr\u00e4ffa som vi beh\u00f6ver kunna krishantera skyndsamt.<\/p>\n<p><\/span><span class=\"fcsB   \">Spr\u00e5kkrav i \u00e4ldreomsorgen<\/span><span class=\"   \"><br \/>\nSocialdemokraterna l\u00e4mnade in ett f\u00f6rslag i fredags som inneb\u00e4r att arbetsgivare ska \u00e5l\u00e4ggas att utbilda alla de nyanst\u00e4llda och sedan tidigare anst\u00e4llda som inte talar tillr\u00e4ckligt bra svenska. P\u00e5 pappret \u00e4r det ett bra f\u00f6rslag som \u00e4r l\u00e4tt att h\u00e5lla med om. Vi i Alliansen vill givetvis ocks\u00e5 att personalen inom \u00e4ldreomsorgen ska kunna hantera det svenska spr\u00e5ket. Det \u00e4r viktigt f\u00f6r att kunna s\u00e4kerst\u00e4lla r\u00e4tt v\u00e5rd f\u00f6r m\u00e4nniskor, men detta \u00e4r n\u00e5got som vi redan arbetar med idag. Kommunen har en p\u00e5g\u00e5ende dialog med utbildningsanordnare hur spr\u00e5kkraven kan tillgodoses. I de krav som vi har ska all personal kunna beh\u00e4rska det svenska spr\u00e5ket p\u00e5 ett s\u00e4tt att man kan kommunicera med de \u00e4ldre, anh\u00f6riga och personalen. Vi kr\u00e4ver att arbetsgarant ska klara av dokumentation p\u00e5 svenska samtidigt som vi ocks\u00e5 har h\u00f6jt niv\u00e5erna p\u00e5 att det ska finnas spr\u00e5kombud p\u00e5 arbetsplatsen. Socialdemokraterna anv\u00e4nder en av samh\u00e4llets allra svagaste grupper f\u00f6r att vinna po\u00e4nger. Fegt!<\/span><\/p>\n","protected":false},"excerpt":{"rendered":"<p>Till KD-gruppen Hej v\u00e4nner, Gl\u00e4djande att se s\u00e5 m\u00e5nga av er p\u00e5 \u00e5rsm\u00f6tet! Extra gl\u00e4djande att b\u00e5de Johan H\u00e4ggblom och Martina M\u00e9lbeus utg\u00f6r nytt presidium i partiavdelningsstyrelsen. Det k\u00e4nns stabilt och jag \u00e4r \u00f6vertygad om att vi med dessa f\u00f6retr\u00e4dare rustat oss v\u00e4l f\u00f6r att ta oss an det partiorganisatoriska arbetet f\u00f6r 2020. I mitt <a class=\"read-more-link\" href=\"https:\/\/wp.kristdemokraterna.se\/linkoping\/information-fran-kommunalradet-v-7\/\">Read More<\/a><\/p>\n","protected":false},"author":410,"featured_media":0,"comment_status":"closed","ping_status":"closed","sticky":false,"template":"","format":"standard","meta":{"_acf_changed":false,"footnotes":""},"categories":[22,1],"tags":[],"class_list":["post-1468","post","type-post","status-publish","format-standard","hentry","category-arkiv","category-okategoriserade"],"acf":[],"yoast_head":"<!-- This site is optimized with the Yoast SEO plugin v27.4 - https:\/\/yoast.com\/product\/yoast-seo-wordpress\/ -->\n<title>Information fr\u00e5n kommunalr\u00e5det v. 7 - Kristdemokraterna i Link\u00f6ping<\/title>\n<meta name=\"robots\" content=\"index, follow, max-snippet:-1, max-image-preview:large, max-video-preview:-1\" \/>\n<link rel=\"canonical\" href=\"https:\/\/wp.kristdemokraterna.se\/linkoping\/information-fran-kommunalradet-v-7\/\" \/>\n<meta property=\"og:locale\" content=\"sv_SE\" \/>\n<meta property=\"og:type\" content=\"article\" \/>\n<meta property=\"og:title\" content=\"Information fr\u00e5n kommunalr\u00e5det v. 7 - Kristdemokraterna i Link\u00f6ping\" \/>\n<meta property=\"og:description\" content=\"Till KD-gruppen Hej v\u00e4nner, Gl\u00e4djande att se s\u00e5 m\u00e5nga av er p\u00e5 \u00e5rsm\u00f6tet! Extra gl\u00e4djande att b\u00e5de Johan H\u00e4ggblom och Martina M\u00e9lbeus utg\u00f6r nytt presidium i partiavdelningsstyrelsen. Det k\u00e4nns stabilt och jag \u00e4r \u00f6vertygad om att vi med dessa f\u00f6retr\u00e4dare rustat oss v\u00e4l f\u00f6r att ta oss an det partiorganisatoriska arbetet f\u00f6r 2020. I mitt Read More\" \/>\n<meta property=\"og:url\" content=\"https:\/\/wp.kristdemokraterna.se\/linkoping\/information-fran-kommunalradet-v-7\/\" \/>\n<meta property=\"og:site_name\" content=\"Kristdemokraterna i Link\u00f6ping\" \/>\n<meta property=\"article:author\" content=\"https:\/\/www.facebook.com\/kdlinkoping\/\" \/>\n<meta property=\"article:published_time\" content=\"2020-02-17T07:00:23+00:00\" \/>\n<meta property=\"article:modified_time\" content=\"2021-08-13T09:46:50+00:00\" \/>\n<meta name=\"author\" content=\"linkoping\" \/>\n<meta name=\"twitter:card\" content=\"summary_large_image\" \/>\n<meta name=\"twitter:label1\" content=\"Skriven av\" \/>\n\t<meta name=\"twitter:data1\" content=\"linkoping\" \/>\n\t<meta name=\"twitter:label2\" content=\"Ber\u00e4knad l\u00e4stid\" \/>\n\t<meta name=\"twitter:data2\" content=\"5 minuter\" \/>\n<script type=\"application\/ld+json\" class=\"yoast-schema-graph\">{\"@context\":\"https:\\\/\\\/schema.org\",\"@graph\":[{\"@type\":\"Article\",\"@id\":\"https:\\\/\\\/wp.kristdemokraterna.se\\\/linkoping\\\/information-fran-kommunalradet-v-7\\\/#article\",\"isPartOf\":{\"@id\":\"https:\\\/\\\/wp.kristdemokraterna.se\\\/linkoping\\\/information-fran-kommunalradet-v-7\\\/\"},\"author\":{\"name\":\"linkoping\",\"@id\":\"https:\\\/\\\/wp.kristdemokraterna.se\\\/linkoping\\\/#\\\/schema\\\/person\\\/b0148c3c8863db76d330faa282b9521a\"},\"headline\":\"Information fr\u00e5n kommunalr\u00e5det v. 7\",\"datePublished\":\"2020-02-17T07:00:23+00:00\",\"dateModified\":\"2021-08-13T09:46:50+00:00\",\"mainEntityOfPage\":{\"@id\":\"https:\\\/\\\/wp.kristdemokraterna.se\\\/linkoping\\\/information-fran-kommunalradet-v-7\\\/\"},\"wordCount\":1047,\"articleSection\":[\"arkiv\",\"okategoriserade\"],\"inLanguage\":\"sv-SE\"},{\"@type\":\"WebPage\",\"@id\":\"https:\\\/\\\/wp.kristdemokraterna.se\\\/linkoping\\\/information-fran-kommunalradet-v-7\\\/\",\"url\":\"https:\\\/\\\/wp.kristdemokraterna.se\\\/linkoping\\\/information-fran-kommunalradet-v-7\\\/\",\"name\":\"Information fr\u00e5n kommunalr\u00e5det v. 7 - Kristdemokraterna i Link\u00f6ping\",\"isPartOf\":{\"@id\":\"https:\\\/\\\/wp.kristdemokraterna.se\\\/linkoping\\\/#website\"},\"datePublished\":\"2020-02-17T07:00:23+00:00\",\"dateModified\":\"2021-08-13T09:46:50+00:00\",\"author\":{\"@id\":\"https:\\\/\\\/wp.kristdemokraterna.se\\\/linkoping\\\/#\\\/schema\\\/person\\\/b0148c3c8863db76d330faa282b9521a\"},\"breadcrumb\":{\"@id\":\"https:\\\/\\\/wp.kristdemokraterna.se\\\/linkoping\\\/information-fran-kommunalradet-v-7\\\/#breadcrumb\"},\"inLanguage\":\"sv-SE\",\"potentialAction\":[{\"@type\":\"ReadAction\",\"target\":[\"https:\\\/\\\/wp.kristdemokraterna.se\\\/linkoping\\\/information-fran-kommunalradet-v-7\\\/\"]}]},{\"@type\":\"BreadcrumbList\",\"@id\":\"https:\\\/\\\/wp.kristdemokraterna.se\\\/linkoping\\\/information-fran-kommunalradet-v-7\\\/#breadcrumb\",\"itemListElement\":[{\"@type\":\"ListItem\",\"position\":1,\"name\":\"Hem\",\"item\":\"https:\\\/\\\/wp.kristdemokraterna.se\\\/linkoping\\\/\"},{\"@type\":\"ListItem\",\"position\":2,\"name\":\"Information fr\u00e5n kommunalr\u00e5det v. 7\"}]},{\"@type\":\"WebSite\",\"@id\":\"https:\\\/\\\/wp.kristdemokraterna.se\\\/linkoping\\\/#website\",\"url\":\"https:\\\/\\\/wp.kristdemokraterna.se\\\/linkoping\\\/\",\"name\":\"Kristdemokraterna i Link\u00f6ping\",\"description\":\"\",\"inLanguage\":\"sv-SE\"},{\"@type\":\"Person\",\"@id\":\"https:\\\/\\\/wp.kristdemokraterna.se\\\/linkoping\\\/#\\\/schema\\\/person\\\/b0148c3c8863db76d330faa282b9521a\",\"name\":\"linkoping\",\"image\":{\"@type\":\"ImageObject\",\"inLanguage\":\"sv-SE\",\"@id\":\"https:\\\/\\\/secure.gravatar.com\\\/avatar\\\/016e7965fec0e08fdd07b021a7d25181278d4b29b1d5bab57b16017e35421895?s=96&r=g\",\"url\":\"https:\\\/\\\/secure.gravatar.com\\\/avatar\\\/016e7965fec0e08fdd07b021a7d25181278d4b29b1d5bab57b16017e35421895?s=96&r=g\",\"contentUrl\":\"https:\\\/\\\/secure.gravatar.com\\\/avatar\\\/016e7965fec0e08fdd07b021a7d25181278d4b29b1d5bab57b16017e35421895?s=96&r=g\",\"caption\":\"linkoping\"},\"sameAs\":[\"https:\\\/\\\/www.facebook.com\\\/kdlinkoping\\\/\"],\"url\":\"https:\\\/\\\/wp.kristdemokraterna.se\\\/linkoping\\\/author\\\/linkoping\\\/\"}]}<\/script>\n<!-- \/ Yoast SEO plugin. -->","yoast_head_json":{"title":"Information fr\u00e5n kommunalr\u00e5det v. 7 - Kristdemokraterna i Link\u00f6ping","robots":{"index":"index","follow":"follow","max-snippet":"max-snippet:-1","max-image-preview":"max-image-preview:large","max-video-preview":"max-video-preview:-1"},"canonical":"https:\/\/wp.kristdemokraterna.se\/linkoping\/information-fran-kommunalradet-v-7\/","og_locale":"sv_SE","og_type":"article","og_title":"Information fr\u00e5n kommunalr\u00e5det v. 7 - Kristdemokraterna i Link\u00f6ping","og_description":"Till KD-gruppen Hej v\u00e4nner, Gl\u00e4djande att se s\u00e5 m\u00e5nga av er p\u00e5 \u00e5rsm\u00f6tet! Extra gl\u00e4djande att b\u00e5de Johan H\u00e4ggblom och Martina M\u00e9lbeus utg\u00f6r nytt presidium i partiavdelningsstyrelsen. Det k\u00e4nns stabilt och jag \u00e4r \u00f6vertygad om att vi med dessa f\u00f6retr\u00e4dare rustat oss v\u00e4l f\u00f6r att ta oss an det partiorganisatoriska arbetet f\u00f6r 2020. I mitt Read More","og_url":"https:\/\/wp.kristdemokraterna.se\/linkoping\/information-fran-kommunalradet-v-7\/","og_site_name":"Kristdemokraterna i Link\u00f6ping","article_author":"https:\/\/www.facebook.com\/kdlinkoping\/","article_published_time":"2020-02-17T07:00:23+00:00","article_modified_time":"2021-08-13T09:46:50+00:00","author":"linkoping","twitter_card":"summary_large_image","twitter_misc":{"Skriven av":"linkoping","Ber\u00e4knad l\u00e4stid":"5 minuter"},"schema":{"@context":"https:\/\/schema.org","@graph":[{"@type":"Article","@id":"https:\/\/wp.kristdemokraterna.se\/linkoping\/information-fran-kommunalradet-v-7\/#article","isPartOf":{"@id":"https:\/\/wp.kristdemokraterna.se\/linkoping\/information-fran-kommunalradet-v-7\/"},"author":{"name":"linkoping","@id":"https:\/\/wp.kristdemokraterna.se\/linkoping\/#\/schema\/person\/b0148c3c8863db76d330faa282b9521a"},"headline":"Information fr\u00e5n kommunalr\u00e5det v. 7","datePublished":"2020-02-17T07:00:23+00:00","dateModified":"2021-08-13T09:46:50+00:00","mainEntityOfPage":{"@id":"https:\/\/wp.kristdemokraterna.se\/linkoping\/information-fran-kommunalradet-v-7\/"},"wordCount":1047,"articleSection":["arkiv","okategoriserade"],"inLanguage":"sv-SE"},{"@type":"WebPage","@id":"https:\/\/wp.kristdemokraterna.se\/linkoping\/information-fran-kommunalradet-v-7\/","url":"https:\/\/wp.kristdemokraterna.se\/linkoping\/information-fran-kommunalradet-v-7\/","name":"Information fr\u00e5n kommunalr\u00e5det v. 7 - Kristdemokraterna i Link\u00f6ping","isPartOf":{"@id":"https:\/\/wp.kristdemokraterna.se\/linkoping\/#website"},"datePublished":"2020-02-17T07:00:23+00:00","dateModified":"2021-08-13T09:46:50+00:00","author":{"@id":"https:\/\/wp.kristdemokraterna.se\/linkoping\/#\/schema\/person\/b0148c3c8863db76d330faa282b9521a"},"breadcrumb":{"@id":"https:\/\/wp.kristdemokraterna.se\/linkoping\/information-fran-kommunalradet-v-7\/#breadcrumb"},"inLanguage":"sv-SE","potentialAction":[{"@type":"ReadAction","target":["https:\/\/wp.kristdemokraterna.se\/linkoping\/information-fran-kommunalradet-v-7\/"]}]},{"@type":"BreadcrumbList","@id":"https:\/\/wp.kristdemokraterna.se\/linkoping\/information-fran-kommunalradet-v-7\/#breadcrumb","itemListElement":[{"@type":"ListItem","position":1,"name":"Hem","item":"https:\/\/wp.kristdemokraterna.se\/linkoping\/"},{"@type":"ListItem","position":2,"name":"Information fr\u00e5n kommunalr\u00e5det v. 7"}]},{"@type":"WebSite","@id":"https:\/\/wp.kristdemokraterna.se\/linkoping\/#website","url":"https:\/\/wp.kristdemokraterna.se\/linkoping\/","name":"Kristdemokraterna i Link\u00f6ping","description":"","inLanguage":"sv-SE"},{"@type":"Person","@id":"https:\/\/wp.kristdemokraterna.se\/linkoping\/#\/schema\/person\/b0148c3c8863db76d330faa282b9521a","name":"linkoping","image":{"@type":"ImageObject","inLanguage":"sv-SE","@id":"https:\/\/secure.gravatar.com\/avatar\/016e7965fec0e08fdd07b021a7d25181278d4b29b1d5bab57b16017e35421895?s=96&r=g","url":"https:\/\/secure.gravatar.com\/avatar\/016e7965fec0e08fdd07b021a7d25181278d4b29b1d5bab57b16017e35421895?s=96&r=g","contentUrl":"https:\/\/secure.gravatar.com\/avatar\/016e7965fec0e08fdd07b021a7d25181278d4b29b1d5bab57b16017e35421895?s=96&r=g","caption":"linkoping"},"sameAs":["https:\/\/www.facebook.com\/kdlinkoping\/"],"url":"https:\/\/wp.kristdemokraterna.se\/linkoping\/author\/linkoping\/"}]}},"_links":{"self":[{"href":"https:\/\/wp.kristdemokraterna.se\/linkoping\/wp-json\/wp\/v2\/posts\/1468","targetHints":{"allow":["GET"]}}],"collection":[{"href":"https:\/\/wp.kristdemokraterna.se\/linkoping\/wp-json\/wp\/v2\/posts"}],"about":[{"href":"https:\/\/wp.kristdemokraterna.se\/linkoping\/wp-json\/wp\/v2\/types\/post"}],"author":[{"embeddable":true,"href":"https:\/\/wp.kristdemokraterna.se\/linkoping\/wp-json\/wp\/v2\/users\/410"}],"replies":[{"embeddable":true,"href":"https:\/\/wp.kristdemokraterna.se\/linkoping\/wp-json\/wp\/v2\/comments?post=1468"}],"version-history":[{"count":1,"href":"https:\/\/wp.kristdemokraterna.se\/linkoping\/wp-json\/wp\/v2\/posts\/1468\/revisions"}],"predecessor-version":[{"id":1469,"href":"https:\/\/wp.kristdemokraterna.se\/linkoping\/wp-json\/wp\/v2\/posts\/1468\/revisions\/1469"}],"wp:attachment":[{"href":"https:\/\/wp.kristdemokraterna.se\/linkoping\/wp-json\/wp\/v2\/media?parent=1468"}],"wp:term":[{"taxonomy":"category","embeddable":true,"href":"https:\/\/wp.kristdemokraterna.se\/linkoping\/wp-json\/wp\/v2\/categories?post=1468"},{"taxonomy":"post_tag","embeddable":true,"href":"https:\/\/wp.kristdemokraterna.se\/linkoping\/wp-json\/wp\/v2\/tags?post=1468"}],"curies":[{"name":"wp","href":"https:\/\/api.w.org\/{rel}","templated":true}]}}