{"id":1471,"date":"2020-03-03T08:57:16","date_gmt":"2020-03-03T07:57:16","guid":{"rendered":"http:\/\/wp.kristdemokraterna.se\/linkoping\/?p=1471"},"modified":"2021-08-13T11:46:49","modified_gmt":"2021-08-13T09:46:49","slug":"kommunalradets-veckobrev-v-8-9","status":"publish","type":"post","link":"https:\/\/wp.kristdemokraterna.se\/linkoping\/kommunalradets-veckobrev-v-8-9\/","title":{"rendered":"Kommunalr\u00e5dets veckobrev v: 8\/9"},"content":{"rendered":"<p><span class=\" \">Hej v\u00e4nner!<\/span><\/p>\n<p>Nu var det ett tag sedan vi h\u00f6rdes. F\u00f6rra veckan var full av jobb och avslutades med en lyckad strategidag. Jag \u00e4r n\u00f6jd med dagen, men \u00f6nskar att fler av er hade tagit chansen att lyssna p\u00e5 Johan Inger\u00f6 som hade m\u00e5nga goda politiska id\u00e9er att bidra med. Hoppas f\u00e5 se er p\u00e5 n\u00e4sta strategidag! P\u00e5 s\u00f6ndagen passade jag p\u00e5 att ta helg d\u00e4rav ett samlat informationsbrev idag fr\u00e5n v.8\u20139.<\/p>\n<p>F\u00f6r k\u00e4nnedom \u00e4r jag i Spanien veckan som kommer och ordnar med bouppteckningen efter min mor. Spansk byr\u00e5krati kr\u00e4ver t\u00e5lamod, d\u00e4rf\u00f6r k\u00e4nns det bra att f\u00e5 avsluta vissa delar. Det \u00e4r blandade k\u00e4nslor \u00f6ver att vara h\u00e4r. Det \u00e4r givetvis sk\u00f6nt att vara i mitt andra hem, men det \u00e4r tydligt att en familjemedlem saknas. Jag har valt att l\u00e4mna arbetstelefonen i Link\u00f6ping, men \u00e4r kontaktbar via mail. Vid akuta \u00e4renden kan ni h\u00f6ra av er till pol.sek Tobias Westling som g\u00e4rna hj\u00e4lper er. Han \u00e4r p\u00e5 plats i Stadshuset hela kommande vecka.<\/p>\n<p><span class=\"fcsB fcsU \">Aktuellt fr\u00e5n Stadshuset v.8\u20139<\/span><span class=\"fcsB \"><br \/>\n<\/span><span class=\" \"><br \/>\n<\/span><span class=\"fcsB \">EBO-debatten i kommunfullm\u00e4ktige 25 februari<br \/>\n<\/span><span class=\" \">Socialdemokraterna kallar Allians f\u00f6r Link\u00f6ping f\u00f6r passiva f\u00f6r att vi inte vill hoppa p\u00e5 deras t\u00e5g om att undanta bostadsomr\u00e5dena Berga, Ryd och Sk\u00e4ggetorp. Att vara passiva kan man dock inte anklaga Socialdemokraterna f\u00f6r att vara. Snarare n\u00e4rmast sj\u00f6sjukeframkallande p\u00e5 grund av alla politiska kr\u00e4ngningar. Allt f\u00f6r att hela tiden byta ideologisk st\u00e5ndpunkt utifr\u00e5n vad som f\u00f6r tillf\u00e4llet gynnar partiet strategiskt. Min \u00f6vertygelse \u00e4r dock att integration inte g\u00e5r att kommendera uppifr\u00e5n. Det \u00e4r en organisk process som v\u00e4xer underifr\u00e5n.<br \/>\nSocialdemokraternas agerande i EBO-debatten under tisdagens fullm\u00e4ktige vittnar om en syn p\u00e5 politiken som allsm\u00e4ktig. Vad Socialdemokraterna beh\u00f6ver f\u00f6rst\u00e5 \u00e4r att integration inte \u00e4r en politisk Quick-fix. Det vi fr\u00e5n politikens h\u00e5ll kan g\u00f6ra \u00e4r att bidra till f\u00f6ruts\u00e4ttningar, men vi kommer aldrig kunna hindra m\u00e4nniskor ifr\u00e5n att bos\u00e4tta sig i vissa omr\u00e5den, tror man det har man missat det mest fundamentala i att vara m\u00e4nniska &#8211; gemenskap. Det ligger i m\u00e4nniskans natur att s\u00f6ka sig till m\u00e4nniskor som liknar dem sj\u00e4lva.<br \/>\nM\u00e5let med integrationspolitiken m\u00e5ste vara samh\u00e4llsgemenskap. Nyanl\u00e4nda m\u00e5ste ges nycklar f\u00f6r att ta sig in i det svenska samh\u00e4llet. Vi beh\u00f6ver f\u00f6rb\u00e4ttra f\u00f6ruts\u00e4ttningarna f\u00f6r egen f\u00f6rs\u00f6rjning, vidareutbildning och delaktighet i samh\u00e4llet, men integrationen kommer aldrig att lyckas om den enbart blir en fr\u00e5ga f\u00f6r det offentliga. Civilsamh\u00e4llet spelar en viktig roll. Socialdemokraterna n\u00e4mnde inte civilsamh\u00e4llet en enda g\u00e5ng i sina anf\u00f6randen.<br \/>\nUt\u00f6ver civilsamh\u00e4llet beh\u00f6vs reformer f\u00f6r att bryta bidragsbehovet, spr\u00e5kkrav och samh\u00e4llsorientering f\u00f6r PUT m.m. Att endast undanta dessa omr\u00e5den och sedan l\u00e4mna m\u00e4nniskorna som bor d\u00e4r vind f\u00f6r v\u00e5g kommer inte leda till n\u00e5got gott. I mitt samtal med Polisen f\u00f6rra veckan fick jag reda p\u00e5 att fastighetsv\u00e4rdarna Wilhelm och St\u00e5ng\u00e5staden r\u00e4knar med att det bor ca 10~000 m\u00e4nniskor i deras best\u00e5nd, men enligt m\u00e4tningar av vattenf\u00f6rbrukningen uppskattas det bo ca 15~000 m\u00e4nniskor. Att undanta dessa bostadsomr\u00e5den skulle i allt h\u00f6gre utstr\u00e4ckning leda till att vi fick \u00e4nnu s\u00e4mre \u00f6verblick.<br \/>\nJag har haft tv\u00e5 enskilda sittningar med Polisen senaste tv\u00e5 veckorna som har varit mycket givande. Informationen jag f\u00e5tt d\u00e4rifr\u00e5n har tydligt ringat in problemen och vad man beh\u00f6ver ta tag i genast. Fr\u00e5n och med denna vecka har Polisen \u00e4ven ett ambulerande Poliskontor p\u00e5 plats i Sk\u00e4ggetorp. I omr\u00e5det finns \u00e4ven flera omr\u00e5despoliser som \u00e4r k\u00e4nda av allm\u00e4nheten.<\/span><\/p>\n<p><span class=\"fcsB \">M\u00f6te med LKR (Link\u00f6pings kristna r\u00e5d)<br \/>\n<\/span><span class=\" \">I tisdags \u00e5t jag och Tobias lunch med Link\u00f6pings kristna r\u00e5d. Tanken \u00e4r att jag ska vara med p\u00e5 samtliga av deras m\u00f6ten fram\u00f6ver i egenskap av 1:e vice KSO. Syftet med Link\u00f6pings kristna r\u00e5d \u00e4r att s\u00f6ka enhet med andra kyrkor och f\u00f6rb\u00e4ttra samarbetet sinsemellan. Kyrkorna i Link\u00f6ping tr\u00e4ffar m\u00e5nga m\u00e4nniskor som \u00e4r i behov av svenska kontakter, tolkhj\u00e4lp, matkassar m.m. Tillsammans med civilsamh\u00e4llets krafter kan vi fr\u00e5n kommunen gemensamt g\u00f6ra Link\u00f6ping till en varmare plats f\u00f6r v\u00e5ra svagaste grupper. Det var ett bra f\u00f6rsta m\u00f6te och jag ser fram emot att tr\u00e4ffas igen och utbyta information.<\/span><span class=\" \"><br \/>\n<\/span><span class=\"fcsB \"><br \/>\nKommunens beredskap f\u00f6r Covid-19<br \/>\n<\/span><span class=\" \">F\u00f6r k\u00e4nnedom intog kommunen beredskapsl\u00e4ge 2 i fredags med anledning av Covid-19. Beredskapsl\u00e4ge 2 inneb\u00e4r att etablera periodiskt arbetande central krisledning. Detta ifall vi skulle f\u00e5 smittspridning i Link\u00f6ping. Via kommunens hemsida kan du f\u00e5 mer information om hur kommunen arbetar samt information fr\u00e5n Folkh\u00e4lsomyndigheten och bra uppst\u00e4llningar med fr\u00e5gor och svar.<br \/>\nMer info h\u00e4r:\u00a0<\/span><a href=\"https:\/\/www.linkoping.se\/nyheter\/nyheter\/kommunens-beredskap-for-coronaviruset\" target=\"_blank\" rel=\"noopener noreferrer\">https:\/\/www.linkoping.se\/nyheter\/nyheter\/kommunens-beredskap-for-coronaviruset<\/a><\/p>\n<p><span class=\"fcsB fcsU \">Mediasammanfattning v. 8\u20139<\/span><\/p>\n<p><span class=\"fcsB \">17 februari &#8211; \u201dSkilda \u00e5sikter om bos\u00e4ttningslag\u201d<br \/>\n<\/span><a href=\"https:\/\/sverigesradio.se\/sida\/artikel.aspx?artikel=7409664\" target=\"_blank\" rel=\"noopener noreferrer\">https:\/\/sverigesradio.se\/sida\/artikel.aspx?artikel=7409664<\/a><span class=\" \"><br \/>\n<\/span><span class=\"fcsB \">19 februari &#8211; \u201dPengarna ska g\u00e5 till v\u00e4lf\u00e4rden\u201d<br \/>\n<\/span><a href=\"https:\/\/www.corren.se\/nyheter\/linkoping\/kd-pengarna-ska-ga-till-valfarden-om6510717.aspx\" target=\"_blank\" rel=\"noopener noreferrer\">https:\/\/www.corren.se\/nyheter\/linkoping\/kd-pengarna-ska-ga-till-valfarden-om6510717.aspx<\/a><span class=\" \"><br \/>\n<\/span><span class=\"fcsB \">21 februari \u2013 \u201dNu \u00e4r h\u00f6g tid att v\u00e4rna judiskt liv\u201d<br \/>\n<\/span><a href=\"https:\/\/www.corren.se\/asikter\/debatt\/nu-ar-hog-tid-att-varna-judiskt-liv-om6509973.aspx\" target=\"_blank\" rel=\"noopener noreferrer\">https:\/\/www.corren.se\/asikter\/debatt\/nu-ar-hog-tid-att-varna-judiskt-liv-om6509973.aspx<\/a><span class=\" \"><br \/>\n<\/span><span class=\"fcsB \">21 februari \u201dV\u00e5ldet i Sk\u00e4ggetorp \u2013 politiker i m\u00f6te med Polisen\u201d<\/span><span class=\" \"><br \/>\n<\/span><a href=\"https:\/\/www.svt.se\/nyheter\/lokalt\/ost\/valdet-i-skaggetorp-kommunen-i-mote-med-polisen?fbclid=IwAR1pX7JUtTiQOFV0U21P3fgKYnktOw_pml7151FRs4sa-5wiGgYYjWFVmOs\" target=\"_blank\" rel=\"noopener noreferrer\">https:\/\/www.svt.se\/nyheter\/lokalt\/ost\/valdet-i-skaggetorp-kommunen-i-mote-med-polisen?fbclid=IwAR1pX7JUtTiQOFV0U21P3fgKYnktOw_pml7151FRs4sa-5wiGgYYjWFVmOs<\/a><span class=\" \"><br \/>\n<\/span><span class=\"fcsB \">26 februari \u201dHemtj\u00e4nstdebatten har hamnat snett\u201d<br \/>\n<\/span><a href=\"https:\/\/www.corren.se\/asikter\/debatt\/hemtjanstdebatten-har-hamnat-snett-om6519026.aspx\" target=\"_blank\" rel=\"noopener noreferrer\">https:\/\/www.corren.se\/asikter\/debatt\/hemtjanstdebatten-har-hamnat-snett-om6519026.aspx<\/a><\/p>\n<p><span class=\" \">Ut\u00f6ver detta lyckades jag \u00e4ven f\u00e5 radiotid p\u00e5 P4 tv\u00e5 g\u00e5nger. Roligt!<\/span><\/p>\n<p>M\u00e5 gott s\u00e5 ses vi n\u00e4r jag \u00e4r i Link\u00f6ping igen<\/p>\n","protected":false},"excerpt":{"rendered":"<p>Hej v\u00e4nner! Nu var det ett tag sedan vi h\u00f6rdes. F\u00f6rra veckan var full av jobb och avslutades med en lyckad strategidag. Jag \u00e4r n\u00f6jd med dagen, men \u00f6nskar att fler av er hade tagit chansen att lyssna p\u00e5 Johan Inger\u00f6 som hade m\u00e5nga goda politiska id\u00e9er att bidra med. Hoppas f\u00e5 se er p\u00e5 <a class=\"read-more-link\" href=\"https:\/\/wp.kristdemokraterna.se\/linkoping\/kommunalradets-veckobrev-v-8-9\/\">Read More<\/a><\/p>\n","protected":false},"author":410,"featured_media":0,"comment_status":"closed","ping_status":"closed","sticky":false,"template":"","format":"standard","meta":{"_acf_changed":false,"footnotes":""},"categories":[22,1],"tags":[],"class_list":["post-1471","post","type-post","status-publish","format-standard","hentry","category-arkiv","category-okategoriserade"],"acf":[],"yoast_head":"<!-- This site is optimized with the Yoast SEO plugin v27.4 - https:\/\/yoast.com\/product\/yoast-seo-wordpress\/ -->\n<title>Kommunalr\u00e5dets veckobrev v: 8\/9 - Kristdemokraterna i Link\u00f6ping<\/title>\n<meta name=\"robots\" content=\"index, follow, max-snippet:-1, max-image-preview:large, max-video-preview:-1\" \/>\n<link rel=\"canonical\" href=\"https:\/\/wp.kristdemokraterna.se\/linkoping\/kommunalradets-veckobrev-v-8-9\/\" \/>\n<meta property=\"og:locale\" content=\"sv_SE\" \/>\n<meta property=\"og:type\" content=\"article\" \/>\n<meta property=\"og:title\" content=\"Kommunalr\u00e5dets veckobrev v: 8\/9 - Kristdemokraterna i Link\u00f6ping\" \/>\n<meta property=\"og:description\" content=\"Hej v\u00e4nner! Nu var det ett tag sedan vi h\u00f6rdes. F\u00f6rra veckan var full av jobb och avslutades med en lyckad strategidag. Jag \u00e4r n\u00f6jd med dagen, men \u00f6nskar att fler av er hade tagit chansen att lyssna p\u00e5 Johan Inger\u00f6 som hade m\u00e5nga goda politiska id\u00e9er att bidra med. Hoppas f\u00e5 se er p\u00e5 Read More\" \/>\n<meta property=\"og:url\" content=\"https:\/\/wp.kristdemokraterna.se\/linkoping\/kommunalradets-veckobrev-v-8-9\/\" \/>\n<meta property=\"og:site_name\" content=\"Kristdemokraterna i Link\u00f6ping\" \/>\n<meta property=\"article:author\" content=\"https:\/\/www.facebook.com\/kdlinkoping\/\" \/>\n<meta property=\"article:published_time\" content=\"2020-03-03T07:57:16+00:00\" \/>\n<meta property=\"article:modified_time\" content=\"2021-08-13T09:46:49+00:00\" \/>\n<meta name=\"author\" content=\"linkoping\" \/>\n<meta name=\"twitter:card\" content=\"summary_large_image\" \/>\n<meta name=\"twitter:label1\" content=\"Skriven av\" \/>\n\t<meta name=\"twitter:data1\" content=\"linkoping\" \/>\n\t<meta name=\"twitter:label2\" content=\"Ber\u00e4knad l\u00e4stid\" \/>\n\t<meta name=\"twitter:data2\" content=\"5 minuter\" \/>\n<script type=\"application\/ld+json\" class=\"yoast-schema-graph\">{\"@context\":\"https:\\\/\\\/schema.org\",\"@graph\":[{\"@type\":\"Article\",\"@id\":\"https:\\\/\\\/wp.kristdemokraterna.se\\\/linkoping\\\/kommunalradets-veckobrev-v-8-9\\\/#article\",\"isPartOf\":{\"@id\":\"https:\\\/\\\/wp.kristdemokraterna.se\\\/linkoping\\\/kommunalradets-veckobrev-v-8-9\\\/\"},\"author\":{\"name\":\"linkoping\",\"@id\":\"https:\\\/\\\/wp.kristdemokraterna.se\\\/linkoping\\\/#\\\/schema\\\/person\\\/b0148c3c8863db76d330faa282b9521a\"},\"headline\":\"Kommunalr\u00e5dets veckobrev v: 8\\\/9\",\"datePublished\":\"2020-03-03T07:57:16+00:00\",\"dateModified\":\"2021-08-13T09:46:49+00:00\",\"mainEntityOfPage\":{\"@id\":\"https:\\\/\\\/wp.kristdemokraterna.se\\\/linkoping\\\/kommunalradets-veckobrev-v-8-9\\\/\"},\"wordCount\":1007,\"articleSection\":[\"arkiv\",\"okategoriserade\"],\"inLanguage\":\"sv-SE\"},{\"@type\":\"WebPage\",\"@id\":\"https:\\\/\\\/wp.kristdemokraterna.se\\\/linkoping\\\/kommunalradets-veckobrev-v-8-9\\\/\",\"url\":\"https:\\\/\\\/wp.kristdemokraterna.se\\\/linkoping\\\/kommunalradets-veckobrev-v-8-9\\\/\",\"name\":\"Kommunalr\u00e5dets veckobrev v: 8\\\/9 - Kristdemokraterna i Link\u00f6ping\",\"isPartOf\":{\"@id\":\"https:\\\/\\\/wp.kristdemokraterna.se\\\/linkoping\\\/#website\"},\"datePublished\":\"2020-03-03T07:57:16+00:00\",\"dateModified\":\"2021-08-13T09:46:49+00:00\",\"author\":{\"@id\":\"https:\\\/\\\/wp.kristdemokraterna.se\\\/linkoping\\\/#\\\/schema\\\/person\\\/b0148c3c8863db76d330faa282b9521a\"},\"breadcrumb\":{\"@id\":\"https:\\\/\\\/wp.kristdemokraterna.se\\\/linkoping\\\/kommunalradets-veckobrev-v-8-9\\\/#breadcrumb\"},\"inLanguage\":\"sv-SE\",\"potentialAction\":[{\"@type\":\"ReadAction\",\"target\":[\"https:\\\/\\\/wp.kristdemokraterna.se\\\/linkoping\\\/kommunalradets-veckobrev-v-8-9\\\/\"]}]},{\"@type\":\"BreadcrumbList\",\"@id\":\"https:\\\/\\\/wp.kristdemokraterna.se\\\/linkoping\\\/kommunalradets-veckobrev-v-8-9\\\/#breadcrumb\",\"itemListElement\":[{\"@type\":\"ListItem\",\"position\":1,\"name\":\"Hem\",\"item\":\"https:\\\/\\\/wp.kristdemokraterna.se\\\/linkoping\\\/\"},{\"@type\":\"ListItem\",\"position\":2,\"name\":\"Kommunalr\u00e5dets veckobrev v: 8\\\/9\"}]},{\"@type\":\"WebSite\",\"@id\":\"https:\\\/\\\/wp.kristdemokraterna.se\\\/linkoping\\\/#website\",\"url\":\"https:\\\/\\\/wp.kristdemokraterna.se\\\/linkoping\\\/\",\"name\":\"Kristdemokraterna i Link\u00f6ping\",\"description\":\"\",\"inLanguage\":\"sv-SE\"},{\"@type\":\"Person\",\"@id\":\"https:\\\/\\\/wp.kristdemokraterna.se\\\/linkoping\\\/#\\\/schema\\\/person\\\/b0148c3c8863db76d330faa282b9521a\",\"name\":\"linkoping\",\"image\":{\"@type\":\"ImageObject\",\"inLanguage\":\"sv-SE\",\"@id\":\"https:\\\/\\\/secure.gravatar.com\\\/avatar\\\/016e7965fec0e08fdd07b021a7d25181278d4b29b1d5bab57b16017e35421895?s=96&r=g\",\"url\":\"https:\\\/\\\/secure.gravatar.com\\\/avatar\\\/016e7965fec0e08fdd07b021a7d25181278d4b29b1d5bab57b16017e35421895?s=96&r=g\",\"contentUrl\":\"https:\\\/\\\/secure.gravatar.com\\\/avatar\\\/016e7965fec0e08fdd07b021a7d25181278d4b29b1d5bab57b16017e35421895?s=96&r=g\",\"caption\":\"linkoping\"},\"sameAs\":[\"https:\\\/\\\/www.facebook.com\\\/kdlinkoping\\\/\"],\"url\":\"https:\\\/\\\/wp.kristdemokraterna.se\\\/linkoping\\\/author\\\/linkoping\\\/\"}]}<\/script>\n<!-- \/ Yoast SEO plugin. -->","yoast_head_json":{"title":"Kommunalr\u00e5dets veckobrev v: 8\/9 - Kristdemokraterna i Link\u00f6ping","robots":{"index":"index","follow":"follow","max-snippet":"max-snippet:-1","max-image-preview":"max-image-preview:large","max-video-preview":"max-video-preview:-1"},"canonical":"https:\/\/wp.kristdemokraterna.se\/linkoping\/kommunalradets-veckobrev-v-8-9\/","og_locale":"sv_SE","og_type":"article","og_title":"Kommunalr\u00e5dets veckobrev v: 8\/9 - Kristdemokraterna i Link\u00f6ping","og_description":"Hej v\u00e4nner! Nu var det ett tag sedan vi h\u00f6rdes. F\u00f6rra veckan var full av jobb och avslutades med en lyckad strategidag. Jag \u00e4r n\u00f6jd med dagen, men \u00f6nskar att fler av er hade tagit chansen att lyssna p\u00e5 Johan Inger\u00f6 som hade m\u00e5nga goda politiska id\u00e9er att bidra med. Hoppas f\u00e5 se er p\u00e5 Read More","og_url":"https:\/\/wp.kristdemokraterna.se\/linkoping\/kommunalradets-veckobrev-v-8-9\/","og_site_name":"Kristdemokraterna i Link\u00f6ping","article_author":"https:\/\/www.facebook.com\/kdlinkoping\/","article_published_time":"2020-03-03T07:57:16+00:00","article_modified_time":"2021-08-13T09:46:49+00:00","author":"linkoping","twitter_card":"summary_large_image","twitter_misc":{"Skriven av":"linkoping","Ber\u00e4knad l\u00e4stid":"5 minuter"},"schema":{"@context":"https:\/\/schema.org","@graph":[{"@type":"Article","@id":"https:\/\/wp.kristdemokraterna.se\/linkoping\/kommunalradets-veckobrev-v-8-9\/#article","isPartOf":{"@id":"https:\/\/wp.kristdemokraterna.se\/linkoping\/kommunalradets-veckobrev-v-8-9\/"},"author":{"name":"linkoping","@id":"https:\/\/wp.kristdemokraterna.se\/linkoping\/#\/schema\/person\/b0148c3c8863db76d330faa282b9521a"},"headline":"Kommunalr\u00e5dets veckobrev v: 8\/9","datePublished":"2020-03-03T07:57:16+00:00","dateModified":"2021-08-13T09:46:49+00:00","mainEntityOfPage":{"@id":"https:\/\/wp.kristdemokraterna.se\/linkoping\/kommunalradets-veckobrev-v-8-9\/"},"wordCount":1007,"articleSection":["arkiv","okategoriserade"],"inLanguage":"sv-SE"},{"@type":"WebPage","@id":"https:\/\/wp.kristdemokraterna.se\/linkoping\/kommunalradets-veckobrev-v-8-9\/","url":"https:\/\/wp.kristdemokraterna.se\/linkoping\/kommunalradets-veckobrev-v-8-9\/","name":"Kommunalr\u00e5dets veckobrev v: 8\/9 - Kristdemokraterna i Link\u00f6ping","isPartOf":{"@id":"https:\/\/wp.kristdemokraterna.se\/linkoping\/#website"},"datePublished":"2020-03-03T07:57:16+00:00","dateModified":"2021-08-13T09:46:49+00:00","author":{"@id":"https:\/\/wp.kristdemokraterna.se\/linkoping\/#\/schema\/person\/b0148c3c8863db76d330faa282b9521a"},"breadcrumb":{"@id":"https:\/\/wp.kristdemokraterna.se\/linkoping\/kommunalradets-veckobrev-v-8-9\/#breadcrumb"},"inLanguage":"sv-SE","potentialAction":[{"@type":"ReadAction","target":["https:\/\/wp.kristdemokraterna.se\/linkoping\/kommunalradets-veckobrev-v-8-9\/"]}]},{"@type":"BreadcrumbList","@id":"https:\/\/wp.kristdemokraterna.se\/linkoping\/kommunalradets-veckobrev-v-8-9\/#breadcrumb","itemListElement":[{"@type":"ListItem","position":1,"name":"Hem","item":"https:\/\/wp.kristdemokraterna.se\/linkoping\/"},{"@type":"ListItem","position":2,"name":"Kommunalr\u00e5dets veckobrev v: 8\/9"}]},{"@type":"WebSite","@id":"https:\/\/wp.kristdemokraterna.se\/linkoping\/#website","url":"https:\/\/wp.kristdemokraterna.se\/linkoping\/","name":"Kristdemokraterna i Link\u00f6ping","description":"","inLanguage":"sv-SE"},{"@type":"Person","@id":"https:\/\/wp.kristdemokraterna.se\/linkoping\/#\/schema\/person\/b0148c3c8863db76d330faa282b9521a","name":"linkoping","image":{"@type":"ImageObject","inLanguage":"sv-SE","@id":"https:\/\/secure.gravatar.com\/avatar\/016e7965fec0e08fdd07b021a7d25181278d4b29b1d5bab57b16017e35421895?s=96&r=g","url":"https:\/\/secure.gravatar.com\/avatar\/016e7965fec0e08fdd07b021a7d25181278d4b29b1d5bab57b16017e35421895?s=96&r=g","contentUrl":"https:\/\/secure.gravatar.com\/avatar\/016e7965fec0e08fdd07b021a7d25181278d4b29b1d5bab57b16017e35421895?s=96&r=g","caption":"linkoping"},"sameAs":["https:\/\/www.facebook.com\/kdlinkoping\/"],"url":"https:\/\/wp.kristdemokraterna.se\/linkoping\/author\/linkoping\/"}]}},"_links":{"self":[{"href":"https:\/\/wp.kristdemokraterna.se\/linkoping\/wp-json\/wp\/v2\/posts\/1471","targetHints":{"allow":["GET"]}}],"collection":[{"href":"https:\/\/wp.kristdemokraterna.se\/linkoping\/wp-json\/wp\/v2\/posts"}],"about":[{"href":"https:\/\/wp.kristdemokraterna.se\/linkoping\/wp-json\/wp\/v2\/types\/post"}],"author":[{"embeddable":true,"href":"https:\/\/wp.kristdemokraterna.se\/linkoping\/wp-json\/wp\/v2\/users\/410"}],"replies":[{"embeddable":true,"href":"https:\/\/wp.kristdemokraterna.se\/linkoping\/wp-json\/wp\/v2\/comments?post=1471"}],"version-history":[{"count":2,"href":"https:\/\/wp.kristdemokraterna.se\/linkoping\/wp-json\/wp\/v2\/posts\/1471\/revisions"}],"predecessor-version":[{"id":1473,"href":"https:\/\/wp.kristdemokraterna.se\/linkoping\/wp-json\/wp\/v2\/posts\/1471\/revisions\/1473"}],"wp:attachment":[{"href":"https:\/\/wp.kristdemokraterna.se\/linkoping\/wp-json\/wp\/v2\/media?parent=1471"}],"wp:term":[{"taxonomy":"category","embeddable":true,"href":"https:\/\/wp.kristdemokraterna.se\/linkoping\/wp-json\/wp\/v2\/categories?post=1471"},{"taxonomy":"post_tag","embeddable":true,"href":"https:\/\/wp.kristdemokraterna.se\/linkoping\/wp-json\/wp\/v2\/tags?post=1471"}],"curies":[{"name":"wp","href":"https:\/\/api.w.org\/{rel}","templated":true}]}}