{"id":1475,"date":"2020-02-24T14:03:36","date_gmt":"2020-02-24T13:03:36","guid":{"rendered":"http:\/\/wp.kristdemokraterna.se\/linkoping\/?p=1475"},"modified":"2021-08-13T11:46:50","modified_gmt":"2021-08-13T09:46:50","slug":"kommunalradet-bjod-in-polisen","status":"publish","type":"post","link":"https:\/\/wp.kristdemokraterna.se\/linkoping\/kommunalradet-bjod-in-polisen\/","title":{"rendered":"Kommunalr\u00e5det bj\u00f6d in polisen."},"content":{"rendered":"<p>I fredags bj\u00f6d v\u00e5rt kommunalr\u00e5d\u00a0<a class=\"profileLink\" title=\"Denis\u00e9 Cassel\" href=\"https:\/\/www.facebook.com\/denise.cassel.7?__tn__=K-R&amp;eid=ARACr0S_cMOb2jm-wcvFd4UN_qPoo-sjUuW19rUaq7aiUGgYjdTJcTibcbmy_Iq9-NAmG1lFe2piZhFv&amp;fref=mentions&amp;__xts__%5B0%5D=68.ARAqYzYK5WPPM-TCJozhQbmUM0uWn5Yjd1dUIqIcxV-f6UfcPhCsJlrXQVEpnyevFiLNIHFMtTX4BN2BnNdLIXlV9hC-n7s0S_qUfk6y4QGPptrJFM3e_vNho2SmdrWe9q9ZhvDYmDVk13bV6m2vwqfgO5RU914gpmlzo0DMrat-pQsDLcgrmygr3deNXoS8I6BfFO8VgL1hEVcUv4l6C8IIkIjdtdrX-f4Y1Qemi_yTrqtjFlPBRVC9cfv9-gY3AR-N17lMesXL4T1fdFNf-8m3UFKyJ-dk3PgHK22MUYr2FYOgkKsSB_KG7_cSNO_0So5urLmkcImJyPBQnOxxTxm6aA\" data-hovercard=\"\/ajax\/hovercard\/user.php?id=684549735&amp;extragetparams=%7B%22__tn__%22%3A%22%2CdK-R-R%22%2C%22eid%22%3A%22ARACr0S_cMOb2jm-wcvFd4UN_qPoo-sjUuW19rUaq7aiUGgYjdTJcTibcbmy_Iq9-NAmG1lFe2piZhFv%22%2C%22fref%22%3A%22mentions%22%7D\" data-hovercard-prefer-more-content-show=\"1\">Denis\u00e9 Cassel<\/a>\u00a0in lokalpolisomr\u00e5deschefen och kommunpolisen till sitt arbetsrum f\u00f6r ett samtal kring den senaste tidens v\u00e5ldsv\u00e5g i Sk\u00e4ggetorp.<\/p>\n<p>Vi har mycket stort f\u00f6rtroende f\u00f6r Polisens trygghetsskapande arbete och uppskattar att dialogen mellan Allians f\u00f6r Link\u00f6ping och Polisen intensifierats. Situationen i Sk\u00e4ggetorp \u00e4r allas v\u00e5rt ansvar, om vi inte tar oron p\u00e5 allvar och agerar skyndsamt riskerar vi att erodera tilliten till varandra och hela samh\u00e4llskontraktet. Link\u00f6pings kommuninv\u00e5nare f\u00f6rtj\u00e4nar b\u00e4ttre \u00e4n s\u00e5.<\/p>\n","protected":false},"excerpt":{"rendered":"<p>I fredags bj\u00f6d v\u00e5rt kommunalr\u00e5d\u00a0Denis\u00e9 Cassel\u00a0in lokalpolisomr\u00e5deschefen och kommunpolisen till sitt arbetsrum f\u00f6r ett samtal kring den senaste tidens v\u00e5ldsv\u00e5g i Sk\u00e4ggetorp. Vi har mycket stort f\u00f6rtroende f\u00f6r Polisens trygghetsskapande arbete och uppskattar att dialogen mellan Allians f\u00f6r Link\u00f6ping och Polisen intensifierats. Situationen i Sk\u00e4ggetorp \u00e4r allas v\u00e5rt ansvar, om vi inte tar oron p\u00e5 <a class=\"read-more-link\" href=\"https:\/\/wp.kristdemokraterna.se\/linkoping\/kommunalradet-bjod-in-polisen\/\">Read More<\/a><\/p>\n","protected":false},"author":410,"featured_media":0,"comment_status":"closed","ping_status":"closed","sticky":false,"template":"","format":"standard","meta":{"_acf_changed":false,"footnotes":""},"categories":[22,1],"tags":[],"class_list":["post-1475","post","type-post","status-publish","format-standard","hentry","category-arkiv","category-okategoriserade"],"acf":[],"yoast_head":"<!-- This site is optimized with the Yoast SEO plugin v27.4 - https:\/\/yoast.com\/product\/yoast-seo-wordpress\/ -->\n<title>Kommunalr\u00e5det bj\u00f6d in polisen. - Kristdemokraterna i Link\u00f6ping<\/title>\n<meta name=\"robots\" content=\"index, follow, max-snippet:-1, max-image-preview:large, max-video-preview:-1\" \/>\n<link rel=\"canonical\" href=\"https:\/\/wp.kristdemokraterna.se\/linkoping\/kommunalradet-bjod-in-polisen\/\" \/>\n<meta property=\"og:locale\" content=\"sv_SE\" \/>\n<meta property=\"og:type\" content=\"article\" \/>\n<meta property=\"og:title\" content=\"Kommunalr\u00e5det bj\u00f6d in polisen. - Kristdemokraterna i Link\u00f6ping\" \/>\n<meta property=\"og:description\" content=\"I fredags bj\u00f6d v\u00e5rt kommunalr\u00e5d\u00a0Denis\u00e9 Cassel\u00a0in lokalpolisomr\u00e5deschefen och kommunpolisen till sitt arbetsrum f\u00f6r ett samtal kring den senaste tidens v\u00e5ldsv\u00e5g i Sk\u00e4ggetorp. Vi har mycket stort f\u00f6rtroende f\u00f6r Polisens trygghetsskapande arbete och uppskattar att dialogen mellan Allians f\u00f6r Link\u00f6ping och Polisen intensifierats. Situationen i Sk\u00e4ggetorp \u00e4r allas v\u00e5rt ansvar, om vi inte tar oron p\u00e5 Read More\" \/>\n<meta property=\"og:url\" content=\"https:\/\/wp.kristdemokraterna.se\/linkoping\/kommunalradet-bjod-in-polisen\/\" \/>\n<meta property=\"og:site_name\" content=\"Kristdemokraterna i Link\u00f6ping\" \/>\n<meta property=\"article:author\" content=\"https:\/\/www.facebook.com\/kdlinkoping\/\" \/>\n<meta property=\"article:published_time\" content=\"2020-02-24T13:03:36+00:00\" \/>\n<meta property=\"article:modified_time\" content=\"2021-08-13T09:46:50+00:00\" \/>\n<meta name=\"author\" content=\"linkoping\" \/>\n<meta name=\"twitter:card\" content=\"summary_large_image\" \/>\n<meta name=\"twitter:label1\" content=\"Skriven av\" \/>\n\t<meta name=\"twitter:data1\" content=\"linkoping\" \/>\n<script type=\"application\/ld+json\" class=\"yoast-schema-graph\">{\"@context\":\"https:\\\/\\\/schema.org\",\"@graph\":[{\"@type\":\"Article\",\"@id\":\"https:\\\/\\\/wp.kristdemokraterna.se\\\/linkoping\\\/kommunalradet-bjod-in-polisen\\\/#article\",\"isPartOf\":{\"@id\":\"https:\\\/\\\/wp.kristdemokraterna.se\\\/linkoping\\\/kommunalradet-bjod-in-polisen\\\/\"},\"author\":{\"name\":\"linkoping\",\"@id\":\"https:\\\/\\\/wp.kristdemokraterna.se\\\/linkoping\\\/#\\\/schema\\\/person\\\/b0148c3c8863db76d330faa282b9521a\"},\"headline\":\"Kommunalr\u00e5det bj\u00f6d in polisen.\",\"datePublished\":\"2020-02-24T13:03:36+00:00\",\"dateModified\":\"2021-08-13T09:46:50+00:00\",\"mainEntityOfPage\":{\"@id\":\"https:\\\/\\\/wp.kristdemokraterna.se\\\/linkoping\\\/kommunalradet-bjod-in-polisen\\\/\"},\"wordCount\":103,\"articleSection\":[\"arkiv\",\"okategoriserade\"],\"inLanguage\":\"sv-SE\"},{\"@type\":\"WebPage\",\"@id\":\"https:\\\/\\\/wp.kristdemokraterna.se\\\/linkoping\\\/kommunalradet-bjod-in-polisen\\\/\",\"url\":\"https:\\\/\\\/wp.kristdemokraterna.se\\\/linkoping\\\/kommunalradet-bjod-in-polisen\\\/\",\"name\":\"Kommunalr\u00e5det bj\u00f6d in polisen. - Kristdemokraterna i Link\u00f6ping\",\"isPartOf\":{\"@id\":\"https:\\\/\\\/wp.kristdemokraterna.se\\\/linkoping\\\/#website\"},\"datePublished\":\"2020-02-24T13:03:36+00:00\",\"dateModified\":\"2021-08-13T09:46:50+00:00\",\"author\":{\"@id\":\"https:\\\/\\\/wp.kristdemokraterna.se\\\/linkoping\\\/#\\\/schema\\\/person\\\/b0148c3c8863db76d330faa282b9521a\"},\"breadcrumb\":{\"@id\":\"https:\\\/\\\/wp.kristdemokraterna.se\\\/linkoping\\\/kommunalradet-bjod-in-polisen\\\/#breadcrumb\"},\"inLanguage\":\"sv-SE\",\"potentialAction\":[{\"@type\":\"ReadAction\",\"target\":[\"https:\\\/\\\/wp.kristdemokraterna.se\\\/linkoping\\\/kommunalradet-bjod-in-polisen\\\/\"]}]},{\"@type\":\"BreadcrumbList\",\"@id\":\"https:\\\/\\\/wp.kristdemokraterna.se\\\/linkoping\\\/kommunalradet-bjod-in-polisen\\\/#breadcrumb\",\"itemListElement\":[{\"@type\":\"ListItem\",\"position\":1,\"name\":\"Hem\",\"item\":\"https:\\\/\\\/wp.kristdemokraterna.se\\\/linkoping\\\/\"},{\"@type\":\"ListItem\",\"position\":2,\"name\":\"Kommunalr\u00e5det bj\u00f6d in polisen.\"}]},{\"@type\":\"WebSite\",\"@id\":\"https:\\\/\\\/wp.kristdemokraterna.se\\\/linkoping\\\/#website\",\"url\":\"https:\\\/\\\/wp.kristdemokraterna.se\\\/linkoping\\\/\",\"name\":\"Kristdemokraterna i Link\u00f6ping\",\"description\":\"\",\"inLanguage\":\"sv-SE\"},{\"@type\":\"Person\",\"@id\":\"https:\\\/\\\/wp.kristdemokraterna.se\\\/linkoping\\\/#\\\/schema\\\/person\\\/b0148c3c8863db76d330faa282b9521a\",\"name\":\"linkoping\",\"image\":{\"@type\":\"ImageObject\",\"inLanguage\":\"sv-SE\",\"@id\":\"https:\\\/\\\/secure.gravatar.com\\\/avatar\\\/016e7965fec0e08fdd07b021a7d25181278d4b29b1d5bab57b16017e35421895?s=96&r=g\",\"url\":\"https:\\\/\\\/secure.gravatar.com\\\/avatar\\\/016e7965fec0e08fdd07b021a7d25181278d4b29b1d5bab57b16017e35421895?s=96&r=g\",\"contentUrl\":\"https:\\\/\\\/secure.gravatar.com\\\/avatar\\\/016e7965fec0e08fdd07b021a7d25181278d4b29b1d5bab57b16017e35421895?s=96&r=g\",\"caption\":\"linkoping\"},\"sameAs\":[\"https:\\\/\\\/www.facebook.com\\\/kdlinkoping\\\/\"],\"url\":\"https:\\\/\\\/wp.kristdemokraterna.se\\\/linkoping\\\/author\\\/linkoping\\\/\"}]}<\/script>\n<!-- \/ Yoast SEO plugin. -->","yoast_head_json":{"title":"Kommunalr\u00e5det bj\u00f6d in polisen. - Kristdemokraterna i Link\u00f6ping","robots":{"index":"index","follow":"follow","max-snippet":"max-snippet:-1","max-image-preview":"max-image-preview:large","max-video-preview":"max-video-preview:-1"},"canonical":"https:\/\/wp.kristdemokraterna.se\/linkoping\/kommunalradet-bjod-in-polisen\/","og_locale":"sv_SE","og_type":"article","og_title":"Kommunalr\u00e5det bj\u00f6d in polisen. - Kristdemokraterna i Link\u00f6ping","og_description":"I fredags bj\u00f6d v\u00e5rt kommunalr\u00e5d\u00a0Denis\u00e9 Cassel\u00a0in lokalpolisomr\u00e5deschefen och kommunpolisen till sitt arbetsrum f\u00f6r ett samtal kring den senaste tidens v\u00e5ldsv\u00e5g i Sk\u00e4ggetorp. Vi har mycket stort f\u00f6rtroende f\u00f6r Polisens trygghetsskapande arbete och uppskattar att dialogen mellan Allians f\u00f6r Link\u00f6ping och Polisen intensifierats. Situationen i Sk\u00e4ggetorp \u00e4r allas v\u00e5rt ansvar, om vi inte tar oron p\u00e5 Read More","og_url":"https:\/\/wp.kristdemokraterna.se\/linkoping\/kommunalradet-bjod-in-polisen\/","og_site_name":"Kristdemokraterna i Link\u00f6ping","article_author":"https:\/\/www.facebook.com\/kdlinkoping\/","article_published_time":"2020-02-24T13:03:36+00:00","article_modified_time":"2021-08-13T09:46:50+00:00","author":"linkoping","twitter_card":"summary_large_image","twitter_misc":{"Skriven av":"linkoping"},"schema":{"@context":"https:\/\/schema.org","@graph":[{"@type":"Article","@id":"https:\/\/wp.kristdemokraterna.se\/linkoping\/kommunalradet-bjod-in-polisen\/#article","isPartOf":{"@id":"https:\/\/wp.kristdemokraterna.se\/linkoping\/kommunalradet-bjod-in-polisen\/"},"author":{"name":"linkoping","@id":"https:\/\/wp.kristdemokraterna.se\/linkoping\/#\/schema\/person\/b0148c3c8863db76d330faa282b9521a"},"headline":"Kommunalr\u00e5det bj\u00f6d in polisen.","datePublished":"2020-02-24T13:03:36+00:00","dateModified":"2021-08-13T09:46:50+00:00","mainEntityOfPage":{"@id":"https:\/\/wp.kristdemokraterna.se\/linkoping\/kommunalradet-bjod-in-polisen\/"},"wordCount":103,"articleSection":["arkiv","okategoriserade"],"inLanguage":"sv-SE"},{"@type":"WebPage","@id":"https:\/\/wp.kristdemokraterna.se\/linkoping\/kommunalradet-bjod-in-polisen\/","url":"https:\/\/wp.kristdemokraterna.se\/linkoping\/kommunalradet-bjod-in-polisen\/","name":"Kommunalr\u00e5det bj\u00f6d in polisen. - Kristdemokraterna i Link\u00f6ping","isPartOf":{"@id":"https:\/\/wp.kristdemokraterna.se\/linkoping\/#website"},"datePublished":"2020-02-24T13:03:36+00:00","dateModified":"2021-08-13T09:46:50+00:00","author":{"@id":"https:\/\/wp.kristdemokraterna.se\/linkoping\/#\/schema\/person\/b0148c3c8863db76d330faa282b9521a"},"breadcrumb":{"@id":"https:\/\/wp.kristdemokraterna.se\/linkoping\/kommunalradet-bjod-in-polisen\/#breadcrumb"},"inLanguage":"sv-SE","potentialAction":[{"@type":"ReadAction","target":["https:\/\/wp.kristdemokraterna.se\/linkoping\/kommunalradet-bjod-in-polisen\/"]}]},{"@type":"BreadcrumbList","@id":"https:\/\/wp.kristdemokraterna.se\/linkoping\/kommunalradet-bjod-in-polisen\/#breadcrumb","itemListElement":[{"@type":"ListItem","position":1,"name":"Hem","item":"https:\/\/wp.kristdemokraterna.se\/linkoping\/"},{"@type":"ListItem","position":2,"name":"Kommunalr\u00e5det bj\u00f6d in polisen."}]},{"@type":"WebSite","@id":"https:\/\/wp.kristdemokraterna.se\/linkoping\/#website","url":"https:\/\/wp.kristdemokraterna.se\/linkoping\/","name":"Kristdemokraterna i Link\u00f6ping","description":"","inLanguage":"sv-SE"},{"@type":"Person","@id":"https:\/\/wp.kristdemokraterna.se\/linkoping\/#\/schema\/person\/b0148c3c8863db76d330faa282b9521a","name":"linkoping","image":{"@type":"ImageObject","inLanguage":"sv-SE","@id":"https:\/\/secure.gravatar.com\/avatar\/016e7965fec0e08fdd07b021a7d25181278d4b29b1d5bab57b16017e35421895?s=96&r=g","url":"https:\/\/secure.gravatar.com\/avatar\/016e7965fec0e08fdd07b021a7d25181278d4b29b1d5bab57b16017e35421895?s=96&r=g","contentUrl":"https:\/\/secure.gravatar.com\/avatar\/016e7965fec0e08fdd07b021a7d25181278d4b29b1d5bab57b16017e35421895?s=96&r=g","caption":"linkoping"},"sameAs":["https:\/\/www.facebook.com\/kdlinkoping\/"],"url":"https:\/\/wp.kristdemokraterna.se\/linkoping\/author\/linkoping\/"}]}},"_links":{"self":[{"href":"https:\/\/wp.kristdemokraterna.se\/linkoping\/wp-json\/wp\/v2\/posts\/1475","targetHints":{"allow":["GET"]}}],"collection":[{"href":"https:\/\/wp.kristdemokraterna.se\/linkoping\/wp-json\/wp\/v2\/posts"}],"about":[{"href":"https:\/\/wp.kristdemokraterna.se\/linkoping\/wp-json\/wp\/v2\/types\/post"}],"author":[{"embeddable":true,"href":"https:\/\/wp.kristdemokraterna.se\/linkoping\/wp-json\/wp\/v2\/users\/410"}],"replies":[{"embeddable":true,"href":"https:\/\/wp.kristdemokraterna.se\/linkoping\/wp-json\/wp\/v2\/comments?post=1475"}],"version-history":[{"count":1,"href":"https:\/\/wp.kristdemokraterna.se\/linkoping\/wp-json\/wp\/v2\/posts\/1475\/revisions"}],"predecessor-version":[{"id":1477,"href":"https:\/\/wp.kristdemokraterna.se\/linkoping\/wp-json\/wp\/v2\/posts\/1475\/revisions\/1477"}],"wp:attachment":[{"href":"https:\/\/wp.kristdemokraterna.se\/linkoping\/wp-json\/wp\/v2\/media?parent=1475"}],"wp:term":[{"taxonomy":"category","embeddable":true,"href":"https:\/\/wp.kristdemokraterna.se\/linkoping\/wp-json\/wp\/v2\/categories?post=1475"},{"taxonomy":"post_tag","embeddable":true,"href":"https:\/\/wp.kristdemokraterna.se\/linkoping\/wp-json\/wp\/v2\/tags?post=1475"}],"curies":[{"name":"wp","href":"https:\/\/api.w.org\/{rel}","templated":true}]}}