{"id":1478,"date":"2020-02-22T14:06:57","date_gmt":"2020-02-22T13:06:57","guid":{"rendered":"http:\/\/wp.kristdemokraterna.se\/linkoping\/?p=1478"},"modified":"2021-08-13T11:46:50","modified_gmt":"2021-08-13T09:46:50","slug":"kd-i-linkoping-holl-strategidag","status":"publish","type":"post","link":"https:\/\/wp.kristdemokraterna.se\/linkoping\/kd-i-linkoping-holl-strategidag\/","title":{"rendered":"KD i Link\u00f6ping h\u00f6ll Strategidag"},"content":{"rendered":"<div id=\"js_6pe\" class=\"_5pbx userContent _3576\" data-testid=\"post_message\" data-ft=\"{&quot;tn&quot;:&quot;K&quot;}\">\n<div id=\"id_5e5e55c344c318394504822\" class=\"text_exposed_root text_exposed\">\n<p>Vad passar b\u00e4ttre p\u00e5 en l\u00f6rdag \u00e4n att spendera tid tillsammans med partikamrater och bygga laget inf\u00f6r framtiden?<\/p>\n<p>Svar: ingenting, s\u00e5klart<span class=\"_5mfr\"><span class=\"_6qdm\">\ud83d\udc99<\/span><\/span><\/p>\n<p><span class=\"_5mfr\"><span class=\"_6qdm\">\ud83d\udd39<\/span><\/span>Idag hade Kristdemokraterna i Link\u00f6ping sin strategidag f\u00f6r att bygga laget inf\u00f6r framtiden. Inbjuden talare var Johan Inger\u00f6 som pratade om strategier och taktik och hur man p\u00e5 ett effektivt s\u00e4tt jobbar med det.<\/p>\n<div class=\"text_exposed_show\">\n<p><span class=\"_5mfr\"><span class=\"_6qdm\">\ud83d\udd39<\/span><\/span>F\u00f6rutom det pratade kommunalr\u00e5det Denise Cassel om kommunikation och ledarskap och hur hon vill f\u00f6ra Kristdemokraterna fram\u00e5t.<\/p>\n<p><span class=\"_5mfr\"><span class=\"_6qdm\">\ud83d\udd39<\/span><\/span>Vi tackar alla som medverkade f\u00f6r en h\u00e4rlig l\u00f6rdag.<\/p>\n<\/div>\n<\/div>\n<\/div>\n<div class=\"_3x-2\" data-ft=\"{&quot;tn&quot;:&quot;H&quot;}\">\n<div data-ft=\"{&quot;tn&quot;:&quot;H&quot;}\">\n<div class=\"mtm\">\n<div class=\"_2a2q _65sr\"><\/div>\n<\/div>\n<\/div>\n<\/div>\n","protected":false},"excerpt":{"rendered":"<p>Vad passar b\u00e4ttre p\u00e5 en l\u00f6rdag \u00e4n att spendera tid tillsammans med partikamrater och bygga laget inf\u00f6r framtiden? Svar: ingenting, s\u00e5klart\ud83d\udc99 \ud83d\udd39Idag hade Kristdemokraterna i Link\u00f6ping sin strategidag f\u00f6r att bygga laget inf\u00f6r framtiden. Inbjuden talare var Johan Inger\u00f6 som pratade om strategier och taktik och hur man p\u00e5 ett effektivt s\u00e4tt jobbar med det. <a class=\"read-more-link\" href=\"https:\/\/wp.kristdemokraterna.se\/linkoping\/kd-i-linkoping-holl-strategidag\/\">Read More<\/a><\/p>\n","protected":false},"author":410,"featured_media":0,"comment_status":"closed","ping_status":"closed","sticky":false,"template":"","format":"standard","meta":{"_acf_changed":false,"footnotes":""},"categories":[22,1],"tags":[],"class_list":["post-1478","post","type-post","status-publish","format-standard","hentry","category-arkiv","category-okategoriserade"],"acf":[],"yoast_head":"<!-- This site is optimized with the Yoast SEO plugin v27.4 - https:\/\/yoast.com\/product\/yoast-seo-wordpress\/ -->\n<title>KD i Link\u00f6ping h\u00f6ll Strategidag - Kristdemokraterna i Link\u00f6ping<\/title>\n<meta name=\"robots\" content=\"index, follow, max-snippet:-1, max-image-preview:large, max-video-preview:-1\" \/>\n<link rel=\"canonical\" href=\"https:\/\/wp.kristdemokraterna.se\/linkoping\/kd-i-linkoping-holl-strategidag\/\" \/>\n<meta property=\"og:locale\" content=\"sv_SE\" \/>\n<meta property=\"og:type\" content=\"article\" \/>\n<meta property=\"og:title\" content=\"KD i Link\u00f6ping h\u00f6ll Strategidag - Kristdemokraterna i Link\u00f6ping\" \/>\n<meta property=\"og:description\" content=\"Vad passar b\u00e4ttre p\u00e5 en l\u00f6rdag \u00e4n att spendera tid tillsammans med partikamrater och bygga laget inf\u00f6r framtiden? Svar: ingenting, s\u00e5klart\ud83d\udc99 \ud83d\udd39Idag hade Kristdemokraterna i Link\u00f6ping sin strategidag f\u00f6r att bygga laget inf\u00f6r framtiden. Inbjuden talare var Johan Inger\u00f6 som pratade om strategier och taktik och hur man p\u00e5 ett effektivt s\u00e4tt jobbar med det. Read More\" \/>\n<meta property=\"og:url\" content=\"https:\/\/wp.kristdemokraterna.se\/linkoping\/kd-i-linkoping-holl-strategidag\/\" \/>\n<meta property=\"og:site_name\" content=\"Kristdemokraterna i Link\u00f6ping\" \/>\n<meta property=\"article:author\" content=\"https:\/\/www.facebook.com\/kdlinkoping\/\" \/>\n<meta property=\"article:published_time\" content=\"2020-02-22T13:06:57+00:00\" \/>\n<meta property=\"article:modified_time\" content=\"2021-08-13T09:46:50+00:00\" \/>\n<meta name=\"author\" content=\"linkoping\" \/>\n<meta name=\"twitter:card\" content=\"summary_large_image\" \/>\n<meta name=\"twitter:label1\" content=\"Skriven av\" \/>\n\t<meta name=\"twitter:data1\" content=\"linkoping\" \/>\n<script type=\"application\/ld+json\" class=\"yoast-schema-graph\">{\"@context\":\"https:\\\/\\\/schema.org\",\"@graph\":[{\"@type\":\"Article\",\"@id\":\"https:\\\/\\\/wp.kristdemokraterna.se\\\/linkoping\\\/kd-i-linkoping-holl-strategidag\\\/#article\",\"isPartOf\":{\"@id\":\"https:\\\/\\\/wp.kristdemokraterna.se\\\/linkoping\\\/kd-i-linkoping-holl-strategidag\\\/\"},\"author\":{\"name\":\"linkoping\",\"@id\":\"https:\\\/\\\/wp.kristdemokraterna.se\\\/linkoping\\\/#\\\/schema\\\/person\\\/b0148c3c8863db76d330faa282b9521a\"},\"headline\":\"KD i Link\u00f6ping h\u00f6ll Strategidag\",\"datePublished\":\"2020-02-22T13:06:57+00:00\",\"dateModified\":\"2021-08-13T09:46:50+00:00\",\"mainEntityOfPage\":{\"@id\":\"https:\\\/\\\/wp.kristdemokraterna.se\\\/linkoping\\\/kd-i-linkoping-holl-strategidag\\\/\"},\"wordCount\":103,\"articleSection\":[\"arkiv\",\"okategoriserade\"],\"inLanguage\":\"sv-SE\"},{\"@type\":\"WebPage\",\"@id\":\"https:\\\/\\\/wp.kristdemokraterna.se\\\/linkoping\\\/kd-i-linkoping-holl-strategidag\\\/\",\"url\":\"https:\\\/\\\/wp.kristdemokraterna.se\\\/linkoping\\\/kd-i-linkoping-holl-strategidag\\\/\",\"name\":\"KD i Link\u00f6ping h\u00f6ll Strategidag - Kristdemokraterna i Link\u00f6ping\",\"isPartOf\":{\"@id\":\"https:\\\/\\\/wp.kristdemokraterna.se\\\/linkoping\\\/#website\"},\"datePublished\":\"2020-02-22T13:06:57+00:00\",\"dateModified\":\"2021-08-13T09:46:50+00:00\",\"author\":{\"@id\":\"https:\\\/\\\/wp.kristdemokraterna.se\\\/linkoping\\\/#\\\/schema\\\/person\\\/b0148c3c8863db76d330faa282b9521a\"},\"breadcrumb\":{\"@id\":\"https:\\\/\\\/wp.kristdemokraterna.se\\\/linkoping\\\/kd-i-linkoping-holl-strategidag\\\/#breadcrumb\"},\"inLanguage\":\"sv-SE\",\"potentialAction\":[{\"@type\":\"ReadAction\",\"target\":[\"https:\\\/\\\/wp.kristdemokraterna.se\\\/linkoping\\\/kd-i-linkoping-holl-strategidag\\\/\"]}]},{\"@type\":\"BreadcrumbList\",\"@id\":\"https:\\\/\\\/wp.kristdemokraterna.se\\\/linkoping\\\/kd-i-linkoping-holl-strategidag\\\/#breadcrumb\",\"itemListElement\":[{\"@type\":\"ListItem\",\"position\":1,\"name\":\"Hem\",\"item\":\"https:\\\/\\\/wp.kristdemokraterna.se\\\/linkoping\\\/\"},{\"@type\":\"ListItem\",\"position\":2,\"name\":\"KD i Link\u00f6ping h\u00f6ll Strategidag\"}]},{\"@type\":\"WebSite\",\"@id\":\"https:\\\/\\\/wp.kristdemokraterna.se\\\/linkoping\\\/#website\",\"url\":\"https:\\\/\\\/wp.kristdemokraterna.se\\\/linkoping\\\/\",\"name\":\"Kristdemokraterna i Link\u00f6ping\",\"description\":\"\",\"inLanguage\":\"sv-SE\"},{\"@type\":\"Person\",\"@id\":\"https:\\\/\\\/wp.kristdemokraterna.se\\\/linkoping\\\/#\\\/schema\\\/person\\\/b0148c3c8863db76d330faa282b9521a\",\"name\":\"linkoping\",\"image\":{\"@type\":\"ImageObject\",\"inLanguage\":\"sv-SE\",\"@id\":\"https:\\\/\\\/secure.gravatar.com\\\/avatar\\\/016e7965fec0e08fdd07b021a7d25181278d4b29b1d5bab57b16017e35421895?s=96&r=g\",\"url\":\"https:\\\/\\\/secure.gravatar.com\\\/avatar\\\/016e7965fec0e08fdd07b021a7d25181278d4b29b1d5bab57b16017e35421895?s=96&r=g\",\"contentUrl\":\"https:\\\/\\\/secure.gravatar.com\\\/avatar\\\/016e7965fec0e08fdd07b021a7d25181278d4b29b1d5bab57b16017e35421895?s=96&r=g\",\"caption\":\"linkoping\"},\"sameAs\":[\"https:\\\/\\\/www.facebook.com\\\/kdlinkoping\\\/\"],\"url\":\"https:\\\/\\\/wp.kristdemokraterna.se\\\/linkoping\\\/author\\\/linkoping\\\/\"}]}<\/script>\n<!-- \/ Yoast SEO plugin. -->","yoast_head_json":{"title":"KD i Link\u00f6ping h\u00f6ll Strategidag - Kristdemokraterna i Link\u00f6ping","robots":{"index":"index","follow":"follow","max-snippet":"max-snippet:-1","max-image-preview":"max-image-preview:large","max-video-preview":"max-video-preview:-1"},"canonical":"https:\/\/wp.kristdemokraterna.se\/linkoping\/kd-i-linkoping-holl-strategidag\/","og_locale":"sv_SE","og_type":"article","og_title":"KD i Link\u00f6ping h\u00f6ll Strategidag - Kristdemokraterna i Link\u00f6ping","og_description":"Vad passar b\u00e4ttre p\u00e5 en l\u00f6rdag \u00e4n att spendera tid tillsammans med partikamrater och bygga laget inf\u00f6r framtiden? Svar: ingenting, s\u00e5klart\ud83d\udc99 \ud83d\udd39Idag hade Kristdemokraterna i Link\u00f6ping sin strategidag f\u00f6r att bygga laget inf\u00f6r framtiden. Inbjuden talare var Johan Inger\u00f6 som pratade om strategier och taktik och hur man p\u00e5 ett effektivt s\u00e4tt jobbar med det. Read More","og_url":"https:\/\/wp.kristdemokraterna.se\/linkoping\/kd-i-linkoping-holl-strategidag\/","og_site_name":"Kristdemokraterna i Link\u00f6ping","article_author":"https:\/\/www.facebook.com\/kdlinkoping\/","article_published_time":"2020-02-22T13:06:57+00:00","article_modified_time":"2021-08-13T09:46:50+00:00","author":"linkoping","twitter_card":"summary_large_image","twitter_misc":{"Skriven av":"linkoping"},"schema":{"@context":"https:\/\/schema.org","@graph":[{"@type":"Article","@id":"https:\/\/wp.kristdemokraterna.se\/linkoping\/kd-i-linkoping-holl-strategidag\/#article","isPartOf":{"@id":"https:\/\/wp.kristdemokraterna.se\/linkoping\/kd-i-linkoping-holl-strategidag\/"},"author":{"name":"linkoping","@id":"https:\/\/wp.kristdemokraterna.se\/linkoping\/#\/schema\/person\/b0148c3c8863db76d330faa282b9521a"},"headline":"KD i Link\u00f6ping h\u00f6ll Strategidag","datePublished":"2020-02-22T13:06:57+00:00","dateModified":"2021-08-13T09:46:50+00:00","mainEntityOfPage":{"@id":"https:\/\/wp.kristdemokraterna.se\/linkoping\/kd-i-linkoping-holl-strategidag\/"},"wordCount":103,"articleSection":["arkiv","okategoriserade"],"inLanguage":"sv-SE"},{"@type":"WebPage","@id":"https:\/\/wp.kristdemokraterna.se\/linkoping\/kd-i-linkoping-holl-strategidag\/","url":"https:\/\/wp.kristdemokraterna.se\/linkoping\/kd-i-linkoping-holl-strategidag\/","name":"KD i Link\u00f6ping h\u00f6ll Strategidag - Kristdemokraterna i Link\u00f6ping","isPartOf":{"@id":"https:\/\/wp.kristdemokraterna.se\/linkoping\/#website"},"datePublished":"2020-02-22T13:06:57+00:00","dateModified":"2021-08-13T09:46:50+00:00","author":{"@id":"https:\/\/wp.kristdemokraterna.se\/linkoping\/#\/schema\/person\/b0148c3c8863db76d330faa282b9521a"},"breadcrumb":{"@id":"https:\/\/wp.kristdemokraterna.se\/linkoping\/kd-i-linkoping-holl-strategidag\/#breadcrumb"},"inLanguage":"sv-SE","potentialAction":[{"@type":"ReadAction","target":["https:\/\/wp.kristdemokraterna.se\/linkoping\/kd-i-linkoping-holl-strategidag\/"]}]},{"@type":"BreadcrumbList","@id":"https:\/\/wp.kristdemokraterna.se\/linkoping\/kd-i-linkoping-holl-strategidag\/#breadcrumb","itemListElement":[{"@type":"ListItem","position":1,"name":"Hem","item":"https:\/\/wp.kristdemokraterna.se\/linkoping\/"},{"@type":"ListItem","position":2,"name":"KD i Link\u00f6ping h\u00f6ll Strategidag"}]},{"@type":"WebSite","@id":"https:\/\/wp.kristdemokraterna.se\/linkoping\/#website","url":"https:\/\/wp.kristdemokraterna.se\/linkoping\/","name":"Kristdemokraterna i Link\u00f6ping","description":"","inLanguage":"sv-SE"},{"@type":"Person","@id":"https:\/\/wp.kristdemokraterna.se\/linkoping\/#\/schema\/person\/b0148c3c8863db76d330faa282b9521a","name":"linkoping","image":{"@type":"ImageObject","inLanguage":"sv-SE","@id":"https:\/\/secure.gravatar.com\/avatar\/016e7965fec0e08fdd07b021a7d25181278d4b29b1d5bab57b16017e35421895?s=96&r=g","url":"https:\/\/secure.gravatar.com\/avatar\/016e7965fec0e08fdd07b021a7d25181278d4b29b1d5bab57b16017e35421895?s=96&r=g","contentUrl":"https:\/\/secure.gravatar.com\/avatar\/016e7965fec0e08fdd07b021a7d25181278d4b29b1d5bab57b16017e35421895?s=96&r=g","caption":"linkoping"},"sameAs":["https:\/\/www.facebook.com\/kdlinkoping\/"],"url":"https:\/\/wp.kristdemokraterna.se\/linkoping\/author\/linkoping\/"}]}},"_links":{"self":[{"href":"https:\/\/wp.kristdemokraterna.se\/linkoping\/wp-json\/wp\/v2\/posts\/1478","targetHints":{"allow":["GET"]}}],"collection":[{"href":"https:\/\/wp.kristdemokraterna.se\/linkoping\/wp-json\/wp\/v2\/posts"}],"about":[{"href":"https:\/\/wp.kristdemokraterna.se\/linkoping\/wp-json\/wp\/v2\/types\/post"}],"author":[{"embeddable":true,"href":"https:\/\/wp.kristdemokraterna.se\/linkoping\/wp-json\/wp\/v2\/users\/410"}],"replies":[{"embeddable":true,"href":"https:\/\/wp.kristdemokraterna.se\/linkoping\/wp-json\/wp\/v2\/comments?post=1478"}],"version-history":[{"count":1,"href":"https:\/\/wp.kristdemokraterna.se\/linkoping\/wp-json\/wp\/v2\/posts\/1478\/revisions"}],"predecessor-version":[{"id":1480,"href":"https:\/\/wp.kristdemokraterna.se\/linkoping\/wp-json\/wp\/v2\/posts\/1478\/revisions\/1480"}],"wp:attachment":[{"href":"https:\/\/wp.kristdemokraterna.se\/linkoping\/wp-json\/wp\/v2\/media?parent=1478"}],"wp:term":[{"taxonomy":"category","embeddable":true,"href":"https:\/\/wp.kristdemokraterna.se\/linkoping\/wp-json\/wp\/v2\/categories?post=1478"},{"taxonomy":"post_tag","embeddable":true,"href":"https:\/\/wp.kristdemokraterna.se\/linkoping\/wp-json\/wp\/v2\/tags?post=1478"}],"curies":[{"name":"wp","href":"https:\/\/api.w.org\/{rel}","templated":true}]}}