{"id":1481,"date":"2020-02-10T14:09:58","date_gmt":"2020-02-10T13:09:58","guid":{"rendered":"http:\/\/wp.kristdemokraterna.se\/linkoping\/?p=1481"},"modified":"2022-08-30T12:45:33","modified_gmt":"2022-08-30T10:45:33","slug":"1481-2","status":"publish","type":"post","link":"https:\/\/wp.kristdemokraterna.se\/linkoping\/1481-2\/","title":{"rendered":""},"content":{"rendered":"<p><span class=\"_5mfr\"><span class=\"_6qdm\">\ud83d\udc99<\/span><\/span>Ikv\u00e4ll h\u00f6ll Kristdemokraterna i Link\u00f6pings \u00e5rsm\u00f6te p\u00e5 stadshuset. En fullsatt salong fick h\u00f6ra riksdagsledamoten\u00a0<a class=\"profileLink\" title=\"Pia Steensland\" href=\"https:\/\/www.facebook.com\/pia.steensland?__tn__=K-R&amp;eid=ARDgbFrNMeo7n6xWhrc3OmtfCBjCmpRjhxnZd1OPOnMwmlRAPQmXr64KCUy8uyVT6HOX-h2qiEd7H8Is&amp;fref=mentions&amp;__xts__%5B0%5D=68.ARD4hvpIfVUdJPMx4UAuE0dcEoZK-4_1-00xfJ5C5fy49D89LFq9bIFDbC1yYLLUc6BHDG00EihM-ieCd_y1rH1lSaPbLUKBjzVJh2lV5fHm3dvOTCk0QFoUCQ4KtLYs642IXCZ1kC3Xv7jTxkaQLy4H-lZyQ0VDqLmf-34dYORtkJJ38GtmNvMo-zXkOJ8tNFLDNt4ltMX4kIJWnNDZ28wd44Fjd8wiGHeyKGftNqukfuFHanltn5PenO4Fl7IvqCGF4uw7882XsR2gAec0j6f4z5p2qxN2sm8Qlf5D0yK35k_0K-jkz2FlhlOeopjeu3kWZIcokyGWiFxqF1mGZYwrdw\" data-hovercard=\"\/ajax\/hovercard\/user.php?id=100000257030578&amp;extragetparams=%7B%22__tn__%22%3A%22%2CdK-R-R%22%2C%22eid%22%3A%22ARDgbFrNMeo7n6xWhrc3OmtfCBjCmpRjhxnZd1OPOnMwmlRAPQmXr64KCUy8uyVT6HOX-h2qiEd7H8Is%22%2C%22fref%22%3A%22mentions%22%7D\" data-hovercard-prefer-more-content-show=\"1\">Pia Steensland<\/a>\u00a0inleda med att ber\u00e4tta om sitt arbete inom LSS fr\u00e5gor. Pias engagemang i LSS-fr\u00e5gan \u00e4r fantastiskt inspirerande och vi tackar Pia f\u00f6r att hon tog sig till Link\u00f6ping f\u00f6r att prata med oss.<\/p>\n<p><span class=\"_5mfr\"><span class=\"_6qdm\">\ud83d\udc99<\/span><\/span>Efter det talade b\u00e5de kommunalr\u00e5det\u00a0<a class=\"profileLink\" title=\"Denis\u00e9 Cassel\" href=\"https:\/\/www.facebook.com\/denise.cassel.7?__tn__=K-R&amp;eid=ARCs2A3pcdwTWBM0xl-iAeBPEAQv_a43U0G0fhTdXgU3g4zdzVMBgQwoakQWPgGn87pRXE1wwRP1ZBFl&amp;fref=mentions&amp;__xts__%5B0%5D=68.ARD4hvpIfVUdJPMx4UAuE0dcEoZK-4_1-00xfJ5C5fy49D89LFq9bIFDbC1yYLLUc6BHDG00EihM-ieCd_y1rH1lSaPbLUKBjzVJh2lV5fHm3dvOTCk0QFoUCQ4KtLYs642IXCZ1kC3Xv7jTxkaQLy4H-lZyQ0VDqLmf-34dYORtkJJ38GtmNvMo-zXkOJ8tNFLDNt4ltMX4kIJWnNDZ28wd44Fjd8wiGHeyKGftNqukfuFHanltn5PenO4Fl7IvqCGF4uw7882XsR2gAec0j6f4z5p2qxN2sm8Qlf5D0yK35k_0K-jkz2FlhlOeopjeu3kWZIcokyGWiFxqF1mGZYwrdw\" data-hovercard=\"\/ajax\/hovercard\/user.php?id=684549735&amp;extragetparams=%7B%22__tn__%22%3A%22%2CdK-R-R%22%2C%22eid%22%3A%22ARCs2A3pcdwTWBM0xl-iAeBPEAQv_a43U0G0fhTdXgU3g4zdzVMBgQwoakQWPgGn87pRXE1wwRP1ZBFl%22%2C%22fref%22%3A%22mentions%22%7D\" data-hovercard-prefer-more-content-show=\"1\">Denis\u00e9 Cassel.<\/a><\/p>\n<p><span class=\"_5mfr\"><span class=\"_6qdm\">\ud83d\udc99<\/span><\/span>Under kv\u00e4llen blev det dessutom klubbat att Johan H\u00e4ggblom \u00e4r ny ordf\u00f6rande f\u00f6r part<span class=\"text_exposed_show\">iavdelningen. Johan eftertr\u00e4der\u00a0Magnus Engstr\u00f6m\u00a0som varit ordf\u00f6rande i sju \u00e5r.<\/span><\/p>\n<div class=\"text_exposed_show\">\n<p><span class=\"_5mfr\"><span class=\"_6qdm\">\ud83d\udc99<\/span><\/span>Vi \u00f6nskar Johan all lycka till och passar p\u00e5 att rikta ett stort tack f\u00f6r allt som Magnus gjort som ordf\u00f6rande<\/p>\n<\/div>\n","protected":false},"excerpt":{"rendered":"<p>\ud83d\udc99Ikv\u00e4ll h\u00f6ll Kristdemokraterna i Link\u00f6pings \u00e5rsm\u00f6te p\u00e5 stadshuset. En fullsatt salong fick h\u00f6ra riksdagsledamoten\u00a0Pia Steensland\u00a0inleda med att ber\u00e4tta om sitt arbete inom LSS fr\u00e5gor. Pias engagemang i LSS-fr\u00e5gan \u00e4r fantastiskt inspirerande och vi tackar Pia f\u00f6r att hon tog sig till Link\u00f6ping f\u00f6r att prata med oss. \ud83d\udc99Efter det talade b\u00e5de kommunalr\u00e5det\u00a0Denis\u00e9 Cassel. \ud83d\udc99Under kv\u00e4llen <a class=\"read-more-link\" href=\"https:\/\/wp.kristdemokraterna.se\/linkoping\/1481-2\/\">Read More<\/a><\/p>\n","protected":false},"author":410,"featured_media":0,"comment_status":"closed","ping_status":"closed","sticky":false,"template":"","format":"standard","meta":{"_acf_changed":false,"footnotes":""},"categories":[22,1],"tags":[],"class_list":["post-1481","post","type-post","status-publish","format-standard","hentry","category-arkiv","category-okategoriserade"],"acf":[],"yoast_head":"<!-- This site is optimized with the Yoast SEO plugin v27.4 - https:\/\/yoast.com\/product\/yoast-seo-wordpress\/ -->\n<title>- Kristdemokraterna i Link\u00f6ping<\/title>\n<meta name=\"robots\" content=\"index, follow, max-snippet:-1, max-image-preview:large, max-video-preview:-1\" \/>\n<link rel=\"canonical\" href=\"https:\/\/wp.kristdemokraterna.se\/linkoping\/1481-2\/\" \/>\n<meta property=\"og:locale\" content=\"sv_SE\" \/>\n<meta property=\"og:type\" content=\"article\" \/>\n<meta property=\"og:title\" content=\"- Kristdemokraterna i Link\u00f6ping\" \/>\n<meta property=\"og:description\" content=\"\ud83d\udc99Ikv\u00e4ll h\u00f6ll Kristdemokraterna i Link\u00f6pings \u00e5rsm\u00f6te p\u00e5 stadshuset. En fullsatt salong fick h\u00f6ra riksdagsledamoten\u00a0Pia Steensland\u00a0inleda med att ber\u00e4tta om sitt arbete inom LSS fr\u00e5gor. Pias engagemang i LSS-fr\u00e5gan \u00e4r fantastiskt inspirerande och vi tackar Pia f\u00f6r att hon tog sig till Link\u00f6ping f\u00f6r att prata med oss. \ud83d\udc99Efter det talade b\u00e5de kommunalr\u00e5det\u00a0Denis\u00e9 Cassel. \ud83d\udc99Under kv\u00e4llen Read More\" \/>\n<meta property=\"og:url\" content=\"https:\/\/wp.kristdemokraterna.se\/linkoping\/1481-2\/\" \/>\n<meta property=\"og:site_name\" content=\"Kristdemokraterna i Link\u00f6ping\" \/>\n<meta property=\"article:author\" content=\"https:\/\/www.facebook.com\/kdlinkoping\/\" \/>\n<meta property=\"article:published_time\" content=\"2020-02-10T13:09:58+00:00\" \/>\n<meta property=\"article:modified_time\" content=\"2022-08-30T10:45:33+00:00\" \/>\n<meta name=\"author\" content=\"linkoping\" \/>\n<meta name=\"twitter:card\" content=\"summary_large_image\" \/>\n<meta name=\"twitter:label1\" content=\"Skriven av\" \/>\n\t<meta name=\"twitter:data1\" content=\"linkoping\" \/>\n\t<meta name=\"twitter:label2\" content=\"Ber\u00e4knad l\u00e4stid\" \/>\n\t<meta name=\"twitter:data2\" content=\"1 minut\" \/>\n<script type=\"application\/ld+json\" class=\"yoast-schema-graph\">{\"@context\":\"https:\\\/\\\/schema.org\",\"@graph\":[{\"@type\":\"Article\",\"@id\":\"https:\\\/\\\/wp.kristdemokraterna.se\\\/linkoping\\\/1481-2\\\/#article\",\"isPartOf\":{\"@id\":\"https:\\\/\\\/wp.kristdemokraterna.se\\\/linkoping\\\/1481-2\\\/\"},\"author\":{\"name\":\"linkoping\",\"@id\":\"https:\\\/\\\/wp.kristdemokraterna.se\\\/linkoping\\\/#\\\/schema\\\/person\\\/b0148c3c8863db76d330faa282b9521a\"},\"headline\":\"Ingen rubrik\",\"datePublished\":\"2020-02-10T13:09:58+00:00\",\"dateModified\":\"2022-08-30T10:45:33+00:00\",\"mainEntityOfPage\":{\"@id\":\"https:\\\/\\\/wp.kristdemokraterna.se\\\/linkoping\\\/1481-2\\\/\"},\"wordCount\":123,\"articleSection\":[\"arkiv\",\"okategoriserade\"],\"inLanguage\":\"sv-SE\"},{\"@type\":\"WebPage\",\"@id\":\"https:\\\/\\\/wp.kristdemokraterna.se\\\/linkoping\\\/1481-2\\\/\",\"url\":\"https:\\\/\\\/wp.kristdemokraterna.se\\\/linkoping\\\/1481-2\\\/\",\"name\":\"- Kristdemokraterna i Link\u00f6ping\",\"isPartOf\":{\"@id\":\"https:\\\/\\\/wp.kristdemokraterna.se\\\/linkoping\\\/#website\"},\"datePublished\":\"2020-02-10T13:09:58+00:00\",\"dateModified\":\"2022-08-30T10:45:33+00:00\",\"author\":{\"@id\":\"https:\\\/\\\/wp.kristdemokraterna.se\\\/linkoping\\\/#\\\/schema\\\/person\\\/b0148c3c8863db76d330faa282b9521a\"},\"inLanguage\":\"sv-SE\",\"potentialAction\":[{\"@type\":\"ReadAction\",\"target\":[\"https:\\\/\\\/wp.kristdemokraterna.se\\\/linkoping\\\/1481-2\\\/\"]}]},{\"@type\":\"WebSite\",\"@id\":\"https:\\\/\\\/wp.kristdemokraterna.se\\\/linkoping\\\/#website\",\"url\":\"https:\\\/\\\/wp.kristdemokraterna.se\\\/linkoping\\\/\",\"name\":\"Kristdemokraterna i Link\u00f6ping\",\"description\":\"\",\"inLanguage\":\"sv-SE\"},{\"@type\":\"Person\",\"@id\":\"https:\\\/\\\/wp.kristdemokraterna.se\\\/linkoping\\\/#\\\/schema\\\/person\\\/b0148c3c8863db76d330faa282b9521a\",\"name\":\"linkoping\",\"image\":{\"@type\":\"ImageObject\",\"inLanguage\":\"sv-SE\",\"@id\":\"https:\\\/\\\/secure.gravatar.com\\\/avatar\\\/016e7965fec0e08fdd07b021a7d25181278d4b29b1d5bab57b16017e35421895?s=96&r=g\",\"url\":\"https:\\\/\\\/secure.gravatar.com\\\/avatar\\\/016e7965fec0e08fdd07b021a7d25181278d4b29b1d5bab57b16017e35421895?s=96&r=g\",\"contentUrl\":\"https:\\\/\\\/secure.gravatar.com\\\/avatar\\\/016e7965fec0e08fdd07b021a7d25181278d4b29b1d5bab57b16017e35421895?s=96&r=g\",\"caption\":\"linkoping\"},\"sameAs\":[\"https:\\\/\\\/www.facebook.com\\\/kdlinkoping\\\/\"],\"url\":\"https:\\\/\\\/wp.kristdemokraterna.se\\\/linkoping\\\/author\\\/linkoping\\\/\"}]}<\/script>\n<!-- \/ Yoast SEO plugin. -->","yoast_head_json":{"title":"- Kristdemokraterna i Link\u00f6ping","robots":{"index":"index","follow":"follow","max-snippet":"max-snippet:-1","max-image-preview":"max-image-preview:large","max-video-preview":"max-video-preview:-1"},"canonical":"https:\/\/wp.kristdemokraterna.se\/linkoping\/1481-2\/","og_locale":"sv_SE","og_type":"article","og_title":"- Kristdemokraterna i Link\u00f6ping","og_description":"\ud83d\udc99Ikv\u00e4ll h\u00f6ll Kristdemokraterna i Link\u00f6pings \u00e5rsm\u00f6te p\u00e5 stadshuset. En fullsatt salong fick h\u00f6ra riksdagsledamoten\u00a0Pia Steensland\u00a0inleda med att ber\u00e4tta om sitt arbete inom LSS fr\u00e5gor. Pias engagemang i LSS-fr\u00e5gan \u00e4r fantastiskt inspirerande och vi tackar Pia f\u00f6r att hon tog sig till Link\u00f6ping f\u00f6r att prata med oss. \ud83d\udc99Efter det talade b\u00e5de kommunalr\u00e5det\u00a0Denis\u00e9 Cassel. \ud83d\udc99Under kv\u00e4llen Read More","og_url":"https:\/\/wp.kristdemokraterna.se\/linkoping\/1481-2\/","og_site_name":"Kristdemokraterna i Link\u00f6ping","article_author":"https:\/\/www.facebook.com\/kdlinkoping\/","article_published_time":"2020-02-10T13:09:58+00:00","article_modified_time":"2022-08-30T10:45:33+00:00","author":"linkoping","twitter_card":"summary_large_image","twitter_misc":{"Skriven av":"linkoping","Ber\u00e4knad l\u00e4stid":"1 minut"},"schema":{"@context":"https:\/\/schema.org","@graph":[{"@type":"Article","@id":"https:\/\/wp.kristdemokraterna.se\/linkoping\/1481-2\/#article","isPartOf":{"@id":"https:\/\/wp.kristdemokraterna.se\/linkoping\/1481-2\/"},"author":{"name":"linkoping","@id":"https:\/\/wp.kristdemokraterna.se\/linkoping\/#\/schema\/person\/b0148c3c8863db76d330faa282b9521a"},"headline":"Ingen rubrik","datePublished":"2020-02-10T13:09:58+00:00","dateModified":"2022-08-30T10:45:33+00:00","mainEntityOfPage":{"@id":"https:\/\/wp.kristdemokraterna.se\/linkoping\/1481-2\/"},"wordCount":123,"articleSection":["arkiv","okategoriserade"],"inLanguage":"sv-SE"},{"@type":"WebPage","@id":"https:\/\/wp.kristdemokraterna.se\/linkoping\/1481-2\/","url":"https:\/\/wp.kristdemokraterna.se\/linkoping\/1481-2\/","name":"- Kristdemokraterna i Link\u00f6ping","isPartOf":{"@id":"https:\/\/wp.kristdemokraterna.se\/linkoping\/#website"},"datePublished":"2020-02-10T13:09:58+00:00","dateModified":"2022-08-30T10:45:33+00:00","author":{"@id":"https:\/\/wp.kristdemokraterna.se\/linkoping\/#\/schema\/person\/b0148c3c8863db76d330faa282b9521a"},"inLanguage":"sv-SE","potentialAction":[{"@type":"ReadAction","target":["https:\/\/wp.kristdemokraterna.se\/linkoping\/1481-2\/"]}]},{"@type":"WebSite","@id":"https:\/\/wp.kristdemokraterna.se\/linkoping\/#website","url":"https:\/\/wp.kristdemokraterna.se\/linkoping\/","name":"Kristdemokraterna i Link\u00f6ping","description":"","inLanguage":"sv-SE"},{"@type":"Person","@id":"https:\/\/wp.kristdemokraterna.se\/linkoping\/#\/schema\/person\/b0148c3c8863db76d330faa282b9521a","name":"linkoping","image":{"@type":"ImageObject","inLanguage":"sv-SE","@id":"https:\/\/secure.gravatar.com\/avatar\/016e7965fec0e08fdd07b021a7d25181278d4b29b1d5bab57b16017e35421895?s=96&r=g","url":"https:\/\/secure.gravatar.com\/avatar\/016e7965fec0e08fdd07b021a7d25181278d4b29b1d5bab57b16017e35421895?s=96&r=g","contentUrl":"https:\/\/secure.gravatar.com\/avatar\/016e7965fec0e08fdd07b021a7d25181278d4b29b1d5bab57b16017e35421895?s=96&r=g","caption":"linkoping"},"sameAs":["https:\/\/www.facebook.com\/kdlinkoping\/"],"url":"https:\/\/wp.kristdemokraterna.se\/linkoping\/author\/linkoping\/"}]}},"_links":{"self":[{"href":"https:\/\/wp.kristdemokraterna.se\/linkoping\/wp-json\/wp\/v2\/posts\/1481","targetHints":{"allow":["GET"]}}],"collection":[{"href":"https:\/\/wp.kristdemokraterna.se\/linkoping\/wp-json\/wp\/v2\/posts"}],"about":[{"href":"https:\/\/wp.kristdemokraterna.se\/linkoping\/wp-json\/wp\/v2\/types\/post"}],"author":[{"embeddable":true,"href":"https:\/\/wp.kristdemokraterna.se\/linkoping\/wp-json\/wp\/v2\/users\/410"}],"replies":[{"embeddable":true,"href":"https:\/\/wp.kristdemokraterna.se\/linkoping\/wp-json\/wp\/v2\/comments?post=1481"}],"version-history":[{"count":4,"href":"https:\/\/wp.kristdemokraterna.se\/linkoping\/wp-json\/wp\/v2\/posts\/1481\/revisions"}],"predecessor-version":[{"id":2448,"href":"https:\/\/wp.kristdemokraterna.se\/linkoping\/wp-json\/wp\/v2\/posts\/1481\/revisions\/2448"}],"wp:attachment":[{"href":"https:\/\/wp.kristdemokraterna.se\/linkoping\/wp-json\/wp\/v2\/media?parent=1481"}],"wp:term":[{"taxonomy":"category","embeddable":true,"href":"https:\/\/wp.kristdemokraterna.se\/linkoping\/wp-json\/wp\/v2\/categories?post=1481"},{"taxonomy":"post_tag","embeddable":true,"href":"https:\/\/wp.kristdemokraterna.se\/linkoping\/wp-json\/wp\/v2\/tags?post=1481"}],"curies":[{"name":"wp","href":"https:\/\/api.w.org\/{rel}","templated":true}]}}