{"id":1491,"date":"2020-03-16T10:09:43","date_gmt":"2020-03-16T09:09:43","guid":{"rendered":"http:\/\/wp.kristdemokraterna.se\/linkoping\/?p=1491"},"modified":"2021-08-13T11:46:49","modified_gmt":"2021-08-13T09:46:49","slug":"linkopings-kommun-infor-stod-for-medarbetare-utsatta-far-vald-i-nara-relationer","status":"publish","type":"post","link":"https:\/\/wp.kristdemokraterna.se\/linkoping\/linkopings-kommun-infor-stod-for-medarbetare-utsatta-far-vald-i-nara-relationer\/","title":{"rendered":"Link\u00f6pings kommun inf\u00f6r st\u00f6d f\u00f6r medarbetare utsatta f\u00e5r v\u00e5ld i n\u00e4ra relationer."},"content":{"rendered":"<p><strong>Samh\u00e4llet i stort m\u00e5ste jobba f\u00f6rebyggande och erbjuda b\u00e4ttre och mer l\u00e4ttillg\u00e4nglig hj\u00e4lp och st\u00f6d till personer som drabbas av v\u00e5ld i n\u00e4ra relationer. Personer som utsatts m\u00e5ste k\u00e4nna att de har n\u00e5gonstans att v\u00e4nda sig. Link\u00f6pings kommun m\u00e5ste ta sitt ansvar, vad kan kommunen g\u00f6ra f\u00f6r den grupp som blir utsatt? <\/strong><\/p>\n<p>Link\u00f6pings kommun \u00e4r kommunens st\u00f6rsta arbetsgivare. Med mer \u00e4n 8000 anst\u00e4llda har vi ett stort ansvar i att ta hand om v\u00e5ra medarbetare och erbjuda m\u00f6jlighet till st\u00f6d n\u00e4r det beh\u00f6vs som mest.<\/p>\n<p>Allians f\u00f6r Link\u00f6pings inf\u00f6r nu att medarbetare som beh\u00f6ver s\u00f6ka st\u00f6d och hj\u00e4lp ska kunna g\u00f6ra det p\u00e5 arbetstid. Det finns redan idag m\u00f6jlighet f\u00f6r personal att bes\u00f6ka l\u00e4kare p\u00e5 arbetstid vid akut sjukdom eller olycksfall, cytolog, mammografi och prostataunders\u00f6kningar. D\u00e4rf\u00f6r ser vi inget hinder med att inf\u00f6ra detta \u00e4ven vid st\u00f6d f\u00f6r v\u00e5ld i n\u00e4ra relationer.<\/p>\n<ul>\n<li>Det kr\u00e4vs att vi som arbetsgivare ser till v\u00e5ra medarbetares b\u00e4sta. Detta \u00e4r ett s\u00e4tt f\u00f6r oss att underl\u00e4tta f\u00f6r en v\u00e4ldigt utsatt grupp. Vi kommer beh\u00f6va g\u00f6ra betydligt mer f\u00f6r att komma till r\u00e4tta med problemet men detta \u00e4r ett viktigt steg p\u00e5 v\u00e4gen. Det \u00e4r ocks\u00e5 viktigt att vi jobbar preventivt. Detta \u00e4r ett s\u00e4tt f\u00f6r oss att erbjuda medarbeta st\u00f6d i ett tidigare skede innan en situation blir f\u00f6r allvarlig. Avslutar Denis\u00e9 Cassel (KD), kommunalr\u00e5d och vice ordf\u00f6rande i kommunstyrelsen.<\/li>\n<\/ul>\n","protected":false},"excerpt":{"rendered":"<p>Samh\u00e4llet i stort m\u00e5ste jobba f\u00f6rebyggande och erbjuda b\u00e4ttre och mer l\u00e4ttillg\u00e4nglig hj\u00e4lp och st\u00f6d till personer som drabbas av v\u00e5ld i n\u00e4ra relationer. Personer som utsatts m\u00e5ste k\u00e4nna att de har n\u00e5gonstans att v\u00e4nda sig. Link\u00f6pings kommun m\u00e5ste ta sitt ansvar, vad kan kommunen g\u00f6ra f\u00f6r den grupp som blir utsatt? Link\u00f6pings kommun \u00e4r <a class=\"read-more-link\" href=\"https:\/\/wp.kristdemokraterna.se\/linkoping\/linkopings-kommun-infor-stod-for-medarbetare-utsatta-far-vald-i-nara-relationer\/\">Read More<\/a><\/p>\n","protected":false},"author":410,"featured_media":0,"comment_status":"closed","ping_status":"closed","sticky":false,"template":"","format":"standard","meta":{"_acf_changed":false,"footnotes":""},"categories":[22,1],"tags":[],"class_list":["post-1491","post","type-post","status-publish","format-standard","hentry","category-arkiv","category-okategoriserade"],"acf":[],"yoast_head":"<!-- This site is optimized with the Yoast SEO plugin v27.4 - https:\/\/yoast.com\/product\/yoast-seo-wordpress\/ -->\n<title>Link\u00f6pings kommun inf\u00f6r st\u00f6d f\u00f6r medarbetare utsatta f\u00e5r v\u00e5ld i n\u00e4ra relationer. - Kristdemokraterna i Link\u00f6ping<\/title>\n<meta name=\"robots\" content=\"index, follow, max-snippet:-1, max-image-preview:large, max-video-preview:-1\" \/>\n<link rel=\"canonical\" href=\"https:\/\/wp.kristdemokraterna.se\/linkoping\/linkopings-kommun-infor-stod-for-medarbetare-utsatta-far-vald-i-nara-relationer\/\" \/>\n<meta property=\"og:locale\" content=\"sv_SE\" \/>\n<meta property=\"og:type\" content=\"article\" \/>\n<meta property=\"og:title\" content=\"Link\u00f6pings kommun inf\u00f6r st\u00f6d f\u00f6r medarbetare utsatta f\u00e5r v\u00e5ld i n\u00e4ra relationer. - Kristdemokraterna i Link\u00f6ping\" \/>\n<meta property=\"og:description\" content=\"Samh\u00e4llet i stort m\u00e5ste jobba f\u00f6rebyggande och erbjuda b\u00e4ttre och mer l\u00e4ttillg\u00e4nglig hj\u00e4lp och st\u00f6d till personer som drabbas av v\u00e5ld i n\u00e4ra relationer. Personer som utsatts m\u00e5ste k\u00e4nna att de har n\u00e5gonstans att v\u00e4nda sig. Link\u00f6pings kommun m\u00e5ste ta sitt ansvar, vad kan kommunen g\u00f6ra f\u00f6r den grupp som blir utsatt? Link\u00f6pings kommun \u00e4r Read More\" \/>\n<meta property=\"og:url\" content=\"https:\/\/wp.kristdemokraterna.se\/linkoping\/linkopings-kommun-infor-stod-for-medarbetare-utsatta-far-vald-i-nara-relationer\/\" \/>\n<meta property=\"og:site_name\" content=\"Kristdemokraterna i Link\u00f6ping\" \/>\n<meta property=\"article:author\" content=\"https:\/\/www.facebook.com\/kdlinkoping\/\" \/>\n<meta property=\"article:published_time\" content=\"2020-03-16T09:09:43+00:00\" \/>\n<meta property=\"article:modified_time\" content=\"2021-08-13T09:46:49+00:00\" \/>\n<meta name=\"author\" content=\"linkoping\" \/>\n<meta name=\"twitter:card\" content=\"summary_large_image\" \/>\n<meta name=\"twitter:label1\" content=\"Skriven av\" \/>\n\t<meta name=\"twitter:data1\" content=\"linkoping\" \/>\n\t<meta name=\"twitter:label2\" content=\"Ber\u00e4knad l\u00e4stid\" \/>\n\t<meta name=\"twitter:data2\" content=\"1 minut\" \/>\n<script type=\"application\/ld+json\" class=\"yoast-schema-graph\">{\"@context\":\"https:\\\/\\\/schema.org\",\"@graph\":[{\"@type\":\"Article\",\"@id\":\"https:\\\/\\\/wp.kristdemokraterna.se\\\/linkoping\\\/linkopings-kommun-infor-stod-for-medarbetare-utsatta-far-vald-i-nara-relationer\\\/#article\",\"isPartOf\":{\"@id\":\"https:\\\/\\\/wp.kristdemokraterna.se\\\/linkoping\\\/linkopings-kommun-infor-stod-for-medarbetare-utsatta-far-vald-i-nara-relationer\\\/\"},\"author\":{\"name\":\"linkoping\",\"@id\":\"https:\\\/\\\/wp.kristdemokraterna.se\\\/linkoping\\\/#\\\/schema\\\/person\\\/b0148c3c8863db76d330faa282b9521a\"},\"headline\":\"Link\u00f6pings kommun inf\u00f6r st\u00f6d f\u00f6r medarbetare utsatta f\u00e5r v\u00e5ld i n\u00e4ra relationer.\",\"datePublished\":\"2020-03-16T09:09:43+00:00\",\"dateModified\":\"2021-08-13T09:46:49+00:00\",\"mainEntityOfPage\":{\"@id\":\"https:\\\/\\\/wp.kristdemokraterna.se\\\/linkoping\\\/linkopings-kommun-infor-stod-for-medarbetare-utsatta-far-vald-i-nara-relationer\\\/\"},\"wordCount\":308,\"articleSection\":[\"arkiv\",\"okategoriserade\"],\"inLanguage\":\"sv-SE\"},{\"@type\":\"WebPage\",\"@id\":\"https:\\\/\\\/wp.kristdemokraterna.se\\\/linkoping\\\/linkopings-kommun-infor-stod-for-medarbetare-utsatta-far-vald-i-nara-relationer\\\/\",\"url\":\"https:\\\/\\\/wp.kristdemokraterna.se\\\/linkoping\\\/linkopings-kommun-infor-stod-for-medarbetare-utsatta-far-vald-i-nara-relationer\\\/\",\"name\":\"Link\u00f6pings kommun inf\u00f6r st\u00f6d f\u00f6r medarbetare utsatta f\u00e5r v\u00e5ld i n\u00e4ra relationer. - Kristdemokraterna i Link\u00f6ping\",\"isPartOf\":{\"@id\":\"https:\\\/\\\/wp.kristdemokraterna.se\\\/linkoping\\\/#website\"},\"datePublished\":\"2020-03-16T09:09:43+00:00\",\"dateModified\":\"2021-08-13T09:46:49+00:00\",\"author\":{\"@id\":\"https:\\\/\\\/wp.kristdemokraterna.se\\\/linkoping\\\/#\\\/schema\\\/person\\\/b0148c3c8863db76d330faa282b9521a\"},\"breadcrumb\":{\"@id\":\"https:\\\/\\\/wp.kristdemokraterna.se\\\/linkoping\\\/linkopings-kommun-infor-stod-for-medarbetare-utsatta-far-vald-i-nara-relationer\\\/#breadcrumb\"},\"inLanguage\":\"sv-SE\",\"potentialAction\":[{\"@type\":\"ReadAction\",\"target\":[\"https:\\\/\\\/wp.kristdemokraterna.se\\\/linkoping\\\/linkopings-kommun-infor-stod-for-medarbetare-utsatta-far-vald-i-nara-relationer\\\/\"]}]},{\"@type\":\"BreadcrumbList\",\"@id\":\"https:\\\/\\\/wp.kristdemokraterna.se\\\/linkoping\\\/linkopings-kommun-infor-stod-for-medarbetare-utsatta-far-vald-i-nara-relationer\\\/#breadcrumb\",\"itemListElement\":[{\"@type\":\"ListItem\",\"position\":1,\"name\":\"Hem\",\"item\":\"https:\\\/\\\/wp.kristdemokraterna.se\\\/linkoping\\\/\"},{\"@type\":\"ListItem\",\"position\":2,\"name\":\"Link\u00f6pings kommun inf\u00f6r st\u00f6d f\u00f6r medarbetare utsatta f\u00e5r v\u00e5ld i n\u00e4ra relationer.\"}]},{\"@type\":\"WebSite\",\"@id\":\"https:\\\/\\\/wp.kristdemokraterna.se\\\/linkoping\\\/#website\",\"url\":\"https:\\\/\\\/wp.kristdemokraterna.se\\\/linkoping\\\/\",\"name\":\"Kristdemokraterna i Link\u00f6ping\",\"description\":\"\",\"inLanguage\":\"sv-SE\"},{\"@type\":\"Person\",\"@id\":\"https:\\\/\\\/wp.kristdemokraterna.se\\\/linkoping\\\/#\\\/schema\\\/person\\\/b0148c3c8863db76d330faa282b9521a\",\"name\":\"linkoping\",\"image\":{\"@type\":\"ImageObject\",\"inLanguage\":\"sv-SE\",\"@id\":\"https:\\\/\\\/secure.gravatar.com\\\/avatar\\\/016e7965fec0e08fdd07b021a7d25181278d4b29b1d5bab57b16017e35421895?s=96&r=g\",\"url\":\"https:\\\/\\\/secure.gravatar.com\\\/avatar\\\/016e7965fec0e08fdd07b021a7d25181278d4b29b1d5bab57b16017e35421895?s=96&r=g\",\"contentUrl\":\"https:\\\/\\\/secure.gravatar.com\\\/avatar\\\/016e7965fec0e08fdd07b021a7d25181278d4b29b1d5bab57b16017e35421895?s=96&r=g\",\"caption\":\"linkoping\"},\"sameAs\":[\"https:\\\/\\\/www.facebook.com\\\/kdlinkoping\\\/\"],\"url\":\"https:\\\/\\\/wp.kristdemokraterna.se\\\/linkoping\\\/author\\\/linkoping\\\/\"}]}<\/script>\n<!-- \/ Yoast SEO plugin. -->","yoast_head_json":{"title":"Link\u00f6pings kommun inf\u00f6r st\u00f6d f\u00f6r medarbetare utsatta f\u00e5r v\u00e5ld i n\u00e4ra relationer. - Kristdemokraterna i Link\u00f6ping","robots":{"index":"index","follow":"follow","max-snippet":"max-snippet:-1","max-image-preview":"max-image-preview:large","max-video-preview":"max-video-preview:-1"},"canonical":"https:\/\/wp.kristdemokraterna.se\/linkoping\/linkopings-kommun-infor-stod-for-medarbetare-utsatta-far-vald-i-nara-relationer\/","og_locale":"sv_SE","og_type":"article","og_title":"Link\u00f6pings kommun inf\u00f6r st\u00f6d f\u00f6r medarbetare utsatta f\u00e5r v\u00e5ld i n\u00e4ra relationer. - Kristdemokraterna i Link\u00f6ping","og_description":"Samh\u00e4llet i stort m\u00e5ste jobba f\u00f6rebyggande och erbjuda b\u00e4ttre och mer l\u00e4ttillg\u00e4nglig hj\u00e4lp och st\u00f6d till personer som drabbas av v\u00e5ld i n\u00e4ra relationer. Personer som utsatts m\u00e5ste k\u00e4nna att de har n\u00e5gonstans att v\u00e4nda sig. Link\u00f6pings kommun m\u00e5ste ta sitt ansvar, vad kan kommunen g\u00f6ra f\u00f6r den grupp som blir utsatt? Link\u00f6pings kommun \u00e4r Read More","og_url":"https:\/\/wp.kristdemokraterna.se\/linkoping\/linkopings-kommun-infor-stod-for-medarbetare-utsatta-far-vald-i-nara-relationer\/","og_site_name":"Kristdemokraterna i Link\u00f6ping","article_author":"https:\/\/www.facebook.com\/kdlinkoping\/","article_published_time":"2020-03-16T09:09:43+00:00","article_modified_time":"2021-08-13T09:46:49+00:00","author":"linkoping","twitter_card":"summary_large_image","twitter_misc":{"Skriven av":"linkoping","Ber\u00e4knad l\u00e4stid":"1 minut"},"schema":{"@context":"https:\/\/schema.org","@graph":[{"@type":"Article","@id":"https:\/\/wp.kristdemokraterna.se\/linkoping\/linkopings-kommun-infor-stod-for-medarbetare-utsatta-far-vald-i-nara-relationer\/#article","isPartOf":{"@id":"https:\/\/wp.kristdemokraterna.se\/linkoping\/linkopings-kommun-infor-stod-for-medarbetare-utsatta-far-vald-i-nara-relationer\/"},"author":{"name":"linkoping","@id":"https:\/\/wp.kristdemokraterna.se\/linkoping\/#\/schema\/person\/b0148c3c8863db76d330faa282b9521a"},"headline":"Link\u00f6pings kommun inf\u00f6r st\u00f6d f\u00f6r medarbetare utsatta f\u00e5r v\u00e5ld i n\u00e4ra relationer.","datePublished":"2020-03-16T09:09:43+00:00","dateModified":"2021-08-13T09:46:49+00:00","mainEntityOfPage":{"@id":"https:\/\/wp.kristdemokraterna.se\/linkoping\/linkopings-kommun-infor-stod-for-medarbetare-utsatta-far-vald-i-nara-relationer\/"},"wordCount":308,"articleSection":["arkiv","okategoriserade"],"inLanguage":"sv-SE"},{"@type":"WebPage","@id":"https:\/\/wp.kristdemokraterna.se\/linkoping\/linkopings-kommun-infor-stod-for-medarbetare-utsatta-far-vald-i-nara-relationer\/","url":"https:\/\/wp.kristdemokraterna.se\/linkoping\/linkopings-kommun-infor-stod-for-medarbetare-utsatta-far-vald-i-nara-relationer\/","name":"Link\u00f6pings kommun inf\u00f6r st\u00f6d f\u00f6r medarbetare utsatta f\u00e5r v\u00e5ld i n\u00e4ra relationer. - Kristdemokraterna i Link\u00f6ping","isPartOf":{"@id":"https:\/\/wp.kristdemokraterna.se\/linkoping\/#website"},"datePublished":"2020-03-16T09:09:43+00:00","dateModified":"2021-08-13T09:46:49+00:00","author":{"@id":"https:\/\/wp.kristdemokraterna.se\/linkoping\/#\/schema\/person\/b0148c3c8863db76d330faa282b9521a"},"breadcrumb":{"@id":"https:\/\/wp.kristdemokraterna.se\/linkoping\/linkopings-kommun-infor-stod-for-medarbetare-utsatta-far-vald-i-nara-relationer\/#breadcrumb"},"inLanguage":"sv-SE","potentialAction":[{"@type":"ReadAction","target":["https:\/\/wp.kristdemokraterna.se\/linkoping\/linkopings-kommun-infor-stod-for-medarbetare-utsatta-far-vald-i-nara-relationer\/"]}]},{"@type":"BreadcrumbList","@id":"https:\/\/wp.kristdemokraterna.se\/linkoping\/linkopings-kommun-infor-stod-for-medarbetare-utsatta-far-vald-i-nara-relationer\/#breadcrumb","itemListElement":[{"@type":"ListItem","position":1,"name":"Hem","item":"https:\/\/wp.kristdemokraterna.se\/linkoping\/"},{"@type":"ListItem","position":2,"name":"Link\u00f6pings kommun inf\u00f6r st\u00f6d f\u00f6r medarbetare utsatta f\u00e5r v\u00e5ld i n\u00e4ra relationer."}]},{"@type":"WebSite","@id":"https:\/\/wp.kristdemokraterna.se\/linkoping\/#website","url":"https:\/\/wp.kristdemokraterna.se\/linkoping\/","name":"Kristdemokraterna i Link\u00f6ping","description":"","inLanguage":"sv-SE"},{"@type":"Person","@id":"https:\/\/wp.kristdemokraterna.se\/linkoping\/#\/schema\/person\/b0148c3c8863db76d330faa282b9521a","name":"linkoping","image":{"@type":"ImageObject","inLanguage":"sv-SE","@id":"https:\/\/secure.gravatar.com\/avatar\/016e7965fec0e08fdd07b021a7d25181278d4b29b1d5bab57b16017e35421895?s=96&r=g","url":"https:\/\/secure.gravatar.com\/avatar\/016e7965fec0e08fdd07b021a7d25181278d4b29b1d5bab57b16017e35421895?s=96&r=g","contentUrl":"https:\/\/secure.gravatar.com\/avatar\/016e7965fec0e08fdd07b021a7d25181278d4b29b1d5bab57b16017e35421895?s=96&r=g","caption":"linkoping"},"sameAs":["https:\/\/www.facebook.com\/kdlinkoping\/"],"url":"https:\/\/wp.kristdemokraterna.se\/linkoping\/author\/linkoping\/"}]}},"_links":{"self":[{"href":"https:\/\/wp.kristdemokraterna.se\/linkoping\/wp-json\/wp\/v2\/posts\/1491","targetHints":{"allow":["GET"]}}],"collection":[{"href":"https:\/\/wp.kristdemokraterna.se\/linkoping\/wp-json\/wp\/v2\/posts"}],"about":[{"href":"https:\/\/wp.kristdemokraterna.se\/linkoping\/wp-json\/wp\/v2\/types\/post"}],"author":[{"embeddable":true,"href":"https:\/\/wp.kristdemokraterna.se\/linkoping\/wp-json\/wp\/v2\/users\/410"}],"replies":[{"embeddable":true,"href":"https:\/\/wp.kristdemokraterna.se\/linkoping\/wp-json\/wp\/v2\/comments?post=1491"}],"version-history":[{"count":1,"href":"https:\/\/wp.kristdemokraterna.se\/linkoping\/wp-json\/wp\/v2\/posts\/1491\/revisions"}],"predecessor-version":[{"id":1495,"href":"https:\/\/wp.kristdemokraterna.se\/linkoping\/wp-json\/wp\/v2\/posts\/1491\/revisions\/1495"}],"wp:attachment":[{"href":"https:\/\/wp.kristdemokraterna.se\/linkoping\/wp-json\/wp\/v2\/media?parent=1491"}],"wp:term":[{"taxonomy":"category","embeddable":true,"href":"https:\/\/wp.kristdemokraterna.se\/linkoping\/wp-json\/wp\/v2\/categories?post=1491"},{"taxonomy":"post_tag","embeddable":true,"href":"https:\/\/wp.kristdemokraterna.se\/linkoping\/wp-json\/wp\/v2\/tags?post=1491"}],"curies":[{"name":"wp","href":"https:\/\/api.w.org\/{rel}","templated":true}]}}