{"id":1500,"date":"2020-03-31T09:56:17","date_gmt":"2020-03-31T07:56:17","guid":{"rendered":"http:\/\/wp.kristdemokraterna.se\/linkoping\/?p=1500"},"modified":"2021-08-13T11:46:49","modified_gmt":"2021-08-13T09:46:49","slug":"information-fran-kommunalradet-v-13","status":"publish","type":"post","link":"https:\/\/wp.kristdemokraterna.se\/linkoping\/information-fran-kommunalradet-v-13\/","title":{"rendered":"Information fr\u00e5n kommunalr\u00e5det v.13"},"content":{"rendered":"<p>Information fr\u00e5n kommunalr\u00e5det v.13 2020<br \/>\nTill KD-gruppen<br \/>\nHej v\u00e4nner!<br \/>\nJag hoppas att ni har haft en fin vecka och njutit av v\u00e5rsolen som nu har b\u00f6rjat<br \/>\natt g\u00f6ra sig p\u00e5mind. I Stadshuset lagar vi efter l\u00e4ge. M\u00f6ten forts\u00e4tter att st\u00e4llas<br \/>\nin p\u00e5 l\u00f6pande band samtidigt som det hela tiden tillkommer nya arbetsuppgifter<br \/>\ni och med de yttre omst\u00e4ndigheterna. Vi tvingas att bli kreativa och hitta nya<br \/>\ns\u00e4tt att m\u00f6tas p\u00e5. Kanske kan den h\u00e4r skymningen f\u00f6ra n\u00e5got gott med sig?<br \/>\nHela kommunen har beh\u00f6vt att snabba p\u00e5 digitaliseringsarbetet. Personligen<br \/>\ntycker jag att det fungerar utm\u00e4rkt att ha Skypem\u00f6ten d\u00e4remot saknar jag den<br \/>\nsociala aspekten. Jag hoppas att ni fortsatt \u00e4r r\u00e4dda om er och ser verkligen<br \/>\nfram emot att \u00e5terse er inom sinom tid. Till dess f\u00e5r ni h\u00e5lla till godo\u2026<br \/>\nAktuellt fr\u00e5n Stadshuset v.13<br \/>\n\u00d6vergripande l\u00e4gesbild covid-19<br \/>\nI fredags gick kommunen ut med att vi g\u00e5r upp i beredskapsniv\u00e5. Anledningen<br \/>\ntill att vi g\u00f6r det \u00e4r f\u00f6r att den lokala smittspridningen eskalerar, fler kommer<br \/>\natt insjukna och takten \u00f6kar. De allra flesta som insjuknar g\u00f6r det med mycket<br \/>\nlindriga symptom. Link\u00f6ping ligger en till tv\u00e5 veckor efter Stockholm i<br \/>\nutbredning. Varje dag m\u00e5ste anv\u00e4ndas till m\u00e5lmedvetna f\u00f6rberedelser.<br \/>\nSmittspridningen g\u00e5r nu inte att hindra eller stoppa. Hygienrutiner och<br \/>\nallm\u00e4nna r\u00e5d kring sammankomster och r\u00f6rlighet bidrar till att f\u00f6rdr\u00f6ja och<br \/>\nminska utbredningen, det \u00e4r oerh\u00f6rt viktigt f\u00f6r att v\u00e5rden inte skall<br \/>\n\u00f6verbelastas mer \u00e4n vad som \u00e4nd\u00e5 kommer att ske.<br \/>\nH\u00f6gsta prioritet \u00e4r att ge god v\u00e5rd och omsorg till de i kommunen som beh\u00f6ver<br \/>\ndet. \u00d6vriga samh\u00e4llsviktiga verksamheter ska uppr\u00e4tth\u00e5llas, liksom ledning och<br \/>\nsamordning. Resten av verksamheten st\u00e4lls om f\u00f6r att st\u00f6tta v\u00e5rd och omsorg.<br \/>\nVad inneb\u00e4r den f\u00f6r\u00e4ndrade prioriteringen?<br \/>\nAtt vi nu prioriterar om kommer att m\u00e4rkas, eftersom v\u00e5r verksamhet p\u00e5verkar<br \/>\nLink\u00f6pingsborna p\u00e5 s\u00e5 m\u00e5nga olika s\u00e4tt. Det viktigaste just nu \u00e4r att de som \u00e4r<br \/>\nsmittade och insjuknade f\u00e5r s\u00e5 god v\u00e5rd som m\u00f6jligt. Vi hoppas p\u00e5 f\u00f6rst\u00e5else<br \/>\nf\u00f6r detta. Vi st\u00e5r inf\u00f6r en situation som kr\u00e4ver h\u00e5rda prioriteringar, vilket g\u00f6r<br \/>\natt annan verksamhet m\u00e5ste st\u00e4llas \u00e5t sidan tillf\u00e4lligt.<br \/>\nVi har etablerat central krisledning, som nu samordnar arbetet. De lokala<br \/>\nstaberna arbetar med sina respektive uppdrag. Vi \u00e4r i beredskapsniv\u00e5 3, vilket<br \/>\ninneb\u00e4r en h\u00e5rdare prioritering av verksamheten och nya uppdrag till<br \/>\nf\u00f6rvaltningarna.<br \/>\nBeslutet inneb\u00e4r delvis nya direktiv f\u00f6r f\u00f6rvaltningarna. Dessa b\u00f6rjar att g\u00e4lla<br \/>\nm\u00e5ndag den 30 mars.<br \/>\nSocial- och omsorgsf\u00f6rvaltningen fokuserar helt och h\u00e5llet p\u00e5 att prioritera<br \/>\nv\u00e5rd- och omsorgsinsatser.<br \/>\nMilj\u00f6- och samh\u00e4llsbyggnadsf\u00f6rvaltningen har fr\u00e5n och med den 30 mars<br \/>\nf\u00e5tt ett samlat ansvar f\u00f6r st\u00f6dtj\u00e4nster till omsorgen. Det kan till exempel handla<br \/>\nom att s\u00e4kerst\u00e4lla transporter, matleveranser, st\u00e4dtj\u00e4nster och lokaler.<br \/>\nSubventionerad lunch till gymnasieelever<br \/>\nI torsdags gick jag och kommunalr\u00e5dskollegan \u00c5sa Wennergren ut med att<br \/>\ngymnasielever som genomf\u00f6r fj\u00e4rr- eller distansundervisning och \u00e4r<br \/>\nfolkbokf\u00f6rda i Link\u00f6pings kommun samt asyls\u00f6kande gymnasieelever med<br \/>\nLink\u00f6ping som vistelseort ska tilldelas lunchkuponger med ett v\u00e4rde p\u00e5 75<br \/>\nkronor (inklusive moms) per dag, g\u00e4llande m\u00e5ndag till fredag under april<br \/>\nm\u00e5nad 2020 under ordinarie skoldagar med undervisning. Beslutet ska<br \/>\nverkst\u00e4llas med b\u00f6rjan senast 1 april 2020. Syftet med beslutet \u00e4r att s\u00e4kerst\u00e4lla<br \/>\natt gymnasielever f\u00e5r en lunchm\u00e5ltid.<br \/>\nPersonligen v\u00e4lkomnar jag beslutet, det \u00e4r ett viktigt st\u00f6d till branschen och det<br \/>\nlokala n\u00e4ringslivet. Det vore v\u00e4ldigt olyckligt om denna kris leder till att<br \/>\nLink\u00f6pings restauranger tvingas st\u00e4nga ner, vilket skulle inneb\u00e4ra f\u00f6rlorade<br \/>\narbetstillf\u00e4llen, minskat f\u00f6retagande och f\u00f6rs\u00e4mrad livskvalitet f\u00f6r inv\u00e5narna i<br \/>\nLink\u00f6pings kommun. Den praktiska l\u00f6sningen f\u00f6rbereds nu. I den ing\u00e5r att ta<br \/>\nh\u00e4nsyn till Folkh\u00e4lsomyndighetens rekommendationer vad g\u00e4ller<br \/>\nsmittspridning.<br \/>\nVill du hj\u00e4lpa din medm\u00e4nniska?<br \/>\nVill du engagera dig som volont\u00e4r? Eller st\u00f6tta en lokal n\u00e4ringsidkare? Genom<br \/>\ninitiativet &#8221;Link\u00f6ping tillsammans&#8221; vill Link\u00f6pings kommun samla de goda<br \/>\nkrafterna f\u00f6r att klara den h\u00e4r krisen. Flera ideella organisationer jobbar nu f\u00f6r<br \/>\natt m\u00f6ta behoven hos de som drabbas av effekterna av coronaviruset. Genom<br \/>\natt kontakta dessa organisationer f\u00e5r du veta mer om hur du kan bidra hos<br \/>\ndem<\/p>\n","protected":false},"excerpt":{"rendered":"<p>Information fr\u00e5n kommunalr\u00e5det v.13 2020 Till KD-gruppen Hej v\u00e4nner! Jag hoppas att ni har haft en fin vecka och njutit av v\u00e5rsolen som nu har b\u00f6rjat att g\u00f6ra sig p\u00e5mind. I Stadshuset lagar vi efter l\u00e4ge. M\u00f6ten forts\u00e4tter att st\u00e4llas in p\u00e5 l\u00f6pande band samtidigt som det hela tiden tillkommer nya arbetsuppgifter i och med <a class=\"read-more-link\" href=\"https:\/\/wp.kristdemokraterna.se\/linkoping\/information-fran-kommunalradet-v-13\/\">Read More<\/a><\/p>\n","protected":false},"author":410,"featured_media":0,"comment_status":"closed","ping_status":"closed","sticky":false,"template":"","format":"standard","meta":{"_acf_changed":false,"footnotes":""},"categories":[22,1],"tags":[],"class_list":["post-1500","post","type-post","status-publish","format-standard","hentry","category-arkiv","category-okategoriserade"],"acf":[],"yoast_head":"<!-- This site is optimized with the Yoast SEO plugin v27.4 - https:\/\/yoast.com\/product\/yoast-seo-wordpress\/ -->\n<title>Information fr\u00e5n kommunalr\u00e5det v.13 - Kristdemokraterna i Link\u00f6ping<\/title>\n<meta name=\"robots\" content=\"index, follow, max-snippet:-1, max-image-preview:large, max-video-preview:-1\" \/>\n<link rel=\"canonical\" href=\"https:\/\/wp.kristdemokraterna.se\/linkoping\/information-fran-kommunalradet-v-13\/\" \/>\n<meta property=\"og:locale\" content=\"sv_SE\" \/>\n<meta property=\"og:type\" content=\"article\" \/>\n<meta property=\"og:title\" content=\"Information fr\u00e5n kommunalr\u00e5det v.13 - Kristdemokraterna i Link\u00f6ping\" \/>\n<meta property=\"og:description\" content=\"Information fr\u00e5n kommunalr\u00e5det v.13 2020 Till KD-gruppen Hej v\u00e4nner! Jag hoppas att ni har haft en fin vecka och njutit av v\u00e5rsolen som nu har b\u00f6rjat att g\u00f6ra sig p\u00e5mind. I Stadshuset lagar vi efter l\u00e4ge. M\u00f6ten forts\u00e4tter att st\u00e4llas in p\u00e5 l\u00f6pande band samtidigt som det hela tiden tillkommer nya arbetsuppgifter i och med Read More\" \/>\n<meta property=\"og:url\" content=\"https:\/\/wp.kristdemokraterna.se\/linkoping\/information-fran-kommunalradet-v-13\/\" \/>\n<meta property=\"og:site_name\" content=\"Kristdemokraterna i Link\u00f6ping\" \/>\n<meta property=\"article:author\" content=\"https:\/\/www.facebook.com\/kdlinkoping\/\" \/>\n<meta property=\"article:published_time\" content=\"2020-03-31T07:56:17+00:00\" \/>\n<meta property=\"article:modified_time\" content=\"2021-08-13T09:46:49+00:00\" \/>\n<meta name=\"author\" content=\"linkoping\" \/>\n<meta name=\"twitter:card\" content=\"summary_large_image\" \/>\n<meta name=\"twitter:label1\" content=\"Skriven av\" \/>\n\t<meta name=\"twitter:data1\" content=\"linkoping\" \/>\n\t<meta name=\"twitter:label2\" content=\"Ber\u00e4knad l\u00e4stid\" \/>\n\t<meta name=\"twitter:data2\" content=\"4 minuter\" \/>\n<script type=\"application\/ld+json\" class=\"yoast-schema-graph\">{\"@context\":\"https:\\\/\\\/schema.org\",\"@graph\":[{\"@type\":\"Article\",\"@id\":\"https:\\\/\\\/wp.kristdemokraterna.se\\\/linkoping\\\/information-fran-kommunalradet-v-13\\\/#article\",\"isPartOf\":{\"@id\":\"https:\\\/\\\/wp.kristdemokraterna.se\\\/linkoping\\\/information-fran-kommunalradet-v-13\\\/\"},\"author\":{\"name\":\"linkoping\",\"@id\":\"https:\\\/\\\/wp.kristdemokraterna.se\\\/linkoping\\\/#\\\/schema\\\/person\\\/b0148c3c8863db76d330faa282b9521a\"},\"headline\":\"Information fr\u00e5n kommunalr\u00e5det v.13\",\"datePublished\":\"2020-03-31T07:56:17+00:00\",\"dateModified\":\"2021-08-13T09:46:49+00:00\",\"mainEntityOfPage\":{\"@id\":\"https:\\\/\\\/wp.kristdemokraterna.se\\\/linkoping\\\/information-fran-kommunalradet-v-13\\\/\"},\"wordCount\":792,\"articleSection\":[\"arkiv\",\"okategoriserade\"],\"inLanguage\":\"sv-SE\"},{\"@type\":\"WebPage\",\"@id\":\"https:\\\/\\\/wp.kristdemokraterna.se\\\/linkoping\\\/information-fran-kommunalradet-v-13\\\/\",\"url\":\"https:\\\/\\\/wp.kristdemokraterna.se\\\/linkoping\\\/information-fran-kommunalradet-v-13\\\/\",\"name\":\"Information fr\u00e5n kommunalr\u00e5det v.13 - Kristdemokraterna i Link\u00f6ping\",\"isPartOf\":{\"@id\":\"https:\\\/\\\/wp.kristdemokraterna.se\\\/linkoping\\\/#website\"},\"datePublished\":\"2020-03-31T07:56:17+00:00\",\"dateModified\":\"2021-08-13T09:46:49+00:00\",\"author\":{\"@id\":\"https:\\\/\\\/wp.kristdemokraterna.se\\\/linkoping\\\/#\\\/schema\\\/person\\\/b0148c3c8863db76d330faa282b9521a\"},\"breadcrumb\":{\"@id\":\"https:\\\/\\\/wp.kristdemokraterna.se\\\/linkoping\\\/information-fran-kommunalradet-v-13\\\/#breadcrumb\"},\"inLanguage\":\"sv-SE\",\"potentialAction\":[{\"@type\":\"ReadAction\",\"target\":[\"https:\\\/\\\/wp.kristdemokraterna.se\\\/linkoping\\\/information-fran-kommunalradet-v-13\\\/\"]}]},{\"@type\":\"BreadcrumbList\",\"@id\":\"https:\\\/\\\/wp.kristdemokraterna.se\\\/linkoping\\\/information-fran-kommunalradet-v-13\\\/#breadcrumb\",\"itemListElement\":[{\"@type\":\"ListItem\",\"position\":1,\"name\":\"Hem\",\"item\":\"https:\\\/\\\/wp.kristdemokraterna.se\\\/linkoping\\\/\"},{\"@type\":\"ListItem\",\"position\":2,\"name\":\"Information fr\u00e5n kommunalr\u00e5det v.13\"}]},{\"@type\":\"WebSite\",\"@id\":\"https:\\\/\\\/wp.kristdemokraterna.se\\\/linkoping\\\/#website\",\"url\":\"https:\\\/\\\/wp.kristdemokraterna.se\\\/linkoping\\\/\",\"name\":\"Kristdemokraterna i Link\u00f6ping\",\"description\":\"\",\"inLanguage\":\"sv-SE\"},{\"@type\":\"Person\",\"@id\":\"https:\\\/\\\/wp.kristdemokraterna.se\\\/linkoping\\\/#\\\/schema\\\/person\\\/b0148c3c8863db76d330faa282b9521a\",\"name\":\"linkoping\",\"image\":{\"@type\":\"ImageObject\",\"inLanguage\":\"sv-SE\",\"@id\":\"https:\\\/\\\/secure.gravatar.com\\\/avatar\\\/016e7965fec0e08fdd07b021a7d25181278d4b29b1d5bab57b16017e35421895?s=96&r=g\",\"url\":\"https:\\\/\\\/secure.gravatar.com\\\/avatar\\\/016e7965fec0e08fdd07b021a7d25181278d4b29b1d5bab57b16017e35421895?s=96&r=g\",\"contentUrl\":\"https:\\\/\\\/secure.gravatar.com\\\/avatar\\\/016e7965fec0e08fdd07b021a7d25181278d4b29b1d5bab57b16017e35421895?s=96&r=g\",\"caption\":\"linkoping\"},\"sameAs\":[\"https:\\\/\\\/www.facebook.com\\\/kdlinkoping\\\/\"],\"url\":\"https:\\\/\\\/wp.kristdemokraterna.se\\\/linkoping\\\/author\\\/linkoping\\\/\"}]}<\/script>\n<!-- \/ Yoast SEO plugin. -->","yoast_head_json":{"title":"Information fr\u00e5n kommunalr\u00e5det v.13 - Kristdemokraterna i Link\u00f6ping","robots":{"index":"index","follow":"follow","max-snippet":"max-snippet:-1","max-image-preview":"max-image-preview:large","max-video-preview":"max-video-preview:-1"},"canonical":"https:\/\/wp.kristdemokraterna.se\/linkoping\/information-fran-kommunalradet-v-13\/","og_locale":"sv_SE","og_type":"article","og_title":"Information fr\u00e5n kommunalr\u00e5det v.13 - Kristdemokraterna i Link\u00f6ping","og_description":"Information fr\u00e5n kommunalr\u00e5det v.13 2020 Till KD-gruppen Hej v\u00e4nner! Jag hoppas att ni har haft en fin vecka och njutit av v\u00e5rsolen som nu har b\u00f6rjat att g\u00f6ra sig p\u00e5mind. I Stadshuset lagar vi efter l\u00e4ge. M\u00f6ten forts\u00e4tter att st\u00e4llas in p\u00e5 l\u00f6pande band samtidigt som det hela tiden tillkommer nya arbetsuppgifter i och med Read More","og_url":"https:\/\/wp.kristdemokraterna.se\/linkoping\/information-fran-kommunalradet-v-13\/","og_site_name":"Kristdemokraterna i Link\u00f6ping","article_author":"https:\/\/www.facebook.com\/kdlinkoping\/","article_published_time":"2020-03-31T07:56:17+00:00","article_modified_time":"2021-08-13T09:46:49+00:00","author":"linkoping","twitter_card":"summary_large_image","twitter_misc":{"Skriven av":"linkoping","Ber\u00e4knad l\u00e4stid":"4 minuter"},"schema":{"@context":"https:\/\/schema.org","@graph":[{"@type":"Article","@id":"https:\/\/wp.kristdemokraterna.se\/linkoping\/information-fran-kommunalradet-v-13\/#article","isPartOf":{"@id":"https:\/\/wp.kristdemokraterna.se\/linkoping\/information-fran-kommunalradet-v-13\/"},"author":{"name":"linkoping","@id":"https:\/\/wp.kristdemokraterna.se\/linkoping\/#\/schema\/person\/b0148c3c8863db76d330faa282b9521a"},"headline":"Information fr\u00e5n kommunalr\u00e5det v.13","datePublished":"2020-03-31T07:56:17+00:00","dateModified":"2021-08-13T09:46:49+00:00","mainEntityOfPage":{"@id":"https:\/\/wp.kristdemokraterna.se\/linkoping\/information-fran-kommunalradet-v-13\/"},"wordCount":792,"articleSection":["arkiv","okategoriserade"],"inLanguage":"sv-SE"},{"@type":"WebPage","@id":"https:\/\/wp.kristdemokraterna.se\/linkoping\/information-fran-kommunalradet-v-13\/","url":"https:\/\/wp.kristdemokraterna.se\/linkoping\/information-fran-kommunalradet-v-13\/","name":"Information fr\u00e5n kommunalr\u00e5det v.13 - Kristdemokraterna i Link\u00f6ping","isPartOf":{"@id":"https:\/\/wp.kristdemokraterna.se\/linkoping\/#website"},"datePublished":"2020-03-31T07:56:17+00:00","dateModified":"2021-08-13T09:46:49+00:00","author":{"@id":"https:\/\/wp.kristdemokraterna.se\/linkoping\/#\/schema\/person\/b0148c3c8863db76d330faa282b9521a"},"breadcrumb":{"@id":"https:\/\/wp.kristdemokraterna.se\/linkoping\/information-fran-kommunalradet-v-13\/#breadcrumb"},"inLanguage":"sv-SE","potentialAction":[{"@type":"ReadAction","target":["https:\/\/wp.kristdemokraterna.se\/linkoping\/information-fran-kommunalradet-v-13\/"]}]},{"@type":"BreadcrumbList","@id":"https:\/\/wp.kristdemokraterna.se\/linkoping\/information-fran-kommunalradet-v-13\/#breadcrumb","itemListElement":[{"@type":"ListItem","position":1,"name":"Hem","item":"https:\/\/wp.kristdemokraterna.se\/linkoping\/"},{"@type":"ListItem","position":2,"name":"Information fr\u00e5n kommunalr\u00e5det v.13"}]},{"@type":"WebSite","@id":"https:\/\/wp.kristdemokraterna.se\/linkoping\/#website","url":"https:\/\/wp.kristdemokraterna.se\/linkoping\/","name":"Kristdemokraterna i Link\u00f6ping","description":"","inLanguage":"sv-SE"},{"@type":"Person","@id":"https:\/\/wp.kristdemokraterna.se\/linkoping\/#\/schema\/person\/b0148c3c8863db76d330faa282b9521a","name":"linkoping","image":{"@type":"ImageObject","inLanguage":"sv-SE","@id":"https:\/\/secure.gravatar.com\/avatar\/016e7965fec0e08fdd07b021a7d25181278d4b29b1d5bab57b16017e35421895?s=96&r=g","url":"https:\/\/secure.gravatar.com\/avatar\/016e7965fec0e08fdd07b021a7d25181278d4b29b1d5bab57b16017e35421895?s=96&r=g","contentUrl":"https:\/\/secure.gravatar.com\/avatar\/016e7965fec0e08fdd07b021a7d25181278d4b29b1d5bab57b16017e35421895?s=96&r=g","caption":"linkoping"},"sameAs":["https:\/\/www.facebook.com\/kdlinkoping\/"],"url":"https:\/\/wp.kristdemokraterna.se\/linkoping\/author\/linkoping\/"}]}},"_links":{"self":[{"href":"https:\/\/wp.kristdemokraterna.se\/linkoping\/wp-json\/wp\/v2\/posts\/1500","targetHints":{"allow":["GET"]}}],"collection":[{"href":"https:\/\/wp.kristdemokraterna.se\/linkoping\/wp-json\/wp\/v2\/posts"}],"about":[{"href":"https:\/\/wp.kristdemokraterna.se\/linkoping\/wp-json\/wp\/v2\/types\/post"}],"author":[{"embeddable":true,"href":"https:\/\/wp.kristdemokraterna.se\/linkoping\/wp-json\/wp\/v2\/users\/410"}],"replies":[{"embeddable":true,"href":"https:\/\/wp.kristdemokraterna.se\/linkoping\/wp-json\/wp\/v2\/comments?post=1500"}],"version-history":[{"count":1,"href":"https:\/\/wp.kristdemokraterna.se\/linkoping\/wp-json\/wp\/v2\/posts\/1500\/revisions"}],"predecessor-version":[{"id":1501,"href":"https:\/\/wp.kristdemokraterna.se\/linkoping\/wp-json\/wp\/v2\/posts\/1500\/revisions\/1501"}],"wp:attachment":[{"href":"https:\/\/wp.kristdemokraterna.se\/linkoping\/wp-json\/wp\/v2\/media?parent=1500"}],"wp:term":[{"taxonomy":"category","embeddable":true,"href":"https:\/\/wp.kristdemokraterna.se\/linkoping\/wp-json\/wp\/v2\/categories?post=1500"},{"taxonomy":"post_tag","embeddable":true,"href":"https:\/\/wp.kristdemokraterna.se\/linkoping\/wp-json\/wp\/v2\/tags?post=1500"}],"curies":[{"name":"wp","href":"https:\/\/api.w.org\/{rel}","templated":true}]}}