{"id":1502,"date":"2020-04-03T09:59:29","date_gmt":"2020-04-03T07:59:29","guid":{"rendered":"http:\/\/wp.kristdemokraterna.se\/linkoping\/?p=1502"},"modified":"2021-08-13T11:46:49","modified_gmt":"2021-08-13T09:46:49","slug":"civilsamhallet-behover-din-hjalp","status":"publish","type":"post","link":"https:\/\/wp.kristdemokraterna.se\/linkoping\/civilsamhallet-behover-din-hjalp\/","title":{"rendered":"Civilsamh\u00e4llet beh\u00f6ver din hj\u00e4lp"},"content":{"rendered":"<div class=\"kvgmc6g5 cxmmr5t8 oygrvhab hcukyx3x c1et5uql ii04i59q\">\n<div dir=\"auto\">Det \u00e4r pr\u00f6vningarnas tid i Link\u00f6pings kommun, och inte bara f\u00f6r h\u00e4lsan. M\u00e5nga f\u00f6retag och organisationer vittnar om ett tufft ekonomiskt l\u00e4ge. Med anledning av detta bes\u00f6kte v\u00e5rt kommunalr\u00e5d Denise Cassel Mikael Joum\u00e9, direktor p\u00e5 Hj\u00e4rta till Hj\u00e4rta under g\u00e5rdagen. En butik som bedriver en stor social verksamhet mycket tack vare deras fantastiska volont\u00e4rer.<\/div>\n<\/div>\n<div class=\"o9v6fnle cxmmr5t8 oygrvhab hcukyx3x c1et5uql ii04i59q\">\n<div dir=\"auto\">Enligt Folkh\u00e4lsomyndigheten b\u00f6r personer som \u00e4r 70 \u00e5r eller \u00e4ldre stanna hemma. N\u00e5got som drabbar verksamheten v\u00e4ldigt h\u00e5rt, eftersom volont\u00e4rerna n\u00e4stan uteslutande \u00e4r 70 \u00e5r och \u00e4ldre. Det inneb\u00e4r att det just nu \u00e4r en mycket mindre personalstyrka som h\u00e5ller uppe verksamheten. Folk l\u00e4mnar inte in varor som de brukar g\u00f6ra och f\u00f6rs\u00e4ljningen g\u00e5r ner.<\/div>\n<\/div>\n<div class=\"o9v6fnle cxmmr5t8 oygrvhab hcukyx3x c1et5uql ii04i59q\">\n<div dir=\"auto\">Allt \u00f6verskott fr\u00e5n butiken g\u00e5r b.la till att bedriva bist\u00e5ndsarbete f\u00f6r barn i utsatthet i Sverige och i Europa. Hela aff\u00e4rsid\u00e9n \u00e4r att hj\u00e4lpa andra m\u00e4nniskor, n\u00e4r pengarna inte l\u00e4ngre kommer in blir ocks\u00e5 det arbetet lidande.<\/div>\n<\/div>\n<div class=\"o9v6fnle cxmmr5t8 oygrvhab hcukyx3x c1et5uql ii04i59q\">\n<div dir=\"auto\">Att kunna swisha en liten slant och vara med och hj\u00e4lpa till att r\u00e4dda Hj\u00e4rtat k\u00e4nns d\u00e4rf\u00f6r mycket betydelsefullt.<\/div>\n<\/div>\n","protected":false},"excerpt":{"rendered":"<p>Det \u00e4r pr\u00f6vningarnas tid i Link\u00f6pings kommun, och inte bara f\u00f6r h\u00e4lsan. M\u00e5nga f\u00f6retag och organisationer vittnar om ett tufft ekonomiskt l\u00e4ge. Med anledning av detta bes\u00f6kte v\u00e5rt kommunalr\u00e5d Denise Cassel Mikael Joum\u00e9, direktor p\u00e5 Hj\u00e4rta till Hj\u00e4rta under g\u00e5rdagen. En butik som bedriver en stor social verksamhet mycket tack vare deras fantastiska volont\u00e4rer. Enligt <a class=\"read-more-link\" href=\"https:\/\/wp.kristdemokraterna.se\/linkoping\/civilsamhallet-behover-din-hjalp\/\">Read More<\/a><\/p>\n","protected":false},"author":410,"featured_media":0,"comment_status":"closed","ping_status":"closed","sticky":false,"template":"","format":"standard","meta":{"_acf_changed":false,"footnotes":""},"categories":[22,1],"tags":[],"class_list":["post-1502","post","type-post","status-publish","format-standard","hentry","category-arkiv","category-okategoriserade"],"acf":[],"yoast_head":"<!-- This site is optimized with the Yoast SEO plugin v27.4 - https:\/\/yoast.com\/product\/yoast-seo-wordpress\/ -->\n<title>Civilsamh\u00e4llet beh\u00f6ver din hj\u00e4lp - Kristdemokraterna i Link\u00f6ping<\/title>\n<meta name=\"robots\" content=\"index, follow, max-snippet:-1, max-image-preview:large, max-video-preview:-1\" \/>\n<link rel=\"canonical\" href=\"https:\/\/wp.kristdemokraterna.se\/linkoping\/civilsamhallet-behover-din-hjalp\/\" \/>\n<meta property=\"og:locale\" content=\"sv_SE\" \/>\n<meta property=\"og:type\" content=\"article\" \/>\n<meta property=\"og:title\" content=\"Civilsamh\u00e4llet beh\u00f6ver din hj\u00e4lp - Kristdemokraterna i Link\u00f6ping\" \/>\n<meta property=\"og:description\" content=\"Det \u00e4r pr\u00f6vningarnas tid i Link\u00f6pings kommun, och inte bara f\u00f6r h\u00e4lsan. M\u00e5nga f\u00f6retag och organisationer vittnar om ett tufft ekonomiskt l\u00e4ge. Med anledning av detta bes\u00f6kte v\u00e5rt kommunalr\u00e5d Denise Cassel Mikael Joum\u00e9, direktor p\u00e5 Hj\u00e4rta till Hj\u00e4rta under g\u00e5rdagen. En butik som bedriver en stor social verksamhet mycket tack vare deras fantastiska volont\u00e4rer. Enligt Read More\" \/>\n<meta property=\"og:url\" content=\"https:\/\/wp.kristdemokraterna.se\/linkoping\/civilsamhallet-behover-din-hjalp\/\" \/>\n<meta property=\"og:site_name\" content=\"Kristdemokraterna i Link\u00f6ping\" \/>\n<meta property=\"article:author\" content=\"https:\/\/www.facebook.com\/kdlinkoping\/\" \/>\n<meta property=\"article:published_time\" content=\"2020-04-03T07:59:29+00:00\" \/>\n<meta property=\"article:modified_time\" content=\"2021-08-13T09:46:49+00:00\" \/>\n<meta name=\"author\" content=\"linkoping\" \/>\n<meta name=\"twitter:card\" content=\"summary_large_image\" \/>\n<meta name=\"twitter:label1\" content=\"Skriven av\" \/>\n\t<meta name=\"twitter:data1\" content=\"linkoping\" \/>\n\t<meta name=\"twitter:label2\" content=\"Ber\u00e4knad l\u00e4stid\" \/>\n\t<meta name=\"twitter:data2\" content=\"1 minut\" \/>\n<script type=\"application\/ld+json\" class=\"yoast-schema-graph\">{\"@context\":\"https:\\\/\\\/schema.org\",\"@graph\":[{\"@type\":\"Article\",\"@id\":\"https:\\\/\\\/wp.kristdemokraterna.se\\\/linkoping\\\/civilsamhallet-behover-din-hjalp\\\/#article\",\"isPartOf\":{\"@id\":\"https:\\\/\\\/wp.kristdemokraterna.se\\\/linkoping\\\/civilsamhallet-behover-din-hjalp\\\/\"},\"author\":{\"name\":\"linkoping\",\"@id\":\"https:\\\/\\\/wp.kristdemokraterna.se\\\/linkoping\\\/#\\\/schema\\\/person\\\/b0148c3c8863db76d330faa282b9521a\"},\"headline\":\"Civilsamh\u00e4llet beh\u00f6ver din hj\u00e4lp\",\"datePublished\":\"2020-04-03T07:59:29+00:00\",\"dateModified\":\"2021-08-13T09:46:49+00:00\",\"mainEntityOfPage\":{\"@id\":\"https:\\\/\\\/wp.kristdemokraterna.se\\\/linkoping\\\/civilsamhallet-behover-din-hjalp\\\/\"},\"wordCount\":215,\"articleSection\":[\"arkiv\",\"okategoriserade\"],\"inLanguage\":\"sv-SE\"},{\"@type\":\"WebPage\",\"@id\":\"https:\\\/\\\/wp.kristdemokraterna.se\\\/linkoping\\\/civilsamhallet-behover-din-hjalp\\\/\",\"url\":\"https:\\\/\\\/wp.kristdemokraterna.se\\\/linkoping\\\/civilsamhallet-behover-din-hjalp\\\/\",\"name\":\"Civilsamh\u00e4llet beh\u00f6ver din hj\u00e4lp - Kristdemokraterna i Link\u00f6ping\",\"isPartOf\":{\"@id\":\"https:\\\/\\\/wp.kristdemokraterna.se\\\/linkoping\\\/#website\"},\"datePublished\":\"2020-04-03T07:59:29+00:00\",\"dateModified\":\"2021-08-13T09:46:49+00:00\",\"author\":{\"@id\":\"https:\\\/\\\/wp.kristdemokraterna.se\\\/linkoping\\\/#\\\/schema\\\/person\\\/b0148c3c8863db76d330faa282b9521a\"},\"breadcrumb\":{\"@id\":\"https:\\\/\\\/wp.kristdemokraterna.se\\\/linkoping\\\/civilsamhallet-behover-din-hjalp\\\/#breadcrumb\"},\"inLanguage\":\"sv-SE\",\"potentialAction\":[{\"@type\":\"ReadAction\",\"target\":[\"https:\\\/\\\/wp.kristdemokraterna.se\\\/linkoping\\\/civilsamhallet-behover-din-hjalp\\\/\"]}]},{\"@type\":\"BreadcrumbList\",\"@id\":\"https:\\\/\\\/wp.kristdemokraterna.se\\\/linkoping\\\/civilsamhallet-behover-din-hjalp\\\/#breadcrumb\",\"itemListElement\":[{\"@type\":\"ListItem\",\"position\":1,\"name\":\"Hem\",\"item\":\"https:\\\/\\\/wp.kristdemokraterna.se\\\/linkoping\\\/\"},{\"@type\":\"ListItem\",\"position\":2,\"name\":\"Civilsamh\u00e4llet beh\u00f6ver din hj\u00e4lp\"}]},{\"@type\":\"WebSite\",\"@id\":\"https:\\\/\\\/wp.kristdemokraterna.se\\\/linkoping\\\/#website\",\"url\":\"https:\\\/\\\/wp.kristdemokraterna.se\\\/linkoping\\\/\",\"name\":\"Kristdemokraterna i Link\u00f6ping\",\"description\":\"\",\"inLanguage\":\"sv-SE\"},{\"@type\":\"Person\",\"@id\":\"https:\\\/\\\/wp.kristdemokraterna.se\\\/linkoping\\\/#\\\/schema\\\/person\\\/b0148c3c8863db76d330faa282b9521a\",\"name\":\"linkoping\",\"image\":{\"@type\":\"ImageObject\",\"inLanguage\":\"sv-SE\",\"@id\":\"https:\\\/\\\/secure.gravatar.com\\\/avatar\\\/016e7965fec0e08fdd07b021a7d25181278d4b29b1d5bab57b16017e35421895?s=96&r=g\",\"url\":\"https:\\\/\\\/secure.gravatar.com\\\/avatar\\\/016e7965fec0e08fdd07b021a7d25181278d4b29b1d5bab57b16017e35421895?s=96&r=g\",\"contentUrl\":\"https:\\\/\\\/secure.gravatar.com\\\/avatar\\\/016e7965fec0e08fdd07b021a7d25181278d4b29b1d5bab57b16017e35421895?s=96&r=g\",\"caption\":\"linkoping\"},\"sameAs\":[\"https:\\\/\\\/www.facebook.com\\\/kdlinkoping\\\/\"],\"url\":\"https:\\\/\\\/wp.kristdemokraterna.se\\\/linkoping\\\/author\\\/linkoping\\\/\"}]}<\/script>\n<!-- \/ Yoast SEO plugin. -->","yoast_head_json":{"title":"Civilsamh\u00e4llet beh\u00f6ver din hj\u00e4lp - Kristdemokraterna i Link\u00f6ping","robots":{"index":"index","follow":"follow","max-snippet":"max-snippet:-1","max-image-preview":"max-image-preview:large","max-video-preview":"max-video-preview:-1"},"canonical":"https:\/\/wp.kristdemokraterna.se\/linkoping\/civilsamhallet-behover-din-hjalp\/","og_locale":"sv_SE","og_type":"article","og_title":"Civilsamh\u00e4llet beh\u00f6ver din hj\u00e4lp - Kristdemokraterna i Link\u00f6ping","og_description":"Det \u00e4r pr\u00f6vningarnas tid i Link\u00f6pings kommun, och inte bara f\u00f6r h\u00e4lsan. M\u00e5nga f\u00f6retag och organisationer vittnar om ett tufft ekonomiskt l\u00e4ge. Med anledning av detta bes\u00f6kte v\u00e5rt kommunalr\u00e5d Denise Cassel Mikael Joum\u00e9, direktor p\u00e5 Hj\u00e4rta till Hj\u00e4rta under g\u00e5rdagen. En butik som bedriver en stor social verksamhet mycket tack vare deras fantastiska volont\u00e4rer. Enligt Read More","og_url":"https:\/\/wp.kristdemokraterna.se\/linkoping\/civilsamhallet-behover-din-hjalp\/","og_site_name":"Kristdemokraterna i Link\u00f6ping","article_author":"https:\/\/www.facebook.com\/kdlinkoping\/","article_published_time":"2020-04-03T07:59:29+00:00","article_modified_time":"2021-08-13T09:46:49+00:00","author":"linkoping","twitter_card":"summary_large_image","twitter_misc":{"Skriven av":"linkoping","Ber\u00e4knad l\u00e4stid":"1 minut"},"schema":{"@context":"https:\/\/schema.org","@graph":[{"@type":"Article","@id":"https:\/\/wp.kristdemokraterna.se\/linkoping\/civilsamhallet-behover-din-hjalp\/#article","isPartOf":{"@id":"https:\/\/wp.kristdemokraterna.se\/linkoping\/civilsamhallet-behover-din-hjalp\/"},"author":{"name":"linkoping","@id":"https:\/\/wp.kristdemokraterna.se\/linkoping\/#\/schema\/person\/b0148c3c8863db76d330faa282b9521a"},"headline":"Civilsamh\u00e4llet beh\u00f6ver din hj\u00e4lp","datePublished":"2020-04-03T07:59:29+00:00","dateModified":"2021-08-13T09:46:49+00:00","mainEntityOfPage":{"@id":"https:\/\/wp.kristdemokraterna.se\/linkoping\/civilsamhallet-behover-din-hjalp\/"},"wordCount":215,"articleSection":["arkiv","okategoriserade"],"inLanguage":"sv-SE"},{"@type":"WebPage","@id":"https:\/\/wp.kristdemokraterna.se\/linkoping\/civilsamhallet-behover-din-hjalp\/","url":"https:\/\/wp.kristdemokraterna.se\/linkoping\/civilsamhallet-behover-din-hjalp\/","name":"Civilsamh\u00e4llet beh\u00f6ver din hj\u00e4lp - Kristdemokraterna i Link\u00f6ping","isPartOf":{"@id":"https:\/\/wp.kristdemokraterna.se\/linkoping\/#website"},"datePublished":"2020-04-03T07:59:29+00:00","dateModified":"2021-08-13T09:46:49+00:00","author":{"@id":"https:\/\/wp.kristdemokraterna.se\/linkoping\/#\/schema\/person\/b0148c3c8863db76d330faa282b9521a"},"breadcrumb":{"@id":"https:\/\/wp.kristdemokraterna.se\/linkoping\/civilsamhallet-behover-din-hjalp\/#breadcrumb"},"inLanguage":"sv-SE","potentialAction":[{"@type":"ReadAction","target":["https:\/\/wp.kristdemokraterna.se\/linkoping\/civilsamhallet-behover-din-hjalp\/"]}]},{"@type":"BreadcrumbList","@id":"https:\/\/wp.kristdemokraterna.se\/linkoping\/civilsamhallet-behover-din-hjalp\/#breadcrumb","itemListElement":[{"@type":"ListItem","position":1,"name":"Hem","item":"https:\/\/wp.kristdemokraterna.se\/linkoping\/"},{"@type":"ListItem","position":2,"name":"Civilsamh\u00e4llet beh\u00f6ver din hj\u00e4lp"}]},{"@type":"WebSite","@id":"https:\/\/wp.kristdemokraterna.se\/linkoping\/#website","url":"https:\/\/wp.kristdemokraterna.se\/linkoping\/","name":"Kristdemokraterna i Link\u00f6ping","description":"","inLanguage":"sv-SE"},{"@type":"Person","@id":"https:\/\/wp.kristdemokraterna.se\/linkoping\/#\/schema\/person\/b0148c3c8863db76d330faa282b9521a","name":"linkoping","image":{"@type":"ImageObject","inLanguage":"sv-SE","@id":"https:\/\/secure.gravatar.com\/avatar\/016e7965fec0e08fdd07b021a7d25181278d4b29b1d5bab57b16017e35421895?s=96&r=g","url":"https:\/\/secure.gravatar.com\/avatar\/016e7965fec0e08fdd07b021a7d25181278d4b29b1d5bab57b16017e35421895?s=96&r=g","contentUrl":"https:\/\/secure.gravatar.com\/avatar\/016e7965fec0e08fdd07b021a7d25181278d4b29b1d5bab57b16017e35421895?s=96&r=g","caption":"linkoping"},"sameAs":["https:\/\/www.facebook.com\/kdlinkoping\/"],"url":"https:\/\/wp.kristdemokraterna.se\/linkoping\/author\/linkoping\/"}]}},"_links":{"self":[{"href":"https:\/\/wp.kristdemokraterna.se\/linkoping\/wp-json\/wp\/v2\/posts\/1502","targetHints":{"allow":["GET"]}}],"collection":[{"href":"https:\/\/wp.kristdemokraterna.se\/linkoping\/wp-json\/wp\/v2\/posts"}],"about":[{"href":"https:\/\/wp.kristdemokraterna.se\/linkoping\/wp-json\/wp\/v2\/types\/post"}],"author":[{"embeddable":true,"href":"https:\/\/wp.kristdemokraterna.se\/linkoping\/wp-json\/wp\/v2\/users\/410"}],"replies":[{"embeddable":true,"href":"https:\/\/wp.kristdemokraterna.se\/linkoping\/wp-json\/wp\/v2\/comments?post=1502"}],"version-history":[{"count":1,"href":"https:\/\/wp.kristdemokraterna.se\/linkoping\/wp-json\/wp\/v2\/posts\/1502\/revisions"}],"predecessor-version":[{"id":1504,"href":"https:\/\/wp.kristdemokraterna.se\/linkoping\/wp-json\/wp\/v2\/posts\/1502\/revisions\/1504"}],"wp:attachment":[{"href":"https:\/\/wp.kristdemokraterna.se\/linkoping\/wp-json\/wp\/v2\/media?parent=1502"}],"wp:term":[{"taxonomy":"category","embeddable":true,"href":"https:\/\/wp.kristdemokraterna.se\/linkoping\/wp-json\/wp\/v2\/categories?post=1502"},{"taxonomy":"post_tag","embeddable":true,"href":"https:\/\/wp.kristdemokraterna.se\/linkoping\/wp-json\/wp\/v2\/tags?post=1502"}],"curies":[{"name":"wp","href":"https:\/\/api.w.org\/{rel}","templated":true}]}}