{"id":1510,"date":"2020-04-15T10:29:26","date_gmt":"2020-04-15T08:29:26","guid":{"rendered":"http:\/\/wp.kristdemokraterna.se\/linkoping\/?p=1510"},"modified":"2021-08-13T14:15:58","modified_gmt":"2021-08-13T12:15:58","slug":"1510-2","status":"publish","type":"post","link":"https:\/\/wp.kristdemokraterna.se\/linkoping\/1510-2\/","title":{"rendered":"Information fr\u00e5n kommunalr\u00e5det v14-15"},"content":{"rendered":"<p>Information fr\u00e5n kommunalr\u00e5det v. 14-15 2020<\/p>\n<p>Till KD-gruppen<\/p>\n<p>Hej v\u00e4nner!<br \/>\nJag hoppas att ni haft en fin och stillsam p\u00e5skledighet. F\u00f6r egen del har den<br \/>\navnjutits inom kommungr\u00e4nsen med god mat, familjetid och sovmorgnar.<br \/>\nP\u00e5sken \u00e4r hoppets och befrielsens h\u00f6gtid. Det k\u00e4nns betryggande att ljuset<br \/>\n\u00e5terv\u00e4nder i en stundvis ganska sv\u00e5r och m\u00f6rk tid av v\u00e5r gemensamma historia.<br \/>\nI kommunen har vi fortsatt v\u00e5rt prim\u00e4ra fokus p\u00e5 Corona. Jag fick en<br \/>\navrapportering idag fr\u00e5n kommunens centrala krisledning. Jag v\u00e5gar f\u00f6rsiktigt<br \/>\np\u00e5st\u00e5 att vi har l\u00e4get under kontroll, men vi tar h\u00f6jd f\u00f6r personalbortfall. St\u00f6rst<br \/>\nproblem \u00e4r avsaknad av skyddsutrustning. Vi har ett beredskapslager i<br \/>\nLink\u00f6ping. Lagret \u00e4r inte stort men r\u00e4cker f\u00f6r att m\u00f6ta dagens efterfr\u00e5gan d.v.s.<br \/>\nendast till personal p\u00e5 boenden d\u00e4r det finns bekr\u00e4ftad smitta. L\u00e4nsstyrelsen i<br \/>\n\u00d6sterg\u00f6tland har f\u00e5tt i uppdrag att f\u00f6rdela skyddsutrustning till samtliga av<br \/>\nl\u00e4nets tretton kommuner. M\u00e5nga verksamheter h\u00e5ller p\u00e5 och st\u00e4ller om f\u00f6r att<br \/>\nkunna tillverka t.ex. vesir. Kommunens idrott och service \u00e4r ett exempel p\u00e5 en<br \/>\nverksamhet som st\u00e4llt om. F\u00f6rhoppningsvis kommer vi att kunna f\u00e5 en leverans<br \/>\nsnar. Vi har fler sjuka och smitta p\u00e5 v\u00e5rdboenden \u00e4ven i Link\u00f6ping, dock f\u00f6r<br \/>\nn\u00e4rvarande i mindre omfattning V\u00e5rdplatserna r\u00e4cker \u00e4nnu, men kommunen<br \/>\nbed\u00f6mer det kommer att bli mer anstr\u00e4ngt.<\/p>\n<p>Jag har m\u00f6ten med frivilligorganisationerna varje vecka. Det finns ett stort<br \/>\nintresse bland dessa organisationer att st\u00f6tta och hj\u00e4lpa v\u00e5ra kommuninv\u00e5nare.<br \/>\nImorgon ska jag tr\u00e4ffa b\u00e5de R\u00f6da Korset och Frivilligcentrum och f\u00e5<br \/>\nytterligare information om hur kommunen samverkar med civila akt\u00f6rer.<br \/>\nJag har \u00e4ven m\u00f6te med v\u00e5rt lokala n\u00e4ringslivsr\u00e5d varje vecka. Jag har i tidigare<br \/>\nmail ber\u00e4ttat f\u00f6r er om de st\u00f6dpaket vi lanserat f\u00f6r det lokala n\u00e4ringslivet. I<br \/>\nveckan gick vi ut med ytterligare en \u00e5tg\u00e4rd. Kommunen kommer att<br \/>\nimplementera en rutin f\u00f6r leverant\u00f6rsbetalning direkt efter attest. Dialog har<br \/>\nf\u00f6rts med de bolag som ing\u00e5r i kommunkoncernen. F\u00f6rra veckan tr\u00e4ffade jag<br \/>\nsamtliga vd:ar f\u00f6r Tekniska verken AB, Sankt Kors och St\u00e5ng\u00e5staden.<br \/>\nTekniska verken har l\u00e5nat ut sina kommunikat\u00f6rer till kommunen och kommer<br \/>\navvakta att genomf\u00f6ra stora f\u00f6r\u00e4ndringar och investeringar, St\u00e5ng\u00e5staden har<br \/>\ng\u00e5tt ut med att man skjuter med att genomf\u00f6ra hyresh\u00f6jningar f\u00f6r<br \/>\nprivatpersoner samt att de som hyr kommersiella lokaler kan ans\u00f6ka om<br \/>\nanst\u00e5nd. Sankt Kors har f\u00f6rlorat stora int\u00e4kter iom att Dukaten inte l\u00e4ngre<br \/>\ngenererar lika mycket pengar. Handeln minskar i innerstaden och likas\u00e5<br \/>\nbil\u00e5kandet. De bolag i kommunfamiljen som tar mest stryk just nu \u00e4r Visit<br \/>\nLink\u00f6ping d\u00e4r man tvingas att varsla var fj\u00e4rde person pga. att man ej drar in<br \/>\nn\u00e5gra medel p\u00e5 event\/bes\u00f6ksn\u00e4ringen. Link\u00f6ping City Airport har det ocks\u00e5<br \/>\ntufft med tanke p\u00e5 att KLM \u00e4r belagt med flygf\u00f6rbud. Dialoger p\u00e5g\u00e5r om hur vi<br \/>\nska kunna hj\u00e4lpa till och st\u00f6tta.<\/p>\n<p>I veckan tr\u00e4ffade jag kr\u00f6garen Magnus Nystrand som driver Pinchos. Han<br \/>\nvittnade om att gy-luncherna fungerar bra och att m\u00e5ltidskupongerna anv\u00e4nds<br \/>\nflitigt. De k\u00f6r hem all mat till eleverna och det h\u00e4nder \u00e4ven att f\u00f6r\u00e4ldrar passar<br \/>\np\u00e5 att k\u00f6pa mat ocks\u00e5 vilket skapar kommers. N\u00e4sta m\u00e5l i sikte f\u00f6r egen del \u00e4r<br \/>\natt se till att detta initiativ f\u00f6rl\u00e4ngs med minst en m\u00e5nad till.<br \/>\nKommunen har genomf\u00f6rt en omv\u00e4rldsbevakning vad g\u00e4ller st\u00f6d\u00e5tg\u00e4rder<br \/>\ngenomf\u00f6rda p\u00e5 kommunal niv\u00e5. En matris har skickats ut till<br \/>\nstorstadskommunerna och j\u00e4mf\u00f6rbara kommuner, matrisen inneh\u00e5ller totalt<br \/>\ntolv kommuner inklusive Link\u00f6pings kommun. Varje kommun har fyllt i vilka<br \/>\nst\u00f6d\u00e5tg\u00e4rder f\u00f6r det lokala n\u00e4ringslivet som hitintills har vidtagits. Syftet \u00e4r att<br \/>\nf\u00e5 en \u00f6versikt av de \u00e5tg\u00e4rder som genomf\u00f6rs eller planeras, det ska inte ses som<br \/>\nen t\u00e4vling mellan kommunerna, men Link\u00f6ping \u00e4r bland de kommuner som<br \/>\nagerat kraftfullast &#8211; b\u00e5de i antal st\u00f6d\u00e5tg\u00e4rder samt i tempo. Extrainsatt digital<br \/>\nf\u00f6retagsdialog planeras till 15\/4 med politiken, f\u00f6rvaltningsdirekt\u00f6rer, ALMI<br \/>\noch Region \u00d6sterg\u00f6tland. Syftet \u00e4r att ge info till f\u00f6retag och m\u00f6jligheten att<br \/>\nst\u00e4lla fr\u00e5gor och f\u00e5 svar.<\/p>\n<p>N\u00e4ringslivsr\u00e5det har \u00e4ven b\u00f6rjat planera f\u00f6r \u00e5tg\u00e4rder och insatser vad g\u00e4ller<br \/>\n\u201dlivet efter Corona\u201d. Vi tittar p\u00e5 vilka resurser som kan beh\u00f6vas f\u00f6r \u00e5tg\u00e4rder<br \/>\noch insatser som kan \u201dboosta\u201d n\u00e4ringslivet efter Corona, t ex event i city f\u00f6r att<br \/>\nst\u00e4rka handeln, restauranger och caf\u00e9er, \u00f6ka Link\u00f6pings attraktivitet och<br \/>\nlyskraft f\u00f6r bes\u00f6ksn\u00e4ringen, s\u00e4kerst\u00e4lla kapaciteten f\u00f6r en \u00f6kad<br \/>\nnyf\u00f6retagarr\u00e5dgivning, inventera f\u00f6retag som ligger i framkant och som<br \/>\nkommer v\u00e4xla upp genom \u00f6kad efterfr\u00e5gan \u201dpost Corona\u201d m.m.<br \/>\nSom ni m\u00e4rker \u00e4r det m\u00e5nga j\u00e4rn i elden nu och det vardagliga gnetet f\u00e5r st\u00e5<br \/>\ntillbaka. Det betyder inte att v\u00e5r politiska visioner lagts \u00e5t sidan, d\u00e4remot har<br \/>\nfokus f\u00f6r\u00e4ndrats f\u00f6r en liten tid fram\u00f6ver. Jag hoppas att ni har \u00f6verseende med<br \/>\ndetta och jag f\u00f6rv\u00e4ntar mig att ni kontaktar mig om ni undrar n\u00e5got.<br \/>\nMail och telefon i all \u00e4ra \u2013 men jag tycker s\u00e5 mycket om att tr\u00e4ffa er. Jag<br \/>\nhoppas verkligen att vi ska f\u00e5 tillbaka n\u00e5gon form av vardag snart och kunna<br \/>\n\u00e5teruppta v\u00e5ra tr\u00e4ffar. Var r\u00e4dda om er<\/p>\n","protected":false},"excerpt":{"rendered":"<p>Information fr\u00e5n kommunalr\u00e5det v. 14-15 2020 Till KD-gruppen Hej v\u00e4nner! Jag hoppas att ni haft en fin och stillsam p\u00e5skledighet. F\u00f6r egen del har den avnjutits inom kommungr\u00e4nsen med god mat, familjetid och sovmorgnar. P\u00e5sken \u00e4r hoppets och befrielsens h\u00f6gtid. Det k\u00e4nns betryggande att ljuset \u00e5terv\u00e4nder i en stundvis ganska sv\u00e5r och m\u00f6rk tid av <a class=\"read-more-link\" href=\"https:\/\/wp.kristdemokraterna.se\/linkoping\/1510-2\/\">Read More<\/a><\/p>\n","protected":false},"author":410,"featured_media":0,"comment_status":"closed","ping_status":"closed","sticky":false,"template":"","format":"standard","meta":{"_acf_changed":false,"footnotes":""},"categories":[22,1],"tags":[],"class_list":["post-1510","post","type-post","status-publish","format-standard","hentry","category-arkiv","category-okategoriserade"],"acf":[],"yoast_head":"<!-- This site is optimized with the Yoast SEO plugin v27.4 - https:\/\/yoast.com\/product\/yoast-seo-wordpress\/ -->\n<title>Information fr\u00e5n kommunalr\u00e5det v14-15 - Kristdemokraterna i Link\u00f6ping<\/title>\n<meta name=\"robots\" content=\"index, follow, max-snippet:-1, max-image-preview:large, max-video-preview:-1\" \/>\n<link rel=\"canonical\" href=\"https:\/\/wp.kristdemokraterna.se\/linkoping\/1510-2\/\" \/>\n<meta property=\"og:locale\" content=\"sv_SE\" \/>\n<meta property=\"og:type\" content=\"article\" \/>\n<meta property=\"og:title\" content=\"Information fr\u00e5n kommunalr\u00e5det v14-15 - Kristdemokraterna i Link\u00f6ping\" \/>\n<meta property=\"og:description\" content=\"Information fr\u00e5n kommunalr\u00e5det v. 14-15 2020 Till KD-gruppen Hej v\u00e4nner! Jag hoppas att ni haft en fin och stillsam p\u00e5skledighet. F\u00f6r egen del har den avnjutits inom kommungr\u00e4nsen med god mat, familjetid och sovmorgnar. P\u00e5sken \u00e4r hoppets och befrielsens h\u00f6gtid. Det k\u00e4nns betryggande att ljuset \u00e5terv\u00e4nder i en stundvis ganska sv\u00e5r och m\u00f6rk tid av Read More\" \/>\n<meta property=\"og:url\" content=\"https:\/\/wp.kristdemokraterna.se\/linkoping\/1510-2\/\" \/>\n<meta property=\"og:site_name\" content=\"Kristdemokraterna i Link\u00f6ping\" \/>\n<meta property=\"article:author\" content=\"https:\/\/www.facebook.com\/kdlinkoping\/\" \/>\n<meta property=\"article:published_time\" content=\"2020-04-15T08:29:26+00:00\" \/>\n<meta property=\"article:modified_time\" content=\"2021-08-13T12:15:58+00:00\" \/>\n<meta name=\"author\" content=\"linkoping\" \/>\n<meta name=\"twitter:card\" content=\"summary_large_image\" \/>\n<meta name=\"twitter:label1\" content=\"Skriven av\" \/>\n\t<meta name=\"twitter:data1\" content=\"linkoping\" \/>\n\t<meta name=\"twitter:label2\" content=\"Ber\u00e4knad l\u00e4stid\" \/>\n\t<meta name=\"twitter:data2\" content=\"5 minuter\" \/>\n<script type=\"application\/ld+json\" class=\"yoast-schema-graph\">{\"@context\":\"https:\\\/\\\/schema.org\",\"@graph\":[{\"@type\":\"Article\",\"@id\":\"https:\\\/\\\/wp.kristdemokraterna.se\\\/linkoping\\\/1510-2\\\/#article\",\"isPartOf\":{\"@id\":\"https:\\\/\\\/wp.kristdemokraterna.se\\\/linkoping\\\/1510-2\\\/\"},\"author\":{\"name\":\"linkoping\",\"@id\":\"https:\\\/\\\/wp.kristdemokraterna.se\\\/linkoping\\\/#\\\/schema\\\/person\\\/b0148c3c8863db76d330faa282b9521a\"},\"headline\":\"Information fr\u00e5n kommunalr\u00e5det v14-15\",\"datePublished\":\"2020-04-15T08:29:26+00:00\",\"dateModified\":\"2021-08-13T12:15:58+00:00\",\"mainEntityOfPage\":{\"@id\":\"https:\\\/\\\/wp.kristdemokraterna.se\\\/linkoping\\\/1510-2\\\/\"},\"wordCount\":992,\"articleSection\":[\"arkiv\",\"okategoriserade\"],\"inLanguage\":\"sv-SE\"},{\"@type\":\"WebPage\",\"@id\":\"https:\\\/\\\/wp.kristdemokraterna.se\\\/linkoping\\\/1510-2\\\/\",\"url\":\"https:\\\/\\\/wp.kristdemokraterna.se\\\/linkoping\\\/1510-2\\\/\",\"name\":\"Information fr\u00e5n kommunalr\u00e5det v14-15 - Kristdemokraterna i Link\u00f6ping\",\"isPartOf\":{\"@id\":\"https:\\\/\\\/wp.kristdemokraterna.se\\\/linkoping\\\/#website\"},\"datePublished\":\"2020-04-15T08:29:26+00:00\",\"dateModified\":\"2021-08-13T12:15:58+00:00\",\"author\":{\"@id\":\"https:\\\/\\\/wp.kristdemokraterna.se\\\/linkoping\\\/#\\\/schema\\\/person\\\/b0148c3c8863db76d330faa282b9521a\"},\"breadcrumb\":{\"@id\":\"https:\\\/\\\/wp.kristdemokraterna.se\\\/linkoping\\\/1510-2\\\/#breadcrumb\"},\"inLanguage\":\"sv-SE\",\"potentialAction\":[{\"@type\":\"ReadAction\",\"target\":[\"https:\\\/\\\/wp.kristdemokraterna.se\\\/linkoping\\\/1510-2\\\/\"]}]},{\"@type\":\"BreadcrumbList\",\"@id\":\"https:\\\/\\\/wp.kristdemokraterna.se\\\/linkoping\\\/1510-2\\\/#breadcrumb\",\"itemListElement\":[{\"@type\":\"ListItem\",\"position\":1,\"name\":\"Hem\",\"item\":\"https:\\\/\\\/wp.kristdemokraterna.se\\\/linkoping\\\/\"},{\"@type\":\"ListItem\",\"position\":2,\"name\":\"Information fr\u00e5n kommunalr\u00e5det v14-15\"}]},{\"@type\":\"WebSite\",\"@id\":\"https:\\\/\\\/wp.kristdemokraterna.se\\\/linkoping\\\/#website\",\"url\":\"https:\\\/\\\/wp.kristdemokraterna.se\\\/linkoping\\\/\",\"name\":\"Kristdemokraterna i Link\u00f6ping\",\"description\":\"\",\"inLanguage\":\"sv-SE\"},{\"@type\":\"Person\",\"@id\":\"https:\\\/\\\/wp.kristdemokraterna.se\\\/linkoping\\\/#\\\/schema\\\/person\\\/b0148c3c8863db76d330faa282b9521a\",\"name\":\"linkoping\",\"image\":{\"@type\":\"ImageObject\",\"inLanguage\":\"sv-SE\",\"@id\":\"https:\\\/\\\/secure.gravatar.com\\\/avatar\\\/016e7965fec0e08fdd07b021a7d25181278d4b29b1d5bab57b16017e35421895?s=96&r=g\",\"url\":\"https:\\\/\\\/secure.gravatar.com\\\/avatar\\\/016e7965fec0e08fdd07b021a7d25181278d4b29b1d5bab57b16017e35421895?s=96&r=g\",\"contentUrl\":\"https:\\\/\\\/secure.gravatar.com\\\/avatar\\\/016e7965fec0e08fdd07b021a7d25181278d4b29b1d5bab57b16017e35421895?s=96&r=g\",\"caption\":\"linkoping\"},\"sameAs\":[\"https:\\\/\\\/www.facebook.com\\\/kdlinkoping\\\/\"],\"url\":\"https:\\\/\\\/wp.kristdemokraterna.se\\\/linkoping\\\/author\\\/linkoping\\\/\"}]}<\/script>\n<!-- \/ Yoast SEO plugin. -->","yoast_head_json":{"title":"Information fr\u00e5n kommunalr\u00e5det v14-15 - Kristdemokraterna i Link\u00f6ping","robots":{"index":"index","follow":"follow","max-snippet":"max-snippet:-1","max-image-preview":"max-image-preview:large","max-video-preview":"max-video-preview:-1"},"canonical":"https:\/\/wp.kristdemokraterna.se\/linkoping\/1510-2\/","og_locale":"sv_SE","og_type":"article","og_title":"Information fr\u00e5n kommunalr\u00e5det v14-15 - Kristdemokraterna i Link\u00f6ping","og_description":"Information fr\u00e5n kommunalr\u00e5det v. 14-15 2020 Till KD-gruppen Hej v\u00e4nner! Jag hoppas att ni haft en fin och stillsam p\u00e5skledighet. F\u00f6r egen del har den avnjutits inom kommungr\u00e4nsen med god mat, familjetid och sovmorgnar. P\u00e5sken \u00e4r hoppets och befrielsens h\u00f6gtid. Det k\u00e4nns betryggande att ljuset \u00e5terv\u00e4nder i en stundvis ganska sv\u00e5r och m\u00f6rk tid av Read More","og_url":"https:\/\/wp.kristdemokraterna.se\/linkoping\/1510-2\/","og_site_name":"Kristdemokraterna i Link\u00f6ping","article_author":"https:\/\/www.facebook.com\/kdlinkoping\/","article_published_time":"2020-04-15T08:29:26+00:00","article_modified_time":"2021-08-13T12:15:58+00:00","author":"linkoping","twitter_card":"summary_large_image","twitter_misc":{"Skriven av":"linkoping","Ber\u00e4knad l\u00e4stid":"5 minuter"},"schema":{"@context":"https:\/\/schema.org","@graph":[{"@type":"Article","@id":"https:\/\/wp.kristdemokraterna.se\/linkoping\/1510-2\/#article","isPartOf":{"@id":"https:\/\/wp.kristdemokraterna.se\/linkoping\/1510-2\/"},"author":{"name":"linkoping","@id":"https:\/\/wp.kristdemokraterna.se\/linkoping\/#\/schema\/person\/b0148c3c8863db76d330faa282b9521a"},"headline":"Information fr\u00e5n kommunalr\u00e5det v14-15","datePublished":"2020-04-15T08:29:26+00:00","dateModified":"2021-08-13T12:15:58+00:00","mainEntityOfPage":{"@id":"https:\/\/wp.kristdemokraterna.se\/linkoping\/1510-2\/"},"wordCount":992,"articleSection":["arkiv","okategoriserade"],"inLanguage":"sv-SE"},{"@type":"WebPage","@id":"https:\/\/wp.kristdemokraterna.se\/linkoping\/1510-2\/","url":"https:\/\/wp.kristdemokraterna.se\/linkoping\/1510-2\/","name":"Information fr\u00e5n kommunalr\u00e5det v14-15 - Kristdemokraterna i Link\u00f6ping","isPartOf":{"@id":"https:\/\/wp.kristdemokraterna.se\/linkoping\/#website"},"datePublished":"2020-04-15T08:29:26+00:00","dateModified":"2021-08-13T12:15:58+00:00","author":{"@id":"https:\/\/wp.kristdemokraterna.se\/linkoping\/#\/schema\/person\/b0148c3c8863db76d330faa282b9521a"},"breadcrumb":{"@id":"https:\/\/wp.kristdemokraterna.se\/linkoping\/1510-2\/#breadcrumb"},"inLanguage":"sv-SE","potentialAction":[{"@type":"ReadAction","target":["https:\/\/wp.kristdemokraterna.se\/linkoping\/1510-2\/"]}]},{"@type":"BreadcrumbList","@id":"https:\/\/wp.kristdemokraterna.se\/linkoping\/1510-2\/#breadcrumb","itemListElement":[{"@type":"ListItem","position":1,"name":"Hem","item":"https:\/\/wp.kristdemokraterna.se\/linkoping\/"},{"@type":"ListItem","position":2,"name":"Information fr\u00e5n kommunalr\u00e5det v14-15"}]},{"@type":"WebSite","@id":"https:\/\/wp.kristdemokraterna.se\/linkoping\/#website","url":"https:\/\/wp.kristdemokraterna.se\/linkoping\/","name":"Kristdemokraterna i Link\u00f6ping","description":"","inLanguage":"sv-SE"},{"@type":"Person","@id":"https:\/\/wp.kristdemokraterna.se\/linkoping\/#\/schema\/person\/b0148c3c8863db76d330faa282b9521a","name":"linkoping","image":{"@type":"ImageObject","inLanguage":"sv-SE","@id":"https:\/\/secure.gravatar.com\/avatar\/016e7965fec0e08fdd07b021a7d25181278d4b29b1d5bab57b16017e35421895?s=96&r=g","url":"https:\/\/secure.gravatar.com\/avatar\/016e7965fec0e08fdd07b021a7d25181278d4b29b1d5bab57b16017e35421895?s=96&r=g","contentUrl":"https:\/\/secure.gravatar.com\/avatar\/016e7965fec0e08fdd07b021a7d25181278d4b29b1d5bab57b16017e35421895?s=96&r=g","caption":"linkoping"},"sameAs":["https:\/\/www.facebook.com\/kdlinkoping\/"],"url":"https:\/\/wp.kristdemokraterna.se\/linkoping\/author\/linkoping\/"}]}},"_links":{"self":[{"href":"https:\/\/wp.kristdemokraterna.se\/linkoping\/wp-json\/wp\/v2\/posts\/1510","targetHints":{"allow":["GET"]}}],"collection":[{"href":"https:\/\/wp.kristdemokraterna.se\/linkoping\/wp-json\/wp\/v2\/posts"}],"about":[{"href":"https:\/\/wp.kristdemokraterna.se\/linkoping\/wp-json\/wp\/v2\/types\/post"}],"author":[{"embeddable":true,"href":"https:\/\/wp.kristdemokraterna.se\/linkoping\/wp-json\/wp\/v2\/users\/410"}],"replies":[{"embeddable":true,"href":"https:\/\/wp.kristdemokraterna.se\/linkoping\/wp-json\/wp\/v2\/comments?post=1510"}],"version-history":[{"count":2,"href":"https:\/\/wp.kristdemokraterna.se\/linkoping\/wp-json\/wp\/v2\/posts\/1510\/revisions"}],"predecessor-version":[{"id":1944,"href":"https:\/\/wp.kristdemokraterna.se\/linkoping\/wp-json\/wp\/v2\/posts\/1510\/revisions\/1944"}],"wp:attachment":[{"href":"https:\/\/wp.kristdemokraterna.se\/linkoping\/wp-json\/wp\/v2\/media?parent=1510"}],"wp:term":[{"taxonomy":"category","embeddable":true,"href":"https:\/\/wp.kristdemokraterna.se\/linkoping\/wp-json\/wp\/v2\/categories?post=1510"},{"taxonomy":"post_tag","embeddable":true,"href":"https:\/\/wp.kristdemokraterna.se\/linkoping\/wp-json\/wp\/v2\/tags?post=1510"}],"curies":[{"name":"wp","href":"https:\/\/api.w.org\/{rel}","templated":true}]}}