{"id":1515,"date":"2020-04-20T08:27:03","date_gmt":"2020-04-20T06:27:03","guid":{"rendered":"http:\/\/wp.kristdemokraterna.se\/linkoping\/?p=1515"},"modified":"2021-08-13T11:46:49","modified_gmt":"2021-08-13T09:46:49","slug":"kommunalradet-volontararbetar-pa-erikshjalpen","status":"publish","type":"post","link":"https:\/\/wp.kristdemokraterna.se\/linkoping\/kommunalradet-volontararbetar-pa-erikshjalpen\/","title":{"rendered":"Kommunalr\u00e5det volont\u00e4rarbetar p\u00e5 Erikshj\u00e4lpen"},"content":{"rendered":"<p>Kommunen befinner sig i ett tufft l\u00e4ge. Krisen kring COVID-19 forts\u00e4tter och har<br \/>\nf\u00f6rsv\u00e5rat f\u00f6r m\u00e5nga av kommunens verksamheter och f\u00f6retag. M\u00e5nga f\u00f6retagare sliter<br \/>\nf\u00f6r att f\u00e5 ekonomin att g\u00e5 ihop och konsekvenserna av krisen kommer f\u00f6lja oss en l\u00e5ng<br \/>\ntid fram\u00f6ver.<\/p>\n<p>En akt\u00f6r som ofta gl\u00f6ms bort \u00e4r civilsamh\u00e4llet. Vi har m\u00e5nga viktiga f\u00f6reningar och<br \/>\nbist\u00e5ndsorganisationer, som g\u00f6r viktiga insatser f\u00f6r Link\u00f6pingsborna. Vi har bland<br \/>\nannat flera second-hand butiker i kommunen som drabbats h\u00e5rt av krisen, t.ex.<br \/>\nErikshj\u00e4lpen.<\/p>\n<p>Erikshj\u00e4lpen drivs till stor del av volont\u00e4rer som ofta tillh\u00f6r riskgruppen \u00f6ver 70 \u00e5r.<br \/>\nVilket skapar sv\u00e5righeter sett till att driva butiken i dagsl\u00e4get, d\u00e4rf\u00f6r valde<br \/>\nkommunalr\u00e5d och 1:e vice kommunstyrelseordf\u00f6rande Denis\u00e9 Cassel (KD) att bes\u00f6ka<br \/>\nErikshj\u00e4lpen idag och jobba ett arbetspass i butiken f\u00f6r att l\u00e4ra sig mer om deras<br \/>\narbetss\u00e4tt.<\/p>\n<p>&#8211; Det \u00e4r inte bara kommunen och v\u00e5ra lokala f\u00f6retagen som p\u00e5verkas av<br \/>\nCoronakrisen. Civilsamh\u00e4llet beh\u00f6ver st\u00f6d och jag vill veta mer om deras<br \/>\narbete s\u00e4ger Denis\u00e9 Cassel.<\/p>\n<p>Erikshj\u00e4lpen \u00e4r inte bara en butik utan en viktig samh\u00e4llsakt\u00f6r som genom sitt<br \/>\nvolont\u00e4rarbete kan erbjuda m\u00e4nniskor ett sammanhang och en v\u00e4g in i det svenska<br \/>\nsamh\u00e4llet.<\/p>\n<p>&#8211; Arbetet som Erikshj\u00e4lpen och andra liknande bist\u00e5ndsorganisationer i<br \/>\nkommen utf\u00f6r \u00e4r ov\u00e4rderligt. Vi har m\u00e5nga i kommen som beh\u00f6ver ta f\u00f6rsta<br \/>\nstegen i arbetslivet och m\u00e5nga \u00e4ldre som vill forts\u00e4tta bidra till samh\u00e4llet. De<br \/>\nf\u00e5r dem chans att g\u00f6ra tack vare s\u00e5dan verksamhet avslutar Denis\u00e9 Cassel.<\/p>\n<p>Presskontakt:<br \/>\nDenis\u00e9 Cassel<br \/>\n076-213 00 62<br \/>\ndenise.cassel@linkoping.se<\/p>\n","protected":false},"excerpt":{"rendered":"<p>Kommunen befinner sig i ett tufft l\u00e4ge. Krisen kring COVID-19 forts\u00e4tter och har f\u00f6rsv\u00e5rat f\u00f6r m\u00e5nga av kommunens verksamheter och f\u00f6retag. M\u00e5nga f\u00f6retagare sliter f\u00f6r att f\u00e5 ekonomin att g\u00e5 ihop och konsekvenserna av krisen kommer f\u00f6lja oss en l\u00e5ng tid fram\u00f6ver. En akt\u00f6r som ofta gl\u00f6ms bort \u00e4r civilsamh\u00e4llet. Vi har m\u00e5nga viktiga f\u00f6reningar <a class=\"read-more-link\" href=\"https:\/\/wp.kristdemokraterna.se\/linkoping\/kommunalradet-volontararbetar-pa-erikshjalpen\/\">Read More<\/a><\/p>\n","protected":false},"author":410,"featured_media":0,"comment_status":"closed","ping_status":"closed","sticky":false,"template":"","format":"standard","meta":{"_acf_changed":false,"footnotes":""},"categories":[22,1],"tags":[],"class_list":["post-1515","post","type-post","status-publish","format-standard","hentry","category-arkiv","category-okategoriserade"],"acf":[],"yoast_head":"<!-- This site is optimized with the Yoast SEO plugin v27.4 - https:\/\/yoast.com\/product\/yoast-seo-wordpress\/ -->\n<title>Kommunalr\u00e5det volont\u00e4rarbetar p\u00e5 Erikshj\u00e4lpen - Kristdemokraterna i Link\u00f6ping<\/title>\n<meta name=\"robots\" content=\"index, follow, max-snippet:-1, max-image-preview:large, max-video-preview:-1\" \/>\n<link rel=\"canonical\" href=\"https:\/\/wp.kristdemokraterna.se\/linkoping\/kommunalradet-volontararbetar-pa-erikshjalpen\/\" \/>\n<meta property=\"og:locale\" content=\"sv_SE\" \/>\n<meta property=\"og:type\" content=\"article\" \/>\n<meta property=\"og:title\" content=\"Kommunalr\u00e5det volont\u00e4rarbetar p\u00e5 Erikshj\u00e4lpen - Kristdemokraterna i Link\u00f6ping\" \/>\n<meta property=\"og:description\" content=\"Kommunen befinner sig i ett tufft l\u00e4ge. Krisen kring COVID-19 forts\u00e4tter och har f\u00f6rsv\u00e5rat f\u00f6r m\u00e5nga av kommunens verksamheter och f\u00f6retag. M\u00e5nga f\u00f6retagare sliter f\u00f6r att f\u00e5 ekonomin att g\u00e5 ihop och konsekvenserna av krisen kommer f\u00f6lja oss en l\u00e5ng tid fram\u00f6ver. En akt\u00f6r som ofta gl\u00f6ms bort \u00e4r civilsamh\u00e4llet. Vi har m\u00e5nga viktiga f\u00f6reningar Read More\" \/>\n<meta property=\"og:url\" content=\"https:\/\/wp.kristdemokraterna.se\/linkoping\/kommunalradet-volontararbetar-pa-erikshjalpen\/\" \/>\n<meta property=\"og:site_name\" content=\"Kristdemokraterna i Link\u00f6ping\" \/>\n<meta property=\"article:author\" content=\"https:\/\/www.facebook.com\/kdlinkoping\/\" \/>\n<meta property=\"article:published_time\" content=\"2020-04-20T06:27:03+00:00\" \/>\n<meta property=\"article:modified_time\" content=\"2021-08-13T09:46:49+00:00\" \/>\n<meta name=\"author\" content=\"linkoping\" \/>\n<meta name=\"twitter:card\" content=\"summary_large_image\" \/>\n<meta name=\"twitter:label1\" content=\"Skriven av\" \/>\n\t<meta name=\"twitter:data1\" content=\"linkoping\" \/>\n\t<meta name=\"twitter:label2\" content=\"Ber\u00e4knad l\u00e4stid\" \/>\n\t<meta name=\"twitter:data2\" content=\"2 minuter\" \/>\n<script type=\"application\/ld+json\" class=\"yoast-schema-graph\">{\"@context\":\"https:\\\/\\\/schema.org\",\"@graph\":[{\"@type\":\"Article\",\"@id\":\"https:\\\/\\\/wp.kristdemokraterna.se\\\/linkoping\\\/kommunalradet-volontararbetar-pa-erikshjalpen\\\/#article\",\"isPartOf\":{\"@id\":\"https:\\\/\\\/wp.kristdemokraterna.se\\\/linkoping\\\/kommunalradet-volontararbetar-pa-erikshjalpen\\\/\"},\"author\":{\"name\":\"linkoping\",\"@id\":\"https:\\\/\\\/wp.kristdemokraterna.se\\\/linkoping\\\/#\\\/schema\\\/person\\\/b0148c3c8863db76d330faa282b9521a\"},\"headline\":\"Kommunalr\u00e5det volont\u00e4rarbetar p\u00e5 Erikshj\u00e4lpen\",\"datePublished\":\"2020-04-20T06:27:03+00:00\",\"dateModified\":\"2021-08-13T09:46:49+00:00\",\"mainEntityOfPage\":{\"@id\":\"https:\\\/\\\/wp.kristdemokraterna.se\\\/linkoping\\\/kommunalradet-volontararbetar-pa-erikshjalpen\\\/\"},\"wordCount\":313,\"articleSection\":[\"arkiv\",\"okategoriserade\"],\"inLanguage\":\"sv-SE\"},{\"@type\":\"WebPage\",\"@id\":\"https:\\\/\\\/wp.kristdemokraterna.se\\\/linkoping\\\/kommunalradet-volontararbetar-pa-erikshjalpen\\\/\",\"url\":\"https:\\\/\\\/wp.kristdemokraterna.se\\\/linkoping\\\/kommunalradet-volontararbetar-pa-erikshjalpen\\\/\",\"name\":\"Kommunalr\u00e5det volont\u00e4rarbetar p\u00e5 Erikshj\u00e4lpen - Kristdemokraterna i Link\u00f6ping\",\"isPartOf\":{\"@id\":\"https:\\\/\\\/wp.kristdemokraterna.se\\\/linkoping\\\/#website\"},\"datePublished\":\"2020-04-20T06:27:03+00:00\",\"dateModified\":\"2021-08-13T09:46:49+00:00\",\"author\":{\"@id\":\"https:\\\/\\\/wp.kristdemokraterna.se\\\/linkoping\\\/#\\\/schema\\\/person\\\/b0148c3c8863db76d330faa282b9521a\"},\"breadcrumb\":{\"@id\":\"https:\\\/\\\/wp.kristdemokraterna.se\\\/linkoping\\\/kommunalradet-volontararbetar-pa-erikshjalpen\\\/#breadcrumb\"},\"inLanguage\":\"sv-SE\",\"potentialAction\":[{\"@type\":\"ReadAction\",\"target\":[\"https:\\\/\\\/wp.kristdemokraterna.se\\\/linkoping\\\/kommunalradet-volontararbetar-pa-erikshjalpen\\\/\"]}]},{\"@type\":\"BreadcrumbList\",\"@id\":\"https:\\\/\\\/wp.kristdemokraterna.se\\\/linkoping\\\/kommunalradet-volontararbetar-pa-erikshjalpen\\\/#breadcrumb\",\"itemListElement\":[{\"@type\":\"ListItem\",\"position\":1,\"name\":\"Hem\",\"item\":\"https:\\\/\\\/wp.kristdemokraterna.se\\\/linkoping\\\/\"},{\"@type\":\"ListItem\",\"position\":2,\"name\":\"Kommunalr\u00e5det volont\u00e4rarbetar p\u00e5 Erikshj\u00e4lpen\"}]},{\"@type\":\"WebSite\",\"@id\":\"https:\\\/\\\/wp.kristdemokraterna.se\\\/linkoping\\\/#website\",\"url\":\"https:\\\/\\\/wp.kristdemokraterna.se\\\/linkoping\\\/\",\"name\":\"Kristdemokraterna i Link\u00f6ping\",\"description\":\"\",\"inLanguage\":\"sv-SE\"},{\"@type\":\"Person\",\"@id\":\"https:\\\/\\\/wp.kristdemokraterna.se\\\/linkoping\\\/#\\\/schema\\\/person\\\/b0148c3c8863db76d330faa282b9521a\",\"name\":\"linkoping\",\"image\":{\"@type\":\"ImageObject\",\"inLanguage\":\"sv-SE\",\"@id\":\"https:\\\/\\\/secure.gravatar.com\\\/avatar\\\/016e7965fec0e08fdd07b021a7d25181278d4b29b1d5bab57b16017e35421895?s=96&r=g\",\"url\":\"https:\\\/\\\/secure.gravatar.com\\\/avatar\\\/016e7965fec0e08fdd07b021a7d25181278d4b29b1d5bab57b16017e35421895?s=96&r=g\",\"contentUrl\":\"https:\\\/\\\/secure.gravatar.com\\\/avatar\\\/016e7965fec0e08fdd07b021a7d25181278d4b29b1d5bab57b16017e35421895?s=96&r=g\",\"caption\":\"linkoping\"},\"sameAs\":[\"https:\\\/\\\/www.facebook.com\\\/kdlinkoping\\\/\"],\"url\":\"https:\\\/\\\/wp.kristdemokraterna.se\\\/linkoping\\\/author\\\/linkoping\\\/\"}]}<\/script>\n<!-- \/ Yoast SEO plugin. -->","yoast_head_json":{"title":"Kommunalr\u00e5det volont\u00e4rarbetar p\u00e5 Erikshj\u00e4lpen - Kristdemokraterna i Link\u00f6ping","robots":{"index":"index","follow":"follow","max-snippet":"max-snippet:-1","max-image-preview":"max-image-preview:large","max-video-preview":"max-video-preview:-1"},"canonical":"https:\/\/wp.kristdemokraterna.se\/linkoping\/kommunalradet-volontararbetar-pa-erikshjalpen\/","og_locale":"sv_SE","og_type":"article","og_title":"Kommunalr\u00e5det volont\u00e4rarbetar p\u00e5 Erikshj\u00e4lpen - Kristdemokraterna i Link\u00f6ping","og_description":"Kommunen befinner sig i ett tufft l\u00e4ge. Krisen kring COVID-19 forts\u00e4tter och har f\u00f6rsv\u00e5rat f\u00f6r m\u00e5nga av kommunens verksamheter och f\u00f6retag. M\u00e5nga f\u00f6retagare sliter f\u00f6r att f\u00e5 ekonomin att g\u00e5 ihop och konsekvenserna av krisen kommer f\u00f6lja oss en l\u00e5ng tid fram\u00f6ver. En akt\u00f6r som ofta gl\u00f6ms bort \u00e4r civilsamh\u00e4llet. Vi har m\u00e5nga viktiga f\u00f6reningar Read More","og_url":"https:\/\/wp.kristdemokraterna.se\/linkoping\/kommunalradet-volontararbetar-pa-erikshjalpen\/","og_site_name":"Kristdemokraterna i Link\u00f6ping","article_author":"https:\/\/www.facebook.com\/kdlinkoping\/","article_published_time":"2020-04-20T06:27:03+00:00","article_modified_time":"2021-08-13T09:46:49+00:00","author":"linkoping","twitter_card":"summary_large_image","twitter_misc":{"Skriven av":"linkoping","Ber\u00e4knad l\u00e4stid":"2 minuter"},"schema":{"@context":"https:\/\/schema.org","@graph":[{"@type":"Article","@id":"https:\/\/wp.kristdemokraterna.se\/linkoping\/kommunalradet-volontararbetar-pa-erikshjalpen\/#article","isPartOf":{"@id":"https:\/\/wp.kristdemokraterna.se\/linkoping\/kommunalradet-volontararbetar-pa-erikshjalpen\/"},"author":{"name":"linkoping","@id":"https:\/\/wp.kristdemokraterna.se\/linkoping\/#\/schema\/person\/b0148c3c8863db76d330faa282b9521a"},"headline":"Kommunalr\u00e5det volont\u00e4rarbetar p\u00e5 Erikshj\u00e4lpen","datePublished":"2020-04-20T06:27:03+00:00","dateModified":"2021-08-13T09:46:49+00:00","mainEntityOfPage":{"@id":"https:\/\/wp.kristdemokraterna.se\/linkoping\/kommunalradet-volontararbetar-pa-erikshjalpen\/"},"wordCount":313,"articleSection":["arkiv","okategoriserade"],"inLanguage":"sv-SE"},{"@type":"WebPage","@id":"https:\/\/wp.kristdemokraterna.se\/linkoping\/kommunalradet-volontararbetar-pa-erikshjalpen\/","url":"https:\/\/wp.kristdemokraterna.se\/linkoping\/kommunalradet-volontararbetar-pa-erikshjalpen\/","name":"Kommunalr\u00e5det volont\u00e4rarbetar p\u00e5 Erikshj\u00e4lpen - Kristdemokraterna i Link\u00f6ping","isPartOf":{"@id":"https:\/\/wp.kristdemokraterna.se\/linkoping\/#website"},"datePublished":"2020-04-20T06:27:03+00:00","dateModified":"2021-08-13T09:46:49+00:00","author":{"@id":"https:\/\/wp.kristdemokraterna.se\/linkoping\/#\/schema\/person\/b0148c3c8863db76d330faa282b9521a"},"breadcrumb":{"@id":"https:\/\/wp.kristdemokraterna.se\/linkoping\/kommunalradet-volontararbetar-pa-erikshjalpen\/#breadcrumb"},"inLanguage":"sv-SE","potentialAction":[{"@type":"ReadAction","target":["https:\/\/wp.kristdemokraterna.se\/linkoping\/kommunalradet-volontararbetar-pa-erikshjalpen\/"]}]},{"@type":"BreadcrumbList","@id":"https:\/\/wp.kristdemokraterna.se\/linkoping\/kommunalradet-volontararbetar-pa-erikshjalpen\/#breadcrumb","itemListElement":[{"@type":"ListItem","position":1,"name":"Hem","item":"https:\/\/wp.kristdemokraterna.se\/linkoping\/"},{"@type":"ListItem","position":2,"name":"Kommunalr\u00e5det volont\u00e4rarbetar p\u00e5 Erikshj\u00e4lpen"}]},{"@type":"WebSite","@id":"https:\/\/wp.kristdemokraterna.se\/linkoping\/#website","url":"https:\/\/wp.kristdemokraterna.se\/linkoping\/","name":"Kristdemokraterna i Link\u00f6ping","description":"","inLanguage":"sv-SE"},{"@type":"Person","@id":"https:\/\/wp.kristdemokraterna.se\/linkoping\/#\/schema\/person\/b0148c3c8863db76d330faa282b9521a","name":"linkoping","image":{"@type":"ImageObject","inLanguage":"sv-SE","@id":"https:\/\/secure.gravatar.com\/avatar\/016e7965fec0e08fdd07b021a7d25181278d4b29b1d5bab57b16017e35421895?s=96&r=g","url":"https:\/\/secure.gravatar.com\/avatar\/016e7965fec0e08fdd07b021a7d25181278d4b29b1d5bab57b16017e35421895?s=96&r=g","contentUrl":"https:\/\/secure.gravatar.com\/avatar\/016e7965fec0e08fdd07b021a7d25181278d4b29b1d5bab57b16017e35421895?s=96&r=g","caption":"linkoping"},"sameAs":["https:\/\/www.facebook.com\/kdlinkoping\/"],"url":"https:\/\/wp.kristdemokraterna.se\/linkoping\/author\/linkoping\/"}]}},"_links":{"self":[{"href":"https:\/\/wp.kristdemokraterna.se\/linkoping\/wp-json\/wp\/v2\/posts\/1515","targetHints":{"allow":["GET"]}}],"collection":[{"href":"https:\/\/wp.kristdemokraterna.se\/linkoping\/wp-json\/wp\/v2\/posts"}],"about":[{"href":"https:\/\/wp.kristdemokraterna.se\/linkoping\/wp-json\/wp\/v2\/types\/post"}],"author":[{"embeddable":true,"href":"https:\/\/wp.kristdemokraterna.se\/linkoping\/wp-json\/wp\/v2\/users\/410"}],"replies":[{"embeddable":true,"href":"https:\/\/wp.kristdemokraterna.se\/linkoping\/wp-json\/wp\/v2\/comments?post=1515"}],"version-history":[{"count":1,"href":"https:\/\/wp.kristdemokraterna.se\/linkoping\/wp-json\/wp\/v2\/posts\/1515\/revisions"}],"predecessor-version":[{"id":1517,"href":"https:\/\/wp.kristdemokraterna.se\/linkoping\/wp-json\/wp\/v2\/posts\/1515\/revisions\/1517"}],"wp:attachment":[{"href":"https:\/\/wp.kristdemokraterna.se\/linkoping\/wp-json\/wp\/v2\/media?parent=1515"}],"wp:term":[{"taxonomy":"category","embeddable":true,"href":"https:\/\/wp.kristdemokraterna.se\/linkoping\/wp-json\/wp\/v2\/categories?post=1515"},{"taxonomy":"post_tag","embeddable":true,"href":"https:\/\/wp.kristdemokraterna.se\/linkoping\/wp-json\/wp\/v2\/tags?post=1515"}],"curies":[{"name":"wp","href":"https:\/\/api.w.org\/{rel}","templated":true}]}}