{"id":1518,"date":"2020-04-20T08:28:02","date_gmt":"2020-04-20T06:28:02","guid":{"rendered":"http:\/\/wp.kristdemokraterna.se\/linkoping\/?p=1518"},"modified":"2021-08-13T11:46:49","modified_gmt":"2021-08-13T09:46:49","slug":"jordgubbssasongen-ar-hotad","status":"publish","type":"post","link":"https:\/\/wp.kristdemokraterna.se\/linkoping\/jordgubbssasongen-ar-hotad\/","title":{"rendered":"Jordgubbss\u00e4songen \u00e4r hotad"},"content":{"rendered":"<p>En bransch som drabbats h\u00e5rt i och med Coronakrisen \u00e4r de gr\u00f6na n\u00e4ringarna.<br \/>\nCoronautbrottet medf\u00f6r att m\u00e5nga l\u00e4nder st\u00e4nger sina gr\u00e4nser b\u00e5de i och utanf\u00f6r EU,<br \/>\nvilket g\u00f6r det sv\u00e5rt f\u00f6r utl\u00e4ndsk arbetskraft att resa. Samtidigt g\u00e5r f\u00f6retag inom det<br \/>\ngr\u00f6na n\u00e4ringslivet nu in i en av de mest hektiska s\u00e4songerna och behovet av<br \/>\narbetskraft \u00e4r stort.<\/p>\n<p>D\u00e4rf\u00f6r valde Kristdemokraterna i Link\u00f6pings kommunalr\u00e5d Denis\u00e9 Cassel och<br \/>\nKristdemokraternas jordbrukspolitiska talesperson tillika riksdagsledamot Magnus<br \/>\nOscarsson att bes\u00f6ka Tift S\u00f6derg\u00e5rds jordgubbsodling f\u00f6r att h\u00f6ra mer om de<br \/>\nutmaningar Coronakrisen har f\u00f6rt med sig.<\/p>\n<p>&#8211; De gr\u00f6na n\u00e4ringarna och lantbrukarnas situation beh\u00f6ver uppm\u00e4rksammas i<br \/>\nCoronakrisen. M\u00e5nga lantbrukare \u00e4r beroende av utl\u00e4ndsk arbetskraft s\u00e5 att de<br \/>\nkan forts\u00e4tta producerar mat och fylla v\u00e5ra butikshyllor med nya<br \/>\nlokalproducerade livsmedel s\u00e4ger kommunalr\u00e5det Denis\u00e9 Cassel (KD).<\/p>\n<p>Tift S\u00f6derg\u00e5rd har jordgubbsodling p\u00e5 sommaren och julgransf\u00f6rs\u00e4ljning under<br \/>\nvintern. De arbetar h\u00e5rt f\u00f6r att f\u00e5 till alla f\u00f6rberedelser inf\u00f6r s\u00e4songen och \u00e4r hoppfulla<br \/>\n\u00f6ver att situationen kring Corona kommer l\u00e4tta fram\u00f6ver. N\u00e5got som Magnus<br \/>\nOscarsson (KD) riksdagsledamot tillika jordbrukspolitisk talesperson ser positivt p\u00e5.<\/p>\n<p>&#8211; Jag ser hoppfullt p\u00e5 framtiden, men vi m\u00e5ste v\u00e4rna v\u00e5ra svenska lantbrukare<br \/>\noch jag hoppas att s\u00e5 m\u00e5nga som m\u00f6jligt passar p\u00e5 att \u00e5ka till Tift S\u00f6derg\u00e5rd<br \/>\neller andra odlingar f\u00f6r att plocka jordgubbar n\u00e4r s\u00e4songen drar ig\u00e5ng.<br \/>\nLantbrukarnas Riksf\u00f6rbund (LRF) har tidigare g\u00e5tt ut med att de vill f\u00e5<br \/>\npermitterad arbetskraft att hoppa in och jobba i de gr\u00f6na n\u00e4ringarna och<br \/>\nskogsbruket, ett f\u00f6rslag som jag v\u00e4lkomnar, avslutar Magnus Oscarsson.<\/p>\n<p>Presskontakt:<br \/>\nDenis\u00e9 Cassel<br \/>\n076-213 00 62<br \/>\ndenise.cassel@linkoping.se<\/p>\n","protected":false},"excerpt":{"rendered":"<p>En bransch som drabbats h\u00e5rt i och med Coronakrisen \u00e4r de gr\u00f6na n\u00e4ringarna. Coronautbrottet medf\u00f6r att m\u00e5nga l\u00e4nder st\u00e4nger sina gr\u00e4nser b\u00e5de i och utanf\u00f6r EU, vilket g\u00f6r det sv\u00e5rt f\u00f6r utl\u00e4ndsk arbetskraft att resa. Samtidigt g\u00e5r f\u00f6retag inom det gr\u00f6na n\u00e4ringslivet nu in i en av de mest hektiska s\u00e4songerna och behovet av arbetskraft <a class=\"read-more-link\" href=\"https:\/\/wp.kristdemokraterna.se\/linkoping\/jordgubbssasongen-ar-hotad\/\">Read More<\/a><\/p>\n","protected":false},"author":410,"featured_media":0,"comment_status":"closed","ping_status":"closed","sticky":false,"template":"","format":"standard","meta":{"_acf_changed":false,"footnotes":""},"categories":[22,1],"tags":[],"class_list":["post-1518","post","type-post","status-publish","format-standard","hentry","category-arkiv","category-okategoriserade"],"acf":[],"yoast_head":"<!-- This site is optimized with the Yoast SEO plugin v27.4 - https:\/\/yoast.com\/product\/yoast-seo-wordpress\/ -->\n<title>Jordgubbss\u00e4songen \u00e4r hotad - Kristdemokraterna i Link\u00f6ping<\/title>\n<meta name=\"robots\" content=\"index, follow, max-snippet:-1, max-image-preview:large, max-video-preview:-1\" \/>\n<link rel=\"canonical\" href=\"https:\/\/wp.kristdemokraterna.se\/linkoping\/jordgubbssasongen-ar-hotad\/\" \/>\n<meta property=\"og:locale\" content=\"sv_SE\" \/>\n<meta property=\"og:type\" content=\"article\" \/>\n<meta property=\"og:title\" content=\"Jordgubbss\u00e4songen \u00e4r hotad - Kristdemokraterna i Link\u00f6ping\" \/>\n<meta property=\"og:description\" content=\"En bransch som drabbats h\u00e5rt i och med Coronakrisen \u00e4r de gr\u00f6na n\u00e4ringarna. Coronautbrottet medf\u00f6r att m\u00e5nga l\u00e4nder st\u00e4nger sina gr\u00e4nser b\u00e5de i och utanf\u00f6r EU, vilket g\u00f6r det sv\u00e5rt f\u00f6r utl\u00e4ndsk arbetskraft att resa. Samtidigt g\u00e5r f\u00f6retag inom det gr\u00f6na n\u00e4ringslivet nu in i en av de mest hektiska s\u00e4songerna och behovet av arbetskraft Read More\" \/>\n<meta property=\"og:url\" content=\"https:\/\/wp.kristdemokraterna.se\/linkoping\/jordgubbssasongen-ar-hotad\/\" \/>\n<meta property=\"og:site_name\" content=\"Kristdemokraterna i Link\u00f6ping\" \/>\n<meta property=\"article:author\" content=\"https:\/\/www.facebook.com\/kdlinkoping\/\" \/>\n<meta property=\"article:published_time\" content=\"2020-04-20T06:28:02+00:00\" \/>\n<meta property=\"article:modified_time\" content=\"2021-08-13T09:46:49+00:00\" \/>\n<meta name=\"author\" content=\"linkoping\" \/>\n<meta name=\"twitter:card\" content=\"summary_large_image\" \/>\n<meta name=\"twitter:label1\" content=\"Skriven av\" \/>\n\t<meta name=\"twitter:data1\" content=\"linkoping\" \/>\n\t<meta name=\"twitter:label2\" content=\"Ber\u00e4knad l\u00e4stid\" \/>\n\t<meta name=\"twitter:data2\" content=\"2 minuter\" \/>\n<script type=\"application\/ld+json\" class=\"yoast-schema-graph\">{\"@context\":\"https:\\\/\\\/schema.org\",\"@graph\":[{\"@type\":\"Article\",\"@id\":\"https:\\\/\\\/wp.kristdemokraterna.se\\\/linkoping\\\/jordgubbssasongen-ar-hotad\\\/#article\",\"isPartOf\":{\"@id\":\"https:\\\/\\\/wp.kristdemokraterna.se\\\/linkoping\\\/jordgubbssasongen-ar-hotad\\\/\"},\"author\":{\"name\":\"linkoping\",\"@id\":\"https:\\\/\\\/wp.kristdemokraterna.se\\\/linkoping\\\/#\\\/schema\\\/person\\\/b0148c3c8863db76d330faa282b9521a\"},\"headline\":\"Jordgubbss\u00e4songen \u00e4r hotad\",\"datePublished\":\"2020-04-20T06:28:02+00:00\",\"dateModified\":\"2021-08-13T09:46:49+00:00\",\"mainEntityOfPage\":{\"@id\":\"https:\\\/\\\/wp.kristdemokraterna.se\\\/linkoping\\\/jordgubbssasongen-ar-hotad\\\/\"},\"wordCount\":324,\"articleSection\":[\"arkiv\",\"okategoriserade\"],\"inLanguage\":\"sv-SE\"},{\"@type\":\"WebPage\",\"@id\":\"https:\\\/\\\/wp.kristdemokraterna.se\\\/linkoping\\\/jordgubbssasongen-ar-hotad\\\/\",\"url\":\"https:\\\/\\\/wp.kristdemokraterna.se\\\/linkoping\\\/jordgubbssasongen-ar-hotad\\\/\",\"name\":\"Jordgubbss\u00e4songen \u00e4r hotad - Kristdemokraterna i Link\u00f6ping\",\"isPartOf\":{\"@id\":\"https:\\\/\\\/wp.kristdemokraterna.se\\\/linkoping\\\/#website\"},\"datePublished\":\"2020-04-20T06:28:02+00:00\",\"dateModified\":\"2021-08-13T09:46:49+00:00\",\"author\":{\"@id\":\"https:\\\/\\\/wp.kristdemokraterna.se\\\/linkoping\\\/#\\\/schema\\\/person\\\/b0148c3c8863db76d330faa282b9521a\"},\"breadcrumb\":{\"@id\":\"https:\\\/\\\/wp.kristdemokraterna.se\\\/linkoping\\\/jordgubbssasongen-ar-hotad\\\/#breadcrumb\"},\"inLanguage\":\"sv-SE\",\"potentialAction\":[{\"@type\":\"ReadAction\",\"target\":[\"https:\\\/\\\/wp.kristdemokraterna.se\\\/linkoping\\\/jordgubbssasongen-ar-hotad\\\/\"]}]},{\"@type\":\"BreadcrumbList\",\"@id\":\"https:\\\/\\\/wp.kristdemokraterna.se\\\/linkoping\\\/jordgubbssasongen-ar-hotad\\\/#breadcrumb\",\"itemListElement\":[{\"@type\":\"ListItem\",\"position\":1,\"name\":\"Hem\",\"item\":\"https:\\\/\\\/wp.kristdemokraterna.se\\\/linkoping\\\/\"},{\"@type\":\"ListItem\",\"position\":2,\"name\":\"Jordgubbss\u00e4songen \u00e4r hotad\"}]},{\"@type\":\"WebSite\",\"@id\":\"https:\\\/\\\/wp.kristdemokraterna.se\\\/linkoping\\\/#website\",\"url\":\"https:\\\/\\\/wp.kristdemokraterna.se\\\/linkoping\\\/\",\"name\":\"Kristdemokraterna i Link\u00f6ping\",\"description\":\"\",\"inLanguage\":\"sv-SE\"},{\"@type\":\"Person\",\"@id\":\"https:\\\/\\\/wp.kristdemokraterna.se\\\/linkoping\\\/#\\\/schema\\\/person\\\/b0148c3c8863db76d330faa282b9521a\",\"name\":\"linkoping\",\"image\":{\"@type\":\"ImageObject\",\"inLanguage\":\"sv-SE\",\"@id\":\"https:\\\/\\\/secure.gravatar.com\\\/avatar\\\/016e7965fec0e08fdd07b021a7d25181278d4b29b1d5bab57b16017e35421895?s=96&r=g\",\"url\":\"https:\\\/\\\/secure.gravatar.com\\\/avatar\\\/016e7965fec0e08fdd07b021a7d25181278d4b29b1d5bab57b16017e35421895?s=96&r=g\",\"contentUrl\":\"https:\\\/\\\/secure.gravatar.com\\\/avatar\\\/016e7965fec0e08fdd07b021a7d25181278d4b29b1d5bab57b16017e35421895?s=96&r=g\",\"caption\":\"linkoping\"},\"sameAs\":[\"https:\\\/\\\/www.facebook.com\\\/kdlinkoping\\\/\"],\"url\":\"https:\\\/\\\/wp.kristdemokraterna.se\\\/linkoping\\\/author\\\/linkoping\\\/\"}]}<\/script>\n<!-- \/ Yoast SEO plugin. -->","yoast_head_json":{"title":"Jordgubbss\u00e4songen \u00e4r hotad - Kristdemokraterna i Link\u00f6ping","robots":{"index":"index","follow":"follow","max-snippet":"max-snippet:-1","max-image-preview":"max-image-preview:large","max-video-preview":"max-video-preview:-1"},"canonical":"https:\/\/wp.kristdemokraterna.se\/linkoping\/jordgubbssasongen-ar-hotad\/","og_locale":"sv_SE","og_type":"article","og_title":"Jordgubbss\u00e4songen \u00e4r hotad - Kristdemokraterna i Link\u00f6ping","og_description":"En bransch som drabbats h\u00e5rt i och med Coronakrisen \u00e4r de gr\u00f6na n\u00e4ringarna. Coronautbrottet medf\u00f6r att m\u00e5nga l\u00e4nder st\u00e4nger sina gr\u00e4nser b\u00e5de i och utanf\u00f6r EU, vilket g\u00f6r det sv\u00e5rt f\u00f6r utl\u00e4ndsk arbetskraft att resa. Samtidigt g\u00e5r f\u00f6retag inom det gr\u00f6na n\u00e4ringslivet nu in i en av de mest hektiska s\u00e4songerna och behovet av arbetskraft Read More","og_url":"https:\/\/wp.kristdemokraterna.se\/linkoping\/jordgubbssasongen-ar-hotad\/","og_site_name":"Kristdemokraterna i Link\u00f6ping","article_author":"https:\/\/www.facebook.com\/kdlinkoping\/","article_published_time":"2020-04-20T06:28:02+00:00","article_modified_time":"2021-08-13T09:46:49+00:00","author":"linkoping","twitter_card":"summary_large_image","twitter_misc":{"Skriven av":"linkoping","Ber\u00e4knad l\u00e4stid":"2 minuter"},"schema":{"@context":"https:\/\/schema.org","@graph":[{"@type":"Article","@id":"https:\/\/wp.kristdemokraterna.se\/linkoping\/jordgubbssasongen-ar-hotad\/#article","isPartOf":{"@id":"https:\/\/wp.kristdemokraterna.se\/linkoping\/jordgubbssasongen-ar-hotad\/"},"author":{"name":"linkoping","@id":"https:\/\/wp.kristdemokraterna.se\/linkoping\/#\/schema\/person\/b0148c3c8863db76d330faa282b9521a"},"headline":"Jordgubbss\u00e4songen \u00e4r hotad","datePublished":"2020-04-20T06:28:02+00:00","dateModified":"2021-08-13T09:46:49+00:00","mainEntityOfPage":{"@id":"https:\/\/wp.kristdemokraterna.se\/linkoping\/jordgubbssasongen-ar-hotad\/"},"wordCount":324,"articleSection":["arkiv","okategoriserade"],"inLanguage":"sv-SE"},{"@type":"WebPage","@id":"https:\/\/wp.kristdemokraterna.se\/linkoping\/jordgubbssasongen-ar-hotad\/","url":"https:\/\/wp.kristdemokraterna.se\/linkoping\/jordgubbssasongen-ar-hotad\/","name":"Jordgubbss\u00e4songen \u00e4r hotad - Kristdemokraterna i Link\u00f6ping","isPartOf":{"@id":"https:\/\/wp.kristdemokraterna.se\/linkoping\/#website"},"datePublished":"2020-04-20T06:28:02+00:00","dateModified":"2021-08-13T09:46:49+00:00","author":{"@id":"https:\/\/wp.kristdemokraterna.se\/linkoping\/#\/schema\/person\/b0148c3c8863db76d330faa282b9521a"},"breadcrumb":{"@id":"https:\/\/wp.kristdemokraterna.se\/linkoping\/jordgubbssasongen-ar-hotad\/#breadcrumb"},"inLanguage":"sv-SE","potentialAction":[{"@type":"ReadAction","target":["https:\/\/wp.kristdemokraterna.se\/linkoping\/jordgubbssasongen-ar-hotad\/"]}]},{"@type":"BreadcrumbList","@id":"https:\/\/wp.kristdemokraterna.se\/linkoping\/jordgubbssasongen-ar-hotad\/#breadcrumb","itemListElement":[{"@type":"ListItem","position":1,"name":"Hem","item":"https:\/\/wp.kristdemokraterna.se\/linkoping\/"},{"@type":"ListItem","position":2,"name":"Jordgubbss\u00e4songen \u00e4r hotad"}]},{"@type":"WebSite","@id":"https:\/\/wp.kristdemokraterna.se\/linkoping\/#website","url":"https:\/\/wp.kristdemokraterna.se\/linkoping\/","name":"Kristdemokraterna i Link\u00f6ping","description":"","inLanguage":"sv-SE"},{"@type":"Person","@id":"https:\/\/wp.kristdemokraterna.se\/linkoping\/#\/schema\/person\/b0148c3c8863db76d330faa282b9521a","name":"linkoping","image":{"@type":"ImageObject","inLanguage":"sv-SE","@id":"https:\/\/secure.gravatar.com\/avatar\/016e7965fec0e08fdd07b021a7d25181278d4b29b1d5bab57b16017e35421895?s=96&r=g","url":"https:\/\/secure.gravatar.com\/avatar\/016e7965fec0e08fdd07b021a7d25181278d4b29b1d5bab57b16017e35421895?s=96&r=g","contentUrl":"https:\/\/secure.gravatar.com\/avatar\/016e7965fec0e08fdd07b021a7d25181278d4b29b1d5bab57b16017e35421895?s=96&r=g","caption":"linkoping"},"sameAs":["https:\/\/www.facebook.com\/kdlinkoping\/"],"url":"https:\/\/wp.kristdemokraterna.se\/linkoping\/author\/linkoping\/"}]}},"_links":{"self":[{"href":"https:\/\/wp.kristdemokraterna.se\/linkoping\/wp-json\/wp\/v2\/posts\/1518","targetHints":{"allow":["GET"]}}],"collection":[{"href":"https:\/\/wp.kristdemokraterna.se\/linkoping\/wp-json\/wp\/v2\/posts"}],"about":[{"href":"https:\/\/wp.kristdemokraterna.se\/linkoping\/wp-json\/wp\/v2\/types\/post"}],"author":[{"embeddable":true,"href":"https:\/\/wp.kristdemokraterna.se\/linkoping\/wp-json\/wp\/v2\/users\/410"}],"replies":[{"embeddable":true,"href":"https:\/\/wp.kristdemokraterna.se\/linkoping\/wp-json\/wp\/v2\/comments?post=1518"}],"version-history":[{"count":1,"href":"https:\/\/wp.kristdemokraterna.se\/linkoping\/wp-json\/wp\/v2\/posts\/1518\/revisions"}],"predecessor-version":[{"id":1520,"href":"https:\/\/wp.kristdemokraterna.se\/linkoping\/wp-json\/wp\/v2\/posts\/1518\/revisions\/1520"}],"wp:attachment":[{"href":"https:\/\/wp.kristdemokraterna.se\/linkoping\/wp-json\/wp\/v2\/media?parent=1518"}],"wp:term":[{"taxonomy":"category","embeddable":true,"href":"https:\/\/wp.kristdemokraterna.se\/linkoping\/wp-json\/wp\/v2\/categories?post=1518"},{"taxonomy":"post_tag","embeddable":true,"href":"https:\/\/wp.kristdemokraterna.se\/linkoping\/wp-json\/wp\/v2\/tags?post=1518"}],"curies":[{"name":"wp","href":"https:\/\/api.w.org\/{rel}","templated":true}]}}