{"id":1525,"date":"2020-04-23T10:36:48","date_gmt":"2020-04-23T08:36:48","guid":{"rendered":"http:\/\/wp.kristdemokraterna.se\/linkoping\/?p=1525"},"modified":"2021-08-13T11:46:49","modified_gmt":"2021-08-13T09:46:49","slug":"information-fran-kommunalradet-v-16-2020","status":"publish","type":"post","link":"https:\/\/wp.kristdemokraterna.se\/linkoping\/information-fran-kommunalradet-v-16-2020\/","title":{"rendered":"Information fr\u00e5n kommunalr\u00e5det v. 16 2020"},"content":{"rendered":"<p>Till KD-gruppen<\/p>\n<p>Hej v\u00e4nner!<\/p>\n<p>Hoppas att ni haft en bra vecka och helg. Jag har lagt alla m\u00e5sten \u00e5t sidan och<br \/>\ntagit det lugnt. Det var mycket v\u00e4lbeh\u00f6vligt! \u00c4ven om det dagliga arbetet till<br \/>\nstor del handlar om krishantering och Covid-19 s\u00e5 tar det p\u00e5 krafterna att vara i<br \/>\nberedskapsl\u00e4ge och att inplanerade m\u00f6ten m.m. hela tiden flyttas och<br \/>\ntillkommer. Det generella l\u00e4get inom kommunens f\u00f6rvaltningar \u00e4r fortsatt<br \/>\nstabilt. Verksamheterna forts\u00e4tter dock att p\u00e5verkas av personal- och<br \/>\nmaterialbortfall. Nedan f\u00f6ljer n\u00e5gra rader om veckan som flytt.<\/p>\n<p>Arbetspass p\u00e5 Erikshj\u00e4lpen<br \/>\nI onsdags kavlade jag upp \u00e4rmarna och k\u00f6rde ett arbetspass p\u00e5 Erikshj\u00e4lpens<br \/>\nsecond hand i Tornby. Tanken p\u00e5 att engagera mig och hj\u00e4lpa till har funnits<br \/>\nsedan jag bes\u00f6kte Hj\u00e4rta till Hj\u00e4rta i februari (dvs. innan Corona). Jag f\u00f6rde d\u00e5<br \/>\nen dialog med direktor Michael Joum\u00e9 om att hela KD-gruppen skulle kunna<br \/>\nkomma en eftermiddag\/kv\u00e4ll och hj\u00e4lpa till som ett s\u00e4tt att bygga laget samt<br \/>\ng\u00f6ra n\u00e5got f\u00f6r v\u00e5ra medm\u00e4nniskor. Tyv\u00e4rr g\u00e5r det inte nu med tanke p\u00e5<br \/>\nomst\u00e4ndigheterna och d\u00e4rf\u00f6r valde jag att g\u00f6ra ett pass ensam, men denna g\u00e5ng<br \/>\np\u00e5 Erikshj\u00e4lpen. Under dagen fick jag sk\u00f6ta disken, sortera kl\u00e4der och<br \/>\norganisera b\u00f6cker och skivor. Det var sk\u00f6nt att arbeta praktiskt och \u00e4ven veta<br \/>\natt det var f\u00f6r ett gott \u00e4ndam\u00e5l. Inf\u00f6r min medverkan gick pressmeddelande ut<br \/>\nfr\u00e5n b\u00e5de partiet och Erikshj\u00e4lpen om att jag skulle vara d\u00e4r under dagen.<br \/>\nUtspel ang\u00e5ende b\u00f6nders situation i och med Corona<\/p>\n<p>I veckan hade jag ordnat en tr\u00e4ff med \u00d6sterg\u00f6tlands riksdagsledamot Magnus<br \/>\nOscarsson och en jordgubbsbonde i kommunen. I min roll som vice KSO<br \/>\nkommer jag i kontakt med m\u00e5nga f\u00f6retagare. Inom de gr\u00f6na n\u00e4ringarna finns<br \/>\ndet f\u00f6retag som har behov av folk, ofta som en f\u00f6ljd av st\u00e4ngda gr\u00e4nser mot<br \/>\nomv\u00e4rlden. Inom de gr\u00f6na n\u00e4ringarna saknas n\u00e4rmare 8 000 personer, enligt<br \/>\nLRF. Det g\u00e4ller fr\u00e4mst till s\u00e4songsarbeten d\u00e4r de vanligtvis anst\u00e4llda inte<br \/>\nkunnat ta sig till Sverige. Det m\u00e5 ofta vara kr\u00e4vande jobb, men lediga jobb. I en<br \/>\ntid d\u00e4r varje arbetad timme \u00e4r ytterst v\u00e4rdefull sett till s\u00e5 m\u00e5nga timmar som<br \/>\nfryser inne p\u00e5 grund av smittskydds\u00e5tg\u00e4rder p\u00e5 andra h\u00e5ll, beh\u00f6ver detta f\u00e5 en<br \/>\nl\u00f6sning. Ingen \u00e4r betj\u00e4nt av att produktionen inom jordbruket, tr\u00e4dg\u00e5rdsn\u00e4ring,<br \/>\nskogsplantering och skogsv\u00e5rd, tappar kraft i ett redan sv\u00e5rt l\u00e4ge. Genom att<br \/>\nregering och riksdag slopade inkomstgr\u00e4nserna f\u00f6r studenters studiel\u00e5n kan<br \/>\nelever vid jord- och naturbruksutbildningar bli tillg\u00e4ngliga f\u00f6r inhopp i st\u00f6rre<br \/>\nutstr\u00e4ckning. Tr\u00e4dg\u00e5rdsn\u00e4ringen har \u00e4ven inf\u00f6rt en 40-timmars snabbutbildning<br \/>\np\u00e5 distans f\u00f6r att f\u00f6rs\u00f6ka m\u00f6ta ett s\u00e4songsbehov p\u00e5 5 000 personer. Det \u00e4r<br \/>\nocks\u00e5 en utstr\u00e4ckt hand till de anst\u00e4llda som f\u00f6rlorat jobbet i de branscher som<br \/>\nlamslagits eller sargats h\u00e5rt av de samh\u00e4lleliga smittskydds\u00e5tg\u00e4rderna,<br \/>\nexempelvis hotell- och bes\u00f6ksn\u00e4ring eller butiksanst\u00e4llda.<\/p>\n<p>Jag har f\u00e5tt n\u00e5gra kommentarer p\u00e5 min Facebook om varf\u00f6r b\u00f6nderna inte ser<br \/>\nsig om efter inhemsk arbetskraft. Sanningen \u00e4r samtliga av de b\u00f6nder jag talat<br \/>\nmed vittnar om att det \u00e4r sv\u00e5rt att f\u00e5 svensk arbetskraft d\u00e5 jobbet tenderar att<br \/>\nvara h\u00e5rt och l\u00f6nen l\u00e5g. Med andra ord \u00e4r det en sanning med modifikation att<br \/>\ndet finns arbetskraft. Det st\u00e4mmer att det finns m\u00e4nniskor som st\u00e5r utan<br \/>\nsyssels\u00e4ttning som borde ta tillf\u00e4llet i akt men de vill inte ha dessa jobb s\u00e5<br \/>\njobbet blir ogjort. Viktigt nu att vi med politiska medel kan trycka p\u00e5 och skapa<br \/>\nincitament f\u00f6r personer som st\u00e5r utanf\u00f6r den regulj\u00e4ra arbetsmarknaden att ta<br \/>\ndessa jobb. Det g\u00e4ller, som det heter, att laga efter l\u00e4ge. Kommunen kommer<br \/>\natt beh\u00f6va h\u00f6ja sina ambitioner f\u00f6r att s\u00e4kra sina l\u00e5ngsiktiga ekonomiska<br \/>\nf\u00f6ruts\u00e4ttningar.<\/p>\n<p>Jag \u00e4r glad att Corren valde att uppm\u00e4rksamma mitt och Magnus utspel<\/p>\n","protected":false},"excerpt":{"rendered":"<p>Till KD-gruppen Hej v\u00e4nner! Hoppas att ni haft en bra vecka och helg. Jag har lagt alla m\u00e5sten \u00e5t sidan och tagit det lugnt. Det var mycket v\u00e4lbeh\u00f6vligt! \u00c4ven om det dagliga arbetet till stor del handlar om krishantering och Covid-19 s\u00e5 tar det p\u00e5 krafterna att vara i beredskapsl\u00e4ge och att inplanerade m\u00f6ten m.m. <a class=\"read-more-link\" href=\"https:\/\/wp.kristdemokraterna.se\/linkoping\/information-fran-kommunalradet-v-16-2020\/\">Read More<\/a><\/p>\n","protected":false},"author":410,"featured_media":0,"comment_status":"closed","ping_status":"closed","sticky":false,"template":"","format":"standard","meta":{"_acf_changed":false,"footnotes":""},"categories":[22,1],"tags":[],"class_list":["post-1525","post","type-post","status-publish","format-standard","hentry","category-arkiv","category-okategoriserade"],"acf":[],"yoast_head":"<!-- This site is optimized with the Yoast SEO plugin v27.4 - https:\/\/yoast.com\/product\/yoast-seo-wordpress\/ -->\n<title>Information fr\u00e5n kommunalr\u00e5det v. 16 2020 - Kristdemokraterna i Link\u00f6ping<\/title>\n<meta name=\"robots\" content=\"index, follow, max-snippet:-1, max-image-preview:large, max-video-preview:-1\" \/>\n<link rel=\"canonical\" href=\"https:\/\/wp.kristdemokraterna.se\/linkoping\/information-fran-kommunalradet-v-16-2020\/\" \/>\n<meta property=\"og:locale\" content=\"sv_SE\" \/>\n<meta property=\"og:type\" content=\"article\" \/>\n<meta property=\"og:title\" content=\"Information fr\u00e5n kommunalr\u00e5det v. 16 2020 - Kristdemokraterna i Link\u00f6ping\" \/>\n<meta property=\"og:description\" content=\"Till KD-gruppen Hej v\u00e4nner! Hoppas att ni haft en bra vecka och helg. Jag har lagt alla m\u00e5sten \u00e5t sidan och tagit det lugnt. Det var mycket v\u00e4lbeh\u00f6vligt! \u00c4ven om det dagliga arbetet till stor del handlar om krishantering och Covid-19 s\u00e5 tar det p\u00e5 krafterna att vara i beredskapsl\u00e4ge och att inplanerade m\u00f6ten m.m. Read More\" \/>\n<meta property=\"og:url\" content=\"https:\/\/wp.kristdemokraterna.se\/linkoping\/information-fran-kommunalradet-v-16-2020\/\" \/>\n<meta property=\"og:site_name\" content=\"Kristdemokraterna i Link\u00f6ping\" \/>\n<meta property=\"article:author\" content=\"https:\/\/www.facebook.com\/kdlinkoping\/\" \/>\n<meta property=\"article:published_time\" content=\"2020-04-23T08:36:48+00:00\" \/>\n<meta property=\"article:modified_time\" content=\"2021-08-13T09:46:49+00:00\" \/>\n<meta name=\"author\" content=\"linkoping\" \/>\n<meta name=\"twitter:card\" content=\"summary_large_image\" \/>\n<meta name=\"twitter:label1\" content=\"Skriven av\" \/>\n\t<meta name=\"twitter:data1\" content=\"linkoping\" \/>\n\t<meta name=\"twitter:label2\" content=\"Ber\u00e4knad l\u00e4stid\" \/>\n\t<meta name=\"twitter:data2\" content=\"4 minuter\" \/>\n<script type=\"application\/ld+json\" class=\"yoast-schema-graph\">{\"@context\":\"https:\\\/\\\/schema.org\",\"@graph\":[{\"@type\":\"Article\",\"@id\":\"https:\\\/\\\/wp.kristdemokraterna.se\\\/linkoping\\\/information-fran-kommunalradet-v-16-2020\\\/#article\",\"isPartOf\":{\"@id\":\"https:\\\/\\\/wp.kristdemokraterna.se\\\/linkoping\\\/information-fran-kommunalradet-v-16-2020\\\/\"},\"author\":{\"name\":\"linkoping\",\"@id\":\"https:\\\/\\\/wp.kristdemokraterna.se\\\/linkoping\\\/#\\\/schema\\\/person\\\/b0148c3c8863db76d330faa282b9521a\"},\"headline\":\"Information fr\u00e5n kommunalr\u00e5det v. 16 2020\",\"datePublished\":\"2020-04-23T08:36:48+00:00\",\"dateModified\":\"2021-08-13T09:46:49+00:00\",\"mainEntityOfPage\":{\"@id\":\"https:\\\/\\\/wp.kristdemokraterna.se\\\/linkoping\\\/information-fran-kommunalradet-v-16-2020\\\/\"},\"wordCount\":733,\"articleSection\":[\"arkiv\",\"okategoriserade\"],\"inLanguage\":\"sv-SE\"},{\"@type\":\"WebPage\",\"@id\":\"https:\\\/\\\/wp.kristdemokraterna.se\\\/linkoping\\\/information-fran-kommunalradet-v-16-2020\\\/\",\"url\":\"https:\\\/\\\/wp.kristdemokraterna.se\\\/linkoping\\\/information-fran-kommunalradet-v-16-2020\\\/\",\"name\":\"Information fr\u00e5n kommunalr\u00e5det v. 16 2020 - Kristdemokraterna i Link\u00f6ping\",\"isPartOf\":{\"@id\":\"https:\\\/\\\/wp.kristdemokraterna.se\\\/linkoping\\\/#website\"},\"datePublished\":\"2020-04-23T08:36:48+00:00\",\"dateModified\":\"2021-08-13T09:46:49+00:00\",\"author\":{\"@id\":\"https:\\\/\\\/wp.kristdemokraterna.se\\\/linkoping\\\/#\\\/schema\\\/person\\\/b0148c3c8863db76d330faa282b9521a\"},\"breadcrumb\":{\"@id\":\"https:\\\/\\\/wp.kristdemokraterna.se\\\/linkoping\\\/information-fran-kommunalradet-v-16-2020\\\/#breadcrumb\"},\"inLanguage\":\"sv-SE\",\"potentialAction\":[{\"@type\":\"ReadAction\",\"target\":[\"https:\\\/\\\/wp.kristdemokraterna.se\\\/linkoping\\\/information-fran-kommunalradet-v-16-2020\\\/\"]}]},{\"@type\":\"BreadcrumbList\",\"@id\":\"https:\\\/\\\/wp.kristdemokraterna.se\\\/linkoping\\\/information-fran-kommunalradet-v-16-2020\\\/#breadcrumb\",\"itemListElement\":[{\"@type\":\"ListItem\",\"position\":1,\"name\":\"Hem\",\"item\":\"https:\\\/\\\/wp.kristdemokraterna.se\\\/linkoping\\\/\"},{\"@type\":\"ListItem\",\"position\":2,\"name\":\"Information fr\u00e5n kommunalr\u00e5det v. 16 2020\"}]},{\"@type\":\"WebSite\",\"@id\":\"https:\\\/\\\/wp.kristdemokraterna.se\\\/linkoping\\\/#website\",\"url\":\"https:\\\/\\\/wp.kristdemokraterna.se\\\/linkoping\\\/\",\"name\":\"Kristdemokraterna i Link\u00f6ping\",\"description\":\"\",\"inLanguage\":\"sv-SE\"},{\"@type\":\"Person\",\"@id\":\"https:\\\/\\\/wp.kristdemokraterna.se\\\/linkoping\\\/#\\\/schema\\\/person\\\/b0148c3c8863db76d330faa282b9521a\",\"name\":\"linkoping\",\"image\":{\"@type\":\"ImageObject\",\"inLanguage\":\"sv-SE\",\"@id\":\"https:\\\/\\\/secure.gravatar.com\\\/avatar\\\/016e7965fec0e08fdd07b021a7d25181278d4b29b1d5bab57b16017e35421895?s=96&r=g\",\"url\":\"https:\\\/\\\/secure.gravatar.com\\\/avatar\\\/016e7965fec0e08fdd07b021a7d25181278d4b29b1d5bab57b16017e35421895?s=96&r=g\",\"contentUrl\":\"https:\\\/\\\/secure.gravatar.com\\\/avatar\\\/016e7965fec0e08fdd07b021a7d25181278d4b29b1d5bab57b16017e35421895?s=96&r=g\",\"caption\":\"linkoping\"},\"sameAs\":[\"https:\\\/\\\/www.facebook.com\\\/kdlinkoping\\\/\"],\"url\":\"https:\\\/\\\/wp.kristdemokraterna.se\\\/linkoping\\\/author\\\/linkoping\\\/\"}]}<\/script>\n<!-- \/ Yoast SEO plugin. -->","yoast_head_json":{"title":"Information fr\u00e5n kommunalr\u00e5det v. 16 2020 - Kristdemokraterna i Link\u00f6ping","robots":{"index":"index","follow":"follow","max-snippet":"max-snippet:-1","max-image-preview":"max-image-preview:large","max-video-preview":"max-video-preview:-1"},"canonical":"https:\/\/wp.kristdemokraterna.se\/linkoping\/information-fran-kommunalradet-v-16-2020\/","og_locale":"sv_SE","og_type":"article","og_title":"Information fr\u00e5n kommunalr\u00e5det v. 16 2020 - Kristdemokraterna i Link\u00f6ping","og_description":"Till KD-gruppen Hej v\u00e4nner! Hoppas att ni haft en bra vecka och helg. Jag har lagt alla m\u00e5sten \u00e5t sidan och tagit det lugnt. Det var mycket v\u00e4lbeh\u00f6vligt! \u00c4ven om det dagliga arbetet till stor del handlar om krishantering och Covid-19 s\u00e5 tar det p\u00e5 krafterna att vara i beredskapsl\u00e4ge och att inplanerade m\u00f6ten m.m. Read More","og_url":"https:\/\/wp.kristdemokraterna.se\/linkoping\/information-fran-kommunalradet-v-16-2020\/","og_site_name":"Kristdemokraterna i Link\u00f6ping","article_author":"https:\/\/www.facebook.com\/kdlinkoping\/","article_published_time":"2020-04-23T08:36:48+00:00","article_modified_time":"2021-08-13T09:46:49+00:00","author":"linkoping","twitter_card":"summary_large_image","twitter_misc":{"Skriven av":"linkoping","Ber\u00e4knad l\u00e4stid":"4 minuter"},"schema":{"@context":"https:\/\/schema.org","@graph":[{"@type":"Article","@id":"https:\/\/wp.kristdemokraterna.se\/linkoping\/information-fran-kommunalradet-v-16-2020\/#article","isPartOf":{"@id":"https:\/\/wp.kristdemokraterna.se\/linkoping\/information-fran-kommunalradet-v-16-2020\/"},"author":{"name":"linkoping","@id":"https:\/\/wp.kristdemokraterna.se\/linkoping\/#\/schema\/person\/b0148c3c8863db76d330faa282b9521a"},"headline":"Information fr\u00e5n kommunalr\u00e5det v. 16 2020","datePublished":"2020-04-23T08:36:48+00:00","dateModified":"2021-08-13T09:46:49+00:00","mainEntityOfPage":{"@id":"https:\/\/wp.kristdemokraterna.se\/linkoping\/information-fran-kommunalradet-v-16-2020\/"},"wordCount":733,"articleSection":["arkiv","okategoriserade"],"inLanguage":"sv-SE"},{"@type":"WebPage","@id":"https:\/\/wp.kristdemokraterna.se\/linkoping\/information-fran-kommunalradet-v-16-2020\/","url":"https:\/\/wp.kristdemokraterna.se\/linkoping\/information-fran-kommunalradet-v-16-2020\/","name":"Information fr\u00e5n kommunalr\u00e5det v. 16 2020 - Kristdemokraterna i Link\u00f6ping","isPartOf":{"@id":"https:\/\/wp.kristdemokraterna.se\/linkoping\/#website"},"datePublished":"2020-04-23T08:36:48+00:00","dateModified":"2021-08-13T09:46:49+00:00","author":{"@id":"https:\/\/wp.kristdemokraterna.se\/linkoping\/#\/schema\/person\/b0148c3c8863db76d330faa282b9521a"},"breadcrumb":{"@id":"https:\/\/wp.kristdemokraterna.se\/linkoping\/information-fran-kommunalradet-v-16-2020\/#breadcrumb"},"inLanguage":"sv-SE","potentialAction":[{"@type":"ReadAction","target":["https:\/\/wp.kristdemokraterna.se\/linkoping\/information-fran-kommunalradet-v-16-2020\/"]}]},{"@type":"BreadcrumbList","@id":"https:\/\/wp.kristdemokraterna.se\/linkoping\/information-fran-kommunalradet-v-16-2020\/#breadcrumb","itemListElement":[{"@type":"ListItem","position":1,"name":"Hem","item":"https:\/\/wp.kristdemokraterna.se\/linkoping\/"},{"@type":"ListItem","position":2,"name":"Information fr\u00e5n kommunalr\u00e5det v. 16 2020"}]},{"@type":"WebSite","@id":"https:\/\/wp.kristdemokraterna.se\/linkoping\/#website","url":"https:\/\/wp.kristdemokraterna.se\/linkoping\/","name":"Kristdemokraterna i Link\u00f6ping","description":"","inLanguage":"sv-SE"},{"@type":"Person","@id":"https:\/\/wp.kristdemokraterna.se\/linkoping\/#\/schema\/person\/b0148c3c8863db76d330faa282b9521a","name":"linkoping","image":{"@type":"ImageObject","inLanguage":"sv-SE","@id":"https:\/\/secure.gravatar.com\/avatar\/016e7965fec0e08fdd07b021a7d25181278d4b29b1d5bab57b16017e35421895?s=96&r=g","url":"https:\/\/secure.gravatar.com\/avatar\/016e7965fec0e08fdd07b021a7d25181278d4b29b1d5bab57b16017e35421895?s=96&r=g","contentUrl":"https:\/\/secure.gravatar.com\/avatar\/016e7965fec0e08fdd07b021a7d25181278d4b29b1d5bab57b16017e35421895?s=96&r=g","caption":"linkoping"},"sameAs":["https:\/\/www.facebook.com\/kdlinkoping\/"],"url":"https:\/\/wp.kristdemokraterna.se\/linkoping\/author\/linkoping\/"}]}},"_links":{"self":[{"href":"https:\/\/wp.kristdemokraterna.se\/linkoping\/wp-json\/wp\/v2\/posts\/1525","targetHints":{"allow":["GET"]}}],"collection":[{"href":"https:\/\/wp.kristdemokraterna.se\/linkoping\/wp-json\/wp\/v2\/posts"}],"about":[{"href":"https:\/\/wp.kristdemokraterna.se\/linkoping\/wp-json\/wp\/v2\/types\/post"}],"author":[{"embeddable":true,"href":"https:\/\/wp.kristdemokraterna.se\/linkoping\/wp-json\/wp\/v2\/users\/410"}],"replies":[{"embeddable":true,"href":"https:\/\/wp.kristdemokraterna.se\/linkoping\/wp-json\/wp\/v2\/comments?post=1525"}],"version-history":[{"count":1,"href":"https:\/\/wp.kristdemokraterna.se\/linkoping\/wp-json\/wp\/v2\/posts\/1525\/revisions"}],"predecessor-version":[{"id":1526,"href":"https:\/\/wp.kristdemokraterna.se\/linkoping\/wp-json\/wp\/v2\/posts\/1525\/revisions\/1526"}],"wp:attachment":[{"href":"https:\/\/wp.kristdemokraterna.se\/linkoping\/wp-json\/wp\/v2\/media?parent=1525"}],"wp:term":[{"taxonomy":"category","embeddable":true,"href":"https:\/\/wp.kristdemokraterna.se\/linkoping\/wp-json\/wp\/v2\/categories?post=1525"},{"taxonomy":"post_tag","embeddable":true,"href":"https:\/\/wp.kristdemokraterna.se\/linkoping\/wp-json\/wp\/v2\/tags?post=1525"}],"curies":[{"name":"wp","href":"https:\/\/api.w.org\/{rel}","templated":true}]}}