{"id":1535,"date":"2020-05-06T11:50:42","date_gmt":"2020-05-06T09:50:42","guid":{"rendered":"http:\/\/wp.kristdemokraterna.se\/linkoping\/?p=1535"},"modified":"2021-08-13T11:46:49","modified_gmt":"2021-08-13T09:46:49","slug":"subventionerade-gymnasieluncher-forlangs","status":"publish","type":"post","link":"https:\/\/wp.kristdemokraterna.se\/linkoping\/subventionerade-gymnasieluncher-forlangs\/","title":{"rendered":"Subventionerade gymnasieluncher f\u00f6rl\u00e4ngs."},"content":{"rendered":"<div class=\"kvgmc6g5 cxmmr5t8 oygrvhab hcukyx3x c1et5uql ii04i59q\">\n<div dir=\"auto\"><span class=\"q9uorilb tbxw36s4 knj5qynh kvgmc6g5 ditlmg2l oygrvhab nvdbi5me fgm26odu gl3lb2sf hhz5lgdu\"><img loading=\"lazy\" decoding=\"async\" src=\"https:\/\/static.xx.fbcdn.net\/images\/emoji.php\/v9\/tee\/1\/16\/1f699.png\" alt=\"\ud83d\ude99\" width=\"16\" height=\"16\" \/><\/span> DET \u00c4R INTE K\u00d6RT &#8211; DET \u00c4R HEMK\u00d6RT!<\/div>\n<\/div>\n<div class=\"o9v6fnle cxmmr5t8 oygrvhab hcukyx3x c1et5uql ii04i59q\">\n<div dir=\"auto\">P\u00e5 dagens kommunstyrelse togs beslutet om att f\u00f6rl\u00e4nga de subventionerade gymnasieluncherna. Detta kommer inneb\u00e4ra en forts\u00e4ttning f\u00f6r att s\u00e4kerst\u00e4lla att eleverna f\u00e5r ett m\u00e5l lagad mat, samtidigt som vi st\u00f6ttar v\u00e5rt lokala n\u00e4ringsliv som kan forts\u00e4tta hemk\u00f6rningen. Win-win!<\/div>\n<div dir=\"auto\"><\/div>\n<\/div>\n<div class=\"o9v6fnle cxmmr5t8 oygrvhab hcukyx3x c1et5uql ii04i59q\">\n<div dir=\"auto\">\u2013 Med tanke p\u00e5 hur det h\u00e4r erbjudandet har mottagits var det ett l\u00e4tt beslut att ta. Genom att f\u00f6rl\u00e4nga elevlunchen terminen ut forts\u00e4tter vi st\u00f6dja v\u00e5rt lokala n\u00e4ringsliv. Genom det h\u00e4r erbjudandet tar vi ansvar b\u00e5de f\u00f6r n\u00e4ringsliv och v\u00e5ra gymnasieelever, s\u00e4ger kommunalr\u00e5det Denise Cassel (KD).<\/div>\n<div dir=\"auto\"><\/div>\n<\/div>\n<div class=\"o9v6fnle cxmmr5t8 oygrvhab hcukyx3x c1et5uql ii04i59q\">\n<div dir=\"auto\">Mer info h\u00e4r:<\/div>\n<div dir=\"auto\">https:\/\/corren.se\/lokalt\/linkoping\/artikel\/nytt-beslut-elever-far-lunchkuponger-lasaret-ut\/5re2d3wr?fbclid=IwAR0CwmJwZrkHu0192YM1MzQO-Tbf0ctZ-MNE4aj0MbXVZfp5OycOiNlDD5g<\/div>\n<div dir=\"auto\"><\/div>\n<div dir=\"auto\"><a class=\"oajrlxb2 g5ia77u1 qu0x051f esr5mh6w e9989ue4 r7d6kgcz rq0escxv nhd2j8a9 nc684nl6 p7hjln8o kvgmc6g5 cxmmr5t8 oygrvhab hcukyx3x jb3vyjys rz4wbd8a qt6c0cv9 a8nywdso i1ao9s8h esuyzwwr f1sip0of lzcic4wl py34i1dx gpro0wi8\" role=\"link\" href=\"https:\/\/l.facebook.com\/l.php?u=https%3A%2F%2Fwww.linkoping.se%2Fnyheter%2Fnyheter%2Fdubbelt-uppskattade-elevluncher-far-fortsattning%2F%3Ffbclid%3DIwAR0IY4hTqj0SYs54ZaRQJbjba1WWxZNL1zpK-Q8dHRRcDCsEobcCsXZlQ4A&amp;h=AT3Yv5QQlnMzgqUwE6bbRPMTVIYewKCokHK0xo1McdQDxFQOIp_fCxFmxJ9cnRwpZ6rf2VWPYaHmhlGu5Sg-DPiWlmWIoyBL-FMRvT1wXPP_KGeogBuPb6SaNISV93R7Jtls&amp;__tn__=-UK-R&amp;c[0]=AT0uBhCOr1T9gdKyuKZHG5FCmeESdgwVBeXAeiFZGW2jEG64CVW2-S2v8Yf3VFnIaKi8BRMssPDGhf16zZ1GPOGJJb48mNaOCyGO0GcXgPrh9JNjcCxjwK4xtqzT5AYUqqvwqnAFgwHsXktqDY9Vb1jOazusVduzo_gc0hK1V-Mj3-K4c1WnD1sGYG70\" target=\"_blank\" rel=\"nofollow noopener noreferrer\">https:\/\/www.linkoping.se\/nyheter\/nyheter\/dubbelt-uppskattade-elevluncher-far-fortsattning\/<\/a><\/div>\n<\/div>\n","protected":false},"excerpt":{"rendered":"<p>DET \u00c4R INTE K\u00d6RT &#8211; DET \u00c4R HEMK\u00d6RT! P\u00e5 dagens kommunstyrelse togs beslutet om att f\u00f6rl\u00e4nga de subventionerade gymnasieluncherna. Detta kommer inneb\u00e4ra en forts\u00e4ttning f\u00f6r att s\u00e4kerst\u00e4lla att eleverna f\u00e5r ett m\u00e5l lagad mat, samtidigt som vi st\u00f6ttar v\u00e5rt lokala n\u00e4ringsliv som kan forts\u00e4tta hemk\u00f6rningen. Win-win! \u2013 Med tanke p\u00e5 hur det h\u00e4r erbjudandet har <a class=\"read-more-link\" href=\"https:\/\/wp.kristdemokraterna.se\/linkoping\/subventionerade-gymnasieluncher-forlangs\/\">Read More<\/a><\/p>\n","protected":false},"author":410,"featured_media":0,"comment_status":"closed","ping_status":"closed","sticky":false,"template":"","format":"standard","meta":{"_acf_changed":false,"footnotes":""},"categories":[22,1],"tags":[],"class_list":["post-1535","post","type-post","status-publish","format-standard","hentry","category-arkiv","category-okategoriserade"],"acf":[],"yoast_head":"<!-- This site is optimized with the Yoast SEO plugin v27.4 - https:\/\/yoast.com\/product\/yoast-seo-wordpress\/ -->\n<title>Subventionerade gymnasieluncher f\u00f6rl\u00e4ngs. - Kristdemokraterna i Link\u00f6ping<\/title>\n<meta name=\"robots\" content=\"index, follow, max-snippet:-1, max-image-preview:large, max-video-preview:-1\" \/>\n<link rel=\"canonical\" href=\"https:\/\/wp.kristdemokraterna.se\/linkoping\/subventionerade-gymnasieluncher-forlangs\/\" \/>\n<meta property=\"og:locale\" content=\"sv_SE\" \/>\n<meta property=\"og:type\" content=\"article\" \/>\n<meta property=\"og:title\" content=\"Subventionerade gymnasieluncher f\u00f6rl\u00e4ngs. - Kristdemokraterna i Link\u00f6ping\" \/>\n<meta property=\"og:description\" content=\"DET \u00c4R INTE K\u00d6RT &#8211; DET \u00c4R HEMK\u00d6RT! P\u00e5 dagens kommunstyrelse togs beslutet om att f\u00f6rl\u00e4nga de subventionerade gymnasieluncherna. Detta kommer inneb\u00e4ra en forts\u00e4ttning f\u00f6r att s\u00e4kerst\u00e4lla att eleverna f\u00e5r ett m\u00e5l lagad mat, samtidigt som vi st\u00f6ttar v\u00e5rt lokala n\u00e4ringsliv som kan forts\u00e4tta hemk\u00f6rningen. Win-win! \u2013 Med tanke p\u00e5 hur det h\u00e4r erbjudandet har Read More\" \/>\n<meta property=\"og:url\" content=\"https:\/\/wp.kristdemokraterna.se\/linkoping\/subventionerade-gymnasieluncher-forlangs\/\" \/>\n<meta property=\"og:site_name\" content=\"Kristdemokraterna i Link\u00f6ping\" \/>\n<meta property=\"article:author\" content=\"https:\/\/www.facebook.com\/kdlinkoping\/\" \/>\n<meta property=\"article:published_time\" content=\"2020-05-06T09:50:42+00:00\" \/>\n<meta property=\"article:modified_time\" content=\"2021-08-13T09:46:49+00:00\" \/>\n<meta property=\"og:image\" content=\"https:\/\/static.xx.fbcdn.net\/images\/emoji.php\/v9\/tee\/1\/16\/1f699.png\" \/>\n<meta name=\"author\" content=\"linkoping\" \/>\n<meta name=\"twitter:card\" content=\"summary_large_image\" \/>\n<meta name=\"twitter:label1\" content=\"Skriven av\" \/>\n\t<meta name=\"twitter:data1\" content=\"linkoping\" \/>\n\t<meta name=\"twitter:label2\" content=\"Ber\u00e4knad l\u00e4stid\" \/>\n\t<meta name=\"twitter:data2\" content=\"1 minut\" \/>\n<script type=\"application\/ld+json\" class=\"yoast-schema-graph\">{\"@context\":\"https:\\\/\\\/schema.org\",\"@graph\":[{\"@type\":\"Article\",\"@id\":\"https:\\\/\\\/wp.kristdemokraterna.se\\\/linkoping\\\/subventionerade-gymnasieluncher-forlangs\\\/#article\",\"isPartOf\":{\"@id\":\"https:\\\/\\\/wp.kristdemokraterna.se\\\/linkoping\\\/subventionerade-gymnasieluncher-forlangs\\\/\"},\"author\":{\"name\":\"linkoping\",\"@id\":\"https:\\\/\\\/wp.kristdemokraterna.se\\\/linkoping\\\/#\\\/schema\\\/person\\\/b0148c3c8863db76d330faa282b9521a\"},\"headline\":\"Subventionerade gymnasieluncher f\u00f6rl\u00e4ngs.\",\"datePublished\":\"2020-05-06T09:50:42+00:00\",\"dateModified\":\"2021-08-13T09:46:49+00:00\",\"mainEntityOfPage\":{\"@id\":\"https:\\\/\\\/wp.kristdemokraterna.se\\\/linkoping\\\/subventionerade-gymnasieluncher-forlangs\\\/\"},\"wordCount\":159,\"image\":{\"@id\":\"https:\\\/\\\/wp.kristdemokraterna.se\\\/linkoping\\\/subventionerade-gymnasieluncher-forlangs\\\/#primaryimage\"},\"thumbnailUrl\":\"https:\\\/\\\/static.xx.fbcdn.net\\\/images\\\/emoji.php\\\/v9\\\/tee\\\/1\\\/16\\\/1f699.png\",\"articleSection\":[\"arkiv\",\"okategoriserade\"],\"inLanguage\":\"sv-SE\"},{\"@type\":\"WebPage\",\"@id\":\"https:\\\/\\\/wp.kristdemokraterna.se\\\/linkoping\\\/subventionerade-gymnasieluncher-forlangs\\\/\",\"url\":\"https:\\\/\\\/wp.kristdemokraterna.se\\\/linkoping\\\/subventionerade-gymnasieluncher-forlangs\\\/\",\"name\":\"Subventionerade gymnasieluncher f\u00f6rl\u00e4ngs. - Kristdemokraterna i Link\u00f6ping\",\"isPartOf\":{\"@id\":\"https:\\\/\\\/wp.kristdemokraterna.se\\\/linkoping\\\/#website\"},\"primaryImageOfPage\":{\"@id\":\"https:\\\/\\\/wp.kristdemokraterna.se\\\/linkoping\\\/subventionerade-gymnasieluncher-forlangs\\\/#primaryimage\"},\"image\":{\"@id\":\"https:\\\/\\\/wp.kristdemokraterna.se\\\/linkoping\\\/subventionerade-gymnasieluncher-forlangs\\\/#primaryimage\"},\"thumbnailUrl\":\"https:\\\/\\\/static.xx.fbcdn.net\\\/images\\\/emoji.php\\\/v9\\\/tee\\\/1\\\/16\\\/1f699.png\",\"datePublished\":\"2020-05-06T09:50:42+00:00\",\"dateModified\":\"2021-08-13T09:46:49+00:00\",\"author\":{\"@id\":\"https:\\\/\\\/wp.kristdemokraterna.se\\\/linkoping\\\/#\\\/schema\\\/person\\\/b0148c3c8863db76d330faa282b9521a\"},\"breadcrumb\":{\"@id\":\"https:\\\/\\\/wp.kristdemokraterna.se\\\/linkoping\\\/subventionerade-gymnasieluncher-forlangs\\\/#breadcrumb\"},\"inLanguage\":\"sv-SE\",\"potentialAction\":[{\"@type\":\"ReadAction\",\"target\":[\"https:\\\/\\\/wp.kristdemokraterna.se\\\/linkoping\\\/subventionerade-gymnasieluncher-forlangs\\\/\"]}]},{\"@type\":\"ImageObject\",\"inLanguage\":\"sv-SE\",\"@id\":\"https:\\\/\\\/wp.kristdemokraterna.se\\\/linkoping\\\/subventionerade-gymnasieluncher-forlangs\\\/#primaryimage\",\"url\":\"https:\\\/\\\/static.xx.fbcdn.net\\\/images\\\/emoji.php\\\/v9\\\/tee\\\/1\\\/16\\\/1f699.png\",\"contentUrl\":\"https:\\\/\\\/static.xx.fbcdn.net\\\/images\\\/emoji.php\\\/v9\\\/tee\\\/1\\\/16\\\/1f699.png\"},{\"@type\":\"BreadcrumbList\",\"@id\":\"https:\\\/\\\/wp.kristdemokraterna.se\\\/linkoping\\\/subventionerade-gymnasieluncher-forlangs\\\/#breadcrumb\",\"itemListElement\":[{\"@type\":\"ListItem\",\"position\":1,\"name\":\"Hem\",\"item\":\"https:\\\/\\\/wp.kristdemokraterna.se\\\/linkoping\\\/\"},{\"@type\":\"ListItem\",\"position\":2,\"name\":\"Subventionerade gymnasieluncher f\u00f6rl\u00e4ngs.\"}]},{\"@type\":\"WebSite\",\"@id\":\"https:\\\/\\\/wp.kristdemokraterna.se\\\/linkoping\\\/#website\",\"url\":\"https:\\\/\\\/wp.kristdemokraterna.se\\\/linkoping\\\/\",\"name\":\"Kristdemokraterna i Link\u00f6ping\",\"description\":\"\",\"inLanguage\":\"sv-SE\"},{\"@type\":\"Person\",\"@id\":\"https:\\\/\\\/wp.kristdemokraterna.se\\\/linkoping\\\/#\\\/schema\\\/person\\\/b0148c3c8863db76d330faa282b9521a\",\"name\":\"linkoping\",\"image\":{\"@type\":\"ImageObject\",\"inLanguage\":\"sv-SE\",\"@id\":\"https:\\\/\\\/secure.gravatar.com\\\/avatar\\\/016e7965fec0e08fdd07b021a7d25181278d4b29b1d5bab57b16017e35421895?s=96&r=g\",\"url\":\"https:\\\/\\\/secure.gravatar.com\\\/avatar\\\/016e7965fec0e08fdd07b021a7d25181278d4b29b1d5bab57b16017e35421895?s=96&r=g\",\"contentUrl\":\"https:\\\/\\\/secure.gravatar.com\\\/avatar\\\/016e7965fec0e08fdd07b021a7d25181278d4b29b1d5bab57b16017e35421895?s=96&r=g\",\"caption\":\"linkoping\"},\"sameAs\":[\"https:\\\/\\\/www.facebook.com\\\/kdlinkoping\\\/\"],\"url\":\"https:\\\/\\\/wp.kristdemokraterna.se\\\/linkoping\\\/author\\\/linkoping\\\/\"}]}<\/script>\n<!-- \/ Yoast SEO plugin. -->","yoast_head_json":{"title":"Subventionerade gymnasieluncher f\u00f6rl\u00e4ngs. - Kristdemokraterna i Link\u00f6ping","robots":{"index":"index","follow":"follow","max-snippet":"max-snippet:-1","max-image-preview":"max-image-preview:large","max-video-preview":"max-video-preview:-1"},"canonical":"https:\/\/wp.kristdemokraterna.se\/linkoping\/subventionerade-gymnasieluncher-forlangs\/","og_locale":"sv_SE","og_type":"article","og_title":"Subventionerade gymnasieluncher f\u00f6rl\u00e4ngs. - Kristdemokraterna i Link\u00f6ping","og_description":"DET \u00c4R INTE K\u00d6RT &#8211; DET \u00c4R HEMK\u00d6RT! P\u00e5 dagens kommunstyrelse togs beslutet om att f\u00f6rl\u00e4nga de subventionerade gymnasieluncherna. Detta kommer inneb\u00e4ra en forts\u00e4ttning f\u00f6r att s\u00e4kerst\u00e4lla att eleverna f\u00e5r ett m\u00e5l lagad mat, samtidigt som vi st\u00f6ttar v\u00e5rt lokala n\u00e4ringsliv som kan forts\u00e4tta hemk\u00f6rningen. Win-win! \u2013 Med tanke p\u00e5 hur det h\u00e4r erbjudandet har Read More","og_url":"https:\/\/wp.kristdemokraterna.se\/linkoping\/subventionerade-gymnasieluncher-forlangs\/","og_site_name":"Kristdemokraterna i Link\u00f6ping","article_author":"https:\/\/www.facebook.com\/kdlinkoping\/","article_published_time":"2020-05-06T09:50:42+00:00","article_modified_time":"2021-08-13T09:46:49+00:00","og_image":[{"url":"https:\/\/static.xx.fbcdn.net\/images\/emoji.php\/v9\/tee\/1\/16\/1f699.png","type":"","width":"","height":""}],"author":"linkoping","twitter_card":"summary_large_image","twitter_misc":{"Skriven av":"linkoping","Ber\u00e4knad l\u00e4stid":"1 minut"},"schema":{"@context":"https:\/\/schema.org","@graph":[{"@type":"Article","@id":"https:\/\/wp.kristdemokraterna.se\/linkoping\/subventionerade-gymnasieluncher-forlangs\/#article","isPartOf":{"@id":"https:\/\/wp.kristdemokraterna.se\/linkoping\/subventionerade-gymnasieluncher-forlangs\/"},"author":{"name":"linkoping","@id":"https:\/\/wp.kristdemokraterna.se\/linkoping\/#\/schema\/person\/b0148c3c8863db76d330faa282b9521a"},"headline":"Subventionerade gymnasieluncher f\u00f6rl\u00e4ngs.","datePublished":"2020-05-06T09:50:42+00:00","dateModified":"2021-08-13T09:46:49+00:00","mainEntityOfPage":{"@id":"https:\/\/wp.kristdemokraterna.se\/linkoping\/subventionerade-gymnasieluncher-forlangs\/"},"wordCount":159,"image":{"@id":"https:\/\/wp.kristdemokraterna.se\/linkoping\/subventionerade-gymnasieluncher-forlangs\/#primaryimage"},"thumbnailUrl":"https:\/\/static.xx.fbcdn.net\/images\/emoji.php\/v9\/tee\/1\/16\/1f699.png","articleSection":["arkiv","okategoriserade"],"inLanguage":"sv-SE"},{"@type":"WebPage","@id":"https:\/\/wp.kristdemokraterna.se\/linkoping\/subventionerade-gymnasieluncher-forlangs\/","url":"https:\/\/wp.kristdemokraterna.se\/linkoping\/subventionerade-gymnasieluncher-forlangs\/","name":"Subventionerade gymnasieluncher f\u00f6rl\u00e4ngs. - Kristdemokraterna i Link\u00f6ping","isPartOf":{"@id":"https:\/\/wp.kristdemokraterna.se\/linkoping\/#website"},"primaryImageOfPage":{"@id":"https:\/\/wp.kristdemokraterna.se\/linkoping\/subventionerade-gymnasieluncher-forlangs\/#primaryimage"},"image":{"@id":"https:\/\/wp.kristdemokraterna.se\/linkoping\/subventionerade-gymnasieluncher-forlangs\/#primaryimage"},"thumbnailUrl":"https:\/\/static.xx.fbcdn.net\/images\/emoji.php\/v9\/tee\/1\/16\/1f699.png","datePublished":"2020-05-06T09:50:42+00:00","dateModified":"2021-08-13T09:46:49+00:00","author":{"@id":"https:\/\/wp.kristdemokraterna.se\/linkoping\/#\/schema\/person\/b0148c3c8863db76d330faa282b9521a"},"breadcrumb":{"@id":"https:\/\/wp.kristdemokraterna.se\/linkoping\/subventionerade-gymnasieluncher-forlangs\/#breadcrumb"},"inLanguage":"sv-SE","potentialAction":[{"@type":"ReadAction","target":["https:\/\/wp.kristdemokraterna.se\/linkoping\/subventionerade-gymnasieluncher-forlangs\/"]}]},{"@type":"ImageObject","inLanguage":"sv-SE","@id":"https:\/\/wp.kristdemokraterna.se\/linkoping\/subventionerade-gymnasieluncher-forlangs\/#primaryimage","url":"https:\/\/static.xx.fbcdn.net\/images\/emoji.php\/v9\/tee\/1\/16\/1f699.png","contentUrl":"https:\/\/static.xx.fbcdn.net\/images\/emoji.php\/v9\/tee\/1\/16\/1f699.png"},{"@type":"BreadcrumbList","@id":"https:\/\/wp.kristdemokraterna.se\/linkoping\/subventionerade-gymnasieluncher-forlangs\/#breadcrumb","itemListElement":[{"@type":"ListItem","position":1,"name":"Hem","item":"https:\/\/wp.kristdemokraterna.se\/linkoping\/"},{"@type":"ListItem","position":2,"name":"Subventionerade gymnasieluncher f\u00f6rl\u00e4ngs."}]},{"@type":"WebSite","@id":"https:\/\/wp.kristdemokraterna.se\/linkoping\/#website","url":"https:\/\/wp.kristdemokraterna.se\/linkoping\/","name":"Kristdemokraterna i Link\u00f6ping","description":"","inLanguage":"sv-SE"},{"@type":"Person","@id":"https:\/\/wp.kristdemokraterna.se\/linkoping\/#\/schema\/person\/b0148c3c8863db76d330faa282b9521a","name":"linkoping","image":{"@type":"ImageObject","inLanguage":"sv-SE","@id":"https:\/\/secure.gravatar.com\/avatar\/016e7965fec0e08fdd07b021a7d25181278d4b29b1d5bab57b16017e35421895?s=96&r=g","url":"https:\/\/secure.gravatar.com\/avatar\/016e7965fec0e08fdd07b021a7d25181278d4b29b1d5bab57b16017e35421895?s=96&r=g","contentUrl":"https:\/\/secure.gravatar.com\/avatar\/016e7965fec0e08fdd07b021a7d25181278d4b29b1d5bab57b16017e35421895?s=96&r=g","caption":"linkoping"},"sameAs":["https:\/\/www.facebook.com\/kdlinkoping\/"],"url":"https:\/\/wp.kristdemokraterna.se\/linkoping\/author\/linkoping\/"}]}},"_links":{"self":[{"href":"https:\/\/wp.kristdemokraterna.se\/linkoping\/wp-json\/wp\/v2\/posts\/1535","targetHints":{"allow":["GET"]}}],"collection":[{"href":"https:\/\/wp.kristdemokraterna.se\/linkoping\/wp-json\/wp\/v2\/posts"}],"about":[{"href":"https:\/\/wp.kristdemokraterna.se\/linkoping\/wp-json\/wp\/v2\/types\/post"}],"author":[{"embeddable":true,"href":"https:\/\/wp.kristdemokraterna.se\/linkoping\/wp-json\/wp\/v2\/users\/410"}],"replies":[{"embeddable":true,"href":"https:\/\/wp.kristdemokraterna.se\/linkoping\/wp-json\/wp\/v2\/comments?post=1535"}],"version-history":[{"count":1,"href":"https:\/\/wp.kristdemokraterna.se\/linkoping\/wp-json\/wp\/v2\/posts\/1535\/revisions"}],"predecessor-version":[{"id":1537,"href":"https:\/\/wp.kristdemokraterna.se\/linkoping\/wp-json\/wp\/v2\/posts\/1535\/revisions\/1537"}],"wp:attachment":[{"href":"https:\/\/wp.kristdemokraterna.se\/linkoping\/wp-json\/wp\/v2\/media?parent=1535"}],"wp:term":[{"taxonomy":"category","embeddable":true,"href":"https:\/\/wp.kristdemokraterna.se\/linkoping\/wp-json\/wp\/v2\/categories?post=1535"},{"taxonomy":"post_tag","embeddable":true,"href":"https:\/\/wp.kristdemokraterna.se\/linkoping\/wp-json\/wp\/v2\/tags?post=1535"}],"curies":[{"name":"wp","href":"https:\/\/api.w.org\/{rel}","templated":true}]}}