{"id":1538,"date":"2020-05-11T11:06:00","date_gmt":"2020-05-11T09:06:00","guid":{"rendered":"http:\/\/wp.kristdemokraterna.se\/linkoping\/?p=1538"},"modified":"2021-08-13T11:47:04","modified_gmt":"2021-08-13T09:47:04","slug":"information-fran-kommunalradet-v-18-19-2020","status":"publish","type":"post","link":"https:\/\/wp.kristdemokraterna.se\/linkoping\/information-fran-kommunalradet-v-18-19-2020\/","title":{"rendered":"Information fr\u00e5n kommunalr\u00e5det v.18-19 2020"},"content":{"rendered":"<p>Hej v\u00e4nner!<\/p>\n<p>Det ligger fortsatt en Coronaskugga vilandes \u00f6ver Stadshuset \u00e4ven om det vardagliga gnetet forts\u00e4tter. Vi ser att v\u00e4rlden p\u00e5 flera h\u00e5ll b\u00f6rjar \u00f6ppna upp och l\u00e4tta p\u00e5 restriktionerna \u00e4ven om det finns en oro f\u00f6r \u201den andra v\u00e5g\u201d. Fr\u00e5n Link\u00f6pings kommuns h\u00e5ll forts\u00e4tter vi att f\u00f6lja FHMs rekommendationer. Enligt den prognos jag f\u00e5tt idag vid lunchtid fr\u00e5n Region \u00d6sterg\u00f6tland \u00e4r antalet patienter som v\u00e5rdas inom intensivv\u00e5rd den l\u00e4gsta sedan 31 mars. Vi har en bit kvar att varandra och \u00e4ven om det inte \u00e4r sm\u00e5 l\u00e4tta moln p\u00e5 himlen \u00e4r det betydligt b\u00e4ttre \u00e4n vad Correns skr\u00e4ckrubriker gett sken av senaste dagarna. Trots att det r\u00e5der Coronaskugga \u00e4r jag glad att vi Kristdemokrater i Link\u00f6ping syns och lyckas f\u00e5 mediautrymme i v\u00e5ra lokala kanaler! Senaste veckan har jag haft ett utspel om att kommunstyrelsen beslutat om att f\u00f6rl\u00e4nga m\u00e5ltidskupongerna f\u00f6r v\u00e5ra gymnasielever, mitt och Magnus Oscarssons bes\u00f6k hos jordgubbsodlaren p\u00e5 Tift S\u00f6derg\u00e5rd i april har \u00e4ven uppm\u00e4rksammats av en kommuninv\u00e5nare som ber\u00f6mt oss via en ins\u00e4ndare.<\/p>\n<p>Jag har haft inne en debattartikel i slutet av veckan som jag skrivit om civilsamh\u00e4llet och att jag saknar konkreta satsningar p\u00e5 dito i den v\u00e5r\u00e4ndringsbudget som regeringen presenterade f\u00f6r n\u00e5gra veckor sedan. F\u00f6retag n\u00e4mns 535 g\u00e5nger, medan civilsamh\u00e4llet, ideella f\u00f6reningar och folkr\u00f6relser inte n\u00e4mns en enda g\u00e5ng. Under Coronapandemin har jag aktivt valt att belysa att civilsamh\u00e4llet \u00e4r en av v\u00e5ra hj\u00e4rtefr\u00e5gor. Med anledning av detta har jag senaste veckorna tr\u00e4ffat Svenska kyrkans domkyrkopastorat, R\u00f6da korset, Frivilligcentrum samt att jag arbetat ideellt p\u00e5 kommunens Kontaktpunkter, Erikshj\u00e4lpen och Hj\u00e4rta till hj\u00e4rta. Det k\u00e4nns bra att visa v\u00e5ra kommuninv\u00e5nare att vi praktiserar v\u00e5ra v\u00e4rderingar. En annan positiv nyhet \u00e4r \u00e4ven att St: Markus f\u00f6rsamling \u00e4ntligen f\u00e5tt marklov f\u00f6r att bygga en kyrka som kommer ligga i Vallastaden och rymma ca 360 bes\u00f6kare.<\/p>\n<p>Jag har under h\u00f6sten och v\u00e5rvintern haft mycket n\u00e4ra kontakt med projektledaren Simon Posluk och ordf\u00f6rande Paul Saume som \u00e4r goda v\u00e4nner. F\u00f6rsamlingen har under en l\u00e4ngre tid brottats med en parkeringsfrik\u00f6psfr\u00e5ga som jag lyckligtvis har kunnat hj\u00e4lpa dem med via sittningar med Sankt Kors ordf\u00f6rande. F\u00f6rsamlingen utg\u00f6r en viktig civilsamh\u00e4llsakt\u00f6r och jag ser fram emot att delta vid f\u00f6rsta spadtaget i juni!<\/p>\n<p>N\u00e4mndernas del\u00e5rsprognoser per den 31 mars presenterades p\u00e5 kommunstyrelsen f\u00f6rra veckan och visar att Son, An och Sbn med underskott som vi kommer beh\u00f6va justera. Jag har tidigare ber\u00e4ttat f\u00f6r er att budgetarbetet ligger p\u00e5 is fram till efter sommaren. Jag kommer d\u00e5 att bjuda in er till m\u00f6ten f\u00f6r att diskutera den politiska viljeinriktningen m.m. Jag f\u00f6redrar att g\u00f6ra detta via fysiska m\u00f6ten d\u00e5 jag kan visa er via PPT m.m. Sveriges kommuner och regioner (SKR) skriver n\u00e4r de presenterar nya skatteber\u00e4kningar den 29 april. \u201dCoronakrisen medf\u00f6r djup svensk l\u00e5gkonjunktur. De senaste m\u00e5naderna har inneburit en global konjunkturkollaps, med exceptionella ras f\u00f6r produktion, inkomster och syssels\u00e4ttning i de flesta regioner\/l\u00e4nder v\u00e4rlden \u00f6ver. N\u00e5gon klar bild \u00f6ver hur stora tapp det r\u00f6r sig om kommer vi inte ha f\u00f6rr\u00e4n l\u00e4ngre fram. Betydande ovisshet r\u00e5der d\u00e4rtill kring vad som v\u00e4ntar fram\u00f6ver. Os\u00e4kerheten \u00e4r h\u00f6g \u00e4ven p\u00e5 kort sikt, och \u00e4r kopplad till en rad os\u00e4kerhetsfaktorer: kring smittspridning och v\u00e5rdbehov, kring de smittbegr\u00e4nsande \u00e5tg\u00e4rderna, kring ekonomiskpolitiska krisinsatser f\u00f6r att st\u00f6tta konjunkturen samt kring hur stora de negativa effekterna blir p\u00e5 samh\u00e4llsekonomin som f\u00f6ljd av den initiala chocken. Givet exceptionellt h\u00f6g os\u00e4kerhet, \u00e4r det inte rimligt att g\u00f6ra sedvanliga konjunkturprognoser i nul\u00e4get. Den ber\u00e4kning som ligger till grund f\u00f6r skatteunderlaget \u00e5ren 2020\u20132023 \u00e4r ett scenario.\u201d Det finns en stor os\u00e4kerhet f\u00f6r hur de ekonomiska f\u00f6ruts\u00e4ttningarna utvecklas. SKR:s scenario inneb\u00e4r l\u00e4gre skatteint\u00e4kter j\u00e4mf\u00f6rt med Budget 2020 med plan f\u00f6r 2021-2023 som fullm\u00e4ktige fastst\u00e4llde den 26 november.<\/p>\n<p>Bes\u00f6k p\u00e5 kontaktpunkterna I veckan bes\u00f6kte jag och Barn- och ungdomsn\u00e4mndens nya ledamot Henrik Blosfeldt en av de kommunala kontaktpunkterna i Sk\u00e4ggetorp. D\u00e4r kan medborgare f\u00e5 aktuell information om Coronaviruset, jobbtips, vart man kan v\u00e4nda sig vid oro m.m. Ett uppskattat bes\u00f6k i trevligt s\u00e4llskap. M\u00f6te om Sk\u00e4ggetorpsskolans framtida skolorganisation Kommande vecka kommer jag g\u00e5 ut med en kallelse till ett m\u00f6te vad g\u00e4ller Sk\u00e4ggetorpsskolans framtida skolorganisation. Detta var en fr\u00e5ga som jag dryftade p\u00e5 Zoomm\u00f6tet med KD-gruppen den 27 april. Tyv\u00e4rr saknade jag en del av er p\u00e5 det m\u00f6tet och kommer d\u00e4rf\u00f6r att kalla till ett nytt. \u00d6vriga som h\u00f6rt informationen tidigare \u00e4r givetvis v\u00e4lkomna ocks\u00e5. Liggande f\u00f6rslag \u00e4r 18 maj d.v.s. samma dag som vi skulle ha tr\u00e4ffats f\u00f6r KD-gruppm\u00f6te. \u00c5terkommer med detaljer.<\/p>\n","protected":false},"excerpt":{"rendered":"<p>Hej v\u00e4nner! Det ligger fortsatt en Coronaskugga vilandes \u00f6ver Stadshuset \u00e4ven om det vardagliga gnetet forts\u00e4tter. Vi ser att v\u00e4rlden p\u00e5 flera h\u00e5ll b\u00f6rjar \u00f6ppna upp och l\u00e4tta p\u00e5 restriktionerna \u00e4ven om det finns en oro f\u00f6r \u201den andra v\u00e5g\u201d. Fr\u00e5n Link\u00f6pings kommuns h\u00e5ll forts\u00e4tter vi att f\u00f6lja FHMs rekommendationer. Enligt den prognos jag f\u00e5tt <a class=\"read-more-link\" href=\"https:\/\/wp.kristdemokraterna.se\/linkoping\/information-fran-kommunalradet-v-18-19-2020\/\">Read More<\/a><\/p>\n","protected":false},"author":410,"featured_media":0,"comment_status":"closed","ping_status":"closed","sticky":false,"template":"","format":"standard","meta":{"_acf_changed":false,"footnotes":""},"categories":[22],"tags":[],"class_list":["post-1538","post","type-post","status-publish","format-standard","hentry","category-arkiv"],"acf":[],"yoast_head":"<!-- This site is optimized with the Yoast SEO plugin v27.4 - https:\/\/yoast.com\/product\/yoast-seo-wordpress\/ -->\n<title>Information fr\u00e5n kommunalr\u00e5det v.18-19 2020 - Kristdemokraterna i Link\u00f6ping<\/title>\n<meta name=\"robots\" content=\"index, follow, max-snippet:-1, max-image-preview:large, max-video-preview:-1\" \/>\n<link rel=\"canonical\" href=\"https:\/\/wp.kristdemokraterna.se\/linkoping\/information-fran-kommunalradet-v-18-19-2020\/\" \/>\n<meta property=\"og:locale\" content=\"sv_SE\" \/>\n<meta property=\"og:type\" content=\"article\" \/>\n<meta property=\"og:title\" content=\"Information fr\u00e5n kommunalr\u00e5det v.18-19 2020 - Kristdemokraterna i Link\u00f6ping\" \/>\n<meta property=\"og:description\" content=\"Hej v\u00e4nner! Det ligger fortsatt en Coronaskugga vilandes \u00f6ver Stadshuset \u00e4ven om det vardagliga gnetet forts\u00e4tter. Vi ser att v\u00e4rlden p\u00e5 flera h\u00e5ll b\u00f6rjar \u00f6ppna upp och l\u00e4tta p\u00e5 restriktionerna \u00e4ven om det finns en oro f\u00f6r \u201den andra v\u00e5g\u201d. Fr\u00e5n Link\u00f6pings kommuns h\u00e5ll forts\u00e4tter vi att f\u00f6lja FHMs rekommendationer. Enligt den prognos jag f\u00e5tt Read More\" \/>\n<meta property=\"og:url\" content=\"https:\/\/wp.kristdemokraterna.se\/linkoping\/information-fran-kommunalradet-v-18-19-2020\/\" \/>\n<meta property=\"og:site_name\" content=\"Kristdemokraterna i Link\u00f6ping\" \/>\n<meta property=\"article:author\" content=\"https:\/\/www.facebook.com\/kdlinkoping\/\" \/>\n<meta property=\"article:published_time\" content=\"2020-05-11T09:06:00+00:00\" \/>\n<meta property=\"article:modified_time\" content=\"2021-08-13T09:47:04+00:00\" \/>\n<meta name=\"author\" content=\"linkoping\" \/>\n<meta name=\"twitter:card\" content=\"summary_large_image\" \/>\n<meta name=\"twitter:label1\" content=\"Skriven av\" \/>\n\t<meta name=\"twitter:data1\" content=\"linkoping\" \/>\n\t<meta name=\"twitter:label2\" content=\"Ber\u00e4knad l\u00e4stid\" \/>\n\t<meta name=\"twitter:data2\" content=\"4 minuter\" \/>\n<script type=\"application\/ld+json\" class=\"yoast-schema-graph\">{\"@context\":\"https:\\\/\\\/schema.org\",\"@graph\":[{\"@type\":\"Article\",\"@id\":\"https:\\\/\\\/wp.kristdemokraterna.se\\\/linkoping\\\/information-fran-kommunalradet-v-18-19-2020\\\/#article\",\"isPartOf\":{\"@id\":\"https:\\\/\\\/wp.kristdemokraterna.se\\\/linkoping\\\/information-fran-kommunalradet-v-18-19-2020\\\/\"},\"author\":{\"name\":\"linkoping\",\"@id\":\"https:\\\/\\\/wp.kristdemokraterna.se\\\/linkoping\\\/#\\\/schema\\\/person\\\/b0148c3c8863db76d330faa282b9521a\"},\"headline\":\"Information fr\u00e5n kommunalr\u00e5det v.18-19 2020\",\"datePublished\":\"2020-05-11T09:06:00+00:00\",\"dateModified\":\"2021-08-13T09:47:04+00:00\",\"mainEntityOfPage\":{\"@id\":\"https:\\\/\\\/wp.kristdemokraterna.se\\\/linkoping\\\/information-fran-kommunalradet-v-18-19-2020\\\/\"},\"wordCount\":900,\"articleSection\":[\"arkiv\"],\"inLanguage\":\"sv-SE\"},{\"@type\":\"WebPage\",\"@id\":\"https:\\\/\\\/wp.kristdemokraterna.se\\\/linkoping\\\/information-fran-kommunalradet-v-18-19-2020\\\/\",\"url\":\"https:\\\/\\\/wp.kristdemokraterna.se\\\/linkoping\\\/information-fran-kommunalradet-v-18-19-2020\\\/\",\"name\":\"Information fr\u00e5n kommunalr\u00e5det v.18-19 2020 - Kristdemokraterna i Link\u00f6ping\",\"isPartOf\":{\"@id\":\"https:\\\/\\\/wp.kristdemokraterna.se\\\/linkoping\\\/#website\"},\"datePublished\":\"2020-05-11T09:06:00+00:00\",\"dateModified\":\"2021-08-13T09:47:04+00:00\",\"author\":{\"@id\":\"https:\\\/\\\/wp.kristdemokraterna.se\\\/linkoping\\\/#\\\/schema\\\/person\\\/b0148c3c8863db76d330faa282b9521a\"},\"breadcrumb\":{\"@id\":\"https:\\\/\\\/wp.kristdemokraterna.se\\\/linkoping\\\/information-fran-kommunalradet-v-18-19-2020\\\/#breadcrumb\"},\"inLanguage\":\"sv-SE\",\"potentialAction\":[{\"@type\":\"ReadAction\",\"target\":[\"https:\\\/\\\/wp.kristdemokraterna.se\\\/linkoping\\\/information-fran-kommunalradet-v-18-19-2020\\\/\"]}]},{\"@type\":\"BreadcrumbList\",\"@id\":\"https:\\\/\\\/wp.kristdemokraterna.se\\\/linkoping\\\/information-fran-kommunalradet-v-18-19-2020\\\/#breadcrumb\",\"itemListElement\":[{\"@type\":\"ListItem\",\"position\":1,\"name\":\"Hem\",\"item\":\"https:\\\/\\\/wp.kristdemokraterna.se\\\/linkoping\\\/\"},{\"@type\":\"ListItem\",\"position\":2,\"name\":\"Information fr\u00e5n kommunalr\u00e5det v.18-19 2020\"}]},{\"@type\":\"WebSite\",\"@id\":\"https:\\\/\\\/wp.kristdemokraterna.se\\\/linkoping\\\/#website\",\"url\":\"https:\\\/\\\/wp.kristdemokraterna.se\\\/linkoping\\\/\",\"name\":\"Kristdemokraterna i Link\u00f6ping\",\"description\":\"\",\"inLanguage\":\"sv-SE\"},{\"@type\":\"Person\",\"@id\":\"https:\\\/\\\/wp.kristdemokraterna.se\\\/linkoping\\\/#\\\/schema\\\/person\\\/b0148c3c8863db76d330faa282b9521a\",\"name\":\"linkoping\",\"image\":{\"@type\":\"ImageObject\",\"inLanguage\":\"sv-SE\",\"@id\":\"https:\\\/\\\/secure.gravatar.com\\\/avatar\\\/016e7965fec0e08fdd07b021a7d25181278d4b29b1d5bab57b16017e35421895?s=96&r=g\",\"url\":\"https:\\\/\\\/secure.gravatar.com\\\/avatar\\\/016e7965fec0e08fdd07b021a7d25181278d4b29b1d5bab57b16017e35421895?s=96&r=g\",\"contentUrl\":\"https:\\\/\\\/secure.gravatar.com\\\/avatar\\\/016e7965fec0e08fdd07b021a7d25181278d4b29b1d5bab57b16017e35421895?s=96&r=g\",\"caption\":\"linkoping\"},\"sameAs\":[\"https:\\\/\\\/www.facebook.com\\\/kdlinkoping\\\/\"],\"url\":\"https:\\\/\\\/wp.kristdemokraterna.se\\\/linkoping\\\/author\\\/linkoping\\\/\"}]}<\/script>\n<!-- \/ Yoast SEO plugin. -->","yoast_head_json":{"title":"Information fr\u00e5n kommunalr\u00e5det v.18-19 2020 - Kristdemokraterna i Link\u00f6ping","robots":{"index":"index","follow":"follow","max-snippet":"max-snippet:-1","max-image-preview":"max-image-preview:large","max-video-preview":"max-video-preview:-1"},"canonical":"https:\/\/wp.kristdemokraterna.se\/linkoping\/information-fran-kommunalradet-v-18-19-2020\/","og_locale":"sv_SE","og_type":"article","og_title":"Information fr\u00e5n kommunalr\u00e5det v.18-19 2020 - Kristdemokraterna i Link\u00f6ping","og_description":"Hej v\u00e4nner! Det ligger fortsatt en Coronaskugga vilandes \u00f6ver Stadshuset \u00e4ven om det vardagliga gnetet forts\u00e4tter. Vi ser att v\u00e4rlden p\u00e5 flera h\u00e5ll b\u00f6rjar \u00f6ppna upp och l\u00e4tta p\u00e5 restriktionerna \u00e4ven om det finns en oro f\u00f6r \u201den andra v\u00e5g\u201d. Fr\u00e5n Link\u00f6pings kommuns h\u00e5ll forts\u00e4tter vi att f\u00f6lja FHMs rekommendationer. Enligt den prognos jag f\u00e5tt Read More","og_url":"https:\/\/wp.kristdemokraterna.se\/linkoping\/information-fran-kommunalradet-v-18-19-2020\/","og_site_name":"Kristdemokraterna i Link\u00f6ping","article_author":"https:\/\/www.facebook.com\/kdlinkoping\/","article_published_time":"2020-05-11T09:06:00+00:00","article_modified_time":"2021-08-13T09:47:04+00:00","author":"linkoping","twitter_card":"summary_large_image","twitter_misc":{"Skriven av":"linkoping","Ber\u00e4knad l\u00e4stid":"4 minuter"},"schema":{"@context":"https:\/\/schema.org","@graph":[{"@type":"Article","@id":"https:\/\/wp.kristdemokraterna.se\/linkoping\/information-fran-kommunalradet-v-18-19-2020\/#article","isPartOf":{"@id":"https:\/\/wp.kristdemokraterna.se\/linkoping\/information-fran-kommunalradet-v-18-19-2020\/"},"author":{"name":"linkoping","@id":"https:\/\/wp.kristdemokraterna.se\/linkoping\/#\/schema\/person\/b0148c3c8863db76d330faa282b9521a"},"headline":"Information fr\u00e5n kommunalr\u00e5det v.18-19 2020","datePublished":"2020-05-11T09:06:00+00:00","dateModified":"2021-08-13T09:47:04+00:00","mainEntityOfPage":{"@id":"https:\/\/wp.kristdemokraterna.se\/linkoping\/information-fran-kommunalradet-v-18-19-2020\/"},"wordCount":900,"articleSection":["arkiv"],"inLanguage":"sv-SE"},{"@type":"WebPage","@id":"https:\/\/wp.kristdemokraterna.se\/linkoping\/information-fran-kommunalradet-v-18-19-2020\/","url":"https:\/\/wp.kristdemokraterna.se\/linkoping\/information-fran-kommunalradet-v-18-19-2020\/","name":"Information fr\u00e5n kommunalr\u00e5det v.18-19 2020 - Kristdemokraterna i Link\u00f6ping","isPartOf":{"@id":"https:\/\/wp.kristdemokraterna.se\/linkoping\/#website"},"datePublished":"2020-05-11T09:06:00+00:00","dateModified":"2021-08-13T09:47:04+00:00","author":{"@id":"https:\/\/wp.kristdemokraterna.se\/linkoping\/#\/schema\/person\/b0148c3c8863db76d330faa282b9521a"},"breadcrumb":{"@id":"https:\/\/wp.kristdemokraterna.se\/linkoping\/information-fran-kommunalradet-v-18-19-2020\/#breadcrumb"},"inLanguage":"sv-SE","potentialAction":[{"@type":"ReadAction","target":["https:\/\/wp.kristdemokraterna.se\/linkoping\/information-fran-kommunalradet-v-18-19-2020\/"]}]},{"@type":"BreadcrumbList","@id":"https:\/\/wp.kristdemokraterna.se\/linkoping\/information-fran-kommunalradet-v-18-19-2020\/#breadcrumb","itemListElement":[{"@type":"ListItem","position":1,"name":"Hem","item":"https:\/\/wp.kristdemokraterna.se\/linkoping\/"},{"@type":"ListItem","position":2,"name":"Information fr\u00e5n kommunalr\u00e5det v.18-19 2020"}]},{"@type":"WebSite","@id":"https:\/\/wp.kristdemokraterna.se\/linkoping\/#website","url":"https:\/\/wp.kristdemokraterna.se\/linkoping\/","name":"Kristdemokraterna i Link\u00f6ping","description":"","inLanguage":"sv-SE"},{"@type":"Person","@id":"https:\/\/wp.kristdemokraterna.se\/linkoping\/#\/schema\/person\/b0148c3c8863db76d330faa282b9521a","name":"linkoping","image":{"@type":"ImageObject","inLanguage":"sv-SE","@id":"https:\/\/secure.gravatar.com\/avatar\/016e7965fec0e08fdd07b021a7d25181278d4b29b1d5bab57b16017e35421895?s=96&r=g","url":"https:\/\/secure.gravatar.com\/avatar\/016e7965fec0e08fdd07b021a7d25181278d4b29b1d5bab57b16017e35421895?s=96&r=g","contentUrl":"https:\/\/secure.gravatar.com\/avatar\/016e7965fec0e08fdd07b021a7d25181278d4b29b1d5bab57b16017e35421895?s=96&r=g","caption":"linkoping"},"sameAs":["https:\/\/www.facebook.com\/kdlinkoping\/"],"url":"https:\/\/wp.kristdemokraterna.se\/linkoping\/author\/linkoping\/"}]}},"_links":{"self":[{"href":"https:\/\/wp.kristdemokraterna.se\/linkoping\/wp-json\/wp\/v2\/posts\/1538","targetHints":{"allow":["GET"]}}],"collection":[{"href":"https:\/\/wp.kristdemokraterna.se\/linkoping\/wp-json\/wp\/v2\/posts"}],"about":[{"href":"https:\/\/wp.kristdemokraterna.se\/linkoping\/wp-json\/wp\/v2\/types\/post"}],"author":[{"embeddable":true,"href":"https:\/\/wp.kristdemokraterna.se\/linkoping\/wp-json\/wp\/v2\/users\/410"}],"replies":[{"embeddable":true,"href":"https:\/\/wp.kristdemokraterna.se\/linkoping\/wp-json\/wp\/v2\/comments?post=1538"}],"version-history":[{"count":2,"href":"https:\/\/wp.kristdemokraterna.se\/linkoping\/wp-json\/wp\/v2\/posts\/1538\/revisions"}],"predecessor-version":[{"id":1544,"href":"https:\/\/wp.kristdemokraterna.se\/linkoping\/wp-json\/wp\/v2\/posts\/1538\/revisions\/1544"}],"wp:attachment":[{"href":"https:\/\/wp.kristdemokraterna.se\/linkoping\/wp-json\/wp\/v2\/media?parent=1538"}],"wp:term":[{"taxonomy":"category","embeddable":true,"href":"https:\/\/wp.kristdemokraterna.se\/linkoping\/wp-json\/wp\/v2\/categories?post=1538"},{"taxonomy":"post_tag","embeddable":true,"href":"https:\/\/wp.kristdemokraterna.se\/linkoping\/wp-json\/wp\/v2\/tags?post=1538"}],"curies":[{"name":"wp","href":"https:\/\/api.w.org\/{rel}","templated":true}]}}