{"id":1541,"date":"2020-05-11T11:17:03","date_gmt":"2020-05-11T09:17:03","guid":{"rendered":"http:\/\/wp.kristdemokraterna.se\/linkoping\/?p=1541"},"modified":"2021-08-13T11:46:58","modified_gmt":"2021-08-13T09:46:58","slug":"civilsamhallet-behover-finnas-kvar-aven-efter-corona","status":"publish","type":"post","link":"https:\/\/wp.kristdemokraterna.se\/linkoping\/civilsamhallet-behover-finnas-kvar-aven-efter-corona\/","title":{"rendered":"Civilsamh\u00e4llet beh\u00f6ver finnas kvar \u00e4ven efter corona"},"content":{"rendered":"<p>Civilsamh\u00e4llets organisationer har, likt m\u00e5nga f\u00f6retagare, tappat stora int\u00e4kter i svallv\u00e5gorna av coronapandemin. Ett statligt krispaket f\u00f6r att st\u00f6tta civilsamh\u00e4llet beh\u00f6vs d\u00e4rf\u00f6r per omg\u00e5ende.<\/p>\n<p>Civilsamh\u00e4llets gemenskaper \u2013 f\u00f6reningar, organisationer, trossamfund, sociala f\u00f6retag spelar en stor roll f\u00f6r v\u00e5rt samh\u00e4lle. I kristider v\u00e4xer behoven av insatser och gemensamma krafter. \u00c5tg\u00e4rderna f\u00f6r att minska smittspridningen av coronaviruset har inneburit \u00f6kad isolering, ensamhet och risk f\u00f6r utsatthet innanf\u00f6r hemmets v\u00e4ggar. Barnens r\u00e4tt i samh\u00e4llet (BRIS) har sett en kraftig \u00f6kning i antalet samtal. M\u00e5nga \u00e4ldre v\u00e4nder sig till ideella samtalslinjer f\u00f6r att bryta ensamheten och f\u00e5 n\u00e5gon att prata med. Ekonomisk och social utsatthet \u00f6kar ocks\u00e5 ofta i kriser i sp\u00e5ren av exempelvis arbetsl\u00f6shet.<\/p>\n<p>Civilsamh\u00e4llet drabbas ocks\u00e5 av en ekonomisk nedg\u00e5ng. Int\u00e4kterna minskar n\u00e4r exempelvis second hand-butiker beh\u00f6ver st\u00e4nga, evenemang st\u00e4llas in och l\u00e4gerverksamhet och lokaler inte kan hyras ut. Civilsamh\u00e4llet har vanligtvis m\u00e5nga engagerade personer i h\u00f6gre \u00e5ldrar som uppmanas att vara hemma under coronatiden. Detta i en tid n\u00e4r behovet av volont\u00e4rernas insatser fortsatt \u00e4r stort \u2013 och kanske \u00f6kande.<\/p>\n<p>De ideella organisationerna erbjuder inte bara hj\u00e4lpverksamhet till beh\u00f6vande p\u00e5 ett s\u00e4tt som det offentliga s\u00e4llan klarar eller meningsfull gemenskap inom en rad omr\u00e5den, de erbjuder ofta ocks\u00e5 m\u00e4nniskor som saknar syssels\u00e4ttning ett meningsfullt alternativ till passivitet. I v\u00e4ntan p\u00e5 att arbetsmarknaden \u00e5terh\u00e4mtar sig \u00e4r det ytterst viktigt att m\u00e4nniskor erbjuds att g\u00f6ra n\u00e5got som uppfattas som och \u00e4r meningsfullt.<\/p>\n<p>Kristdemokraterna vill d\u00e4rf\u00f6r rikta omkring 1 miljard kronor i statligt kostnadsst\u00f6d till civilsamh\u00e4llets akt\u00f6rer. St\u00f6det ska kunna g\u00e5 till ideella f\u00f6reningar, trossamfund, stiftelser och sociala f\u00f6retag utan vinstsyfte. F\u00f6r att f\u00e5 del av st\u00f6det m\u00e5ste man ha tappat 15 procent eller mer av int\u00e4kterna. Ers\u00e4ttningen \u00e4r sedan 80 procent av int\u00e4ktsbortfallet \u2013 upp till ett maxtak p\u00e5 45 miljoner kronor. F\u00f6r att \u00f6ka givandet, och d\u00e4rmed st\u00f6tta organisationerna, vill Kristdemokraterna \u00e4ven h\u00f6ja taket i g\u00e5voskatteavdraget under 2020 till 100 000 kronor.<\/p>\n<p>Regeringen har hittills presenterat korttidspermitteringar och s\u00e4nkt arbetsgivaravgift samtidigt som man gett direktst\u00f6d till idrottsf\u00f6reningar och kultursektorn. Men det breda civilsamh\u00e4llet har hittills l\u00e4mnats n\u00e4stan helt utanf\u00f6r. Dessa organisationer upplever dock minst lika stora problem. Civilsamh\u00e4llet har stor betydelse s\u00e5v\u00e4l i st\u00e4derna som p\u00e5 landsbygden. De \u00e4r en sammanh\u00e5llande kraft och g\u00f6r stor samh\u00e4llsnytta. L\u00e5t det f\u00e5 finnas kvar!<\/p>\n<p><strong>Denise Cassel (KD), kommunalr\u00e5d, f\u00f6rste vice ordf\u00f6rande i kommunstyrelsen, Link\u00f6ping<\/strong><\/p>\n","protected":false},"excerpt":{"rendered":"<p>Civilsamh\u00e4llets organisationer har, likt m\u00e5nga f\u00f6retagare, tappat stora int\u00e4kter i svallv\u00e5gorna av coronapandemin. Ett statligt krispaket f\u00f6r att st\u00f6tta civilsamh\u00e4llet beh\u00f6vs d\u00e4rf\u00f6r per omg\u00e5ende. Civilsamh\u00e4llets gemenskaper \u2013 f\u00f6reningar, organisationer, trossamfund, sociala f\u00f6retag spelar en stor roll f\u00f6r v\u00e5rt samh\u00e4lle. I kristider v\u00e4xer behoven av insatser och gemensamma krafter. \u00c5tg\u00e4rderna f\u00f6r att minska smittspridningen av coronaviruset <a class=\"read-more-link\" href=\"https:\/\/wp.kristdemokraterna.se\/linkoping\/civilsamhallet-behover-finnas-kvar-aven-efter-corona\/\">Read More<\/a><\/p>\n","protected":false},"author":410,"featured_media":0,"comment_status":"closed","ping_status":"closed","sticky":false,"template":"","format":"standard","meta":{"_acf_changed":false,"footnotes":""},"categories":[22],"tags":[],"class_list":["post-1541","post","type-post","status-publish","format-standard","hentry","category-arkiv"],"acf":[],"yoast_head":"<!-- This site is optimized with the Yoast SEO plugin v27.4 - https:\/\/yoast.com\/product\/yoast-seo-wordpress\/ -->\n<title>Civilsamh\u00e4llet beh\u00f6ver finnas kvar \u00e4ven efter corona - Kristdemokraterna i Link\u00f6ping<\/title>\n<meta name=\"robots\" content=\"index, follow, max-snippet:-1, max-image-preview:large, max-video-preview:-1\" \/>\n<link rel=\"canonical\" href=\"https:\/\/wp.kristdemokraterna.se\/linkoping\/civilsamhallet-behover-finnas-kvar-aven-efter-corona\/\" \/>\n<meta property=\"og:locale\" content=\"sv_SE\" \/>\n<meta property=\"og:type\" content=\"article\" \/>\n<meta property=\"og:title\" content=\"Civilsamh\u00e4llet beh\u00f6ver finnas kvar \u00e4ven efter corona - Kristdemokraterna i Link\u00f6ping\" \/>\n<meta property=\"og:description\" content=\"Civilsamh\u00e4llets organisationer har, likt m\u00e5nga f\u00f6retagare, tappat stora int\u00e4kter i svallv\u00e5gorna av coronapandemin. Ett statligt krispaket f\u00f6r att st\u00f6tta civilsamh\u00e4llet beh\u00f6vs d\u00e4rf\u00f6r per omg\u00e5ende. Civilsamh\u00e4llets gemenskaper \u2013 f\u00f6reningar, organisationer, trossamfund, sociala f\u00f6retag spelar en stor roll f\u00f6r v\u00e5rt samh\u00e4lle. I kristider v\u00e4xer behoven av insatser och gemensamma krafter. \u00c5tg\u00e4rderna f\u00f6r att minska smittspridningen av coronaviruset Read More\" \/>\n<meta property=\"og:url\" content=\"https:\/\/wp.kristdemokraterna.se\/linkoping\/civilsamhallet-behover-finnas-kvar-aven-efter-corona\/\" \/>\n<meta property=\"og:site_name\" content=\"Kristdemokraterna i Link\u00f6ping\" \/>\n<meta property=\"article:author\" content=\"https:\/\/www.facebook.com\/kdlinkoping\/\" \/>\n<meta property=\"article:published_time\" content=\"2020-05-11T09:17:03+00:00\" \/>\n<meta property=\"article:modified_time\" content=\"2021-08-13T09:46:58+00:00\" \/>\n<meta name=\"author\" content=\"linkoping\" \/>\n<meta name=\"twitter:card\" content=\"summary_large_image\" \/>\n<meta name=\"twitter:label1\" content=\"Skriven av\" \/>\n\t<meta name=\"twitter:data1\" content=\"linkoping\" \/>\n\t<meta name=\"twitter:label2\" content=\"Ber\u00e4knad l\u00e4stid\" \/>\n\t<meta name=\"twitter:data2\" content=\"2 minuter\" \/>\n<script type=\"application\/ld+json\" class=\"yoast-schema-graph\">{\"@context\":\"https:\\\/\\\/schema.org\",\"@graph\":[{\"@type\":\"Article\",\"@id\":\"https:\\\/\\\/wp.kristdemokraterna.se\\\/linkoping\\\/civilsamhallet-behover-finnas-kvar-aven-efter-corona\\\/#article\",\"isPartOf\":{\"@id\":\"https:\\\/\\\/wp.kristdemokraterna.se\\\/linkoping\\\/civilsamhallet-behover-finnas-kvar-aven-efter-corona\\\/\"},\"author\":{\"name\":\"linkoping\",\"@id\":\"https:\\\/\\\/wp.kristdemokraterna.se\\\/linkoping\\\/#\\\/schema\\\/person\\\/b0148c3c8863db76d330faa282b9521a\"},\"headline\":\"Civilsamh\u00e4llet beh\u00f6ver finnas kvar \u00e4ven efter corona\",\"datePublished\":\"2020-05-11T09:17:03+00:00\",\"dateModified\":\"2021-08-13T09:46:58+00:00\",\"mainEntityOfPage\":{\"@id\":\"https:\\\/\\\/wp.kristdemokraterna.se\\\/linkoping\\\/civilsamhallet-behover-finnas-kvar-aven-efter-corona\\\/\"},\"wordCount\":473,\"articleSection\":[\"arkiv\"],\"inLanguage\":\"sv-SE\"},{\"@type\":\"WebPage\",\"@id\":\"https:\\\/\\\/wp.kristdemokraterna.se\\\/linkoping\\\/civilsamhallet-behover-finnas-kvar-aven-efter-corona\\\/\",\"url\":\"https:\\\/\\\/wp.kristdemokraterna.se\\\/linkoping\\\/civilsamhallet-behover-finnas-kvar-aven-efter-corona\\\/\",\"name\":\"Civilsamh\u00e4llet beh\u00f6ver finnas kvar \u00e4ven efter corona - Kristdemokraterna i Link\u00f6ping\",\"isPartOf\":{\"@id\":\"https:\\\/\\\/wp.kristdemokraterna.se\\\/linkoping\\\/#website\"},\"datePublished\":\"2020-05-11T09:17:03+00:00\",\"dateModified\":\"2021-08-13T09:46:58+00:00\",\"author\":{\"@id\":\"https:\\\/\\\/wp.kristdemokraterna.se\\\/linkoping\\\/#\\\/schema\\\/person\\\/b0148c3c8863db76d330faa282b9521a\"},\"breadcrumb\":{\"@id\":\"https:\\\/\\\/wp.kristdemokraterna.se\\\/linkoping\\\/civilsamhallet-behover-finnas-kvar-aven-efter-corona\\\/#breadcrumb\"},\"inLanguage\":\"sv-SE\",\"potentialAction\":[{\"@type\":\"ReadAction\",\"target\":[\"https:\\\/\\\/wp.kristdemokraterna.se\\\/linkoping\\\/civilsamhallet-behover-finnas-kvar-aven-efter-corona\\\/\"]}]},{\"@type\":\"BreadcrumbList\",\"@id\":\"https:\\\/\\\/wp.kristdemokraterna.se\\\/linkoping\\\/civilsamhallet-behover-finnas-kvar-aven-efter-corona\\\/#breadcrumb\",\"itemListElement\":[{\"@type\":\"ListItem\",\"position\":1,\"name\":\"Hem\",\"item\":\"https:\\\/\\\/wp.kristdemokraterna.se\\\/linkoping\\\/\"},{\"@type\":\"ListItem\",\"position\":2,\"name\":\"Civilsamh\u00e4llet beh\u00f6ver finnas kvar \u00e4ven efter corona\"}]},{\"@type\":\"WebSite\",\"@id\":\"https:\\\/\\\/wp.kristdemokraterna.se\\\/linkoping\\\/#website\",\"url\":\"https:\\\/\\\/wp.kristdemokraterna.se\\\/linkoping\\\/\",\"name\":\"Kristdemokraterna i Link\u00f6ping\",\"description\":\"\",\"inLanguage\":\"sv-SE\"},{\"@type\":\"Person\",\"@id\":\"https:\\\/\\\/wp.kristdemokraterna.se\\\/linkoping\\\/#\\\/schema\\\/person\\\/b0148c3c8863db76d330faa282b9521a\",\"name\":\"linkoping\",\"image\":{\"@type\":\"ImageObject\",\"inLanguage\":\"sv-SE\",\"@id\":\"https:\\\/\\\/secure.gravatar.com\\\/avatar\\\/016e7965fec0e08fdd07b021a7d25181278d4b29b1d5bab57b16017e35421895?s=96&r=g\",\"url\":\"https:\\\/\\\/secure.gravatar.com\\\/avatar\\\/016e7965fec0e08fdd07b021a7d25181278d4b29b1d5bab57b16017e35421895?s=96&r=g\",\"contentUrl\":\"https:\\\/\\\/secure.gravatar.com\\\/avatar\\\/016e7965fec0e08fdd07b021a7d25181278d4b29b1d5bab57b16017e35421895?s=96&r=g\",\"caption\":\"linkoping\"},\"sameAs\":[\"https:\\\/\\\/www.facebook.com\\\/kdlinkoping\\\/\"],\"url\":\"https:\\\/\\\/wp.kristdemokraterna.se\\\/linkoping\\\/author\\\/linkoping\\\/\"}]}<\/script>\n<!-- \/ Yoast SEO plugin. -->","yoast_head_json":{"title":"Civilsamh\u00e4llet beh\u00f6ver finnas kvar \u00e4ven efter corona - Kristdemokraterna i Link\u00f6ping","robots":{"index":"index","follow":"follow","max-snippet":"max-snippet:-1","max-image-preview":"max-image-preview:large","max-video-preview":"max-video-preview:-1"},"canonical":"https:\/\/wp.kristdemokraterna.se\/linkoping\/civilsamhallet-behover-finnas-kvar-aven-efter-corona\/","og_locale":"sv_SE","og_type":"article","og_title":"Civilsamh\u00e4llet beh\u00f6ver finnas kvar \u00e4ven efter corona - Kristdemokraterna i Link\u00f6ping","og_description":"Civilsamh\u00e4llets organisationer har, likt m\u00e5nga f\u00f6retagare, tappat stora int\u00e4kter i svallv\u00e5gorna av coronapandemin. Ett statligt krispaket f\u00f6r att st\u00f6tta civilsamh\u00e4llet beh\u00f6vs d\u00e4rf\u00f6r per omg\u00e5ende. Civilsamh\u00e4llets gemenskaper \u2013 f\u00f6reningar, organisationer, trossamfund, sociala f\u00f6retag spelar en stor roll f\u00f6r v\u00e5rt samh\u00e4lle. I kristider v\u00e4xer behoven av insatser och gemensamma krafter. \u00c5tg\u00e4rderna f\u00f6r att minska smittspridningen av coronaviruset Read More","og_url":"https:\/\/wp.kristdemokraterna.se\/linkoping\/civilsamhallet-behover-finnas-kvar-aven-efter-corona\/","og_site_name":"Kristdemokraterna i Link\u00f6ping","article_author":"https:\/\/www.facebook.com\/kdlinkoping\/","article_published_time":"2020-05-11T09:17:03+00:00","article_modified_time":"2021-08-13T09:46:58+00:00","author":"linkoping","twitter_card":"summary_large_image","twitter_misc":{"Skriven av":"linkoping","Ber\u00e4knad l\u00e4stid":"2 minuter"},"schema":{"@context":"https:\/\/schema.org","@graph":[{"@type":"Article","@id":"https:\/\/wp.kristdemokraterna.se\/linkoping\/civilsamhallet-behover-finnas-kvar-aven-efter-corona\/#article","isPartOf":{"@id":"https:\/\/wp.kristdemokraterna.se\/linkoping\/civilsamhallet-behover-finnas-kvar-aven-efter-corona\/"},"author":{"name":"linkoping","@id":"https:\/\/wp.kristdemokraterna.se\/linkoping\/#\/schema\/person\/b0148c3c8863db76d330faa282b9521a"},"headline":"Civilsamh\u00e4llet beh\u00f6ver finnas kvar \u00e4ven efter corona","datePublished":"2020-05-11T09:17:03+00:00","dateModified":"2021-08-13T09:46:58+00:00","mainEntityOfPage":{"@id":"https:\/\/wp.kristdemokraterna.se\/linkoping\/civilsamhallet-behover-finnas-kvar-aven-efter-corona\/"},"wordCount":473,"articleSection":["arkiv"],"inLanguage":"sv-SE"},{"@type":"WebPage","@id":"https:\/\/wp.kristdemokraterna.se\/linkoping\/civilsamhallet-behover-finnas-kvar-aven-efter-corona\/","url":"https:\/\/wp.kristdemokraterna.se\/linkoping\/civilsamhallet-behover-finnas-kvar-aven-efter-corona\/","name":"Civilsamh\u00e4llet beh\u00f6ver finnas kvar \u00e4ven efter corona - Kristdemokraterna i Link\u00f6ping","isPartOf":{"@id":"https:\/\/wp.kristdemokraterna.se\/linkoping\/#website"},"datePublished":"2020-05-11T09:17:03+00:00","dateModified":"2021-08-13T09:46:58+00:00","author":{"@id":"https:\/\/wp.kristdemokraterna.se\/linkoping\/#\/schema\/person\/b0148c3c8863db76d330faa282b9521a"},"breadcrumb":{"@id":"https:\/\/wp.kristdemokraterna.se\/linkoping\/civilsamhallet-behover-finnas-kvar-aven-efter-corona\/#breadcrumb"},"inLanguage":"sv-SE","potentialAction":[{"@type":"ReadAction","target":["https:\/\/wp.kristdemokraterna.se\/linkoping\/civilsamhallet-behover-finnas-kvar-aven-efter-corona\/"]}]},{"@type":"BreadcrumbList","@id":"https:\/\/wp.kristdemokraterna.se\/linkoping\/civilsamhallet-behover-finnas-kvar-aven-efter-corona\/#breadcrumb","itemListElement":[{"@type":"ListItem","position":1,"name":"Hem","item":"https:\/\/wp.kristdemokraterna.se\/linkoping\/"},{"@type":"ListItem","position":2,"name":"Civilsamh\u00e4llet beh\u00f6ver finnas kvar \u00e4ven efter corona"}]},{"@type":"WebSite","@id":"https:\/\/wp.kristdemokraterna.se\/linkoping\/#website","url":"https:\/\/wp.kristdemokraterna.se\/linkoping\/","name":"Kristdemokraterna i Link\u00f6ping","description":"","inLanguage":"sv-SE"},{"@type":"Person","@id":"https:\/\/wp.kristdemokraterna.se\/linkoping\/#\/schema\/person\/b0148c3c8863db76d330faa282b9521a","name":"linkoping","image":{"@type":"ImageObject","inLanguage":"sv-SE","@id":"https:\/\/secure.gravatar.com\/avatar\/016e7965fec0e08fdd07b021a7d25181278d4b29b1d5bab57b16017e35421895?s=96&r=g","url":"https:\/\/secure.gravatar.com\/avatar\/016e7965fec0e08fdd07b021a7d25181278d4b29b1d5bab57b16017e35421895?s=96&r=g","contentUrl":"https:\/\/secure.gravatar.com\/avatar\/016e7965fec0e08fdd07b021a7d25181278d4b29b1d5bab57b16017e35421895?s=96&r=g","caption":"linkoping"},"sameAs":["https:\/\/www.facebook.com\/kdlinkoping\/"],"url":"https:\/\/wp.kristdemokraterna.se\/linkoping\/author\/linkoping\/"}]}},"_links":{"self":[{"href":"https:\/\/wp.kristdemokraterna.se\/linkoping\/wp-json\/wp\/v2\/posts\/1541","targetHints":{"allow":["GET"]}}],"collection":[{"href":"https:\/\/wp.kristdemokraterna.se\/linkoping\/wp-json\/wp\/v2\/posts"}],"about":[{"href":"https:\/\/wp.kristdemokraterna.se\/linkoping\/wp-json\/wp\/v2\/types\/post"}],"author":[{"embeddable":true,"href":"https:\/\/wp.kristdemokraterna.se\/linkoping\/wp-json\/wp\/v2\/users\/410"}],"replies":[{"embeddable":true,"href":"https:\/\/wp.kristdemokraterna.se\/linkoping\/wp-json\/wp\/v2\/comments?post=1541"}],"version-history":[{"count":1,"href":"https:\/\/wp.kristdemokraterna.se\/linkoping\/wp-json\/wp\/v2\/posts\/1541\/revisions"}],"predecessor-version":[{"id":1542,"href":"https:\/\/wp.kristdemokraterna.se\/linkoping\/wp-json\/wp\/v2\/posts\/1541\/revisions\/1542"}],"wp:attachment":[{"href":"https:\/\/wp.kristdemokraterna.se\/linkoping\/wp-json\/wp\/v2\/media?parent=1541"}],"wp:term":[{"taxonomy":"category","embeddable":true,"href":"https:\/\/wp.kristdemokraterna.se\/linkoping\/wp-json\/wp\/v2\/categories?post=1541"},{"taxonomy":"post_tag","embeddable":true,"href":"https:\/\/wp.kristdemokraterna.se\/linkoping\/wp-json\/wp\/v2\/tags?post=1541"}],"curies":[{"name":"wp","href":"https:\/\/api.w.org\/{rel}","templated":true}]}}