{"id":1547,"date":"2020-05-18T11:07:39","date_gmt":"2020-05-18T09:07:39","guid":{"rendered":"http:\/\/wp.kristdemokraterna.se\/linkoping\/?p=1547"},"modified":"2021-08-13T14:15:24","modified_gmt":"2021-08-13T12:15:24","slug":"informationsbrev-fran-kommunalradet-v-20","status":"publish","type":"post","link":"https:\/\/wp.kristdemokraterna.se\/linkoping\/informationsbrev-fran-kommunalradet-v-20\/","title":{"rendered":"Informationsbrev fr\u00e5n kommunalradet v20"},"content":{"rendered":"<p>Hej v\u00e4nner!<\/p>\n<p>P\u00e5 Coronafronten forts\u00e4tter l\u00e4get att vara f\u00f6rh\u00e5llandevis stabilt. Vi har en b\u00e4ttre<br \/>\ntillf\u00f6rsel av skyddsmaterial \u00e4n vi haft tidigare, j\u00e4mnt fl\u00f6de vad g\u00e4ller de<br \/>\npersonella resurserna samt ut\u00f6kad kapacitet f\u00f6r smittestning. Antalet patienter<br \/>\nsom v\u00e5rdas i intensivv\u00e5rd \u00e4r nu den l\u00e4gsta sedan den 26 mars enligt dagens<br \/>\nrapport fr\u00e5n Region \u00d6sterg\u00f6tland. Vi beh\u00f6ver dock forts\u00e4tta att ta situationen<br \/>\np\u00e5 allvar. F\u00f6r k\u00e4nnedom kommer kommunens krisledningsarbete centralt och<br \/>\nute p\u00e5 f\u00f6rvaltningarna att fortg\u00e5 \u00e4nda fram till september och inte trappas ner<br \/>\nunder sommaren. KD-gruppen forts\u00e4tter tr\u00e4ffas via Zoom. Jag hoppas att vi<br \/>\nkan ta upp de fysiska tr\u00e4ffarna efter sommaren. Nu var det l\u00e4ngesen jag<br \/>\ntr\u00e4ffade merparten av er och jag saknar er, mycket!<br \/>\nNedan f\u00f6ljer en liten inblick i det mest relevanta fr\u00e5n h\u00e4r veckans<br \/>\nkommunpolitiska arbete i Stadshuset.<\/p>\n<p><strong>Medarbetarunders\u00f6kning 2020<\/strong><br \/>\nMellan den 24 februari-20 april har samtliga medarbetare i Link\u00f6pings<br \/>\nkommun haft m\u00f6jlighet att svara p\u00e5 fr\u00e5gor om hur det \u00e4r att arbeta i<br \/>\nkommunen. Nytt f\u00f6r i \u00e5r var en kortare enk\u00e4t j\u00e4mf\u00f6rt med tidigare \u00e5r f\u00f6r de<br \/>\nkommungemensamma fr\u00e5gorna. Ut\u00f6ver det hade varje f\u00f6rvaltning m\u00f6jlighet att<br \/>\nv\u00e4lja ut specifika fr\u00e5gor f\u00f6r just deras medarbetare.<\/p>\n<p>Viktigt att notera \u00e4r att \u00e5rets svarsfrekvens var l\u00e4gre \u00e4n tidigare 64 % p\u00e5 totalen<br \/>\njmf 75 % 2018. Svarsfrekvensen var dessutom 10 % l\u00e4gre \u00e4n f\u00f6reg\u00e5ende<br \/>\nm\u00e4tning f\u00f6r b\u00e5de Utbildnings- och arbetsmarknadsf\u00f6rvaltningen samt inom<br \/>\nLeanlink v\u00e5ra st\u00f6rsta f\u00f6rvaltningar med 80 % av kommunens anst\u00e4llda.<br \/>\nFr\u00e4msta anledningen \u00e4r den r\u00e5dande situationen kring covid-19. Generellt<br \/>\nefterstr\u00e4vas en svarsfrekvens p\u00e5 minst 70 %. Efter att 65 % av svaren kommit<br \/>\nin \u00e4ndras dock inte generellt svarsresultatet p\u00e5 totalniv\u00e5 i n\u00e5gon st\u00f6rre grad.<\/p>\n<p>Nu r\u00e5der dock ett specifikt l\u00e4ge i samband med covid-19. Studier i v\u00e5rden och<br \/>\nf\u00f6r l\u00e4kemedelsbranschen \u00e4r kraftigt neddragna f\u00f6r att inte st\u00f6ra de medarbetare<br \/>\noch chefer som arbetar under en extrem press och d\u00e4r det inte g\u00e5r att f\u00f6rv\u00e4nta<br \/>\nsig en normal svarsfrekvens. Utbildningssektorn \u00e4r \u00e4ven den p\u00e5verkad med<br \/>\npressade l\u00e4rare som snabbt f\u00e5tt st\u00e4lla om till distansarbete. Vi ser \u00e4ven att<br \/>\nverksamheter som permitterat medarbetare kan ha sv\u00e5rare att f\u00e5 in svar.<br \/>\nStora skillnader i svarsfrekvens har ocks\u00e5 betydelse n\u00e4r j\u00e4mf\u00f6relse av resultat<br \/>\ng\u00f6rs d\u00e5 det \u00e4r viktigt att beakta vilka f\u00f6r\u00e4ndringar som verkligen har \u00e4gt rum.<br \/>\nSpeciellt g\u00e4ller det vid j\u00e4mf\u00f6relse i lokala enheter. D\u00e5 detta \u00e5r \u00e4r f\u00f6rsta \u00e5ret av<br \/>\nv\u00e5rt samarbete g\u00f6rs inga s\u00e5dana j\u00e4mf\u00f6relser.<\/p>\n<p>Unders\u00f6kningen \u00e4r inte offentlig<br \/>\n\u00e4nnu s\u00e5 jag kan tyv\u00e4rr inte bifoga den. Jag lovar att ni ska f\u00e5 den tills\u00e4nd till er<br \/>\nn\u00e4r den publicerats.<\/p>\n<p><strong>Verksamhetsbes\u00f6k Joyvoice och kristdemokratiskt Motalabes\u00f6k<\/strong><br \/>\nI torsdags fick jag bes\u00f6k av Kristdemokraterna i Motalas gruppledare Erik<br \/>\nForslund. Vi brukar tr\u00e4ffas ibland och utbyta erfarenheter och fr\u00e5gor. Motala \u00e4r<br \/>\nliksom Link\u00f6ping Alliansstyrt och vi kan d\u00e4rf\u00f6r ha ett gott utbyte av varandra.<br \/>\nUppdraget som gruppledare \u00e4r bitvis ganska ensamt och slitsamt, d\u00e4rf\u00f6r \u00e4r det<br \/>\nmycket gl\u00e4djande n\u00e4r man kan tr\u00e4ffa kollegor och prata f\u00f6rtroligt. Erik \u00e4r en<br \/>\nslitvarg och har lyckats f\u00e5 snurr p\u00e5 den kristdemokratiska politiken i Motala<br \/>\nparallellt med sitt ordinarie arbete. Debattartikeln jag hade inne om<br \/>\ncivilsamh\u00e4llet i Corren f\u00f6rra veckan l\u00e5nade Erik och fick in i veckans MVT<br \/>\n(Motala Vadstena Tidning). Kul n\u00e4r vi syns och hj\u00e4lper varandra!<\/p>\n<p>Efter bes\u00f6ket av Erik m\u00f6tte jag upp Link\u00f6pingsf\u00f6retaget JoyVoices VD Hanna<br \/>\nRydman. Joyvoice \u00e4r Sveriges st\u00f6rsta k\u00f6rkurskoncept. De finns \u00f6ver hela<br \/>\nlandet och har idag n\u00e4rmare 250 k\u00f6rer med fler \u00e4n 22 000 s\u00e5ngglada deltagare i<br \/>\nalla \u00e5ldrar. Tanken \u00e4r att genom s\u00e5ng f\u00e5 m\u00e4nniskor att m\u00e5 b\u00e4ttre, bli<br \/>\nsj\u00e4lvst\u00e4rkta och vara i gemenskap med andra. P\u00e5 grund av Corona har de<br \/>\nbeh\u00f6vt st\u00e4lla in alla sina k\u00f6rer vilket givetvis drabbar f\u00f6retaget h\u00e5rt, men<br \/>\nist\u00e4llet har de utvecklat konceptet Joyvoice LIVE som \u00e4r en digitala popk\u00f6r<br \/>\nsom vem som helst kan f\u00f6lja och delta i. K\u00f6rrepen live-s\u00e4nds fr\u00e5n Joyvoice<br \/>\nFacebooksida och kan ses \u00e4ven utan Facebook-konto. En kamera \u00e4r placerad i<br \/>\nvarje st\u00e4mma s\u00e5 att man kan f\u00f6lja, h\u00f6ra och delta i den st\u00e4mma man \u00f6nskar.<br \/>\nDet var v\u00e4ldigt sp\u00e4nnande att h\u00f6ra Hanna ber\u00e4tta om f\u00f6retaget och den resa<br \/>\nsom det gjort. Jag var den f\u00f6rsta politikern n\u00e5gonsin som bes\u00f6kt Joyvoice och<br \/>\nh\u00f6rt mig f\u00f6r om verksamheten. Det \u00e4r givetvis roligt att vara f\u00f6rst och visa<br \/>\nintresse, d\u00e4remot beh\u00f6ver vi politiker g\u00f6ra fler verksamhetsbes\u00f6k och visa<br \/>\nuppskattning gentemot det privata n\u00e4ringslivet. Det \u00e4r trots allt dessa som<br \/>\nfinansierar v\u00e5ra arvoden och bidrar med stora skatteint\u00e4kter till v\u00e5r<br \/>\ngemensamma v\u00e4lf\u00e4rd. Efter bes\u00f6ket fick jag ett glatt mail av Hanna d\u00e4r hon<br \/>\nfr\u00e5gade om hon fick l\u00e4gga upp en bild p\u00e5 oss tv\u00e5 p\u00e5 Joyvoices Facebook. De<br \/>\nhar ca 50 000 f\u00f6ljare p\u00e5 Facebook s\u00e5 det var inte ett sv\u00e5rt att tacka ja till det<br \/>\nerbjudandet. S\u00e5 bra reklam f\u00f6r oss Kristdemokrater i Link\u00f6ping! \uf04a<\/p>\n","protected":false},"excerpt":{"rendered":"<p>Hej v\u00e4nner! P\u00e5 Coronafronten forts\u00e4tter l\u00e4get att vara f\u00f6rh\u00e5llandevis stabilt. Vi har en b\u00e4ttre tillf\u00f6rsel av skyddsmaterial \u00e4n vi haft tidigare, j\u00e4mnt fl\u00f6de vad g\u00e4ller de personella resurserna samt ut\u00f6kad kapacitet f\u00f6r smittestning. Antalet patienter som v\u00e5rdas i intensivv\u00e5rd \u00e4r nu den l\u00e4gsta sedan den 26 mars enligt dagens rapport fr\u00e5n Region \u00d6sterg\u00f6tland. Vi beh\u00f6ver <a class=\"read-more-link\" href=\"https:\/\/wp.kristdemokraterna.se\/linkoping\/informationsbrev-fran-kommunalradet-v-20\/\">Read More<\/a><\/p>\n","protected":false},"author":410,"featured_media":0,"comment_status":"closed","ping_status":"closed","sticky":false,"template":"","format":"standard","meta":{"_acf_changed":false,"footnotes":""},"categories":[22],"tags":[],"class_list":["post-1547","post","type-post","status-publish","format-standard","hentry","category-arkiv"],"acf":[],"yoast_head":"<!-- This site is optimized with the Yoast SEO plugin v27.4 - https:\/\/yoast.com\/product\/yoast-seo-wordpress\/ -->\n<title>Informationsbrev fr\u00e5n kommunalradet v20 - Kristdemokraterna i Link\u00f6ping<\/title>\n<meta name=\"robots\" content=\"index, follow, max-snippet:-1, max-image-preview:large, max-video-preview:-1\" \/>\n<link rel=\"canonical\" href=\"https:\/\/wp.kristdemokraterna.se\/linkoping\/informationsbrev-fran-kommunalradet-v-20\/\" \/>\n<meta property=\"og:locale\" content=\"sv_SE\" \/>\n<meta property=\"og:type\" content=\"article\" \/>\n<meta property=\"og:title\" content=\"Informationsbrev fr\u00e5n kommunalradet v20 - Kristdemokraterna i Link\u00f6ping\" \/>\n<meta property=\"og:description\" content=\"Hej v\u00e4nner! P\u00e5 Coronafronten forts\u00e4tter l\u00e4get att vara f\u00f6rh\u00e5llandevis stabilt. Vi har en b\u00e4ttre tillf\u00f6rsel av skyddsmaterial \u00e4n vi haft tidigare, j\u00e4mnt fl\u00f6de vad g\u00e4ller de personella resurserna samt ut\u00f6kad kapacitet f\u00f6r smittestning. Antalet patienter som v\u00e5rdas i intensivv\u00e5rd \u00e4r nu den l\u00e4gsta sedan den 26 mars enligt dagens rapport fr\u00e5n Region \u00d6sterg\u00f6tland. Vi beh\u00f6ver Read More\" \/>\n<meta property=\"og:url\" content=\"https:\/\/wp.kristdemokraterna.se\/linkoping\/informationsbrev-fran-kommunalradet-v-20\/\" \/>\n<meta property=\"og:site_name\" content=\"Kristdemokraterna i Link\u00f6ping\" \/>\n<meta property=\"article:author\" content=\"https:\/\/www.facebook.com\/kdlinkoping\/\" \/>\n<meta property=\"article:published_time\" content=\"2020-05-18T09:07:39+00:00\" \/>\n<meta property=\"article:modified_time\" content=\"2021-08-13T12:15:24+00:00\" \/>\n<meta name=\"author\" content=\"linkoping\" \/>\n<meta name=\"twitter:card\" content=\"summary_large_image\" \/>\n<meta name=\"twitter:label1\" content=\"Skriven av\" \/>\n\t<meta name=\"twitter:data1\" content=\"linkoping\" \/>\n\t<meta name=\"twitter:label2\" content=\"Ber\u00e4knad l\u00e4stid\" \/>\n\t<meta name=\"twitter:data2\" content=\"5 minuter\" \/>\n<script type=\"application\/ld+json\" class=\"yoast-schema-graph\">{\"@context\":\"https:\\\/\\\/schema.org\",\"@graph\":[{\"@type\":\"Article\",\"@id\":\"https:\\\/\\\/wp.kristdemokraterna.se\\\/linkoping\\\/informationsbrev-fran-kommunalradet-v-20\\\/#article\",\"isPartOf\":{\"@id\":\"https:\\\/\\\/wp.kristdemokraterna.se\\\/linkoping\\\/informationsbrev-fran-kommunalradet-v-20\\\/\"},\"author\":{\"name\":\"linkoping\",\"@id\":\"https:\\\/\\\/wp.kristdemokraterna.se\\\/linkoping\\\/#\\\/schema\\\/person\\\/b0148c3c8863db76d330faa282b9521a\"},\"headline\":\"Informationsbrev fr\u00e5n kommunalradet v20\",\"datePublished\":\"2020-05-18T09:07:39+00:00\",\"dateModified\":\"2021-08-13T12:15:24+00:00\",\"mainEntityOfPage\":{\"@id\":\"https:\\\/\\\/wp.kristdemokraterna.se\\\/linkoping\\\/informationsbrev-fran-kommunalradet-v-20\\\/\"},\"wordCount\":936,\"articleSection\":[\"arkiv\"],\"inLanguage\":\"sv-SE\"},{\"@type\":\"WebPage\",\"@id\":\"https:\\\/\\\/wp.kristdemokraterna.se\\\/linkoping\\\/informationsbrev-fran-kommunalradet-v-20\\\/\",\"url\":\"https:\\\/\\\/wp.kristdemokraterna.se\\\/linkoping\\\/informationsbrev-fran-kommunalradet-v-20\\\/\",\"name\":\"Informationsbrev fr\u00e5n kommunalradet v20 - Kristdemokraterna i Link\u00f6ping\",\"isPartOf\":{\"@id\":\"https:\\\/\\\/wp.kristdemokraterna.se\\\/linkoping\\\/#website\"},\"datePublished\":\"2020-05-18T09:07:39+00:00\",\"dateModified\":\"2021-08-13T12:15:24+00:00\",\"author\":{\"@id\":\"https:\\\/\\\/wp.kristdemokraterna.se\\\/linkoping\\\/#\\\/schema\\\/person\\\/b0148c3c8863db76d330faa282b9521a\"},\"breadcrumb\":{\"@id\":\"https:\\\/\\\/wp.kristdemokraterna.se\\\/linkoping\\\/informationsbrev-fran-kommunalradet-v-20\\\/#breadcrumb\"},\"inLanguage\":\"sv-SE\",\"potentialAction\":[{\"@type\":\"ReadAction\",\"target\":[\"https:\\\/\\\/wp.kristdemokraterna.se\\\/linkoping\\\/informationsbrev-fran-kommunalradet-v-20\\\/\"]}]},{\"@type\":\"BreadcrumbList\",\"@id\":\"https:\\\/\\\/wp.kristdemokraterna.se\\\/linkoping\\\/informationsbrev-fran-kommunalradet-v-20\\\/#breadcrumb\",\"itemListElement\":[{\"@type\":\"ListItem\",\"position\":1,\"name\":\"Hem\",\"item\":\"https:\\\/\\\/wp.kristdemokraterna.se\\\/linkoping\\\/\"},{\"@type\":\"ListItem\",\"position\":2,\"name\":\"Informationsbrev fr\u00e5n kommunalradet v20\"}]},{\"@type\":\"WebSite\",\"@id\":\"https:\\\/\\\/wp.kristdemokraterna.se\\\/linkoping\\\/#website\",\"url\":\"https:\\\/\\\/wp.kristdemokraterna.se\\\/linkoping\\\/\",\"name\":\"Kristdemokraterna i Link\u00f6ping\",\"description\":\"\",\"inLanguage\":\"sv-SE\"},{\"@type\":\"Person\",\"@id\":\"https:\\\/\\\/wp.kristdemokraterna.se\\\/linkoping\\\/#\\\/schema\\\/person\\\/b0148c3c8863db76d330faa282b9521a\",\"name\":\"linkoping\",\"image\":{\"@type\":\"ImageObject\",\"inLanguage\":\"sv-SE\",\"@id\":\"https:\\\/\\\/secure.gravatar.com\\\/avatar\\\/016e7965fec0e08fdd07b021a7d25181278d4b29b1d5bab57b16017e35421895?s=96&r=g\",\"url\":\"https:\\\/\\\/secure.gravatar.com\\\/avatar\\\/016e7965fec0e08fdd07b021a7d25181278d4b29b1d5bab57b16017e35421895?s=96&r=g\",\"contentUrl\":\"https:\\\/\\\/secure.gravatar.com\\\/avatar\\\/016e7965fec0e08fdd07b021a7d25181278d4b29b1d5bab57b16017e35421895?s=96&r=g\",\"caption\":\"linkoping\"},\"sameAs\":[\"https:\\\/\\\/www.facebook.com\\\/kdlinkoping\\\/\"],\"url\":\"https:\\\/\\\/wp.kristdemokraterna.se\\\/linkoping\\\/author\\\/linkoping\\\/\"}]}<\/script>\n<!-- \/ Yoast SEO plugin. -->","yoast_head_json":{"title":"Informationsbrev fr\u00e5n kommunalradet v20 - Kristdemokraterna i Link\u00f6ping","robots":{"index":"index","follow":"follow","max-snippet":"max-snippet:-1","max-image-preview":"max-image-preview:large","max-video-preview":"max-video-preview:-1"},"canonical":"https:\/\/wp.kristdemokraterna.se\/linkoping\/informationsbrev-fran-kommunalradet-v-20\/","og_locale":"sv_SE","og_type":"article","og_title":"Informationsbrev fr\u00e5n kommunalradet v20 - Kristdemokraterna i Link\u00f6ping","og_description":"Hej v\u00e4nner! P\u00e5 Coronafronten forts\u00e4tter l\u00e4get att vara f\u00f6rh\u00e5llandevis stabilt. Vi har en b\u00e4ttre tillf\u00f6rsel av skyddsmaterial \u00e4n vi haft tidigare, j\u00e4mnt fl\u00f6de vad g\u00e4ller de personella resurserna samt ut\u00f6kad kapacitet f\u00f6r smittestning. Antalet patienter som v\u00e5rdas i intensivv\u00e5rd \u00e4r nu den l\u00e4gsta sedan den 26 mars enligt dagens rapport fr\u00e5n Region \u00d6sterg\u00f6tland. Vi beh\u00f6ver Read More","og_url":"https:\/\/wp.kristdemokraterna.se\/linkoping\/informationsbrev-fran-kommunalradet-v-20\/","og_site_name":"Kristdemokraterna i Link\u00f6ping","article_author":"https:\/\/www.facebook.com\/kdlinkoping\/","article_published_time":"2020-05-18T09:07:39+00:00","article_modified_time":"2021-08-13T12:15:24+00:00","author":"linkoping","twitter_card":"summary_large_image","twitter_misc":{"Skriven av":"linkoping","Ber\u00e4knad l\u00e4stid":"5 minuter"},"schema":{"@context":"https:\/\/schema.org","@graph":[{"@type":"Article","@id":"https:\/\/wp.kristdemokraterna.se\/linkoping\/informationsbrev-fran-kommunalradet-v-20\/#article","isPartOf":{"@id":"https:\/\/wp.kristdemokraterna.se\/linkoping\/informationsbrev-fran-kommunalradet-v-20\/"},"author":{"name":"linkoping","@id":"https:\/\/wp.kristdemokraterna.se\/linkoping\/#\/schema\/person\/b0148c3c8863db76d330faa282b9521a"},"headline":"Informationsbrev fr\u00e5n kommunalradet v20","datePublished":"2020-05-18T09:07:39+00:00","dateModified":"2021-08-13T12:15:24+00:00","mainEntityOfPage":{"@id":"https:\/\/wp.kristdemokraterna.se\/linkoping\/informationsbrev-fran-kommunalradet-v-20\/"},"wordCount":936,"articleSection":["arkiv"],"inLanguage":"sv-SE"},{"@type":"WebPage","@id":"https:\/\/wp.kristdemokraterna.se\/linkoping\/informationsbrev-fran-kommunalradet-v-20\/","url":"https:\/\/wp.kristdemokraterna.se\/linkoping\/informationsbrev-fran-kommunalradet-v-20\/","name":"Informationsbrev fr\u00e5n kommunalradet v20 - Kristdemokraterna i Link\u00f6ping","isPartOf":{"@id":"https:\/\/wp.kristdemokraterna.se\/linkoping\/#website"},"datePublished":"2020-05-18T09:07:39+00:00","dateModified":"2021-08-13T12:15:24+00:00","author":{"@id":"https:\/\/wp.kristdemokraterna.se\/linkoping\/#\/schema\/person\/b0148c3c8863db76d330faa282b9521a"},"breadcrumb":{"@id":"https:\/\/wp.kristdemokraterna.se\/linkoping\/informationsbrev-fran-kommunalradet-v-20\/#breadcrumb"},"inLanguage":"sv-SE","potentialAction":[{"@type":"ReadAction","target":["https:\/\/wp.kristdemokraterna.se\/linkoping\/informationsbrev-fran-kommunalradet-v-20\/"]}]},{"@type":"BreadcrumbList","@id":"https:\/\/wp.kristdemokraterna.se\/linkoping\/informationsbrev-fran-kommunalradet-v-20\/#breadcrumb","itemListElement":[{"@type":"ListItem","position":1,"name":"Hem","item":"https:\/\/wp.kristdemokraterna.se\/linkoping\/"},{"@type":"ListItem","position":2,"name":"Informationsbrev fr\u00e5n kommunalradet v20"}]},{"@type":"WebSite","@id":"https:\/\/wp.kristdemokraterna.se\/linkoping\/#website","url":"https:\/\/wp.kristdemokraterna.se\/linkoping\/","name":"Kristdemokraterna i Link\u00f6ping","description":"","inLanguage":"sv-SE"},{"@type":"Person","@id":"https:\/\/wp.kristdemokraterna.se\/linkoping\/#\/schema\/person\/b0148c3c8863db76d330faa282b9521a","name":"linkoping","image":{"@type":"ImageObject","inLanguage":"sv-SE","@id":"https:\/\/secure.gravatar.com\/avatar\/016e7965fec0e08fdd07b021a7d25181278d4b29b1d5bab57b16017e35421895?s=96&r=g","url":"https:\/\/secure.gravatar.com\/avatar\/016e7965fec0e08fdd07b021a7d25181278d4b29b1d5bab57b16017e35421895?s=96&r=g","contentUrl":"https:\/\/secure.gravatar.com\/avatar\/016e7965fec0e08fdd07b021a7d25181278d4b29b1d5bab57b16017e35421895?s=96&r=g","caption":"linkoping"},"sameAs":["https:\/\/www.facebook.com\/kdlinkoping\/"],"url":"https:\/\/wp.kristdemokraterna.se\/linkoping\/author\/linkoping\/"}]}},"_links":{"self":[{"href":"https:\/\/wp.kristdemokraterna.se\/linkoping\/wp-json\/wp\/v2\/posts\/1547","targetHints":{"allow":["GET"]}}],"collection":[{"href":"https:\/\/wp.kristdemokraterna.se\/linkoping\/wp-json\/wp\/v2\/posts"}],"about":[{"href":"https:\/\/wp.kristdemokraterna.se\/linkoping\/wp-json\/wp\/v2\/types\/post"}],"author":[{"embeddable":true,"href":"https:\/\/wp.kristdemokraterna.se\/linkoping\/wp-json\/wp\/v2\/users\/410"}],"replies":[{"embeddable":true,"href":"https:\/\/wp.kristdemokraterna.se\/linkoping\/wp-json\/wp\/v2\/comments?post=1547"}],"version-history":[{"count":3,"href":"https:\/\/wp.kristdemokraterna.se\/linkoping\/wp-json\/wp\/v2\/posts\/1547\/revisions"}],"predecessor-version":[{"id":1943,"href":"https:\/\/wp.kristdemokraterna.se\/linkoping\/wp-json\/wp\/v2\/posts\/1547\/revisions\/1943"}],"wp:attachment":[{"href":"https:\/\/wp.kristdemokraterna.se\/linkoping\/wp-json\/wp\/v2\/media?parent=1547"}],"wp:term":[{"taxonomy":"category","embeddable":true,"href":"https:\/\/wp.kristdemokraterna.se\/linkoping\/wp-json\/wp\/v2\/categories?post=1547"},{"taxonomy":"post_tag","embeddable":true,"href":"https:\/\/wp.kristdemokraterna.se\/linkoping\/wp-json\/wp\/v2\/tags?post=1547"}],"curies":[{"name":"wp","href":"https:\/\/api.w.org\/{rel}","templated":true}]}}