{"id":1551,"date":"2020-05-27T14:19:49","date_gmt":"2020-05-27T12:19:49","guid":{"rendered":"http:\/\/wp.kristdemokraterna.se\/linkoping\/?p=1551"},"modified":"2021-08-13T14:15:00","modified_gmt":"2021-08-13T12:15:00","slug":"hogstadiet-i-skaggetorp-laggs-ned","status":"publish","type":"post","link":"https:\/\/wp.kristdemokraterna.se\/linkoping\/hogstadiet-i-skaggetorp-laggs-ned\/","title":{"rendered":"H\u00f6gstadiet i sk\u00e4ggetorp l\u00e4ggs ned"},"content":{"rendered":"<div class=\"kvgmc6g5 cxmmr5t8 oygrvhab hcukyx3x c1et5uql ii04i59q\">\n<div dir=\"auto\">DET SKA INTE SPELA N\u00c5GON ROLL VAR DU KOMMER IFR\u00c5N &#8211; UTAN VART DU \u00c4R P\u00c5 V\u00c4G<\/div>\n<div dir=\"auto\"><\/div>\n<\/div>\n<div class=\"o9v6fnle cxmmr5t8 oygrvhab hcukyx3x c1et5uql ii04i59q\">\n<div dir=\"auto\">Alla barn har r\u00e4tt till de allra b\u00e4sta f\u00f6ruts\u00e4ttningarna i livet \u2013 nu ger vi ungdomarna p\u00e5 Sk\u00e4ggetorpsskolan nya m\u00f6jligheter. Idag f\u00e5r allt f\u00f6r f\u00e5 elever som g\u00e5r ut Sk\u00e4ggetorpsskolan beh\u00f6righet till gymnasiet, s\u00e5 kan det inte f\u00e5 forts\u00e4tta. F\u00f6r att h\u00f6ja gymnasiebeh\u00f6righeten kommer d\u00e4rf\u00f6r h\u00f6gstadiet p\u00e5 Sk\u00e4ggetorpsskolan att avvecklas och ist\u00e4llet kommer fler platser att skapas p\u00e5 kommunens andra h\u00f6gstadieskolor.<\/div>\n<div dir=\"auto\"><\/div>\n<\/div>\n<div class=\"o9v6fnle cxmmr5t8 oygrvhab hcukyx3x c1et5uql ii04i59q\">\n<div dir=\"auto\">En avveckling av h\u00f6gstadiet ger ocks\u00e5 b\u00e4ttre f\u00f6ruts\u00e4ttningar att satsa p\u00e5 elever i de yngre \u00e5rskullarna, fr\u00e5n f\u00f6rskola upp till \u00e5rskurs 6. Antalet elever i de l\u00e4gre \u00e5rskullarna kommer att \u00f6ka de n\u00e4rmaste \u00e5ren och d\u00e4rf\u00f6r beh\u00f6vs det st\u00f6rre och b\u00e4ttre lokaler.<\/div>\n<div dir=\"auto\"><\/div>\n<\/div>\n<div class=\"o9v6fnle cxmmr5t8 oygrvhab hcukyx3x c1et5uql ii04i59q\">\n<div dir=\"auto\">&#8211; Vi beh\u00f6ver kunna erbjuda alla elever i kommunen likv\u00e4rdiga f\u00f6ruts\u00e4ttningar, vi ser att allt f\u00f6r m\u00e5nga inte n\u00e5r kunskapskraven och blir beh\u00f6riga till gymnasiet, d\u00e4rf\u00f6r m\u00e5ste vi agera. Att f\u00f6r\u00e4ndra skolorganisationen f\u00f6r Sk\u00e4ggetorpsskolan \u00e4r ett s\u00e4tt f\u00f6r oss att bryta skolsegregationen, s\u00e4ger Denis\u00e9 Cassel (KD) kommunalr\u00e5d i Link\u00f6ping.<\/div>\n<div dir=\"auto\"><\/div>\n<\/div>\n<div class=\"o9v6fnle cxmmr5t8 oygrvhab hcukyx3x c1et5uql ii04i59q\">\n<div dir=\"auto\">F\u00f6r\u00e4ndringen kommer att ske h\u00f6sten 2021 och kommer ocks\u00e5 ge b\u00e4ttre f\u00f6ruts\u00e4ttningar att satsa p\u00e5 elever i de yngre \u00e5rskullarna, fr\u00e5n f\u00f6rskola upp till \u00e5rskurs 6. Antalet elever i de l\u00e4gre \u00e5rskullarna kommer att \u00f6ka de n\u00e4rmaste \u00e5ren och d\u00e5 beh\u00f6vs det st\u00f6rre och b\u00e4ttre lokaler.<\/div>\n<\/div>\n","protected":false},"excerpt":{"rendered":"<p>DET SKA INTE SPELA N\u00c5GON ROLL VAR DU KOMMER IFR\u00c5N &#8211; UTAN VART DU \u00c4R P\u00c5 V\u00c4G Alla barn har r\u00e4tt till de allra b\u00e4sta f\u00f6ruts\u00e4ttningarna i livet \u2013 nu ger vi ungdomarna p\u00e5 Sk\u00e4ggetorpsskolan nya m\u00f6jligheter. Idag f\u00e5r allt f\u00f6r f\u00e5 elever som g\u00e5r ut Sk\u00e4ggetorpsskolan beh\u00f6righet till gymnasiet, s\u00e5 kan det inte f\u00e5 <a class=\"read-more-link\" href=\"https:\/\/wp.kristdemokraterna.se\/linkoping\/hogstadiet-i-skaggetorp-laggs-ned\/\">Read More<\/a><\/p>\n","protected":false},"author":410,"featured_media":0,"comment_status":"closed","ping_status":"closed","sticky":false,"template":"","format":"standard","meta":{"_acf_changed":false,"footnotes":""},"categories":[22],"tags":[],"class_list":["post-1551","post","type-post","status-publish","format-standard","hentry","category-arkiv"],"acf":[],"yoast_head":"<!-- This site is optimized with the Yoast SEO plugin v27.4 - https:\/\/yoast.com\/product\/yoast-seo-wordpress\/ -->\n<title>H\u00f6gstadiet i sk\u00e4ggetorp l\u00e4ggs ned - Kristdemokraterna i Link\u00f6ping<\/title>\n<meta name=\"robots\" content=\"index, follow, max-snippet:-1, max-image-preview:large, max-video-preview:-1\" \/>\n<link rel=\"canonical\" href=\"https:\/\/wp.kristdemokraterna.se\/linkoping\/hogstadiet-i-skaggetorp-laggs-ned\/\" \/>\n<meta property=\"og:locale\" content=\"sv_SE\" \/>\n<meta property=\"og:type\" content=\"article\" \/>\n<meta property=\"og:title\" content=\"H\u00f6gstadiet i sk\u00e4ggetorp l\u00e4ggs ned - Kristdemokraterna i Link\u00f6ping\" \/>\n<meta property=\"og:description\" content=\"DET SKA INTE SPELA N\u00c5GON ROLL VAR DU KOMMER IFR\u00c5N &#8211; UTAN VART DU \u00c4R P\u00c5 V\u00c4G Alla barn har r\u00e4tt till de allra b\u00e4sta f\u00f6ruts\u00e4ttningarna i livet \u2013 nu ger vi ungdomarna p\u00e5 Sk\u00e4ggetorpsskolan nya m\u00f6jligheter. Idag f\u00e5r allt f\u00f6r f\u00e5 elever som g\u00e5r ut Sk\u00e4ggetorpsskolan beh\u00f6righet till gymnasiet, s\u00e5 kan det inte f\u00e5 Read More\" \/>\n<meta property=\"og:url\" content=\"https:\/\/wp.kristdemokraterna.se\/linkoping\/hogstadiet-i-skaggetorp-laggs-ned\/\" \/>\n<meta property=\"og:site_name\" content=\"Kristdemokraterna i Link\u00f6ping\" \/>\n<meta property=\"article:author\" content=\"https:\/\/www.facebook.com\/kdlinkoping\/\" \/>\n<meta property=\"article:published_time\" content=\"2020-05-27T12:19:49+00:00\" \/>\n<meta property=\"article:modified_time\" content=\"2021-08-13T12:15:00+00:00\" \/>\n<meta name=\"author\" content=\"linkoping\" \/>\n<meta name=\"twitter:card\" content=\"summary_large_image\" \/>\n<meta name=\"twitter:label1\" content=\"Skriven av\" \/>\n\t<meta name=\"twitter:data1\" content=\"linkoping\" \/>\n\t<meta name=\"twitter:label2\" content=\"Ber\u00e4knad l\u00e4stid\" \/>\n\t<meta name=\"twitter:data2\" content=\"1 minut\" \/>\n<script type=\"application\/ld+json\" class=\"yoast-schema-graph\">{\"@context\":\"https:\\\/\\\/schema.org\",\"@graph\":[{\"@type\":\"Article\",\"@id\":\"https:\\\/\\\/wp.kristdemokraterna.se\\\/linkoping\\\/hogstadiet-i-skaggetorp-laggs-ned\\\/#article\",\"isPartOf\":{\"@id\":\"https:\\\/\\\/wp.kristdemokraterna.se\\\/linkoping\\\/hogstadiet-i-skaggetorp-laggs-ned\\\/\"},\"author\":{\"name\":\"linkoping\",\"@id\":\"https:\\\/\\\/wp.kristdemokraterna.se\\\/linkoping\\\/#\\\/schema\\\/person\\\/b0148c3c8863db76d330faa282b9521a\"},\"headline\":\"H\u00f6gstadiet i sk\u00e4ggetorp l\u00e4ggs ned\",\"datePublished\":\"2020-05-27T12:19:49+00:00\",\"dateModified\":\"2021-08-13T12:15:00+00:00\",\"mainEntityOfPage\":{\"@id\":\"https:\\\/\\\/wp.kristdemokraterna.se\\\/linkoping\\\/hogstadiet-i-skaggetorp-laggs-ned\\\/\"},\"wordCount\":289,\"articleSection\":[\"arkiv\"],\"inLanguage\":\"sv-SE\"},{\"@type\":\"WebPage\",\"@id\":\"https:\\\/\\\/wp.kristdemokraterna.se\\\/linkoping\\\/hogstadiet-i-skaggetorp-laggs-ned\\\/\",\"url\":\"https:\\\/\\\/wp.kristdemokraterna.se\\\/linkoping\\\/hogstadiet-i-skaggetorp-laggs-ned\\\/\",\"name\":\"H\u00f6gstadiet i sk\u00e4ggetorp l\u00e4ggs ned - Kristdemokraterna i Link\u00f6ping\",\"isPartOf\":{\"@id\":\"https:\\\/\\\/wp.kristdemokraterna.se\\\/linkoping\\\/#website\"},\"datePublished\":\"2020-05-27T12:19:49+00:00\",\"dateModified\":\"2021-08-13T12:15:00+00:00\",\"author\":{\"@id\":\"https:\\\/\\\/wp.kristdemokraterna.se\\\/linkoping\\\/#\\\/schema\\\/person\\\/b0148c3c8863db76d330faa282b9521a\"},\"breadcrumb\":{\"@id\":\"https:\\\/\\\/wp.kristdemokraterna.se\\\/linkoping\\\/hogstadiet-i-skaggetorp-laggs-ned\\\/#breadcrumb\"},\"inLanguage\":\"sv-SE\",\"potentialAction\":[{\"@type\":\"ReadAction\",\"target\":[\"https:\\\/\\\/wp.kristdemokraterna.se\\\/linkoping\\\/hogstadiet-i-skaggetorp-laggs-ned\\\/\"]}]},{\"@type\":\"BreadcrumbList\",\"@id\":\"https:\\\/\\\/wp.kristdemokraterna.se\\\/linkoping\\\/hogstadiet-i-skaggetorp-laggs-ned\\\/#breadcrumb\",\"itemListElement\":[{\"@type\":\"ListItem\",\"position\":1,\"name\":\"Hem\",\"item\":\"https:\\\/\\\/wp.kristdemokraterna.se\\\/linkoping\\\/\"},{\"@type\":\"ListItem\",\"position\":2,\"name\":\"H\u00f6gstadiet i sk\u00e4ggetorp l\u00e4ggs ned\"}]},{\"@type\":\"WebSite\",\"@id\":\"https:\\\/\\\/wp.kristdemokraterna.se\\\/linkoping\\\/#website\",\"url\":\"https:\\\/\\\/wp.kristdemokraterna.se\\\/linkoping\\\/\",\"name\":\"Kristdemokraterna i Link\u00f6ping\",\"description\":\"\",\"inLanguage\":\"sv-SE\"},{\"@type\":\"Person\",\"@id\":\"https:\\\/\\\/wp.kristdemokraterna.se\\\/linkoping\\\/#\\\/schema\\\/person\\\/b0148c3c8863db76d330faa282b9521a\",\"name\":\"linkoping\",\"image\":{\"@type\":\"ImageObject\",\"inLanguage\":\"sv-SE\",\"@id\":\"https:\\\/\\\/secure.gravatar.com\\\/avatar\\\/016e7965fec0e08fdd07b021a7d25181278d4b29b1d5bab57b16017e35421895?s=96&r=g\",\"url\":\"https:\\\/\\\/secure.gravatar.com\\\/avatar\\\/016e7965fec0e08fdd07b021a7d25181278d4b29b1d5bab57b16017e35421895?s=96&r=g\",\"contentUrl\":\"https:\\\/\\\/secure.gravatar.com\\\/avatar\\\/016e7965fec0e08fdd07b021a7d25181278d4b29b1d5bab57b16017e35421895?s=96&r=g\",\"caption\":\"linkoping\"},\"sameAs\":[\"https:\\\/\\\/www.facebook.com\\\/kdlinkoping\\\/\"],\"url\":\"https:\\\/\\\/wp.kristdemokraterna.se\\\/linkoping\\\/author\\\/linkoping\\\/\"}]}<\/script>\n<!-- \/ Yoast SEO plugin. -->","yoast_head_json":{"title":"H\u00f6gstadiet i sk\u00e4ggetorp l\u00e4ggs ned - Kristdemokraterna i Link\u00f6ping","robots":{"index":"index","follow":"follow","max-snippet":"max-snippet:-1","max-image-preview":"max-image-preview:large","max-video-preview":"max-video-preview:-1"},"canonical":"https:\/\/wp.kristdemokraterna.se\/linkoping\/hogstadiet-i-skaggetorp-laggs-ned\/","og_locale":"sv_SE","og_type":"article","og_title":"H\u00f6gstadiet i sk\u00e4ggetorp l\u00e4ggs ned - Kristdemokraterna i Link\u00f6ping","og_description":"DET SKA INTE SPELA N\u00c5GON ROLL VAR DU KOMMER IFR\u00c5N &#8211; UTAN VART DU \u00c4R P\u00c5 V\u00c4G Alla barn har r\u00e4tt till de allra b\u00e4sta f\u00f6ruts\u00e4ttningarna i livet \u2013 nu ger vi ungdomarna p\u00e5 Sk\u00e4ggetorpsskolan nya m\u00f6jligheter. Idag f\u00e5r allt f\u00f6r f\u00e5 elever som g\u00e5r ut Sk\u00e4ggetorpsskolan beh\u00f6righet till gymnasiet, s\u00e5 kan det inte f\u00e5 Read More","og_url":"https:\/\/wp.kristdemokraterna.se\/linkoping\/hogstadiet-i-skaggetorp-laggs-ned\/","og_site_name":"Kristdemokraterna i Link\u00f6ping","article_author":"https:\/\/www.facebook.com\/kdlinkoping\/","article_published_time":"2020-05-27T12:19:49+00:00","article_modified_time":"2021-08-13T12:15:00+00:00","author":"linkoping","twitter_card":"summary_large_image","twitter_misc":{"Skriven av":"linkoping","Ber\u00e4knad l\u00e4stid":"1 minut"},"schema":{"@context":"https:\/\/schema.org","@graph":[{"@type":"Article","@id":"https:\/\/wp.kristdemokraterna.se\/linkoping\/hogstadiet-i-skaggetorp-laggs-ned\/#article","isPartOf":{"@id":"https:\/\/wp.kristdemokraterna.se\/linkoping\/hogstadiet-i-skaggetorp-laggs-ned\/"},"author":{"name":"linkoping","@id":"https:\/\/wp.kristdemokraterna.se\/linkoping\/#\/schema\/person\/b0148c3c8863db76d330faa282b9521a"},"headline":"H\u00f6gstadiet i sk\u00e4ggetorp l\u00e4ggs ned","datePublished":"2020-05-27T12:19:49+00:00","dateModified":"2021-08-13T12:15:00+00:00","mainEntityOfPage":{"@id":"https:\/\/wp.kristdemokraterna.se\/linkoping\/hogstadiet-i-skaggetorp-laggs-ned\/"},"wordCount":289,"articleSection":["arkiv"],"inLanguage":"sv-SE"},{"@type":"WebPage","@id":"https:\/\/wp.kristdemokraterna.se\/linkoping\/hogstadiet-i-skaggetorp-laggs-ned\/","url":"https:\/\/wp.kristdemokraterna.se\/linkoping\/hogstadiet-i-skaggetorp-laggs-ned\/","name":"H\u00f6gstadiet i sk\u00e4ggetorp l\u00e4ggs ned - Kristdemokraterna i Link\u00f6ping","isPartOf":{"@id":"https:\/\/wp.kristdemokraterna.se\/linkoping\/#website"},"datePublished":"2020-05-27T12:19:49+00:00","dateModified":"2021-08-13T12:15:00+00:00","author":{"@id":"https:\/\/wp.kristdemokraterna.se\/linkoping\/#\/schema\/person\/b0148c3c8863db76d330faa282b9521a"},"breadcrumb":{"@id":"https:\/\/wp.kristdemokraterna.se\/linkoping\/hogstadiet-i-skaggetorp-laggs-ned\/#breadcrumb"},"inLanguage":"sv-SE","potentialAction":[{"@type":"ReadAction","target":["https:\/\/wp.kristdemokraterna.se\/linkoping\/hogstadiet-i-skaggetorp-laggs-ned\/"]}]},{"@type":"BreadcrumbList","@id":"https:\/\/wp.kristdemokraterna.se\/linkoping\/hogstadiet-i-skaggetorp-laggs-ned\/#breadcrumb","itemListElement":[{"@type":"ListItem","position":1,"name":"Hem","item":"https:\/\/wp.kristdemokraterna.se\/linkoping\/"},{"@type":"ListItem","position":2,"name":"H\u00f6gstadiet i sk\u00e4ggetorp l\u00e4ggs ned"}]},{"@type":"WebSite","@id":"https:\/\/wp.kristdemokraterna.se\/linkoping\/#website","url":"https:\/\/wp.kristdemokraterna.se\/linkoping\/","name":"Kristdemokraterna i Link\u00f6ping","description":"","inLanguage":"sv-SE"},{"@type":"Person","@id":"https:\/\/wp.kristdemokraterna.se\/linkoping\/#\/schema\/person\/b0148c3c8863db76d330faa282b9521a","name":"linkoping","image":{"@type":"ImageObject","inLanguage":"sv-SE","@id":"https:\/\/secure.gravatar.com\/avatar\/016e7965fec0e08fdd07b021a7d25181278d4b29b1d5bab57b16017e35421895?s=96&r=g","url":"https:\/\/secure.gravatar.com\/avatar\/016e7965fec0e08fdd07b021a7d25181278d4b29b1d5bab57b16017e35421895?s=96&r=g","contentUrl":"https:\/\/secure.gravatar.com\/avatar\/016e7965fec0e08fdd07b021a7d25181278d4b29b1d5bab57b16017e35421895?s=96&r=g","caption":"linkoping"},"sameAs":["https:\/\/www.facebook.com\/kdlinkoping\/"],"url":"https:\/\/wp.kristdemokraterna.se\/linkoping\/author\/linkoping\/"}]}},"_links":{"self":[{"href":"https:\/\/wp.kristdemokraterna.se\/linkoping\/wp-json\/wp\/v2\/posts\/1551","targetHints":{"allow":["GET"]}}],"collection":[{"href":"https:\/\/wp.kristdemokraterna.se\/linkoping\/wp-json\/wp\/v2\/posts"}],"about":[{"href":"https:\/\/wp.kristdemokraterna.se\/linkoping\/wp-json\/wp\/v2\/types\/post"}],"author":[{"embeddable":true,"href":"https:\/\/wp.kristdemokraterna.se\/linkoping\/wp-json\/wp\/v2\/users\/410"}],"replies":[{"embeddable":true,"href":"https:\/\/wp.kristdemokraterna.se\/linkoping\/wp-json\/wp\/v2\/comments?post=1551"}],"version-history":[{"count":3,"href":"https:\/\/wp.kristdemokraterna.se\/linkoping\/wp-json\/wp\/v2\/posts\/1551\/revisions"}],"predecessor-version":[{"id":1942,"href":"https:\/\/wp.kristdemokraterna.se\/linkoping\/wp-json\/wp\/v2\/posts\/1551\/revisions\/1942"}],"wp:attachment":[{"href":"https:\/\/wp.kristdemokraterna.se\/linkoping\/wp-json\/wp\/v2\/media?parent=1551"}],"wp:term":[{"taxonomy":"category","embeddable":true,"href":"https:\/\/wp.kristdemokraterna.se\/linkoping\/wp-json\/wp\/v2\/categories?post=1551"},{"taxonomy":"post_tag","embeddable":true,"href":"https:\/\/wp.kristdemokraterna.se\/linkoping\/wp-json\/wp\/v2\/tags?post=1551"}],"curies":[{"name":"wp","href":"https:\/\/api.w.org\/{rel}","templated":true}]}}