{"id":1554,"date":"2020-06-04T14:25:58","date_gmt":"2020-06-04T12:25:58","guid":{"rendered":"http:\/\/wp.kristdemokraterna.se\/linkoping\/?p=1554"},"modified":"2021-08-13T14:14:33","modified_gmt":"2021-08-13T12:14:33","slug":"linkopings-kommun-hjalper-mathjalpen","status":"publish","type":"post","link":"https:\/\/wp.kristdemokraterna.se\/linkoping\/linkopings-kommun-hjalper-mathjalpen\/","title":{"rendered":"Link\u00f6pings kommun hj\u00e4lper mathj\u00e4lpen"},"content":{"rendered":"<p><strong>Link\u00f6pings kommun har tecknat ett samverkansavtal med Link\u00f6pings domkyrkopastorat om dess verksamhet Mathj\u00e4lpen. Avtalet inneb\u00e4r att kommunen ger st\u00f6d f\u00f6r bekostande av fordon och drivmedel inom verksamheten, som riktar sig till riskgrupper under coronapandemin.<\/strong><\/p>\n<p>Syftet med \u00f6verenskommelsen \u00e4r att personer i riskgrupper ska f\u00e5 hj\u00e4lp med matink\u00f6p under coronakrisen. Ett syfte \u00e4r ocks\u00e5 att skapa ett l\u00e5ngsiktigt h\u00e5llbart Link\u00f6ping genom att st\u00e4rka samspelet mellan den offentliga och den id\u00e9burna sektorn.<\/p>\n<p>Kommunens st\u00f6d inneb\u00e4r att kyrkan kan forts\u00e4tta att erbjuda hj\u00e4lp med ink\u00f6p och hemleverans av matvaror och receptfria mediciner. M\u00e5lgruppen \u00e4r personer i riskgrupper som saknar m\u00f6jlighet att f\u00e5 hj\u00e4lp av n\u00e4rst\u00e5ende, och som inte har hemtj\u00e4nst eller kan anv\u00e4nda andra l\u00f6sningar &#8211; till exempel ink\u00f6p via internet.<\/p>\n<p>Det \u00e4r \u00e4ldren\u00e4mndens ordf\u00f6rande Liselotte Fager (KD) som har fattat ett s\u00e5 kallat delegationsbeslut om samverkansavtalet.<\/p>\n<p>\u2013 Civilsamh\u00e4llets roll \u00e4r central f\u00f6r att skapa b\u00e4ttre f\u00f6ruts\u00e4ttningar f\u00f6r v\u00e5ra medborgare, det har blivit mycket tydligt nu under coronakrisen. Kommunen klarar sig inte p\u00e5 egen hand. Mathj\u00e4lpen inneb\u00e4r stor trygghet f\u00f6r en riskgrupp som inte kan f\u00e5 hj\u00e4lp med sina ink\u00f6p p\u00e5 annat s\u00e4tt. Vi beh\u00f6vde mer samarbeten med civilsamh\u00e4llet redan innan corona, nu m\u00e5ste vi agera och hj\u00e4lpa varandra, s\u00e4ger Liselotte Fager.<\/p>\n","protected":false},"excerpt":{"rendered":"<p>Link\u00f6pings kommun har tecknat ett samverkansavtal med Link\u00f6pings domkyrkopastorat om dess verksamhet Mathj\u00e4lpen. Avtalet inneb\u00e4r att kommunen ger st\u00f6d f\u00f6r bekostande av fordon och drivmedel inom verksamheten, som riktar sig till riskgrupper under coronapandemin. Syftet med \u00f6verenskommelsen \u00e4r att personer i riskgrupper ska f\u00e5 hj\u00e4lp med matink\u00f6p under coronakrisen. Ett syfte \u00e4r ocks\u00e5 att skapa <a class=\"read-more-link\" href=\"https:\/\/wp.kristdemokraterna.se\/linkoping\/linkopings-kommun-hjalper-mathjalpen\/\">Read More<\/a><\/p>\n","protected":false},"author":410,"featured_media":0,"comment_status":"closed","ping_status":"closed","sticky":false,"template":"","format":"standard","meta":{"_acf_changed":false,"footnotes":""},"categories":[22],"tags":[],"class_list":["post-1554","post","type-post","status-publish","format-standard","hentry","category-arkiv"],"acf":[],"yoast_head":"<!-- This site is optimized with the Yoast SEO plugin v27.4 - https:\/\/yoast.com\/product\/yoast-seo-wordpress\/ -->\n<title>Link\u00f6pings kommun hj\u00e4lper mathj\u00e4lpen - Kristdemokraterna i Link\u00f6ping<\/title>\n<meta name=\"robots\" content=\"index, follow, max-snippet:-1, max-image-preview:large, max-video-preview:-1\" \/>\n<link rel=\"canonical\" href=\"https:\/\/wp.kristdemokraterna.se\/linkoping\/linkopings-kommun-hjalper-mathjalpen\/\" \/>\n<meta property=\"og:locale\" content=\"sv_SE\" \/>\n<meta property=\"og:type\" content=\"article\" \/>\n<meta property=\"og:title\" content=\"Link\u00f6pings kommun hj\u00e4lper mathj\u00e4lpen - Kristdemokraterna i Link\u00f6ping\" \/>\n<meta property=\"og:description\" content=\"Link\u00f6pings kommun har tecknat ett samverkansavtal med Link\u00f6pings domkyrkopastorat om dess verksamhet Mathj\u00e4lpen. Avtalet inneb\u00e4r att kommunen ger st\u00f6d f\u00f6r bekostande av fordon och drivmedel inom verksamheten, som riktar sig till riskgrupper under coronapandemin. Syftet med \u00f6verenskommelsen \u00e4r att personer i riskgrupper ska f\u00e5 hj\u00e4lp med matink\u00f6p under coronakrisen. Ett syfte \u00e4r ocks\u00e5 att skapa Read More\" \/>\n<meta property=\"og:url\" content=\"https:\/\/wp.kristdemokraterna.se\/linkoping\/linkopings-kommun-hjalper-mathjalpen\/\" \/>\n<meta property=\"og:site_name\" content=\"Kristdemokraterna i Link\u00f6ping\" \/>\n<meta property=\"article:author\" content=\"https:\/\/www.facebook.com\/kdlinkoping\/\" \/>\n<meta property=\"article:published_time\" content=\"2020-06-04T12:25:58+00:00\" \/>\n<meta property=\"article:modified_time\" content=\"2021-08-13T12:14:33+00:00\" \/>\n<meta name=\"author\" content=\"linkoping\" \/>\n<meta name=\"twitter:card\" content=\"summary_large_image\" \/>\n<meta name=\"twitter:label1\" content=\"Skriven av\" \/>\n\t<meta name=\"twitter:data1\" content=\"linkoping\" \/>\n\t<meta name=\"twitter:label2\" content=\"Ber\u00e4knad l\u00e4stid\" \/>\n\t<meta name=\"twitter:data2\" content=\"1 minut\" \/>\n<script type=\"application\/ld+json\" class=\"yoast-schema-graph\">{\"@context\":\"https:\\\/\\\/schema.org\",\"@graph\":[{\"@type\":\"Article\",\"@id\":\"https:\\\/\\\/wp.kristdemokraterna.se\\\/linkoping\\\/linkopings-kommun-hjalper-mathjalpen\\\/#article\",\"isPartOf\":{\"@id\":\"https:\\\/\\\/wp.kristdemokraterna.se\\\/linkoping\\\/linkopings-kommun-hjalper-mathjalpen\\\/\"},\"author\":{\"name\":\"linkoping\",\"@id\":\"https:\\\/\\\/wp.kristdemokraterna.se\\\/linkoping\\\/#\\\/schema\\\/person\\\/b0148c3c8863db76d330faa282b9521a\"},\"headline\":\"Link\u00f6pings kommun hj\u00e4lper mathj\u00e4lpen\",\"datePublished\":\"2020-06-04T12:25:58+00:00\",\"dateModified\":\"2021-08-13T12:14:33+00:00\",\"mainEntityOfPage\":{\"@id\":\"https:\\\/\\\/wp.kristdemokraterna.se\\\/linkoping\\\/linkopings-kommun-hjalper-mathjalpen\\\/\"},\"wordCount\":252,\"articleSection\":[\"arkiv\"],\"inLanguage\":\"sv-SE\"},{\"@type\":\"WebPage\",\"@id\":\"https:\\\/\\\/wp.kristdemokraterna.se\\\/linkoping\\\/linkopings-kommun-hjalper-mathjalpen\\\/\",\"url\":\"https:\\\/\\\/wp.kristdemokraterna.se\\\/linkoping\\\/linkopings-kommun-hjalper-mathjalpen\\\/\",\"name\":\"Link\u00f6pings kommun hj\u00e4lper mathj\u00e4lpen - Kristdemokraterna i Link\u00f6ping\",\"isPartOf\":{\"@id\":\"https:\\\/\\\/wp.kristdemokraterna.se\\\/linkoping\\\/#website\"},\"datePublished\":\"2020-06-04T12:25:58+00:00\",\"dateModified\":\"2021-08-13T12:14:33+00:00\",\"author\":{\"@id\":\"https:\\\/\\\/wp.kristdemokraterna.se\\\/linkoping\\\/#\\\/schema\\\/person\\\/b0148c3c8863db76d330faa282b9521a\"},\"breadcrumb\":{\"@id\":\"https:\\\/\\\/wp.kristdemokraterna.se\\\/linkoping\\\/linkopings-kommun-hjalper-mathjalpen\\\/#breadcrumb\"},\"inLanguage\":\"sv-SE\",\"potentialAction\":[{\"@type\":\"ReadAction\",\"target\":[\"https:\\\/\\\/wp.kristdemokraterna.se\\\/linkoping\\\/linkopings-kommun-hjalper-mathjalpen\\\/\"]}]},{\"@type\":\"BreadcrumbList\",\"@id\":\"https:\\\/\\\/wp.kristdemokraterna.se\\\/linkoping\\\/linkopings-kommun-hjalper-mathjalpen\\\/#breadcrumb\",\"itemListElement\":[{\"@type\":\"ListItem\",\"position\":1,\"name\":\"Hem\",\"item\":\"https:\\\/\\\/wp.kristdemokraterna.se\\\/linkoping\\\/\"},{\"@type\":\"ListItem\",\"position\":2,\"name\":\"Link\u00f6pings kommun hj\u00e4lper mathj\u00e4lpen\"}]},{\"@type\":\"WebSite\",\"@id\":\"https:\\\/\\\/wp.kristdemokraterna.se\\\/linkoping\\\/#website\",\"url\":\"https:\\\/\\\/wp.kristdemokraterna.se\\\/linkoping\\\/\",\"name\":\"Kristdemokraterna i Link\u00f6ping\",\"description\":\"\",\"inLanguage\":\"sv-SE\"},{\"@type\":\"Person\",\"@id\":\"https:\\\/\\\/wp.kristdemokraterna.se\\\/linkoping\\\/#\\\/schema\\\/person\\\/b0148c3c8863db76d330faa282b9521a\",\"name\":\"linkoping\",\"image\":{\"@type\":\"ImageObject\",\"inLanguage\":\"sv-SE\",\"@id\":\"https:\\\/\\\/secure.gravatar.com\\\/avatar\\\/016e7965fec0e08fdd07b021a7d25181278d4b29b1d5bab57b16017e35421895?s=96&r=g\",\"url\":\"https:\\\/\\\/secure.gravatar.com\\\/avatar\\\/016e7965fec0e08fdd07b021a7d25181278d4b29b1d5bab57b16017e35421895?s=96&r=g\",\"contentUrl\":\"https:\\\/\\\/secure.gravatar.com\\\/avatar\\\/016e7965fec0e08fdd07b021a7d25181278d4b29b1d5bab57b16017e35421895?s=96&r=g\",\"caption\":\"linkoping\"},\"sameAs\":[\"https:\\\/\\\/www.facebook.com\\\/kdlinkoping\\\/\"],\"url\":\"https:\\\/\\\/wp.kristdemokraterna.se\\\/linkoping\\\/author\\\/linkoping\\\/\"}]}<\/script>\n<!-- \/ Yoast SEO plugin. -->","yoast_head_json":{"title":"Link\u00f6pings kommun hj\u00e4lper mathj\u00e4lpen - Kristdemokraterna i Link\u00f6ping","robots":{"index":"index","follow":"follow","max-snippet":"max-snippet:-1","max-image-preview":"max-image-preview:large","max-video-preview":"max-video-preview:-1"},"canonical":"https:\/\/wp.kristdemokraterna.se\/linkoping\/linkopings-kommun-hjalper-mathjalpen\/","og_locale":"sv_SE","og_type":"article","og_title":"Link\u00f6pings kommun hj\u00e4lper mathj\u00e4lpen - Kristdemokraterna i Link\u00f6ping","og_description":"Link\u00f6pings kommun har tecknat ett samverkansavtal med Link\u00f6pings domkyrkopastorat om dess verksamhet Mathj\u00e4lpen. Avtalet inneb\u00e4r att kommunen ger st\u00f6d f\u00f6r bekostande av fordon och drivmedel inom verksamheten, som riktar sig till riskgrupper under coronapandemin. Syftet med \u00f6verenskommelsen \u00e4r att personer i riskgrupper ska f\u00e5 hj\u00e4lp med matink\u00f6p under coronakrisen. Ett syfte \u00e4r ocks\u00e5 att skapa Read More","og_url":"https:\/\/wp.kristdemokraterna.se\/linkoping\/linkopings-kommun-hjalper-mathjalpen\/","og_site_name":"Kristdemokraterna i Link\u00f6ping","article_author":"https:\/\/www.facebook.com\/kdlinkoping\/","article_published_time":"2020-06-04T12:25:58+00:00","article_modified_time":"2021-08-13T12:14:33+00:00","author":"linkoping","twitter_card":"summary_large_image","twitter_misc":{"Skriven av":"linkoping","Ber\u00e4knad l\u00e4stid":"1 minut"},"schema":{"@context":"https:\/\/schema.org","@graph":[{"@type":"Article","@id":"https:\/\/wp.kristdemokraterna.se\/linkoping\/linkopings-kommun-hjalper-mathjalpen\/#article","isPartOf":{"@id":"https:\/\/wp.kristdemokraterna.se\/linkoping\/linkopings-kommun-hjalper-mathjalpen\/"},"author":{"name":"linkoping","@id":"https:\/\/wp.kristdemokraterna.se\/linkoping\/#\/schema\/person\/b0148c3c8863db76d330faa282b9521a"},"headline":"Link\u00f6pings kommun hj\u00e4lper mathj\u00e4lpen","datePublished":"2020-06-04T12:25:58+00:00","dateModified":"2021-08-13T12:14:33+00:00","mainEntityOfPage":{"@id":"https:\/\/wp.kristdemokraterna.se\/linkoping\/linkopings-kommun-hjalper-mathjalpen\/"},"wordCount":252,"articleSection":["arkiv"],"inLanguage":"sv-SE"},{"@type":"WebPage","@id":"https:\/\/wp.kristdemokraterna.se\/linkoping\/linkopings-kommun-hjalper-mathjalpen\/","url":"https:\/\/wp.kristdemokraterna.se\/linkoping\/linkopings-kommun-hjalper-mathjalpen\/","name":"Link\u00f6pings kommun hj\u00e4lper mathj\u00e4lpen - Kristdemokraterna i Link\u00f6ping","isPartOf":{"@id":"https:\/\/wp.kristdemokraterna.se\/linkoping\/#website"},"datePublished":"2020-06-04T12:25:58+00:00","dateModified":"2021-08-13T12:14:33+00:00","author":{"@id":"https:\/\/wp.kristdemokraterna.se\/linkoping\/#\/schema\/person\/b0148c3c8863db76d330faa282b9521a"},"breadcrumb":{"@id":"https:\/\/wp.kristdemokraterna.se\/linkoping\/linkopings-kommun-hjalper-mathjalpen\/#breadcrumb"},"inLanguage":"sv-SE","potentialAction":[{"@type":"ReadAction","target":["https:\/\/wp.kristdemokraterna.se\/linkoping\/linkopings-kommun-hjalper-mathjalpen\/"]}]},{"@type":"BreadcrumbList","@id":"https:\/\/wp.kristdemokraterna.se\/linkoping\/linkopings-kommun-hjalper-mathjalpen\/#breadcrumb","itemListElement":[{"@type":"ListItem","position":1,"name":"Hem","item":"https:\/\/wp.kristdemokraterna.se\/linkoping\/"},{"@type":"ListItem","position":2,"name":"Link\u00f6pings kommun hj\u00e4lper mathj\u00e4lpen"}]},{"@type":"WebSite","@id":"https:\/\/wp.kristdemokraterna.se\/linkoping\/#website","url":"https:\/\/wp.kristdemokraterna.se\/linkoping\/","name":"Kristdemokraterna i Link\u00f6ping","description":"","inLanguage":"sv-SE"},{"@type":"Person","@id":"https:\/\/wp.kristdemokraterna.se\/linkoping\/#\/schema\/person\/b0148c3c8863db76d330faa282b9521a","name":"linkoping","image":{"@type":"ImageObject","inLanguage":"sv-SE","@id":"https:\/\/secure.gravatar.com\/avatar\/016e7965fec0e08fdd07b021a7d25181278d4b29b1d5bab57b16017e35421895?s=96&r=g","url":"https:\/\/secure.gravatar.com\/avatar\/016e7965fec0e08fdd07b021a7d25181278d4b29b1d5bab57b16017e35421895?s=96&r=g","contentUrl":"https:\/\/secure.gravatar.com\/avatar\/016e7965fec0e08fdd07b021a7d25181278d4b29b1d5bab57b16017e35421895?s=96&r=g","caption":"linkoping"},"sameAs":["https:\/\/www.facebook.com\/kdlinkoping\/"],"url":"https:\/\/wp.kristdemokraterna.se\/linkoping\/author\/linkoping\/"}]}},"_links":{"self":[{"href":"https:\/\/wp.kristdemokraterna.se\/linkoping\/wp-json\/wp\/v2\/posts\/1554","targetHints":{"allow":["GET"]}}],"collection":[{"href":"https:\/\/wp.kristdemokraterna.se\/linkoping\/wp-json\/wp\/v2\/posts"}],"about":[{"href":"https:\/\/wp.kristdemokraterna.se\/linkoping\/wp-json\/wp\/v2\/types\/post"}],"author":[{"embeddable":true,"href":"https:\/\/wp.kristdemokraterna.se\/linkoping\/wp-json\/wp\/v2\/users\/410"}],"replies":[{"embeddable":true,"href":"https:\/\/wp.kristdemokraterna.se\/linkoping\/wp-json\/wp\/v2\/comments?post=1554"}],"version-history":[{"count":3,"href":"https:\/\/wp.kristdemokraterna.se\/linkoping\/wp-json\/wp\/v2\/posts\/1554\/revisions"}],"predecessor-version":[{"id":1941,"href":"https:\/\/wp.kristdemokraterna.se\/linkoping\/wp-json\/wp\/v2\/posts\/1554\/revisions\/1941"}],"wp:attachment":[{"href":"https:\/\/wp.kristdemokraterna.se\/linkoping\/wp-json\/wp\/v2\/media?parent=1554"}],"wp:term":[{"taxonomy":"category","embeddable":true,"href":"https:\/\/wp.kristdemokraterna.se\/linkoping\/wp-json\/wp\/v2\/categories?post=1554"},{"taxonomy":"post_tag","embeddable":true,"href":"https:\/\/wp.kristdemokraterna.se\/linkoping\/wp-json\/wp\/v2\/tags?post=1554"}],"curies":[{"name":"wp","href":"https:\/\/api.w.org\/{rel}","templated":true}]}}