{"id":1556,"date":"2020-06-04T14:27:29","date_gmt":"2020-06-04T12:27:29","guid":{"rendered":"http:\/\/wp.kristdemokraterna.se\/linkoping\/?p=1556"},"modified":"2021-08-13T14:13:46","modified_gmt":"2021-08-13T12:13:46","slug":"forandringar-for-framtidens-hemtjanst","status":"publish","type":"post","link":"https:\/\/wp.kristdemokraterna.se\/linkoping\/forandringar-for-framtidens-hemtjanst\/","title":{"rendered":"F\u00f6r\u00e4ndringar f\u00f6r framtidens hemtj\u00e4nst"},"content":{"rendered":"<p><strong>F\u00f6r att kunna m\u00f6ta framtidens behov av v\u00e5rd och omsorg beh\u00f6ver insatser till medborgare samordnas f\u00f6r att m\u00f6ta dagens och framtidens behov p\u00e5 ett b\u00e4ttre s\u00e4tt. D\u00e4rf\u00f6r finns det nu ett f\u00f6rslag till beslut om en ny modell f\u00f6r hur \u00e4ldreomsorgen ska bedrivas och upphandlas. <\/strong><\/p>\n<ul>\n<li>Vi m\u00e5ste v\u00e5ga lyfta blicken och t\u00e4nka fram\u00e5t, eftersom vi vet att allt fler kommer att beh\u00f6va v\u00e5rdas i hemmet och att v\u00e5rdbehovet \u00f6kar. Det \u00e4r v\u00e5rt ansvar som kommun att s\u00e4kerst\u00e4lla att vi kan m\u00f6ta det behovet, s\u00e4ger Liselotte Fager (KD), ordf\u00f6rande i \u00c4ldren\u00e4mnden.<\/li>\n<\/ul>\n<p>Den nya modellen bygger p\u00e5 att s\u00e4kra v\u00e5rden och omsorgen p\u00e5 ett b\u00e4ttre s\u00e4tt genom att ge utf\u00f6rare det fulla ansvaret f\u00f6r rehabilitering, h\u00e4lso- och sjukv\u00e5rdsinsatser och hemtj\u00e4nstinsatser. F\u00f6rslaget inneb\u00e4r \u00e4ven att medborgaren kan v\u00e4lja p\u00e5 olika utf\u00f6rare, oavsett var man bor, vilket inte \u00e4r fallet med dagens system. Modellen inneb\u00e4r att kommunen delas in i ett antal geografiska omr\u00e5den. Leanlink f\u00e5r ett verksamhetsuppdrag inom samtliga geografiska omr\u00e5den f\u00f6r en viss del av v\u00e5rdbehovet och kommer inte l\u00e4mna anbud som tidigare.<\/p>\n<p>Den \u00f6vriga delen upphandlas av privata akt\u00f6rer enligt LOU. Det som upphandlas \u00e4r samlade insatser som hemtj\u00e4nst, rehabiliteringsinsatser, hemsjukv\u00e5rd, demensarbetslag, servicehus och trygghetsboenden. Alla som l\u00e4mnar anbud m\u00e5ste kunna erbjuda dygnet-runt-verksamhet.<\/p>\n<p>Diskussionen om att f\u00f6r\u00e4ndra modellen har f\u00f6rankrats brett politiskt. Det finns en samsyn i presidiet f\u00f6r \u00c4ldren\u00e4mnden om att det h\u00e4r \u00e4r r\u00e4tt v\u00e4g att g\u00e5.<\/p>\n<p>Beslut om den nya modellen ska fattas vid \u00c4ldren\u00e4mndens sammantr\u00e4de i juni.<\/p>\n","protected":false},"excerpt":{"rendered":"<p>F\u00f6r att kunna m\u00f6ta framtidens behov av v\u00e5rd och omsorg beh\u00f6ver insatser till medborgare samordnas f\u00f6r att m\u00f6ta dagens och framtidens behov p\u00e5 ett b\u00e4ttre s\u00e4tt. D\u00e4rf\u00f6r finns det nu ett f\u00f6rslag till beslut om en ny modell f\u00f6r hur \u00e4ldreomsorgen ska bedrivas och upphandlas. Vi m\u00e5ste v\u00e5ga lyfta blicken och t\u00e4nka fram\u00e5t, eftersom vi <a class=\"read-more-link\" href=\"https:\/\/wp.kristdemokraterna.se\/linkoping\/forandringar-for-framtidens-hemtjanst\/\">Read More<\/a><\/p>\n","protected":false},"author":410,"featured_media":0,"comment_status":"closed","ping_status":"closed","sticky":false,"template":"","format":"standard","meta":{"_acf_changed":false,"footnotes":""},"categories":[22],"tags":[],"class_list":["post-1556","post","type-post","status-publish","format-standard","hentry","category-arkiv"],"acf":[],"yoast_head":"<!-- This site is optimized with the Yoast SEO plugin v27.4 - https:\/\/yoast.com\/product\/yoast-seo-wordpress\/ -->\n<title>F\u00f6r\u00e4ndringar f\u00f6r framtidens hemtj\u00e4nst - Kristdemokraterna i Link\u00f6ping<\/title>\n<meta name=\"robots\" content=\"index, follow, max-snippet:-1, max-image-preview:large, max-video-preview:-1\" \/>\n<link rel=\"canonical\" href=\"https:\/\/wp.kristdemokraterna.se\/linkoping\/forandringar-for-framtidens-hemtjanst\/\" \/>\n<meta property=\"og:locale\" content=\"sv_SE\" \/>\n<meta property=\"og:type\" content=\"article\" \/>\n<meta property=\"og:title\" content=\"F\u00f6r\u00e4ndringar f\u00f6r framtidens hemtj\u00e4nst - Kristdemokraterna i Link\u00f6ping\" \/>\n<meta property=\"og:description\" content=\"F\u00f6r att kunna m\u00f6ta framtidens behov av v\u00e5rd och omsorg beh\u00f6ver insatser till medborgare samordnas f\u00f6r att m\u00f6ta dagens och framtidens behov p\u00e5 ett b\u00e4ttre s\u00e4tt. D\u00e4rf\u00f6r finns det nu ett f\u00f6rslag till beslut om en ny modell f\u00f6r hur \u00e4ldreomsorgen ska bedrivas och upphandlas. Vi m\u00e5ste v\u00e5ga lyfta blicken och t\u00e4nka fram\u00e5t, eftersom vi Read More\" \/>\n<meta property=\"og:url\" content=\"https:\/\/wp.kristdemokraterna.se\/linkoping\/forandringar-for-framtidens-hemtjanst\/\" \/>\n<meta property=\"og:site_name\" content=\"Kristdemokraterna i Link\u00f6ping\" \/>\n<meta property=\"article:author\" content=\"https:\/\/www.facebook.com\/kdlinkoping\/\" \/>\n<meta property=\"article:published_time\" content=\"2020-06-04T12:27:29+00:00\" \/>\n<meta property=\"article:modified_time\" content=\"2021-08-13T12:13:46+00:00\" \/>\n<meta name=\"author\" content=\"linkoping\" \/>\n<meta name=\"twitter:card\" content=\"summary_large_image\" \/>\n<meta name=\"twitter:label1\" content=\"Skriven av\" \/>\n\t<meta name=\"twitter:data1\" content=\"linkoping\" \/>\n\t<meta name=\"twitter:label2\" content=\"Ber\u00e4knad l\u00e4stid\" \/>\n\t<meta name=\"twitter:data2\" content=\"2 minuter\" \/>\n<script type=\"application\/ld+json\" class=\"yoast-schema-graph\">{\"@context\":\"https:\\\/\\\/schema.org\",\"@graph\":[{\"@type\":\"Article\",\"@id\":\"https:\\\/\\\/wp.kristdemokraterna.se\\\/linkoping\\\/forandringar-for-framtidens-hemtjanst\\\/#article\",\"isPartOf\":{\"@id\":\"https:\\\/\\\/wp.kristdemokraterna.se\\\/linkoping\\\/forandringar-for-framtidens-hemtjanst\\\/\"},\"author\":{\"name\":\"linkoping\",\"@id\":\"https:\\\/\\\/wp.kristdemokraterna.se\\\/linkoping\\\/#\\\/schema\\\/person\\\/b0148c3c8863db76d330faa282b9521a\"},\"headline\":\"F\u00f6r\u00e4ndringar f\u00f6r framtidens hemtj\u00e4nst\",\"datePublished\":\"2020-06-04T12:27:29+00:00\",\"dateModified\":\"2021-08-13T12:13:46+00:00\",\"mainEntityOfPage\":{\"@id\":\"https:\\\/\\\/wp.kristdemokraterna.se\\\/linkoping\\\/forandringar-for-framtidens-hemtjanst\\\/\"},\"wordCount\":309,\"articleSection\":[\"arkiv\"],\"inLanguage\":\"sv-SE\"},{\"@type\":\"WebPage\",\"@id\":\"https:\\\/\\\/wp.kristdemokraterna.se\\\/linkoping\\\/forandringar-for-framtidens-hemtjanst\\\/\",\"url\":\"https:\\\/\\\/wp.kristdemokraterna.se\\\/linkoping\\\/forandringar-for-framtidens-hemtjanst\\\/\",\"name\":\"F\u00f6r\u00e4ndringar f\u00f6r framtidens hemtj\u00e4nst - Kristdemokraterna i Link\u00f6ping\",\"isPartOf\":{\"@id\":\"https:\\\/\\\/wp.kristdemokraterna.se\\\/linkoping\\\/#website\"},\"datePublished\":\"2020-06-04T12:27:29+00:00\",\"dateModified\":\"2021-08-13T12:13:46+00:00\",\"author\":{\"@id\":\"https:\\\/\\\/wp.kristdemokraterna.se\\\/linkoping\\\/#\\\/schema\\\/person\\\/b0148c3c8863db76d330faa282b9521a\"},\"breadcrumb\":{\"@id\":\"https:\\\/\\\/wp.kristdemokraterna.se\\\/linkoping\\\/forandringar-for-framtidens-hemtjanst\\\/#breadcrumb\"},\"inLanguage\":\"sv-SE\",\"potentialAction\":[{\"@type\":\"ReadAction\",\"target\":[\"https:\\\/\\\/wp.kristdemokraterna.se\\\/linkoping\\\/forandringar-for-framtidens-hemtjanst\\\/\"]}]},{\"@type\":\"BreadcrumbList\",\"@id\":\"https:\\\/\\\/wp.kristdemokraterna.se\\\/linkoping\\\/forandringar-for-framtidens-hemtjanst\\\/#breadcrumb\",\"itemListElement\":[{\"@type\":\"ListItem\",\"position\":1,\"name\":\"Hem\",\"item\":\"https:\\\/\\\/wp.kristdemokraterna.se\\\/linkoping\\\/\"},{\"@type\":\"ListItem\",\"position\":2,\"name\":\"F\u00f6r\u00e4ndringar f\u00f6r framtidens hemtj\u00e4nst\"}]},{\"@type\":\"WebSite\",\"@id\":\"https:\\\/\\\/wp.kristdemokraterna.se\\\/linkoping\\\/#website\",\"url\":\"https:\\\/\\\/wp.kristdemokraterna.se\\\/linkoping\\\/\",\"name\":\"Kristdemokraterna i Link\u00f6ping\",\"description\":\"\",\"inLanguage\":\"sv-SE\"},{\"@type\":\"Person\",\"@id\":\"https:\\\/\\\/wp.kristdemokraterna.se\\\/linkoping\\\/#\\\/schema\\\/person\\\/b0148c3c8863db76d330faa282b9521a\",\"name\":\"linkoping\",\"image\":{\"@type\":\"ImageObject\",\"inLanguage\":\"sv-SE\",\"@id\":\"https:\\\/\\\/secure.gravatar.com\\\/avatar\\\/016e7965fec0e08fdd07b021a7d25181278d4b29b1d5bab57b16017e35421895?s=96&r=g\",\"url\":\"https:\\\/\\\/secure.gravatar.com\\\/avatar\\\/016e7965fec0e08fdd07b021a7d25181278d4b29b1d5bab57b16017e35421895?s=96&r=g\",\"contentUrl\":\"https:\\\/\\\/secure.gravatar.com\\\/avatar\\\/016e7965fec0e08fdd07b021a7d25181278d4b29b1d5bab57b16017e35421895?s=96&r=g\",\"caption\":\"linkoping\"},\"sameAs\":[\"https:\\\/\\\/www.facebook.com\\\/kdlinkoping\\\/\"],\"url\":\"https:\\\/\\\/wp.kristdemokraterna.se\\\/linkoping\\\/author\\\/linkoping\\\/\"}]}<\/script>\n<!-- \/ Yoast SEO plugin. -->","yoast_head_json":{"title":"F\u00f6r\u00e4ndringar f\u00f6r framtidens hemtj\u00e4nst - Kristdemokraterna i Link\u00f6ping","robots":{"index":"index","follow":"follow","max-snippet":"max-snippet:-1","max-image-preview":"max-image-preview:large","max-video-preview":"max-video-preview:-1"},"canonical":"https:\/\/wp.kristdemokraterna.se\/linkoping\/forandringar-for-framtidens-hemtjanst\/","og_locale":"sv_SE","og_type":"article","og_title":"F\u00f6r\u00e4ndringar f\u00f6r framtidens hemtj\u00e4nst - Kristdemokraterna i Link\u00f6ping","og_description":"F\u00f6r att kunna m\u00f6ta framtidens behov av v\u00e5rd och omsorg beh\u00f6ver insatser till medborgare samordnas f\u00f6r att m\u00f6ta dagens och framtidens behov p\u00e5 ett b\u00e4ttre s\u00e4tt. D\u00e4rf\u00f6r finns det nu ett f\u00f6rslag till beslut om en ny modell f\u00f6r hur \u00e4ldreomsorgen ska bedrivas och upphandlas. Vi m\u00e5ste v\u00e5ga lyfta blicken och t\u00e4nka fram\u00e5t, eftersom vi Read More","og_url":"https:\/\/wp.kristdemokraterna.se\/linkoping\/forandringar-for-framtidens-hemtjanst\/","og_site_name":"Kristdemokraterna i Link\u00f6ping","article_author":"https:\/\/www.facebook.com\/kdlinkoping\/","article_published_time":"2020-06-04T12:27:29+00:00","article_modified_time":"2021-08-13T12:13:46+00:00","author":"linkoping","twitter_card":"summary_large_image","twitter_misc":{"Skriven av":"linkoping","Ber\u00e4knad l\u00e4stid":"2 minuter"},"schema":{"@context":"https:\/\/schema.org","@graph":[{"@type":"Article","@id":"https:\/\/wp.kristdemokraterna.se\/linkoping\/forandringar-for-framtidens-hemtjanst\/#article","isPartOf":{"@id":"https:\/\/wp.kristdemokraterna.se\/linkoping\/forandringar-for-framtidens-hemtjanst\/"},"author":{"name":"linkoping","@id":"https:\/\/wp.kristdemokraterna.se\/linkoping\/#\/schema\/person\/b0148c3c8863db76d330faa282b9521a"},"headline":"F\u00f6r\u00e4ndringar f\u00f6r framtidens hemtj\u00e4nst","datePublished":"2020-06-04T12:27:29+00:00","dateModified":"2021-08-13T12:13:46+00:00","mainEntityOfPage":{"@id":"https:\/\/wp.kristdemokraterna.se\/linkoping\/forandringar-for-framtidens-hemtjanst\/"},"wordCount":309,"articleSection":["arkiv"],"inLanguage":"sv-SE"},{"@type":"WebPage","@id":"https:\/\/wp.kristdemokraterna.se\/linkoping\/forandringar-for-framtidens-hemtjanst\/","url":"https:\/\/wp.kristdemokraterna.se\/linkoping\/forandringar-for-framtidens-hemtjanst\/","name":"F\u00f6r\u00e4ndringar f\u00f6r framtidens hemtj\u00e4nst - Kristdemokraterna i Link\u00f6ping","isPartOf":{"@id":"https:\/\/wp.kristdemokraterna.se\/linkoping\/#website"},"datePublished":"2020-06-04T12:27:29+00:00","dateModified":"2021-08-13T12:13:46+00:00","author":{"@id":"https:\/\/wp.kristdemokraterna.se\/linkoping\/#\/schema\/person\/b0148c3c8863db76d330faa282b9521a"},"breadcrumb":{"@id":"https:\/\/wp.kristdemokraterna.se\/linkoping\/forandringar-for-framtidens-hemtjanst\/#breadcrumb"},"inLanguage":"sv-SE","potentialAction":[{"@type":"ReadAction","target":["https:\/\/wp.kristdemokraterna.se\/linkoping\/forandringar-for-framtidens-hemtjanst\/"]}]},{"@type":"BreadcrumbList","@id":"https:\/\/wp.kristdemokraterna.se\/linkoping\/forandringar-for-framtidens-hemtjanst\/#breadcrumb","itemListElement":[{"@type":"ListItem","position":1,"name":"Hem","item":"https:\/\/wp.kristdemokraterna.se\/linkoping\/"},{"@type":"ListItem","position":2,"name":"F\u00f6r\u00e4ndringar f\u00f6r framtidens hemtj\u00e4nst"}]},{"@type":"WebSite","@id":"https:\/\/wp.kristdemokraterna.se\/linkoping\/#website","url":"https:\/\/wp.kristdemokraterna.se\/linkoping\/","name":"Kristdemokraterna i Link\u00f6ping","description":"","inLanguage":"sv-SE"},{"@type":"Person","@id":"https:\/\/wp.kristdemokraterna.se\/linkoping\/#\/schema\/person\/b0148c3c8863db76d330faa282b9521a","name":"linkoping","image":{"@type":"ImageObject","inLanguage":"sv-SE","@id":"https:\/\/secure.gravatar.com\/avatar\/016e7965fec0e08fdd07b021a7d25181278d4b29b1d5bab57b16017e35421895?s=96&r=g","url":"https:\/\/secure.gravatar.com\/avatar\/016e7965fec0e08fdd07b021a7d25181278d4b29b1d5bab57b16017e35421895?s=96&r=g","contentUrl":"https:\/\/secure.gravatar.com\/avatar\/016e7965fec0e08fdd07b021a7d25181278d4b29b1d5bab57b16017e35421895?s=96&r=g","caption":"linkoping"},"sameAs":["https:\/\/www.facebook.com\/kdlinkoping\/"],"url":"https:\/\/wp.kristdemokraterna.se\/linkoping\/author\/linkoping\/"}]}},"_links":{"self":[{"href":"https:\/\/wp.kristdemokraterna.se\/linkoping\/wp-json\/wp\/v2\/posts\/1556","targetHints":{"allow":["GET"]}}],"collection":[{"href":"https:\/\/wp.kristdemokraterna.se\/linkoping\/wp-json\/wp\/v2\/posts"}],"about":[{"href":"https:\/\/wp.kristdemokraterna.se\/linkoping\/wp-json\/wp\/v2\/types\/post"}],"author":[{"embeddable":true,"href":"https:\/\/wp.kristdemokraterna.se\/linkoping\/wp-json\/wp\/v2\/users\/410"}],"replies":[{"embeddable":true,"href":"https:\/\/wp.kristdemokraterna.se\/linkoping\/wp-json\/wp\/v2\/comments?post=1556"}],"version-history":[{"count":3,"href":"https:\/\/wp.kristdemokraterna.se\/linkoping\/wp-json\/wp\/v2\/posts\/1556\/revisions"}],"predecessor-version":[{"id":1940,"href":"https:\/\/wp.kristdemokraterna.se\/linkoping\/wp-json\/wp\/v2\/posts\/1556\/revisions\/1940"}],"wp:attachment":[{"href":"https:\/\/wp.kristdemokraterna.se\/linkoping\/wp-json\/wp\/v2\/media?parent=1556"}],"wp:term":[{"taxonomy":"category","embeddable":true,"href":"https:\/\/wp.kristdemokraterna.se\/linkoping\/wp-json\/wp\/v2\/categories?post=1556"},{"taxonomy":"post_tag","embeddable":true,"href":"https:\/\/wp.kristdemokraterna.se\/linkoping\/wp-json\/wp\/v2\/tags?post=1556"}],"curies":[{"name":"wp","href":"https:\/\/api.w.org\/{rel}","templated":true}]}}