{"id":1561,"date":"2020-06-16T15:37:18","date_gmt":"2020-06-16T13:37:18","guid":{"rendered":"http:\/\/wp.kristdemokraterna.se\/linkoping\/?p=1561"},"modified":"2021-08-13T14:12:51","modified_gmt":"2021-08-13T12:12:51","slug":"kristdemokraterna-delar-ut-vitsippspriset","status":"publish","type":"post","link":"https:\/\/wp.kristdemokraterna.se\/linkoping\/kristdemokraterna-delar-ut-vitsippspriset\/","title":{"rendered":"Kristdemokraterna delar ut vitsippspriset"},"content":{"rendered":"<p>Kristdemokraterna i Link\u00f6pings kommun delar \u00e5rligen ut ett \u201dVitsippspris\u201d f\u00f6r att uppmuntra och uppm\u00e4rksamma positiva f\u00f6reteelser i v\u00e5rt n\u00e4rsamh\u00e4lle oavsett om de sker i det tysta eller i str\u00e5lkastarljuset. \u00a0Vitsippspriset har sin utg\u00e5ngspunkt fr\u00e5n den fina v\u00e5rblomman vitsippan som ocks\u00e5 \u00e4r symbolen f\u00f6r Kristdemokraterna. Vitsippspriset delas ut f\u00f6r g\u00e4rningar gjorda i denna anda och \u00e4r avsett som en uppmuntran och ett erk\u00e4nnande till n\u00e5gon enskild eller organisation som har utr\u00e4ttat n\u00e5got ut\u00f6ver det vanliga.<\/p>\n<ul>\n<li>Civilsamh\u00e4llet g\u00f6r fantastiska insatser i den pandemi vi befinner oss i, som kommunalr\u00e5d f\u00f6r Kristdemokraterna i Link\u00f6ping \u00e4r det en \u00e4ra att f\u00e5 dela ut vitsippspriset till Link\u00f6pings domkyrkopastorat och uppm\u00e4rksamma deras arbete med mathj\u00e4lpen, s\u00e4ger Denis\u00e9 Cassel, kommunalr\u00e5d f\u00f6r Kristdemokraterna i Link\u00f6ping.<\/li>\n<\/ul>\n<p>\u00c5rets pristagare \u00e4r Link\u00f6pings domkyrkopastorats initiativ Mathj\u00e4lpen, som inneb\u00e4r att erbjuda hj\u00e4lp med ink\u00f6p och hemleverans av matvaror och receptfria mediciner. M\u00e5lgruppen \u00e4r personer i riskgrupper som saknar m\u00f6jlighet att f\u00e5 hj\u00e4lp av n\u00e4rst\u00e5ende, och som inte har hemtj\u00e4nst eller kan anv\u00e4nda andra l\u00f6sningar &#8211; till exempel ink\u00f6p via internet.<\/p>\n<ul>\n<li>Det \u00e4r roligt att f\u00e5 uppm\u00e4rksamma ett initiativ som hj\u00e4lpt m\u00e4nniskor i riskgrupp. Vitsippspriset \u00e4r en m\u00f6jlighet f\u00f6r oss som parti att visa v\u00e5r uppskattning till m\u00e4nniskor och organisationer som g\u00f6r det lilla extra f\u00f6r sina medm\u00e4nniskor, s\u00e4ger Johan H\u00e4ggblom. Ordf\u00f6rande f\u00f6r Kristdemokraterna i Link\u00f6ping.<\/li>\n<\/ul>\n","protected":false},"excerpt":{"rendered":"<p>Kristdemokraterna i Link\u00f6pings kommun delar \u00e5rligen ut ett \u201dVitsippspris\u201d f\u00f6r att uppmuntra och uppm\u00e4rksamma positiva f\u00f6reteelser i v\u00e5rt n\u00e4rsamh\u00e4lle oavsett om de sker i det tysta eller i str\u00e5lkastarljuset. \u00a0Vitsippspriset har sin utg\u00e5ngspunkt fr\u00e5n den fina v\u00e5rblomman vitsippan som ocks\u00e5 \u00e4r symbolen f\u00f6r Kristdemokraterna. Vitsippspriset delas ut f\u00f6r g\u00e4rningar gjorda i denna anda och \u00e4r <a class=\"read-more-link\" href=\"https:\/\/wp.kristdemokraterna.se\/linkoping\/kristdemokraterna-delar-ut-vitsippspriset\/\">Read More<\/a><\/p>\n","protected":false},"author":410,"featured_media":0,"comment_status":"closed","ping_status":"closed","sticky":false,"template":"","format":"standard","meta":{"_acf_changed":false,"footnotes":""},"categories":[22],"tags":[],"class_list":["post-1561","post","type-post","status-publish","format-standard","hentry","category-arkiv"],"acf":[],"yoast_head":"<!-- This site is optimized with the Yoast SEO plugin v27.4 - https:\/\/yoast.com\/product\/yoast-seo-wordpress\/ -->\n<title>Kristdemokraterna delar ut vitsippspriset - Kristdemokraterna i Link\u00f6ping<\/title>\n<meta name=\"robots\" content=\"index, follow, max-snippet:-1, max-image-preview:large, max-video-preview:-1\" \/>\n<link rel=\"canonical\" href=\"https:\/\/wp.kristdemokraterna.se\/linkoping\/kristdemokraterna-delar-ut-vitsippspriset\/\" \/>\n<meta property=\"og:locale\" content=\"sv_SE\" \/>\n<meta property=\"og:type\" content=\"article\" \/>\n<meta property=\"og:title\" content=\"Kristdemokraterna delar ut vitsippspriset - Kristdemokraterna i Link\u00f6ping\" \/>\n<meta property=\"og:description\" content=\"Kristdemokraterna i Link\u00f6pings kommun delar \u00e5rligen ut ett \u201dVitsippspris\u201d f\u00f6r att uppmuntra och uppm\u00e4rksamma positiva f\u00f6reteelser i v\u00e5rt n\u00e4rsamh\u00e4lle oavsett om de sker i det tysta eller i str\u00e5lkastarljuset. \u00a0Vitsippspriset har sin utg\u00e5ngspunkt fr\u00e5n den fina v\u00e5rblomman vitsippan som ocks\u00e5 \u00e4r symbolen f\u00f6r Kristdemokraterna. Vitsippspriset delas ut f\u00f6r g\u00e4rningar gjorda i denna anda och \u00e4r Read More\" \/>\n<meta property=\"og:url\" content=\"https:\/\/wp.kristdemokraterna.se\/linkoping\/kristdemokraterna-delar-ut-vitsippspriset\/\" \/>\n<meta property=\"og:site_name\" content=\"Kristdemokraterna i Link\u00f6ping\" \/>\n<meta property=\"article:author\" content=\"https:\/\/www.facebook.com\/kdlinkoping\/\" \/>\n<meta property=\"article:published_time\" content=\"2020-06-16T13:37:18+00:00\" \/>\n<meta property=\"article:modified_time\" content=\"2021-08-13T12:12:51+00:00\" \/>\n<meta name=\"author\" content=\"linkoping\" \/>\n<meta name=\"twitter:card\" content=\"summary_large_image\" \/>\n<meta name=\"twitter:label1\" content=\"Skriven av\" \/>\n\t<meta name=\"twitter:data1\" content=\"linkoping\" \/>\n\t<meta name=\"twitter:label2\" content=\"Ber\u00e4knad l\u00e4stid\" \/>\n\t<meta name=\"twitter:data2\" content=\"1 minut\" \/>\n<script type=\"application\/ld+json\" class=\"yoast-schema-graph\">{\"@context\":\"https:\\\/\\\/schema.org\",\"@graph\":[{\"@type\":\"Article\",\"@id\":\"https:\\\/\\\/wp.kristdemokraterna.se\\\/linkoping\\\/kristdemokraterna-delar-ut-vitsippspriset\\\/#article\",\"isPartOf\":{\"@id\":\"https:\\\/\\\/wp.kristdemokraterna.se\\\/linkoping\\\/kristdemokraterna-delar-ut-vitsippspriset\\\/\"},\"author\":{\"name\":\"linkoping\",\"@id\":\"https:\\\/\\\/wp.kristdemokraterna.se\\\/linkoping\\\/#\\\/schema\\\/person\\\/b0148c3c8863db76d330faa282b9521a\"},\"headline\":\"Kristdemokraterna delar ut vitsippspriset\",\"datePublished\":\"2020-06-16T13:37:18+00:00\",\"dateModified\":\"2021-08-13T12:12:51+00:00\",\"mainEntityOfPage\":{\"@id\":\"https:\\\/\\\/wp.kristdemokraterna.se\\\/linkoping\\\/kristdemokraterna-delar-ut-vitsippspriset\\\/\"},\"wordCount\":276,\"articleSection\":[\"arkiv\"],\"inLanguage\":\"sv-SE\"},{\"@type\":\"WebPage\",\"@id\":\"https:\\\/\\\/wp.kristdemokraterna.se\\\/linkoping\\\/kristdemokraterna-delar-ut-vitsippspriset\\\/\",\"url\":\"https:\\\/\\\/wp.kristdemokraterna.se\\\/linkoping\\\/kristdemokraterna-delar-ut-vitsippspriset\\\/\",\"name\":\"Kristdemokraterna delar ut vitsippspriset - Kristdemokraterna i Link\u00f6ping\",\"isPartOf\":{\"@id\":\"https:\\\/\\\/wp.kristdemokraterna.se\\\/linkoping\\\/#website\"},\"datePublished\":\"2020-06-16T13:37:18+00:00\",\"dateModified\":\"2021-08-13T12:12:51+00:00\",\"author\":{\"@id\":\"https:\\\/\\\/wp.kristdemokraterna.se\\\/linkoping\\\/#\\\/schema\\\/person\\\/b0148c3c8863db76d330faa282b9521a\"},\"breadcrumb\":{\"@id\":\"https:\\\/\\\/wp.kristdemokraterna.se\\\/linkoping\\\/kristdemokraterna-delar-ut-vitsippspriset\\\/#breadcrumb\"},\"inLanguage\":\"sv-SE\",\"potentialAction\":[{\"@type\":\"ReadAction\",\"target\":[\"https:\\\/\\\/wp.kristdemokraterna.se\\\/linkoping\\\/kristdemokraterna-delar-ut-vitsippspriset\\\/\"]}]},{\"@type\":\"BreadcrumbList\",\"@id\":\"https:\\\/\\\/wp.kristdemokraterna.se\\\/linkoping\\\/kristdemokraterna-delar-ut-vitsippspriset\\\/#breadcrumb\",\"itemListElement\":[{\"@type\":\"ListItem\",\"position\":1,\"name\":\"Hem\",\"item\":\"https:\\\/\\\/wp.kristdemokraterna.se\\\/linkoping\\\/\"},{\"@type\":\"ListItem\",\"position\":2,\"name\":\"Kristdemokraterna delar ut vitsippspriset\"}]},{\"@type\":\"WebSite\",\"@id\":\"https:\\\/\\\/wp.kristdemokraterna.se\\\/linkoping\\\/#website\",\"url\":\"https:\\\/\\\/wp.kristdemokraterna.se\\\/linkoping\\\/\",\"name\":\"Kristdemokraterna i Link\u00f6ping\",\"description\":\"\",\"inLanguage\":\"sv-SE\"},{\"@type\":\"Person\",\"@id\":\"https:\\\/\\\/wp.kristdemokraterna.se\\\/linkoping\\\/#\\\/schema\\\/person\\\/b0148c3c8863db76d330faa282b9521a\",\"name\":\"linkoping\",\"image\":{\"@type\":\"ImageObject\",\"inLanguage\":\"sv-SE\",\"@id\":\"https:\\\/\\\/secure.gravatar.com\\\/avatar\\\/016e7965fec0e08fdd07b021a7d25181278d4b29b1d5bab57b16017e35421895?s=96&r=g\",\"url\":\"https:\\\/\\\/secure.gravatar.com\\\/avatar\\\/016e7965fec0e08fdd07b021a7d25181278d4b29b1d5bab57b16017e35421895?s=96&r=g\",\"contentUrl\":\"https:\\\/\\\/secure.gravatar.com\\\/avatar\\\/016e7965fec0e08fdd07b021a7d25181278d4b29b1d5bab57b16017e35421895?s=96&r=g\",\"caption\":\"linkoping\"},\"sameAs\":[\"https:\\\/\\\/www.facebook.com\\\/kdlinkoping\\\/\"],\"url\":\"https:\\\/\\\/wp.kristdemokraterna.se\\\/linkoping\\\/author\\\/linkoping\\\/\"}]}<\/script>\n<!-- \/ Yoast SEO plugin. -->","yoast_head_json":{"title":"Kristdemokraterna delar ut vitsippspriset - Kristdemokraterna i Link\u00f6ping","robots":{"index":"index","follow":"follow","max-snippet":"max-snippet:-1","max-image-preview":"max-image-preview:large","max-video-preview":"max-video-preview:-1"},"canonical":"https:\/\/wp.kristdemokraterna.se\/linkoping\/kristdemokraterna-delar-ut-vitsippspriset\/","og_locale":"sv_SE","og_type":"article","og_title":"Kristdemokraterna delar ut vitsippspriset - Kristdemokraterna i Link\u00f6ping","og_description":"Kristdemokraterna i Link\u00f6pings kommun delar \u00e5rligen ut ett \u201dVitsippspris\u201d f\u00f6r att uppmuntra och uppm\u00e4rksamma positiva f\u00f6reteelser i v\u00e5rt n\u00e4rsamh\u00e4lle oavsett om de sker i det tysta eller i str\u00e5lkastarljuset. \u00a0Vitsippspriset har sin utg\u00e5ngspunkt fr\u00e5n den fina v\u00e5rblomman vitsippan som ocks\u00e5 \u00e4r symbolen f\u00f6r Kristdemokraterna. Vitsippspriset delas ut f\u00f6r g\u00e4rningar gjorda i denna anda och \u00e4r Read More","og_url":"https:\/\/wp.kristdemokraterna.se\/linkoping\/kristdemokraterna-delar-ut-vitsippspriset\/","og_site_name":"Kristdemokraterna i Link\u00f6ping","article_author":"https:\/\/www.facebook.com\/kdlinkoping\/","article_published_time":"2020-06-16T13:37:18+00:00","article_modified_time":"2021-08-13T12:12:51+00:00","author":"linkoping","twitter_card":"summary_large_image","twitter_misc":{"Skriven av":"linkoping","Ber\u00e4knad l\u00e4stid":"1 minut"},"schema":{"@context":"https:\/\/schema.org","@graph":[{"@type":"Article","@id":"https:\/\/wp.kristdemokraterna.se\/linkoping\/kristdemokraterna-delar-ut-vitsippspriset\/#article","isPartOf":{"@id":"https:\/\/wp.kristdemokraterna.se\/linkoping\/kristdemokraterna-delar-ut-vitsippspriset\/"},"author":{"name":"linkoping","@id":"https:\/\/wp.kristdemokraterna.se\/linkoping\/#\/schema\/person\/b0148c3c8863db76d330faa282b9521a"},"headline":"Kristdemokraterna delar ut vitsippspriset","datePublished":"2020-06-16T13:37:18+00:00","dateModified":"2021-08-13T12:12:51+00:00","mainEntityOfPage":{"@id":"https:\/\/wp.kristdemokraterna.se\/linkoping\/kristdemokraterna-delar-ut-vitsippspriset\/"},"wordCount":276,"articleSection":["arkiv"],"inLanguage":"sv-SE"},{"@type":"WebPage","@id":"https:\/\/wp.kristdemokraterna.se\/linkoping\/kristdemokraterna-delar-ut-vitsippspriset\/","url":"https:\/\/wp.kristdemokraterna.se\/linkoping\/kristdemokraterna-delar-ut-vitsippspriset\/","name":"Kristdemokraterna delar ut vitsippspriset - Kristdemokraterna i Link\u00f6ping","isPartOf":{"@id":"https:\/\/wp.kristdemokraterna.se\/linkoping\/#website"},"datePublished":"2020-06-16T13:37:18+00:00","dateModified":"2021-08-13T12:12:51+00:00","author":{"@id":"https:\/\/wp.kristdemokraterna.se\/linkoping\/#\/schema\/person\/b0148c3c8863db76d330faa282b9521a"},"breadcrumb":{"@id":"https:\/\/wp.kristdemokraterna.se\/linkoping\/kristdemokraterna-delar-ut-vitsippspriset\/#breadcrumb"},"inLanguage":"sv-SE","potentialAction":[{"@type":"ReadAction","target":["https:\/\/wp.kristdemokraterna.se\/linkoping\/kristdemokraterna-delar-ut-vitsippspriset\/"]}]},{"@type":"BreadcrumbList","@id":"https:\/\/wp.kristdemokraterna.se\/linkoping\/kristdemokraterna-delar-ut-vitsippspriset\/#breadcrumb","itemListElement":[{"@type":"ListItem","position":1,"name":"Hem","item":"https:\/\/wp.kristdemokraterna.se\/linkoping\/"},{"@type":"ListItem","position":2,"name":"Kristdemokraterna delar ut vitsippspriset"}]},{"@type":"WebSite","@id":"https:\/\/wp.kristdemokraterna.se\/linkoping\/#website","url":"https:\/\/wp.kristdemokraterna.se\/linkoping\/","name":"Kristdemokraterna i Link\u00f6ping","description":"","inLanguage":"sv-SE"},{"@type":"Person","@id":"https:\/\/wp.kristdemokraterna.se\/linkoping\/#\/schema\/person\/b0148c3c8863db76d330faa282b9521a","name":"linkoping","image":{"@type":"ImageObject","inLanguage":"sv-SE","@id":"https:\/\/secure.gravatar.com\/avatar\/016e7965fec0e08fdd07b021a7d25181278d4b29b1d5bab57b16017e35421895?s=96&r=g","url":"https:\/\/secure.gravatar.com\/avatar\/016e7965fec0e08fdd07b021a7d25181278d4b29b1d5bab57b16017e35421895?s=96&r=g","contentUrl":"https:\/\/secure.gravatar.com\/avatar\/016e7965fec0e08fdd07b021a7d25181278d4b29b1d5bab57b16017e35421895?s=96&r=g","caption":"linkoping"},"sameAs":["https:\/\/www.facebook.com\/kdlinkoping\/"],"url":"https:\/\/wp.kristdemokraterna.se\/linkoping\/author\/linkoping\/"}]}},"_links":{"self":[{"href":"https:\/\/wp.kristdemokraterna.se\/linkoping\/wp-json\/wp\/v2\/posts\/1561","targetHints":{"allow":["GET"]}}],"collection":[{"href":"https:\/\/wp.kristdemokraterna.se\/linkoping\/wp-json\/wp\/v2\/posts"}],"about":[{"href":"https:\/\/wp.kristdemokraterna.se\/linkoping\/wp-json\/wp\/v2\/types\/post"}],"author":[{"embeddable":true,"href":"https:\/\/wp.kristdemokraterna.se\/linkoping\/wp-json\/wp\/v2\/users\/410"}],"replies":[{"embeddable":true,"href":"https:\/\/wp.kristdemokraterna.se\/linkoping\/wp-json\/wp\/v2\/comments?post=1561"}],"version-history":[{"count":3,"href":"https:\/\/wp.kristdemokraterna.se\/linkoping\/wp-json\/wp\/v2\/posts\/1561\/revisions"}],"predecessor-version":[{"id":1938,"href":"https:\/\/wp.kristdemokraterna.se\/linkoping\/wp-json\/wp\/v2\/posts\/1561\/revisions\/1938"}],"wp:attachment":[{"href":"https:\/\/wp.kristdemokraterna.se\/linkoping\/wp-json\/wp\/v2\/media?parent=1561"}],"wp:term":[{"taxonomy":"category","embeddable":true,"href":"https:\/\/wp.kristdemokraterna.se\/linkoping\/wp-json\/wp\/v2\/categories?post=1561"},{"taxonomy":"post_tag","embeddable":true,"href":"https:\/\/wp.kristdemokraterna.se\/linkoping\/wp-json\/wp\/v2\/tags?post=1561"}],"curies":[{"name":"wp","href":"https:\/\/api.w.org\/{rel}","templated":true}]}}