{"id":1575,"date":"2020-08-24T10:02:18","date_gmt":"2020-08-24T08:02:18","guid":{"rendered":"http:\/\/wp.kristdemokraterna.se\/linkoping\/?p=1575"},"modified":"2021-08-13T14:12:23","modified_gmt":"2021-08-13T12:12:23","slug":"presstraff-nu-uto-kar-vi-satsningen-pa-ordningsvakter-fo-r-din-trygghet","status":"publish","type":"post","link":"https:\/\/wp.kristdemokraterna.se\/linkoping\/presstraff-nu-uto-kar-vi-satsningen-pa-ordningsvakter-fo-r-din-trygghet\/","title":{"rendered":"Nu \u00f6kar vi satsningen p\u00e5 ordningsvakter"},"content":{"rendered":"<div class=\"o9v6fnle cxmmr5t8 oygrvhab hcukyx3x c1et5uql ii04i59q\">\n<div dir=\"auto\"><span class=\"q9uorilb tbxw36s4 knj5qynh kvgmc6g5 ditlmg2l oygrvhab nvdbi5me fgm26odu gl3lb2sf hhz5lgdu\"><img loading=\"lazy\" decoding=\"async\" src=\"https:\/\/static.xx.fbcdn.net\/images\/emoji.php\/v9\/t44\/1.5\/16\/1f46e_200d_2642.png\" alt=\"\ud83d\udc6e\u200d\u2642\ufe0f\" width=\"16\" height=\"16\" \/><\/span> Idag har kommunalr\u00e5d Denis\u00e9 Cassel, tillsammans med kommunstyrelsens ordf\u00f6rande Niklas Borg (M) presenterat att Allians fo\u0308r Linko\u0308ping nu ga\u030ar vidare med satsningen p\u00e5 kommunala ordningsvakter och kommunen kommer da\u0308rfo\u0308r att l\u00e4mna in en anso\u0308kan till polisen om att uto\u0308ka omra\u030adet som ordningsvakterna fa\u030ar ro\u0308ra sig inom.<\/div>\n<div dir=\"auto\"><\/div>\n<\/div>\n<div class=\"o9v6fnle cxmmr5t8 oygrvhab hcukyx3x c1et5uql ii04i59q\">\n<div dir=\"auto\">Syftet a\u0308r att omra\u030adet ska omfatta fler miljo\u0308er i city som kan upplevas otrygga, bland annat:<\/div>\n<div dir=\"auto\"><span class=\"q9uorilb tbxw36s4 knj5qynh kvgmc6g5 ditlmg2l oygrvhab nvdbi5me fgm26odu gl3lb2sf hhz5lgdu\"><img loading=\"lazy\" decoding=\"async\" src=\"https:\/\/static.xx.fbcdn.net\/images\/emoji.php\/v9\/t4a\/1.5\/16\/1f537.png\" alt=\"\ud83d\udd37\" width=\"16\" height=\"16\" \/><\/span>Tra\u0308dga\u030ardsfo\u0308reningen<\/div>\n<div dir=\"auto\"><span class=\"q9uorilb tbxw36s4 knj5qynh kvgmc6g5 ditlmg2l oygrvhab nvdbi5me fgm26odu gl3lb2sf hhz5lgdu\"><img loading=\"lazy\" decoding=\"async\" src=\"https:\/\/static.xx.fbcdn.net\/images\/emoji.php\/v9\/t4a\/1.5\/16\/1f537.png\" alt=\"\ud83d\udd37\" width=\"16\" height=\"16\" \/><\/span>Ja\u0308rnva\u0308gsparken<\/div>\n<div dir=\"auto\"><span class=\"q9uorilb tbxw36s4 knj5qynh kvgmc6g5 ditlmg2l oygrvhab nvdbi5me fgm26odu gl3lb2sf hhz5lgdu\"><img loading=\"lazy\" decoding=\"async\" src=\"https:\/\/static.xx.fbcdn.net\/images\/emoji.php\/v9\/t4a\/1.5\/16\/1f537.png\" alt=\"\ud83d\udd37\" width=\"16\" height=\"16\" \/><\/span>Flera centrala gator da\u0308r ma\u030anga ro\u0308r sig, inte minst under sena kva\u0308llar.<\/div>\n<\/div>\n<div class=\"o9v6fnle cxmmr5t8 oygrvhab hcukyx3x c1et5uql ii04i59q\">\n<div dir=\"auto\">L\u00e4s g\u00e4rna mer h\u00e4r: <a class=\"oajrlxb2 g5ia77u1 qu0x051f esr5mh6w e9989ue4 r7d6kgcz rq0escxv nhd2j8a9 nc684nl6 p7hjln8o kvgmc6g5 cxmmr5t8 oygrvhab hcukyx3x jb3vyjys rz4wbd8a qt6c0cv9 a8nywdso i1ao9s8h esuyzwwr f1sip0of lzcic4wl py34i1dx gpro0wi8\" role=\"link\" href=\"https:\/\/www.svt.se\/nyheter\/lokalt\/ost\/linkoping-fortsatter-med-kommunala-ordningsvakter?fbclid=IwAR0j1F-MBloepEAV-YYTww0SxMLHP_si74OIniZnnA2gZJ5dKo-IkWKr3io\" target=\"_blank\" rel=\"nofollow noopener noreferrer\">https:\/\/www.svt.se\/nyheter\/lokalt\/ost\/linkoping-fortsatter-med-kommunala-ordningsvakter<\/a><\/div>\n<\/div>\n","protected":false},"excerpt":{"rendered":"<p>Idag har kommunalr\u00e5d Denis\u00e9 Cassel, tillsammans med kommunstyrelsens ordf\u00f6rande Niklas Borg (M) presenterat att Allians fo\u0308r Linko\u0308ping nu ga\u030ar vidare med satsningen p\u00e5 kommunala ordningsvakter och kommunen kommer da\u0308rfo\u0308r att l\u00e4mna in en anso\u0308kan till polisen om att uto\u0308ka omra\u030adet som ordningsvakterna fa\u030ar ro\u0308ra sig inom. Syftet a\u0308r att omra\u030adet ska omfatta fler miljo\u0308er i <a class=\"read-more-link\" href=\"https:\/\/wp.kristdemokraterna.se\/linkoping\/presstraff-nu-uto-kar-vi-satsningen-pa-ordningsvakter-fo-r-din-trygghet\/\">Read More<\/a><\/p>\n","protected":false},"author":410,"featured_media":0,"comment_status":"closed","ping_status":"closed","sticky":false,"template":"","format":"standard","meta":{"_acf_changed":false,"footnotes":""},"categories":[22],"tags":[],"class_list":["post-1575","post","type-post","status-publish","format-standard","hentry","category-arkiv"],"acf":[],"yoast_head":"<!-- This site is optimized with the Yoast SEO plugin v27.4 - https:\/\/yoast.com\/product\/yoast-seo-wordpress\/ -->\n<title>Nu \u00f6kar vi satsningen p\u00e5 ordningsvakter - Kristdemokraterna i Link\u00f6ping<\/title>\n<meta name=\"robots\" content=\"index, follow, max-snippet:-1, max-image-preview:large, max-video-preview:-1\" \/>\n<link rel=\"canonical\" href=\"https:\/\/wp.kristdemokraterna.se\/linkoping\/presstraff-nu-uto-kar-vi-satsningen-pa-ordningsvakter-fo-r-din-trygghet\/\" \/>\n<meta property=\"og:locale\" content=\"sv_SE\" \/>\n<meta property=\"og:type\" content=\"article\" \/>\n<meta property=\"og:title\" content=\"Nu \u00f6kar vi satsningen p\u00e5 ordningsvakter - Kristdemokraterna i Link\u00f6ping\" \/>\n<meta property=\"og:description\" content=\"Idag har kommunalr\u00e5d Denis\u00e9 Cassel, tillsammans med kommunstyrelsens ordf\u00f6rande Niklas Borg (M) presenterat att Allians fo\u0308r Linko\u0308ping nu ga\u030ar vidare med satsningen p\u00e5 kommunala ordningsvakter och kommunen kommer da\u0308rfo\u0308r att l\u00e4mna in en anso\u0308kan till polisen om att uto\u0308ka omra\u030adet som ordningsvakterna fa\u030ar ro\u0308ra sig inom. Syftet a\u0308r att omra\u030adet ska omfatta fler miljo\u0308er i Read More\" \/>\n<meta property=\"og:url\" content=\"https:\/\/wp.kristdemokraterna.se\/linkoping\/presstraff-nu-uto-kar-vi-satsningen-pa-ordningsvakter-fo-r-din-trygghet\/\" \/>\n<meta property=\"og:site_name\" content=\"Kristdemokraterna i Link\u00f6ping\" \/>\n<meta property=\"article:author\" content=\"https:\/\/www.facebook.com\/kdlinkoping\/\" \/>\n<meta property=\"article:published_time\" content=\"2020-08-24T08:02:18+00:00\" \/>\n<meta property=\"article:modified_time\" content=\"2021-08-13T12:12:23+00:00\" \/>\n<meta property=\"og:image\" content=\"https:\/\/static.xx.fbcdn.net\/images\/emoji.php\/v9\/t44\/1.5\/16\/1f46e_200d_2642.png\" \/>\n<meta name=\"author\" content=\"linkoping\" \/>\n<meta name=\"twitter:card\" content=\"summary_large_image\" \/>\n<meta name=\"twitter:label1\" content=\"Skriven av\" \/>\n\t<meta name=\"twitter:data1\" content=\"linkoping\" \/>\n\t<meta name=\"twitter:label2\" content=\"Ber\u00e4knad l\u00e4stid\" \/>\n\t<meta name=\"twitter:data2\" content=\"1 minut\" \/>\n<script type=\"application\/ld+json\" class=\"yoast-schema-graph\">{\"@context\":\"https:\\\/\\\/schema.org\",\"@graph\":[{\"@type\":\"Article\",\"@id\":\"https:\\\/\\\/wp.kristdemokraterna.se\\\/linkoping\\\/presstraff-nu-uto-kar-vi-satsningen-pa-ordningsvakter-fo-r-din-trygghet\\\/#article\",\"isPartOf\":{\"@id\":\"https:\\\/\\\/wp.kristdemokraterna.se\\\/linkoping\\\/presstraff-nu-uto-kar-vi-satsningen-pa-ordningsvakter-fo-r-din-trygghet\\\/\"},\"author\":{\"name\":\"linkoping\",\"@id\":\"https:\\\/\\\/wp.kristdemokraterna.se\\\/linkoping\\\/#\\\/schema\\\/person\\\/b0148c3c8863db76d330faa282b9521a\"},\"headline\":\"Nu \u00f6kar vi satsningen p\u00e5 ordningsvakter\",\"datePublished\":\"2020-08-24T08:02:18+00:00\",\"dateModified\":\"2021-08-13T12:12:23+00:00\",\"mainEntityOfPage\":{\"@id\":\"https:\\\/\\\/wp.kristdemokraterna.se\\\/linkoping\\\/presstraff-nu-uto-kar-vi-satsningen-pa-ordningsvakter-fo-r-din-trygghet\\\/\"},\"wordCount\":122,\"image\":{\"@id\":\"https:\\\/\\\/wp.kristdemokraterna.se\\\/linkoping\\\/presstraff-nu-uto-kar-vi-satsningen-pa-ordningsvakter-fo-r-din-trygghet\\\/#primaryimage\"},\"thumbnailUrl\":\"https:\\\/\\\/static.xx.fbcdn.net\\\/images\\\/emoji.php\\\/v9\\\/t44\\\/1.5\\\/16\\\/1f46e_200d_2642.png\",\"articleSection\":[\"arkiv\"],\"inLanguage\":\"sv-SE\"},{\"@type\":\"WebPage\",\"@id\":\"https:\\\/\\\/wp.kristdemokraterna.se\\\/linkoping\\\/presstraff-nu-uto-kar-vi-satsningen-pa-ordningsvakter-fo-r-din-trygghet\\\/\",\"url\":\"https:\\\/\\\/wp.kristdemokraterna.se\\\/linkoping\\\/presstraff-nu-uto-kar-vi-satsningen-pa-ordningsvakter-fo-r-din-trygghet\\\/\",\"name\":\"Nu \u00f6kar vi satsningen p\u00e5 ordningsvakter - Kristdemokraterna i Link\u00f6ping\",\"isPartOf\":{\"@id\":\"https:\\\/\\\/wp.kristdemokraterna.se\\\/linkoping\\\/#website\"},\"primaryImageOfPage\":{\"@id\":\"https:\\\/\\\/wp.kristdemokraterna.se\\\/linkoping\\\/presstraff-nu-uto-kar-vi-satsningen-pa-ordningsvakter-fo-r-din-trygghet\\\/#primaryimage\"},\"image\":{\"@id\":\"https:\\\/\\\/wp.kristdemokraterna.se\\\/linkoping\\\/presstraff-nu-uto-kar-vi-satsningen-pa-ordningsvakter-fo-r-din-trygghet\\\/#primaryimage\"},\"thumbnailUrl\":\"https:\\\/\\\/static.xx.fbcdn.net\\\/images\\\/emoji.php\\\/v9\\\/t44\\\/1.5\\\/16\\\/1f46e_200d_2642.png\",\"datePublished\":\"2020-08-24T08:02:18+00:00\",\"dateModified\":\"2021-08-13T12:12:23+00:00\",\"author\":{\"@id\":\"https:\\\/\\\/wp.kristdemokraterna.se\\\/linkoping\\\/#\\\/schema\\\/person\\\/b0148c3c8863db76d330faa282b9521a\"},\"breadcrumb\":{\"@id\":\"https:\\\/\\\/wp.kristdemokraterna.se\\\/linkoping\\\/presstraff-nu-uto-kar-vi-satsningen-pa-ordningsvakter-fo-r-din-trygghet\\\/#breadcrumb\"},\"inLanguage\":\"sv-SE\",\"potentialAction\":[{\"@type\":\"ReadAction\",\"target\":[\"https:\\\/\\\/wp.kristdemokraterna.se\\\/linkoping\\\/presstraff-nu-uto-kar-vi-satsningen-pa-ordningsvakter-fo-r-din-trygghet\\\/\"]}]},{\"@type\":\"ImageObject\",\"inLanguage\":\"sv-SE\",\"@id\":\"https:\\\/\\\/wp.kristdemokraterna.se\\\/linkoping\\\/presstraff-nu-uto-kar-vi-satsningen-pa-ordningsvakter-fo-r-din-trygghet\\\/#primaryimage\",\"url\":\"https:\\\/\\\/static.xx.fbcdn.net\\\/images\\\/emoji.php\\\/v9\\\/t44\\\/1.5\\\/16\\\/1f46e_200d_2642.png\",\"contentUrl\":\"https:\\\/\\\/static.xx.fbcdn.net\\\/images\\\/emoji.php\\\/v9\\\/t44\\\/1.5\\\/16\\\/1f46e_200d_2642.png\"},{\"@type\":\"BreadcrumbList\",\"@id\":\"https:\\\/\\\/wp.kristdemokraterna.se\\\/linkoping\\\/presstraff-nu-uto-kar-vi-satsningen-pa-ordningsvakter-fo-r-din-trygghet\\\/#breadcrumb\",\"itemListElement\":[{\"@type\":\"ListItem\",\"position\":1,\"name\":\"Hem\",\"item\":\"https:\\\/\\\/wp.kristdemokraterna.se\\\/linkoping\\\/\"},{\"@type\":\"ListItem\",\"position\":2,\"name\":\"Nu \u00f6kar vi satsningen p\u00e5 ordningsvakter\"}]},{\"@type\":\"WebSite\",\"@id\":\"https:\\\/\\\/wp.kristdemokraterna.se\\\/linkoping\\\/#website\",\"url\":\"https:\\\/\\\/wp.kristdemokraterna.se\\\/linkoping\\\/\",\"name\":\"Kristdemokraterna i Link\u00f6ping\",\"description\":\"\",\"inLanguage\":\"sv-SE\"},{\"@type\":\"Person\",\"@id\":\"https:\\\/\\\/wp.kristdemokraterna.se\\\/linkoping\\\/#\\\/schema\\\/person\\\/b0148c3c8863db76d330faa282b9521a\",\"name\":\"linkoping\",\"image\":{\"@type\":\"ImageObject\",\"inLanguage\":\"sv-SE\",\"@id\":\"https:\\\/\\\/secure.gravatar.com\\\/avatar\\\/016e7965fec0e08fdd07b021a7d25181278d4b29b1d5bab57b16017e35421895?s=96&r=g\",\"url\":\"https:\\\/\\\/secure.gravatar.com\\\/avatar\\\/016e7965fec0e08fdd07b021a7d25181278d4b29b1d5bab57b16017e35421895?s=96&r=g\",\"contentUrl\":\"https:\\\/\\\/secure.gravatar.com\\\/avatar\\\/016e7965fec0e08fdd07b021a7d25181278d4b29b1d5bab57b16017e35421895?s=96&r=g\",\"caption\":\"linkoping\"},\"sameAs\":[\"https:\\\/\\\/www.facebook.com\\\/kdlinkoping\\\/\"],\"url\":\"https:\\\/\\\/wp.kristdemokraterna.se\\\/linkoping\\\/author\\\/linkoping\\\/\"}]}<\/script>\n<!-- \/ Yoast SEO plugin. -->","yoast_head_json":{"title":"Nu \u00f6kar vi satsningen p\u00e5 ordningsvakter - Kristdemokraterna i Link\u00f6ping","robots":{"index":"index","follow":"follow","max-snippet":"max-snippet:-1","max-image-preview":"max-image-preview:large","max-video-preview":"max-video-preview:-1"},"canonical":"https:\/\/wp.kristdemokraterna.se\/linkoping\/presstraff-nu-uto-kar-vi-satsningen-pa-ordningsvakter-fo-r-din-trygghet\/","og_locale":"sv_SE","og_type":"article","og_title":"Nu \u00f6kar vi satsningen p\u00e5 ordningsvakter - Kristdemokraterna i Link\u00f6ping","og_description":"Idag har kommunalr\u00e5d Denis\u00e9 Cassel, tillsammans med kommunstyrelsens ordf\u00f6rande Niklas Borg (M) presenterat att Allians fo\u0308r Linko\u0308ping nu ga\u030ar vidare med satsningen p\u00e5 kommunala ordningsvakter och kommunen kommer da\u0308rfo\u0308r att l\u00e4mna in en anso\u0308kan till polisen om att uto\u0308ka omra\u030adet som ordningsvakterna fa\u030ar ro\u0308ra sig inom. Syftet a\u0308r att omra\u030adet ska omfatta fler miljo\u0308er i Read More","og_url":"https:\/\/wp.kristdemokraterna.se\/linkoping\/presstraff-nu-uto-kar-vi-satsningen-pa-ordningsvakter-fo-r-din-trygghet\/","og_site_name":"Kristdemokraterna i Link\u00f6ping","article_author":"https:\/\/www.facebook.com\/kdlinkoping\/","article_published_time":"2020-08-24T08:02:18+00:00","article_modified_time":"2021-08-13T12:12:23+00:00","og_image":[{"url":"https:\/\/static.xx.fbcdn.net\/images\/emoji.php\/v9\/t44\/1.5\/16\/1f46e_200d_2642.png","type":"","width":"","height":""}],"author":"linkoping","twitter_card":"summary_large_image","twitter_misc":{"Skriven av":"linkoping","Ber\u00e4knad l\u00e4stid":"1 minut"},"schema":{"@context":"https:\/\/schema.org","@graph":[{"@type":"Article","@id":"https:\/\/wp.kristdemokraterna.se\/linkoping\/presstraff-nu-uto-kar-vi-satsningen-pa-ordningsvakter-fo-r-din-trygghet\/#article","isPartOf":{"@id":"https:\/\/wp.kristdemokraterna.se\/linkoping\/presstraff-nu-uto-kar-vi-satsningen-pa-ordningsvakter-fo-r-din-trygghet\/"},"author":{"name":"linkoping","@id":"https:\/\/wp.kristdemokraterna.se\/linkoping\/#\/schema\/person\/b0148c3c8863db76d330faa282b9521a"},"headline":"Nu \u00f6kar vi satsningen p\u00e5 ordningsvakter","datePublished":"2020-08-24T08:02:18+00:00","dateModified":"2021-08-13T12:12:23+00:00","mainEntityOfPage":{"@id":"https:\/\/wp.kristdemokraterna.se\/linkoping\/presstraff-nu-uto-kar-vi-satsningen-pa-ordningsvakter-fo-r-din-trygghet\/"},"wordCount":122,"image":{"@id":"https:\/\/wp.kristdemokraterna.se\/linkoping\/presstraff-nu-uto-kar-vi-satsningen-pa-ordningsvakter-fo-r-din-trygghet\/#primaryimage"},"thumbnailUrl":"https:\/\/static.xx.fbcdn.net\/images\/emoji.php\/v9\/t44\/1.5\/16\/1f46e_200d_2642.png","articleSection":["arkiv"],"inLanguage":"sv-SE"},{"@type":"WebPage","@id":"https:\/\/wp.kristdemokraterna.se\/linkoping\/presstraff-nu-uto-kar-vi-satsningen-pa-ordningsvakter-fo-r-din-trygghet\/","url":"https:\/\/wp.kristdemokraterna.se\/linkoping\/presstraff-nu-uto-kar-vi-satsningen-pa-ordningsvakter-fo-r-din-trygghet\/","name":"Nu \u00f6kar vi satsningen p\u00e5 ordningsvakter - Kristdemokraterna i Link\u00f6ping","isPartOf":{"@id":"https:\/\/wp.kristdemokraterna.se\/linkoping\/#website"},"primaryImageOfPage":{"@id":"https:\/\/wp.kristdemokraterna.se\/linkoping\/presstraff-nu-uto-kar-vi-satsningen-pa-ordningsvakter-fo-r-din-trygghet\/#primaryimage"},"image":{"@id":"https:\/\/wp.kristdemokraterna.se\/linkoping\/presstraff-nu-uto-kar-vi-satsningen-pa-ordningsvakter-fo-r-din-trygghet\/#primaryimage"},"thumbnailUrl":"https:\/\/static.xx.fbcdn.net\/images\/emoji.php\/v9\/t44\/1.5\/16\/1f46e_200d_2642.png","datePublished":"2020-08-24T08:02:18+00:00","dateModified":"2021-08-13T12:12:23+00:00","author":{"@id":"https:\/\/wp.kristdemokraterna.se\/linkoping\/#\/schema\/person\/b0148c3c8863db76d330faa282b9521a"},"breadcrumb":{"@id":"https:\/\/wp.kristdemokraterna.se\/linkoping\/presstraff-nu-uto-kar-vi-satsningen-pa-ordningsvakter-fo-r-din-trygghet\/#breadcrumb"},"inLanguage":"sv-SE","potentialAction":[{"@type":"ReadAction","target":["https:\/\/wp.kristdemokraterna.se\/linkoping\/presstraff-nu-uto-kar-vi-satsningen-pa-ordningsvakter-fo-r-din-trygghet\/"]}]},{"@type":"ImageObject","inLanguage":"sv-SE","@id":"https:\/\/wp.kristdemokraterna.se\/linkoping\/presstraff-nu-uto-kar-vi-satsningen-pa-ordningsvakter-fo-r-din-trygghet\/#primaryimage","url":"https:\/\/static.xx.fbcdn.net\/images\/emoji.php\/v9\/t44\/1.5\/16\/1f46e_200d_2642.png","contentUrl":"https:\/\/static.xx.fbcdn.net\/images\/emoji.php\/v9\/t44\/1.5\/16\/1f46e_200d_2642.png"},{"@type":"BreadcrumbList","@id":"https:\/\/wp.kristdemokraterna.se\/linkoping\/presstraff-nu-uto-kar-vi-satsningen-pa-ordningsvakter-fo-r-din-trygghet\/#breadcrumb","itemListElement":[{"@type":"ListItem","position":1,"name":"Hem","item":"https:\/\/wp.kristdemokraterna.se\/linkoping\/"},{"@type":"ListItem","position":2,"name":"Nu \u00f6kar vi satsningen p\u00e5 ordningsvakter"}]},{"@type":"WebSite","@id":"https:\/\/wp.kristdemokraterna.se\/linkoping\/#website","url":"https:\/\/wp.kristdemokraterna.se\/linkoping\/","name":"Kristdemokraterna i Link\u00f6ping","description":"","inLanguage":"sv-SE"},{"@type":"Person","@id":"https:\/\/wp.kristdemokraterna.se\/linkoping\/#\/schema\/person\/b0148c3c8863db76d330faa282b9521a","name":"linkoping","image":{"@type":"ImageObject","inLanguage":"sv-SE","@id":"https:\/\/secure.gravatar.com\/avatar\/016e7965fec0e08fdd07b021a7d25181278d4b29b1d5bab57b16017e35421895?s=96&r=g","url":"https:\/\/secure.gravatar.com\/avatar\/016e7965fec0e08fdd07b021a7d25181278d4b29b1d5bab57b16017e35421895?s=96&r=g","contentUrl":"https:\/\/secure.gravatar.com\/avatar\/016e7965fec0e08fdd07b021a7d25181278d4b29b1d5bab57b16017e35421895?s=96&r=g","caption":"linkoping"},"sameAs":["https:\/\/www.facebook.com\/kdlinkoping\/"],"url":"https:\/\/wp.kristdemokraterna.se\/linkoping\/author\/linkoping\/"}]}},"_links":{"self":[{"href":"https:\/\/wp.kristdemokraterna.se\/linkoping\/wp-json\/wp\/v2\/posts\/1575","targetHints":{"allow":["GET"]}}],"collection":[{"href":"https:\/\/wp.kristdemokraterna.se\/linkoping\/wp-json\/wp\/v2\/posts"}],"about":[{"href":"https:\/\/wp.kristdemokraterna.se\/linkoping\/wp-json\/wp\/v2\/types\/post"}],"author":[{"embeddable":true,"href":"https:\/\/wp.kristdemokraterna.se\/linkoping\/wp-json\/wp\/v2\/users\/410"}],"replies":[{"embeddable":true,"href":"https:\/\/wp.kristdemokraterna.se\/linkoping\/wp-json\/wp\/v2\/comments?post=1575"}],"version-history":[{"count":2,"href":"https:\/\/wp.kristdemokraterna.se\/linkoping\/wp-json\/wp\/v2\/posts\/1575\/revisions"}],"predecessor-version":[{"id":1936,"href":"https:\/\/wp.kristdemokraterna.se\/linkoping\/wp-json\/wp\/v2\/posts\/1575\/revisions\/1936"}],"wp:attachment":[{"href":"https:\/\/wp.kristdemokraterna.se\/linkoping\/wp-json\/wp\/v2\/media?parent=1575"}],"wp:term":[{"taxonomy":"category","embeddable":true,"href":"https:\/\/wp.kristdemokraterna.se\/linkoping\/wp-json\/wp\/v2\/categories?post=1575"},{"taxonomy":"post_tag","embeddable":true,"href":"https:\/\/wp.kristdemokraterna.se\/linkoping\/wp-json\/wp\/v2\/tags?post=1575"}],"curies":[{"name":"wp","href":"https:\/\/api.w.org\/{rel}","templated":true}]}}