{"id":1585,"date":"2020-09-22T11:04:07","date_gmt":"2020-09-22T09:04:07","guid":{"rendered":"http:\/\/wp.kristdemokraterna.se\/linkoping\/?p=1585"},"modified":"2021-08-13T14:11:36","modified_gmt":"2021-08-13T12:11:36","slug":"mer-samverkan-for-mindre-sjukfranvaro","status":"publish","type":"post","link":"https:\/\/wp.kristdemokraterna.se\/linkoping\/mer-samverkan-for-mindre-sjukfranvaro\/","title":{"rendered":"Mer samverkan f\u00f6r mindre sjukfr\u00e5nvaro"},"content":{"rendered":"<div class=\"kvgmc6g5 cxmmr5t8 oygrvhab hcukyx3x c1et5uql ii04i59q\">\n<div dir=\"auto\">MER SAMVERKAN F\u00d6R MINDRE SJUKFR\u00c5NVARO<\/div>\n<div dir=\"auto\"><\/div>\n<\/div>\n<div class=\"o9v6fnle cxmmr5t8 oygrvhab hcukyx3x c1et5uql ii04i59q\">\n<div dir=\"auto\"><span class=\"pq6dq46d tbxw36s4 knj5qynh kvgmc6g5 ditlmg2l oygrvhab nvdbi5me sf5mxxl7 gl3lb2sf hhz5lgdu\"><img loading=\"lazy\" decoding=\"async\" src=\"https:\/\/static.xx.fbcdn.net\/images\/emoji.php\/v9\/t6c\/1\/16\/1f499.png\" alt=\"\ud83d\udc99\" width=\"16\" height=\"16\" \/><\/span>Ig\u00e5r presenterade kommunalr\u00e5det Denis\u00e9 Cassel tillsammans med HR-direkt\u00f6ren Sonja Erlandsson ett nytt initiativ d\u00e4r Link\u00f6pings kommun ska samverka med Norrk\u00f6pings kommun, Regionen, F\u00f6rs\u00e4kringskassan och F\u00f6retagsh\u00e4lsov\u00e5rden f\u00f6r att minska antalet sjuktimmar.<\/div>\n<\/div>\n<div class=\"o9v6fnle cxmmr5t8 oygrvhab hcukyx3x c1et5uql ii04i59q\">\n<div dir=\"auto\"><span class=\"pq6dq46d tbxw36s4 knj5qynh kvgmc6g5 ditlmg2l oygrvhab nvdbi5me sf5mxxl7 gl3lb2sf hhz5lgdu\"><img loading=\"lazy\" decoding=\"async\" src=\"https:\/\/static.xx.fbcdn.net\/images\/emoji.php\/v9\/t6c\/1\/16\/1f499.png\" alt=\"\ud83d\udc99\" width=\"16\" height=\"16\" \/><\/span>Chefer ska f\u00e5 mer utbildning i psykisk oh\u00e4lsa och ha m\u00f6jlighet att kontakta den sjuka medarbetaren f\u00f6r att planera en \u00e5terg\u00e5ng.<\/div>\n<\/div>\n<div class=\"o9v6fnle cxmmr5t8 oygrvhab hcukyx3x c1et5uql ii04i59q\">\n<div dir=\"auto\"><span class=\"pq6dq46d tbxw36s4 knj5qynh kvgmc6g5 ditlmg2l oygrvhab nvdbi5me sf5mxxl7 gl3lb2sf hhz5lgdu\"><img loading=\"lazy\" decoding=\"async\" src=\"https:\/\/static.xx.fbcdn.net\/images\/emoji.php\/v9\/t6c\/1\/16\/1f499.png\" alt=\"\ud83d\udc99\" width=\"16\" height=\"16\" \/><\/span>L\u00e4s mer h\u00e4r: <a class=\"oajrlxb2 g5ia77u1 qu0x051f esr5mh6w e9989ue4 r7d6kgcz rq0escxv nhd2j8a9 nc684nl6 p7hjln8o kvgmc6g5 cxmmr5t8 oygrvhab hcukyx3x jb3vyjys rz4wbd8a qt6c0cv9 a8nywdso i1ao9s8h esuyzwwr f1sip0of lzcic4wl py34i1dx gpro0wi8\" role=\"link\" href=\"https:\/\/corren.se\/nyheter\/artikel\/chefens-tidiga-engagemang-kan-minska-sjukfranvaron\/kr24yoxj?fbclid=IwAR2eRdnHCM3RJUjmyR_5qo4SAMgXQXNMiCCQdPXkvWKGXStm0lSfsg6YI5A\" target=\"_blank\" rel=\"nofollow noopener noreferrer\">https:\/\/corren.se\/&#8230;\/chefens-tidiga-engagemang&#8230;\/kr24yoxj<\/a><\/div>\n<\/div>\n","protected":false},"excerpt":{"rendered":"<p>MER SAMVERKAN F\u00d6R MINDRE SJUKFR\u00c5NVARO Ig\u00e5r presenterade kommunalr\u00e5det Denis\u00e9 Cassel tillsammans med HR-direkt\u00f6ren Sonja Erlandsson ett nytt initiativ d\u00e4r Link\u00f6pings kommun ska samverka med Norrk\u00f6pings kommun, Regionen, F\u00f6rs\u00e4kringskassan och F\u00f6retagsh\u00e4lsov\u00e5rden f\u00f6r att minska antalet sjuktimmar. Chefer ska f\u00e5 mer utbildning i psykisk oh\u00e4lsa och ha m\u00f6jlighet att kontakta den sjuka medarbetaren f\u00f6r att planera en <a class=\"read-more-link\" href=\"https:\/\/wp.kristdemokraterna.se\/linkoping\/mer-samverkan-for-mindre-sjukfranvaro\/\">Read More<\/a><\/p>\n","protected":false},"author":410,"featured_media":0,"comment_status":"closed","ping_status":"closed","sticky":false,"template":"","format":"standard","meta":{"_acf_changed":false,"footnotes":""},"categories":[22],"tags":[],"class_list":["post-1585","post","type-post","status-publish","format-standard","hentry","category-arkiv"],"acf":[],"yoast_head":"<!-- This site is optimized with the Yoast SEO plugin v27.4 - https:\/\/yoast.com\/product\/yoast-seo-wordpress\/ -->\n<title>Mer samverkan f\u00f6r mindre sjukfr\u00e5nvaro - Kristdemokraterna i Link\u00f6ping<\/title>\n<meta name=\"robots\" content=\"index, follow, max-snippet:-1, max-image-preview:large, max-video-preview:-1\" \/>\n<link rel=\"canonical\" href=\"https:\/\/wp.kristdemokraterna.se\/linkoping\/mer-samverkan-for-mindre-sjukfranvaro\/\" \/>\n<meta property=\"og:locale\" content=\"sv_SE\" \/>\n<meta property=\"og:type\" content=\"article\" \/>\n<meta property=\"og:title\" content=\"Mer samverkan f\u00f6r mindre sjukfr\u00e5nvaro - Kristdemokraterna i Link\u00f6ping\" \/>\n<meta property=\"og:description\" content=\"MER SAMVERKAN F\u00d6R MINDRE SJUKFR\u00c5NVARO Ig\u00e5r presenterade kommunalr\u00e5det Denis\u00e9 Cassel tillsammans med HR-direkt\u00f6ren Sonja Erlandsson ett nytt initiativ d\u00e4r Link\u00f6pings kommun ska samverka med Norrk\u00f6pings kommun, Regionen, F\u00f6rs\u00e4kringskassan och F\u00f6retagsh\u00e4lsov\u00e5rden f\u00f6r att minska antalet sjuktimmar. Chefer ska f\u00e5 mer utbildning i psykisk oh\u00e4lsa och ha m\u00f6jlighet att kontakta den sjuka medarbetaren f\u00f6r att planera en Read More\" \/>\n<meta property=\"og:url\" content=\"https:\/\/wp.kristdemokraterna.se\/linkoping\/mer-samverkan-for-mindre-sjukfranvaro\/\" \/>\n<meta property=\"og:site_name\" content=\"Kristdemokraterna i Link\u00f6ping\" \/>\n<meta property=\"article:author\" content=\"https:\/\/www.facebook.com\/kdlinkoping\/\" \/>\n<meta property=\"article:published_time\" content=\"2020-09-22T09:04:07+00:00\" \/>\n<meta property=\"article:modified_time\" content=\"2021-08-13T12:11:36+00:00\" \/>\n<meta property=\"og:image\" content=\"https:\/\/static.xx.fbcdn.net\/images\/emoji.php\/v9\/t6c\/1\/16\/1f499.png\" \/>\n<meta name=\"author\" content=\"linkoping\" \/>\n<meta name=\"twitter:card\" content=\"summary_large_image\" \/>\n<meta name=\"twitter:label1\" content=\"Skriven av\" \/>\n\t<meta name=\"twitter:data1\" content=\"linkoping\" \/>\n<script type=\"application\/ld+json\" class=\"yoast-schema-graph\">{\"@context\":\"https:\\\/\\\/schema.org\",\"@graph\":[{\"@type\":\"Article\",\"@id\":\"https:\\\/\\\/wp.kristdemokraterna.se\\\/linkoping\\\/mer-samverkan-for-mindre-sjukfranvaro\\\/#article\",\"isPartOf\":{\"@id\":\"https:\\\/\\\/wp.kristdemokraterna.se\\\/linkoping\\\/mer-samverkan-for-mindre-sjukfranvaro\\\/\"},\"author\":{\"name\":\"linkoping\",\"@id\":\"https:\\\/\\\/wp.kristdemokraterna.se\\\/linkoping\\\/#\\\/schema\\\/person\\\/b0148c3c8863db76d330faa282b9521a\"},\"headline\":\"Mer samverkan f\u00f6r mindre sjukfr\u00e5nvaro\",\"datePublished\":\"2020-09-22T09:04:07+00:00\",\"dateModified\":\"2021-08-13T12:11:36+00:00\",\"mainEntityOfPage\":{\"@id\":\"https:\\\/\\\/wp.kristdemokraterna.se\\\/linkoping\\\/mer-samverkan-for-mindre-sjukfranvaro\\\/\"},\"wordCount\":92,\"image\":{\"@id\":\"https:\\\/\\\/wp.kristdemokraterna.se\\\/linkoping\\\/mer-samverkan-for-mindre-sjukfranvaro\\\/#primaryimage\"},\"thumbnailUrl\":\"https:\\\/\\\/static.xx.fbcdn.net\\\/images\\\/emoji.php\\\/v9\\\/t6c\\\/1\\\/16\\\/1f499.png\",\"articleSection\":[\"arkiv\"],\"inLanguage\":\"sv-SE\"},{\"@type\":\"WebPage\",\"@id\":\"https:\\\/\\\/wp.kristdemokraterna.se\\\/linkoping\\\/mer-samverkan-for-mindre-sjukfranvaro\\\/\",\"url\":\"https:\\\/\\\/wp.kristdemokraterna.se\\\/linkoping\\\/mer-samverkan-for-mindre-sjukfranvaro\\\/\",\"name\":\"Mer samverkan f\u00f6r mindre sjukfr\u00e5nvaro - Kristdemokraterna i Link\u00f6ping\",\"isPartOf\":{\"@id\":\"https:\\\/\\\/wp.kristdemokraterna.se\\\/linkoping\\\/#website\"},\"primaryImageOfPage\":{\"@id\":\"https:\\\/\\\/wp.kristdemokraterna.se\\\/linkoping\\\/mer-samverkan-for-mindre-sjukfranvaro\\\/#primaryimage\"},\"image\":{\"@id\":\"https:\\\/\\\/wp.kristdemokraterna.se\\\/linkoping\\\/mer-samverkan-for-mindre-sjukfranvaro\\\/#primaryimage\"},\"thumbnailUrl\":\"https:\\\/\\\/static.xx.fbcdn.net\\\/images\\\/emoji.php\\\/v9\\\/t6c\\\/1\\\/16\\\/1f499.png\",\"datePublished\":\"2020-09-22T09:04:07+00:00\",\"dateModified\":\"2021-08-13T12:11:36+00:00\",\"author\":{\"@id\":\"https:\\\/\\\/wp.kristdemokraterna.se\\\/linkoping\\\/#\\\/schema\\\/person\\\/b0148c3c8863db76d330faa282b9521a\"},\"breadcrumb\":{\"@id\":\"https:\\\/\\\/wp.kristdemokraterna.se\\\/linkoping\\\/mer-samverkan-for-mindre-sjukfranvaro\\\/#breadcrumb\"},\"inLanguage\":\"sv-SE\",\"potentialAction\":[{\"@type\":\"ReadAction\",\"target\":[\"https:\\\/\\\/wp.kristdemokraterna.se\\\/linkoping\\\/mer-samverkan-for-mindre-sjukfranvaro\\\/\"]}]},{\"@type\":\"ImageObject\",\"inLanguage\":\"sv-SE\",\"@id\":\"https:\\\/\\\/wp.kristdemokraterna.se\\\/linkoping\\\/mer-samverkan-for-mindre-sjukfranvaro\\\/#primaryimage\",\"url\":\"https:\\\/\\\/static.xx.fbcdn.net\\\/images\\\/emoji.php\\\/v9\\\/t6c\\\/1\\\/16\\\/1f499.png\",\"contentUrl\":\"https:\\\/\\\/static.xx.fbcdn.net\\\/images\\\/emoji.php\\\/v9\\\/t6c\\\/1\\\/16\\\/1f499.png\"},{\"@type\":\"BreadcrumbList\",\"@id\":\"https:\\\/\\\/wp.kristdemokraterna.se\\\/linkoping\\\/mer-samverkan-for-mindre-sjukfranvaro\\\/#breadcrumb\",\"itemListElement\":[{\"@type\":\"ListItem\",\"position\":1,\"name\":\"Hem\",\"item\":\"https:\\\/\\\/wp.kristdemokraterna.se\\\/linkoping\\\/\"},{\"@type\":\"ListItem\",\"position\":2,\"name\":\"Mer samverkan f\u00f6r mindre sjukfr\u00e5nvaro\"}]},{\"@type\":\"WebSite\",\"@id\":\"https:\\\/\\\/wp.kristdemokraterna.se\\\/linkoping\\\/#website\",\"url\":\"https:\\\/\\\/wp.kristdemokraterna.se\\\/linkoping\\\/\",\"name\":\"Kristdemokraterna i Link\u00f6ping\",\"description\":\"\",\"inLanguage\":\"sv-SE\"},{\"@type\":\"Person\",\"@id\":\"https:\\\/\\\/wp.kristdemokraterna.se\\\/linkoping\\\/#\\\/schema\\\/person\\\/b0148c3c8863db76d330faa282b9521a\",\"name\":\"linkoping\",\"image\":{\"@type\":\"ImageObject\",\"inLanguage\":\"sv-SE\",\"@id\":\"https:\\\/\\\/secure.gravatar.com\\\/avatar\\\/016e7965fec0e08fdd07b021a7d25181278d4b29b1d5bab57b16017e35421895?s=96&r=g\",\"url\":\"https:\\\/\\\/secure.gravatar.com\\\/avatar\\\/016e7965fec0e08fdd07b021a7d25181278d4b29b1d5bab57b16017e35421895?s=96&r=g\",\"contentUrl\":\"https:\\\/\\\/secure.gravatar.com\\\/avatar\\\/016e7965fec0e08fdd07b021a7d25181278d4b29b1d5bab57b16017e35421895?s=96&r=g\",\"caption\":\"linkoping\"},\"sameAs\":[\"https:\\\/\\\/www.facebook.com\\\/kdlinkoping\\\/\"],\"url\":\"https:\\\/\\\/wp.kristdemokraterna.se\\\/linkoping\\\/author\\\/linkoping\\\/\"}]}<\/script>\n<!-- \/ Yoast SEO plugin. -->","yoast_head_json":{"title":"Mer samverkan f\u00f6r mindre sjukfr\u00e5nvaro - Kristdemokraterna i Link\u00f6ping","robots":{"index":"index","follow":"follow","max-snippet":"max-snippet:-1","max-image-preview":"max-image-preview:large","max-video-preview":"max-video-preview:-1"},"canonical":"https:\/\/wp.kristdemokraterna.se\/linkoping\/mer-samverkan-for-mindre-sjukfranvaro\/","og_locale":"sv_SE","og_type":"article","og_title":"Mer samverkan f\u00f6r mindre sjukfr\u00e5nvaro - Kristdemokraterna i Link\u00f6ping","og_description":"MER SAMVERKAN F\u00d6R MINDRE SJUKFR\u00c5NVARO Ig\u00e5r presenterade kommunalr\u00e5det Denis\u00e9 Cassel tillsammans med HR-direkt\u00f6ren Sonja Erlandsson ett nytt initiativ d\u00e4r Link\u00f6pings kommun ska samverka med Norrk\u00f6pings kommun, Regionen, F\u00f6rs\u00e4kringskassan och F\u00f6retagsh\u00e4lsov\u00e5rden f\u00f6r att minska antalet sjuktimmar. Chefer ska f\u00e5 mer utbildning i psykisk oh\u00e4lsa och ha m\u00f6jlighet att kontakta den sjuka medarbetaren f\u00f6r att planera en Read More","og_url":"https:\/\/wp.kristdemokraterna.se\/linkoping\/mer-samverkan-for-mindre-sjukfranvaro\/","og_site_name":"Kristdemokraterna i Link\u00f6ping","article_author":"https:\/\/www.facebook.com\/kdlinkoping\/","article_published_time":"2020-09-22T09:04:07+00:00","article_modified_time":"2021-08-13T12:11:36+00:00","og_image":[{"url":"https:\/\/static.xx.fbcdn.net\/images\/emoji.php\/v9\/t6c\/1\/16\/1f499.png","type":"","width":"","height":""}],"author":"linkoping","twitter_card":"summary_large_image","twitter_misc":{"Skriven av":"linkoping"},"schema":{"@context":"https:\/\/schema.org","@graph":[{"@type":"Article","@id":"https:\/\/wp.kristdemokraterna.se\/linkoping\/mer-samverkan-for-mindre-sjukfranvaro\/#article","isPartOf":{"@id":"https:\/\/wp.kristdemokraterna.se\/linkoping\/mer-samverkan-for-mindre-sjukfranvaro\/"},"author":{"name":"linkoping","@id":"https:\/\/wp.kristdemokraterna.se\/linkoping\/#\/schema\/person\/b0148c3c8863db76d330faa282b9521a"},"headline":"Mer samverkan f\u00f6r mindre sjukfr\u00e5nvaro","datePublished":"2020-09-22T09:04:07+00:00","dateModified":"2021-08-13T12:11:36+00:00","mainEntityOfPage":{"@id":"https:\/\/wp.kristdemokraterna.se\/linkoping\/mer-samverkan-for-mindre-sjukfranvaro\/"},"wordCount":92,"image":{"@id":"https:\/\/wp.kristdemokraterna.se\/linkoping\/mer-samverkan-for-mindre-sjukfranvaro\/#primaryimage"},"thumbnailUrl":"https:\/\/static.xx.fbcdn.net\/images\/emoji.php\/v9\/t6c\/1\/16\/1f499.png","articleSection":["arkiv"],"inLanguage":"sv-SE"},{"@type":"WebPage","@id":"https:\/\/wp.kristdemokraterna.se\/linkoping\/mer-samverkan-for-mindre-sjukfranvaro\/","url":"https:\/\/wp.kristdemokraterna.se\/linkoping\/mer-samverkan-for-mindre-sjukfranvaro\/","name":"Mer samverkan f\u00f6r mindre sjukfr\u00e5nvaro - Kristdemokraterna i Link\u00f6ping","isPartOf":{"@id":"https:\/\/wp.kristdemokraterna.se\/linkoping\/#website"},"primaryImageOfPage":{"@id":"https:\/\/wp.kristdemokraterna.se\/linkoping\/mer-samverkan-for-mindre-sjukfranvaro\/#primaryimage"},"image":{"@id":"https:\/\/wp.kristdemokraterna.se\/linkoping\/mer-samverkan-for-mindre-sjukfranvaro\/#primaryimage"},"thumbnailUrl":"https:\/\/static.xx.fbcdn.net\/images\/emoji.php\/v9\/t6c\/1\/16\/1f499.png","datePublished":"2020-09-22T09:04:07+00:00","dateModified":"2021-08-13T12:11:36+00:00","author":{"@id":"https:\/\/wp.kristdemokraterna.se\/linkoping\/#\/schema\/person\/b0148c3c8863db76d330faa282b9521a"},"breadcrumb":{"@id":"https:\/\/wp.kristdemokraterna.se\/linkoping\/mer-samverkan-for-mindre-sjukfranvaro\/#breadcrumb"},"inLanguage":"sv-SE","potentialAction":[{"@type":"ReadAction","target":["https:\/\/wp.kristdemokraterna.se\/linkoping\/mer-samverkan-for-mindre-sjukfranvaro\/"]}]},{"@type":"ImageObject","inLanguage":"sv-SE","@id":"https:\/\/wp.kristdemokraterna.se\/linkoping\/mer-samverkan-for-mindre-sjukfranvaro\/#primaryimage","url":"https:\/\/static.xx.fbcdn.net\/images\/emoji.php\/v9\/t6c\/1\/16\/1f499.png","contentUrl":"https:\/\/static.xx.fbcdn.net\/images\/emoji.php\/v9\/t6c\/1\/16\/1f499.png"},{"@type":"BreadcrumbList","@id":"https:\/\/wp.kristdemokraterna.se\/linkoping\/mer-samverkan-for-mindre-sjukfranvaro\/#breadcrumb","itemListElement":[{"@type":"ListItem","position":1,"name":"Hem","item":"https:\/\/wp.kristdemokraterna.se\/linkoping\/"},{"@type":"ListItem","position":2,"name":"Mer samverkan f\u00f6r mindre sjukfr\u00e5nvaro"}]},{"@type":"WebSite","@id":"https:\/\/wp.kristdemokraterna.se\/linkoping\/#website","url":"https:\/\/wp.kristdemokraterna.se\/linkoping\/","name":"Kristdemokraterna i Link\u00f6ping","description":"","inLanguage":"sv-SE"},{"@type":"Person","@id":"https:\/\/wp.kristdemokraterna.se\/linkoping\/#\/schema\/person\/b0148c3c8863db76d330faa282b9521a","name":"linkoping","image":{"@type":"ImageObject","inLanguage":"sv-SE","@id":"https:\/\/secure.gravatar.com\/avatar\/016e7965fec0e08fdd07b021a7d25181278d4b29b1d5bab57b16017e35421895?s=96&r=g","url":"https:\/\/secure.gravatar.com\/avatar\/016e7965fec0e08fdd07b021a7d25181278d4b29b1d5bab57b16017e35421895?s=96&r=g","contentUrl":"https:\/\/secure.gravatar.com\/avatar\/016e7965fec0e08fdd07b021a7d25181278d4b29b1d5bab57b16017e35421895?s=96&r=g","caption":"linkoping"},"sameAs":["https:\/\/www.facebook.com\/kdlinkoping\/"],"url":"https:\/\/wp.kristdemokraterna.se\/linkoping\/author\/linkoping\/"}]}},"_links":{"self":[{"href":"https:\/\/wp.kristdemokraterna.se\/linkoping\/wp-json\/wp\/v2\/posts\/1585","targetHints":{"allow":["GET"]}}],"collection":[{"href":"https:\/\/wp.kristdemokraterna.se\/linkoping\/wp-json\/wp\/v2\/posts"}],"about":[{"href":"https:\/\/wp.kristdemokraterna.se\/linkoping\/wp-json\/wp\/v2\/types\/post"}],"author":[{"embeddable":true,"href":"https:\/\/wp.kristdemokraterna.se\/linkoping\/wp-json\/wp\/v2\/users\/410"}],"replies":[{"embeddable":true,"href":"https:\/\/wp.kristdemokraterna.se\/linkoping\/wp-json\/wp\/v2\/comments?post=1585"}],"version-history":[{"count":2,"href":"https:\/\/wp.kristdemokraterna.se\/linkoping\/wp-json\/wp\/v2\/posts\/1585\/revisions"}],"predecessor-version":[{"id":1934,"href":"https:\/\/wp.kristdemokraterna.se\/linkoping\/wp-json\/wp\/v2\/posts\/1585\/revisions\/1934"}],"wp:attachment":[{"href":"https:\/\/wp.kristdemokraterna.se\/linkoping\/wp-json\/wp\/v2\/media?parent=1585"}],"wp:term":[{"taxonomy":"category","embeddable":true,"href":"https:\/\/wp.kristdemokraterna.se\/linkoping\/wp-json\/wp\/v2\/categories?post=1585"},{"taxonomy":"post_tag","embeddable":true,"href":"https:\/\/wp.kristdemokraterna.se\/linkoping\/wp-json\/wp\/v2\/tags?post=1585"}],"curies":[{"name":"wp","href":"https:\/\/api.w.org\/{rel}","templated":true}]}}