{"id":1588,"date":"2020-09-16T11:07:40","date_gmt":"2020-09-16T09:07:40","guid":{"rendered":"http:\/\/wp.kristdemokraterna.se\/linkoping\/?p=1588"},"modified":"2021-08-13T14:11:57","modified_gmt":"2021-08-13T12:11:57","slug":"nu-hojs-friskvardsbidraget","status":"publish","type":"post","link":"https:\/\/wp.kristdemokraterna.se\/linkoping\/nu-hojs-friskvardsbidraget\/","title":{"rendered":"Nu h\u00f6js friskvardsbidraget"},"content":{"rendered":"<div class=\"kvgmc6g5 cxmmr5t8 oygrvhab hcukyx3x c1et5uql ii04i59q\">\n<div dir=\"auto\">Ig\u00e5r presenterade kommunalr\u00e5det Denis\u00e9 Cassel att friskv\u00e5rdsbidraget f\u00f6r kommunanst\u00e4llda h\u00f6js med 300 kr.<\/div>\n<\/div>\n<div class=\"o9v6fnle cxmmr5t8 oygrvhab hcukyx3x c1et5uql ii04i59q\">\n<div dir=\"auto\">Hittills i \u00e5r har ungef\u00e4r 5000 medarbetare redan nyttjat den vanliga h\u00e4lsof\u00f6rm\u00e5nen och ungef\u00e4r 1000 medarbetare den extra bonusen p\u00e5 500 kr som kommunalr\u00e5det Denis\u00e9 Cassel presenterade i b\u00f6rjan av sommaren i samband med pandemin, vilket \u00e4r fantastiskt bra siffror.<\/div>\n<\/div>\n<div class=\"o9v6fnle cxmmr5t8 oygrvhab hcukyx3x c1et5uql ii04i59q\">\n<div dir=\"auto\">L\u00e4s mer h\u00e4r: <a class=\"oajrlxb2 g5ia77u1 qu0x051f esr5mh6w e9989ue4 r7d6kgcz rq0escxv nhd2j8a9 nc684nl6 p7hjln8o kvgmc6g5 cxmmr5t8 oygrvhab hcukyx3x jb3vyjys rz4wbd8a qt6c0cv9 a8nywdso i1ao9s8h esuyzwwr f1sip0of lzcic4wl py34i1dx gpro0wi8\" role=\"link\" href=\"https:\/\/www.linkoping.se\/nyheter\/nyheter\/friskvardsbidrag-hojs-for-kommunanstallda\/?fbclid=IwAR3w28V5ePPz9EWambaxXfM2PTZsPb8dYi9CgzDzqU4w9RU-SMYR1GLKqWI\" target=\"_blank\" rel=\"nofollow noopener noreferrer\">https:\/\/www.linkoping.se\/&#8230;\/friskvardsbidrag-hojs-for&#8230;\/<\/a><\/div>\n<\/div>\n","protected":false},"excerpt":{"rendered":"<p>Ig\u00e5r presenterade kommunalr\u00e5det Denis\u00e9 Cassel att friskv\u00e5rdsbidraget f\u00f6r kommunanst\u00e4llda h\u00f6js med 300 kr. Hittills i \u00e5r har ungef\u00e4r 5000 medarbetare redan nyttjat den vanliga h\u00e4lsof\u00f6rm\u00e5nen och ungef\u00e4r 1000 medarbetare den extra bonusen p\u00e5 500 kr som kommunalr\u00e5det Denis\u00e9 Cassel presenterade i b\u00f6rjan av sommaren i samband med pandemin, vilket \u00e4r fantastiskt bra siffror. L\u00e4s mer <a class=\"read-more-link\" href=\"https:\/\/wp.kristdemokraterna.se\/linkoping\/nu-hojs-friskvardsbidraget\/\">Read More<\/a><\/p>\n","protected":false},"author":410,"featured_media":0,"comment_status":"closed","ping_status":"closed","sticky":false,"template":"","format":"standard","meta":{"_acf_changed":false,"footnotes":""},"categories":[22],"tags":[],"class_list":["post-1588","post","type-post","status-publish","format-standard","hentry","category-arkiv"],"acf":[],"yoast_head":"<!-- This site is optimized with the Yoast SEO plugin v27.4 - https:\/\/yoast.com\/product\/yoast-seo-wordpress\/ -->\n<title>Nu h\u00f6js friskvardsbidraget - Kristdemokraterna i Link\u00f6ping<\/title>\n<meta name=\"robots\" content=\"index, follow, max-snippet:-1, max-image-preview:large, max-video-preview:-1\" \/>\n<link rel=\"canonical\" href=\"https:\/\/wp.kristdemokraterna.se\/linkoping\/nu-hojs-friskvardsbidraget\/\" \/>\n<meta property=\"og:locale\" content=\"sv_SE\" \/>\n<meta property=\"og:type\" content=\"article\" \/>\n<meta property=\"og:title\" content=\"Nu h\u00f6js friskvardsbidraget - Kristdemokraterna i Link\u00f6ping\" \/>\n<meta property=\"og:description\" content=\"Ig\u00e5r presenterade kommunalr\u00e5det Denis\u00e9 Cassel att friskv\u00e5rdsbidraget f\u00f6r kommunanst\u00e4llda h\u00f6js med 300 kr. Hittills i \u00e5r har ungef\u00e4r 5000 medarbetare redan nyttjat den vanliga h\u00e4lsof\u00f6rm\u00e5nen och ungef\u00e4r 1000 medarbetare den extra bonusen p\u00e5 500 kr som kommunalr\u00e5det Denis\u00e9 Cassel presenterade i b\u00f6rjan av sommaren i samband med pandemin, vilket \u00e4r fantastiskt bra siffror. L\u00e4s mer Read More\" \/>\n<meta property=\"og:url\" content=\"https:\/\/wp.kristdemokraterna.se\/linkoping\/nu-hojs-friskvardsbidraget\/\" \/>\n<meta property=\"og:site_name\" content=\"Kristdemokraterna i Link\u00f6ping\" \/>\n<meta property=\"article:author\" content=\"https:\/\/www.facebook.com\/kdlinkoping\/\" \/>\n<meta property=\"article:published_time\" content=\"2020-09-16T09:07:40+00:00\" \/>\n<meta property=\"article:modified_time\" content=\"2021-08-13T12:11:57+00:00\" \/>\n<meta name=\"author\" content=\"linkoping\" \/>\n<meta name=\"twitter:card\" content=\"summary_large_image\" \/>\n<meta name=\"twitter:label1\" content=\"Skriven av\" \/>\n\t<meta name=\"twitter:data1\" content=\"linkoping\" \/>\n<script type=\"application\/ld+json\" class=\"yoast-schema-graph\">{\"@context\":\"https:\\\/\\\/schema.org\",\"@graph\":[{\"@type\":\"Article\",\"@id\":\"https:\\\/\\\/wp.kristdemokraterna.se\\\/linkoping\\\/nu-hojs-friskvardsbidraget\\\/#article\",\"isPartOf\":{\"@id\":\"https:\\\/\\\/wp.kristdemokraterna.se\\\/linkoping\\\/nu-hojs-friskvardsbidraget\\\/\"},\"author\":{\"name\":\"linkoping\",\"@id\":\"https:\\\/\\\/wp.kristdemokraterna.se\\\/linkoping\\\/#\\\/schema\\\/person\\\/b0148c3c8863db76d330faa282b9521a\"},\"headline\":\"Nu h\u00f6js friskvardsbidraget\",\"datePublished\":\"2020-09-16T09:07:40+00:00\",\"dateModified\":\"2021-08-13T12:11:57+00:00\",\"mainEntityOfPage\":{\"@id\":\"https:\\\/\\\/wp.kristdemokraterna.se\\\/linkoping\\\/nu-hojs-friskvardsbidraget\\\/\"},\"wordCount\":76,\"articleSection\":[\"arkiv\"],\"inLanguage\":\"sv-SE\"},{\"@type\":\"WebPage\",\"@id\":\"https:\\\/\\\/wp.kristdemokraterna.se\\\/linkoping\\\/nu-hojs-friskvardsbidraget\\\/\",\"url\":\"https:\\\/\\\/wp.kristdemokraterna.se\\\/linkoping\\\/nu-hojs-friskvardsbidraget\\\/\",\"name\":\"Nu h\u00f6js friskvardsbidraget - Kristdemokraterna i Link\u00f6ping\",\"isPartOf\":{\"@id\":\"https:\\\/\\\/wp.kristdemokraterna.se\\\/linkoping\\\/#website\"},\"datePublished\":\"2020-09-16T09:07:40+00:00\",\"dateModified\":\"2021-08-13T12:11:57+00:00\",\"author\":{\"@id\":\"https:\\\/\\\/wp.kristdemokraterna.se\\\/linkoping\\\/#\\\/schema\\\/person\\\/b0148c3c8863db76d330faa282b9521a\"},\"breadcrumb\":{\"@id\":\"https:\\\/\\\/wp.kristdemokraterna.se\\\/linkoping\\\/nu-hojs-friskvardsbidraget\\\/#breadcrumb\"},\"inLanguage\":\"sv-SE\",\"potentialAction\":[{\"@type\":\"ReadAction\",\"target\":[\"https:\\\/\\\/wp.kristdemokraterna.se\\\/linkoping\\\/nu-hojs-friskvardsbidraget\\\/\"]}]},{\"@type\":\"BreadcrumbList\",\"@id\":\"https:\\\/\\\/wp.kristdemokraterna.se\\\/linkoping\\\/nu-hojs-friskvardsbidraget\\\/#breadcrumb\",\"itemListElement\":[{\"@type\":\"ListItem\",\"position\":1,\"name\":\"Hem\",\"item\":\"https:\\\/\\\/wp.kristdemokraterna.se\\\/linkoping\\\/\"},{\"@type\":\"ListItem\",\"position\":2,\"name\":\"Nu h\u00f6js friskvardsbidraget\"}]},{\"@type\":\"WebSite\",\"@id\":\"https:\\\/\\\/wp.kristdemokraterna.se\\\/linkoping\\\/#website\",\"url\":\"https:\\\/\\\/wp.kristdemokraterna.se\\\/linkoping\\\/\",\"name\":\"Kristdemokraterna i Link\u00f6ping\",\"description\":\"\",\"inLanguage\":\"sv-SE\"},{\"@type\":\"Person\",\"@id\":\"https:\\\/\\\/wp.kristdemokraterna.se\\\/linkoping\\\/#\\\/schema\\\/person\\\/b0148c3c8863db76d330faa282b9521a\",\"name\":\"linkoping\",\"image\":{\"@type\":\"ImageObject\",\"inLanguage\":\"sv-SE\",\"@id\":\"https:\\\/\\\/secure.gravatar.com\\\/avatar\\\/016e7965fec0e08fdd07b021a7d25181278d4b29b1d5bab57b16017e35421895?s=96&r=g\",\"url\":\"https:\\\/\\\/secure.gravatar.com\\\/avatar\\\/016e7965fec0e08fdd07b021a7d25181278d4b29b1d5bab57b16017e35421895?s=96&r=g\",\"contentUrl\":\"https:\\\/\\\/secure.gravatar.com\\\/avatar\\\/016e7965fec0e08fdd07b021a7d25181278d4b29b1d5bab57b16017e35421895?s=96&r=g\",\"caption\":\"linkoping\"},\"sameAs\":[\"https:\\\/\\\/www.facebook.com\\\/kdlinkoping\\\/\"],\"url\":\"https:\\\/\\\/wp.kristdemokraterna.se\\\/linkoping\\\/author\\\/linkoping\\\/\"}]}<\/script>\n<!-- \/ Yoast SEO plugin. -->","yoast_head_json":{"title":"Nu h\u00f6js friskvardsbidraget - Kristdemokraterna i Link\u00f6ping","robots":{"index":"index","follow":"follow","max-snippet":"max-snippet:-1","max-image-preview":"max-image-preview:large","max-video-preview":"max-video-preview:-1"},"canonical":"https:\/\/wp.kristdemokraterna.se\/linkoping\/nu-hojs-friskvardsbidraget\/","og_locale":"sv_SE","og_type":"article","og_title":"Nu h\u00f6js friskvardsbidraget - Kristdemokraterna i Link\u00f6ping","og_description":"Ig\u00e5r presenterade kommunalr\u00e5det Denis\u00e9 Cassel att friskv\u00e5rdsbidraget f\u00f6r kommunanst\u00e4llda h\u00f6js med 300 kr. Hittills i \u00e5r har ungef\u00e4r 5000 medarbetare redan nyttjat den vanliga h\u00e4lsof\u00f6rm\u00e5nen och ungef\u00e4r 1000 medarbetare den extra bonusen p\u00e5 500 kr som kommunalr\u00e5det Denis\u00e9 Cassel presenterade i b\u00f6rjan av sommaren i samband med pandemin, vilket \u00e4r fantastiskt bra siffror. L\u00e4s mer Read More","og_url":"https:\/\/wp.kristdemokraterna.se\/linkoping\/nu-hojs-friskvardsbidraget\/","og_site_name":"Kristdemokraterna i Link\u00f6ping","article_author":"https:\/\/www.facebook.com\/kdlinkoping\/","article_published_time":"2020-09-16T09:07:40+00:00","article_modified_time":"2021-08-13T12:11:57+00:00","author":"linkoping","twitter_card":"summary_large_image","twitter_misc":{"Skriven av":"linkoping"},"schema":{"@context":"https:\/\/schema.org","@graph":[{"@type":"Article","@id":"https:\/\/wp.kristdemokraterna.se\/linkoping\/nu-hojs-friskvardsbidraget\/#article","isPartOf":{"@id":"https:\/\/wp.kristdemokraterna.se\/linkoping\/nu-hojs-friskvardsbidraget\/"},"author":{"name":"linkoping","@id":"https:\/\/wp.kristdemokraterna.se\/linkoping\/#\/schema\/person\/b0148c3c8863db76d330faa282b9521a"},"headline":"Nu h\u00f6js friskvardsbidraget","datePublished":"2020-09-16T09:07:40+00:00","dateModified":"2021-08-13T12:11:57+00:00","mainEntityOfPage":{"@id":"https:\/\/wp.kristdemokraterna.se\/linkoping\/nu-hojs-friskvardsbidraget\/"},"wordCount":76,"articleSection":["arkiv"],"inLanguage":"sv-SE"},{"@type":"WebPage","@id":"https:\/\/wp.kristdemokraterna.se\/linkoping\/nu-hojs-friskvardsbidraget\/","url":"https:\/\/wp.kristdemokraterna.se\/linkoping\/nu-hojs-friskvardsbidraget\/","name":"Nu h\u00f6js friskvardsbidraget - Kristdemokraterna i Link\u00f6ping","isPartOf":{"@id":"https:\/\/wp.kristdemokraterna.se\/linkoping\/#website"},"datePublished":"2020-09-16T09:07:40+00:00","dateModified":"2021-08-13T12:11:57+00:00","author":{"@id":"https:\/\/wp.kristdemokraterna.se\/linkoping\/#\/schema\/person\/b0148c3c8863db76d330faa282b9521a"},"breadcrumb":{"@id":"https:\/\/wp.kristdemokraterna.se\/linkoping\/nu-hojs-friskvardsbidraget\/#breadcrumb"},"inLanguage":"sv-SE","potentialAction":[{"@type":"ReadAction","target":["https:\/\/wp.kristdemokraterna.se\/linkoping\/nu-hojs-friskvardsbidraget\/"]}]},{"@type":"BreadcrumbList","@id":"https:\/\/wp.kristdemokraterna.se\/linkoping\/nu-hojs-friskvardsbidraget\/#breadcrumb","itemListElement":[{"@type":"ListItem","position":1,"name":"Hem","item":"https:\/\/wp.kristdemokraterna.se\/linkoping\/"},{"@type":"ListItem","position":2,"name":"Nu h\u00f6js friskvardsbidraget"}]},{"@type":"WebSite","@id":"https:\/\/wp.kristdemokraterna.se\/linkoping\/#website","url":"https:\/\/wp.kristdemokraterna.se\/linkoping\/","name":"Kristdemokraterna i Link\u00f6ping","description":"","inLanguage":"sv-SE"},{"@type":"Person","@id":"https:\/\/wp.kristdemokraterna.se\/linkoping\/#\/schema\/person\/b0148c3c8863db76d330faa282b9521a","name":"linkoping","image":{"@type":"ImageObject","inLanguage":"sv-SE","@id":"https:\/\/secure.gravatar.com\/avatar\/016e7965fec0e08fdd07b021a7d25181278d4b29b1d5bab57b16017e35421895?s=96&r=g","url":"https:\/\/secure.gravatar.com\/avatar\/016e7965fec0e08fdd07b021a7d25181278d4b29b1d5bab57b16017e35421895?s=96&r=g","contentUrl":"https:\/\/secure.gravatar.com\/avatar\/016e7965fec0e08fdd07b021a7d25181278d4b29b1d5bab57b16017e35421895?s=96&r=g","caption":"linkoping"},"sameAs":["https:\/\/www.facebook.com\/kdlinkoping\/"],"url":"https:\/\/wp.kristdemokraterna.se\/linkoping\/author\/linkoping\/"}]}},"_links":{"self":[{"href":"https:\/\/wp.kristdemokraterna.se\/linkoping\/wp-json\/wp\/v2\/posts\/1588","targetHints":{"allow":["GET"]}}],"collection":[{"href":"https:\/\/wp.kristdemokraterna.se\/linkoping\/wp-json\/wp\/v2\/posts"}],"about":[{"href":"https:\/\/wp.kristdemokraterna.se\/linkoping\/wp-json\/wp\/v2\/types\/post"}],"author":[{"embeddable":true,"href":"https:\/\/wp.kristdemokraterna.se\/linkoping\/wp-json\/wp\/v2\/users\/410"}],"replies":[{"embeddable":true,"href":"https:\/\/wp.kristdemokraterna.se\/linkoping\/wp-json\/wp\/v2\/comments?post=1588"}],"version-history":[{"count":2,"href":"https:\/\/wp.kristdemokraterna.se\/linkoping\/wp-json\/wp\/v2\/posts\/1588\/revisions"}],"predecessor-version":[{"id":1935,"href":"https:\/\/wp.kristdemokraterna.se\/linkoping\/wp-json\/wp\/v2\/posts\/1588\/revisions\/1935"}],"wp:attachment":[{"href":"https:\/\/wp.kristdemokraterna.se\/linkoping\/wp-json\/wp\/v2\/media?parent=1588"}],"wp:term":[{"taxonomy":"category","embeddable":true,"href":"https:\/\/wp.kristdemokraterna.se\/linkoping\/wp-json\/wp\/v2\/categories?post=1588"},{"taxonomy":"post_tag","embeddable":true,"href":"https:\/\/wp.kristdemokraterna.se\/linkoping\/wp-json\/wp\/v2\/tags?post=1588"}],"curies":[{"name":"wp","href":"https:\/\/api.w.org\/{rel}","templated":true}]}}