{"id":1592,"date":"2020-11-03T09:46:19","date_gmt":"2020-11-03T08:46:19","guid":{"rendered":"http:\/\/wp.kristdemokraterna.se\/linkoping\/?p=1592"},"modified":"2021-08-13T14:09:27","modified_gmt":"2021-08-13T12:09:27","slug":"dags-att-samhallet-bekampar-islamism","status":"publish","type":"post","link":"https:\/\/wp.kristdemokraterna.se\/linkoping\/dags-att-samhallet-bekampar-islamism\/","title":{"rendered":"Dags att samh\u00e4llet bek\u00e4mpar islamism"},"content":{"rendered":"<div class=\"kvgmc6g5 cxmmr5t8 oygrvhab hcukyx3x c1et5uql ii04i59q\">\n<div dir=\"auto\">Idag skriver kommunalr\u00e5det Denis\u00e9 Cassel tillsammans med religionprofessorn Kjell O Lejon i G\u00f6teborgsposten om hur Sverige ska f\u00f6lja Frankrikes exempel och genom lagstiftning ta fram flera \u00e5tg\u00e4rder f\u00f6r att minska radikal islamism.<\/div>\n<\/div>\n<div class=\"o9v6fnle cxmmr5t8 oygrvhab hcukyx3x c1et5uql ii04i59q\">\n<div dir=\"auto\"><\/div>\n<\/div>\n<div class=\"o9v6fnle cxmmr5t8 oygrvhab hcukyx3x c1et5uql ii04i59q\">\n<div dir=\"auto\">\n<p>Det finns tyv\u00e4rr inga garantier f\u00f6r att liknande d\u00e5d som skett i Frankrike inte kommer intr\u00e4ffa i Sverige inom n\u00e4rtid. Fler politiska ledare beh\u00f6ver f\u00f6lja Macrons exempel och vidk\u00e4nnas den islamistiska extremismen som \u00e4r p\u00e5 frammarsch i Europa.<\/p>\n<\/div>\n<\/div>\n<div class=\"o9v6fnle cxmmr5t8 oygrvhab hcukyx3x c1et5uql ii04i59q\">\n<div dir=\"auto\">L\u00e4s artikeln h\u00e4r:<\/div>\n<div dir=\"auto\"><a class=\"oajrlxb2 g5ia77u1 qu0x051f esr5mh6w e9989ue4 r7d6kgcz rq0escxv nhd2j8a9 nc684nl6 p7hjln8o kvgmc6g5 cxmmr5t8 oygrvhab hcukyx3x jb3vyjys rz4wbd8a qt6c0cv9 a8nywdso i1ao9s8h esuyzwwr f1sip0of lzcic4wl py34i1dx gpro0wi8\" role=\"link\" href=\"https:\/\/www.gp.se\/debatt\/h%C3%B6g-tid-att-sverige-bek%C3%A4mpar-islamiseringen-med-lagstiftning-1.36515800?fbclid=IwAR0-37Snx-dmMnFtYCkajBjWpNPbxdxKcNwDs5LIfgS3Jq70avW_ZOlbzNQ\" target=\"_blank\" rel=\"nofollow noopener noreferrer\">https:\/\/www.gp.se\/&#8230;\/h%C3%B6g-tid-att-sverige-bek%C3&#8230;<\/a><\/div>\n<\/div>\n","protected":false},"excerpt":{"rendered":"<p>Idag skriver kommunalr\u00e5det Denis\u00e9 Cassel tillsammans med religionprofessorn Kjell O Lejon i G\u00f6teborgsposten om hur Sverige ska f\u00f6lja Frankrikes exempel och genom lagstiftning ta fram flera \u00e5tg\u00e4rder f\u00f6r att minska radikal islamism. Det finns tyv\u00e4rr inga garantier f\u00f6r att liknande d\u00e5d som skett i Frankrike inte kommer intr\u00e4ffa i Sverige inom n\u00e4rtid. Fler politiska ledare <a class=\"read-more-link\" href=\"https:\/\/wp.kristdemokraterna.se\/linkoping\/dags-att-samhallet-bekampar-islamism\/\">Read More<\/a><\/p>\n","protected":false},"author":410,"featured_media":0,"comment_status":"closed","ping_status":"closed","sticky":false,"template":"","format":"standard","meta":{"_acf_changed":false,"footnotes":""},"categories":[22],"tags":[],"class_list":["post-1592","post","type-post","status-publish","format-standard","hentry","category-arkiv"],"acf":[],"yoast_head":"<!-- This site is optimized with the Yoast SEO plugin v27.4 - https:\/\/yoast.com\/product\/yoast-seo-wordpress\/ -->\n<title>Dags att samh\u00e4llet bek\u00e4mpar islamism - Kristdemokraterna i Link\u00f6ping<\/title>\n<meta name=\"robots\" content=\"index, follow, max-snippet:-1, max-image-preview:large, max-video-preview:-1\" \/>\n<link rel=\"canonical\" href=\"https:\/\/wp.kristdemokraterna.se\/linkoping\/dags-att-samhallet-bekampar-islamism\/\" \/>\n<meta property=\"og:locale\" content=\"sv_SE\" \/>\n<meta property=\"og:type\" content=\"article\" \/>\n<meta property=\"og:title\" content=\"Dags att samh\u00e4llet bek\u00e4mpar islamism - Kristdemokraterna i Link\u00f6ping\" \/>\n<meta property=\"og:description\" content=\"Idag skriver kommunalr\u00e5det Denis\u00e9 Cassel tillsammans med religionprofessorn Kjell O Lejon i G\u00f6teborgsposten om hur Sverige ska f\u00f6lja Frankrikes exempel och genom lagstiftning ta fram flera \u00e5tg\u00e4rder f\u00f6r att minska radikal islamism. Det finns tyv\u00e4rr inga garantier f\u00f6r att liknande d\u00e5d som skett i Frankrike inte kommer intr\u00e4ffa i Sverige inom n\u00e4rtid. Fler politiska ledare Read More\" \/>\n<meta property=\"og:url\" content=\"https:\/\/wp.kristdemokraterna.se\/linkoping\/dags-att-samhallet-bekampar-islamism\/\" \/>\n<meta property=\"og:site_name\" content=\"Kristdemokraterna i Link\u00f6ping\" \/>\n<meta property=\"article:author\" content=\"https:\/\/www.facebook.com\/kdlinkoping\/\" \/>\n<meta property=\"article:published_time\" content=\"2020-11-03T08:46:19+00:00\" \/>\n<meta property=\"article:modified_time\" content=\"2021-08-13T12:09:27+00:00\" \/>\n<meta name=\"author\" content=\"linkoping\" \/>\n<meta name=\"twitter:card\" content=\"summary_large_image\" \/>\n<meta name=\"twitter:label1\" content=\"Skriven av\" \/>\n\t<meta name=\"twitter:data1\" content=\"linkoping\" \/>\n<script type=\"application\/ld+json\" class=\"yoast-schema-graph\">{\"@context\":\"https:\\\/\\\/schema.org\",\"@graph\":[{\"@type\":\"Article\",\"@id\":\"https:\\\/\\\/wp.kristdemokraterna.se\\\/linkoping\\\/dags-att-samhallet-bekampar-islamism\\\/#article\",\"isPartOf\":{\"@id\":\"https:\\\/\\\/wp.kristdemokraterna.se\\\/linkoping\\\/dags-att-samhallet-bekampar-islamism\\\/\"},\"author\":{\"name\":\"linkoping\",\"@id\":\"https:\\\/\\\/wp.kristdemokraterna.se\\\/linkoping\\\/#\\\/schema\\\/person\\\/b0148c3c8863db76d330faa282b9521a\"},\"headline\":\"Dags att samh\u00e4llet bek\u00e4mpar islamism\",\"datePublished\":\"2020-11-03T08:46:19+00:00\",\"dateModified\":\"2021-08-13T12:09:27+00:00\",\"mainEntityOfPage\":{\"@id\":\"https:\\\/\\\/wp.kristdemokraterna.se\\\/linkoping\\\/dags-att-samhallet-bekampar-islamism\\\/\"},\"wordCount\":104,\"articleSection\":[\"arkiv\"],\"inLanguage\":\"sv-SE\"},{\"@type\":\"WebPage\",\"@id\":\"https:\\\/\\\/wp.kristdemokraterna.se\\\/linkoping\\\/dags-att-samhallet-bekampar-islamism\\\/\",\"url\":\"https:\\\/\\\/wp.kristdemokraterna.se\\\/linkoping\\\/dags-att-samhallet-bekampar-islamism\\\/\",\"name\":\"Dags att samh\u00e4llet bek\u00e4mpar islamism - Kristdemokraterna i Link\u00f6ping\",\"isPartOf\":{\"@id\":\"https:\\\/\\\/wp.kristdemokraterna.se\\\/linkoping\\\/#website\"},\"datePublished\":\"2020-11-03T08:46:19+00:00\",\"dateModified\":\"2021-08-13T12:09:27+00:00\",\"author\":{\"@id\":\"https:\\\/\\\/wp.kristdemokraterna.se\\\/linkoping\\\/#\\\/schema\\\/person\\\/b0148c3c8863db76d330faa282b9521a\"},\"breadcrumb\":{\"@id\":\"https:\\\/\\\/wp.kristdemokraterna.se\\\/linkoping\\\/dags-att-samhallet-bekampar-islamism\\\/#breadcrumb\"},\"inLanguage\":\"sv-SE\",\"potentialAction\":[{\"@type\":\"ReadAction\",\"target\":[\"https:\\\/\\\/wp.kristdemokraterna.se\\\/linkoping\\\/dags-att-samhallet-bekampar-islamism\\\/\"]}]},{\"@type\":\"BreadcrumbList\",\"@id\":\"https:\\\/\\\/wp.kristdemokraterna.se\\\/linkoping\\\/dags-att-samhallet-bekampar-islamism\\\/#breadcrumb\",\"itemListElement\":[{\"@type\":\"ListItem\",\"position\":1,\"name\":\"Hem\",\"item\":\"https:\\\/\\\/wp.kristdemokraterna.se\\\/linkoping\\\/\"},{\"@type\":\"ListItem\",\"position\":2,\"name\":\"Dags att samh\u00e4llet bek\u00e4mpar islamism\"}]},{\"@type\":\"WebSite\",\"@id\":\"https:\\\/\\\/wp.kristdemokraterna.se\\\/linkoping\\\/#website\",\"url\":\"https:\\\/\\\/wp.kristdemokraterna.se\\\/linkoping\\\/\",\"name\":\"Kristdemokraterna i Link\u00f6ping\",\"description\":\"\",\"inLanguage\":\"sv-SE\"},{\"@type\":\"Person\",\"@id\":\"https:\\\/\\\/wp.kristdemokraterna.se\\\/linkoping\\\/#\\\/schema\\\/person\\\/b0148c3c8863db76d330faa282b9521a\",\"name\":\"linkoping\",\"image\":{\"@type\":\"ImageObject\",\"inLanguage\":\"sv-SE\",\"@id\":\"https:\\\/\\\/secure.gravatar.com\\\/avatar\\\/016e7965fec0e08fdd07b021a7d25181278d4b29b1d5bab57b16017e35421895?s=96&r=g\",\"url\":\"https:\\\/\\\/secure.gravatar.com\\\/avatar\\\/016e7965fec0e08fdd07b021a7d25181278d4b29b1d5bab57b16017e35421895?s=96&r=g\",\"contentUrl\":\"https:\\\/\\\/secure.gravatar.com\\\/avatar\\\/016e7965fec0e08fdd07b021a7d25181278d4b29b1d5bab57b16017e35421895?s=96&r=g\",\"caption\":\"linkoping\"},\"sameAs\":[\"https:\\\/\\\/www.facebook.com\\\/kdlinkoping\\\/\"],\"url\":\"https:\\\/\\\/wp.kristdemokraterna.se\\\/linkoping\\\/author\\\/linkoping\\\/\"}]}<\/script>\n<!-- \/ Yoast SEO plugin. -->","yoast_head_json":{"title":"Dags att samh\u00e4llet bek\u00e4mpar islamism - Kristdemokraterna i Link\u00f6ping","robots":{"index":"index","follow":"follow","max-snippet":"max-snippet:-1","max-image-preview":"max-image-preview:large","max-video-preview":"max-video-preview:-1"},"canonical":"https:\/\/wp.kristdemokraterna.se\/linkoping\/dags-att-samhallet-bekampar-islamism\/","og_locale":"sv_SE","og_type":"article","og_title":"Dags att samh\u00e4llet bek\u00e4mpar islamism - Kristdemokraterna i Link\u00f6ping","og_description":"Idag skriver kommunalr\u00e5det Denis\u00e9 Cassel tillsammans med religionprofessorn Kjell O Lejon i G\u00f6teborgsposten om hur Sverige ska f\u00f6lja Frankrikes exempel och genom lagstiftning ta fram flera \u00e5tg\u00e4rder f\u00f6r att minska radikal islamism. Det finns tyv\u00e4rr inga garantier f\u00f6r att liknande d\u00e5d som skett i Frankrike inte kommer intr\u00e4ffa i Sverige inom n\u00e4rtid. Fler politiska ledare Read More","og_url":"https:\/\/wp.kristdemokraterna.se\/linkoping\/dags-att-samhallet-bekampar-islamism\/","og_site_name":"Kristdemokraterna i Link\u00f6ping","article_author":"https:\/\/www.facebook.com\/kdlinkoping\/","article_published_time":"2020-11-03T08:46:19+00:00","article_modified_time":"2021-08-13T12:09:27+00:00","author":"linkoping","twitter_card":"summary_large_image","twitter_misc":{"Skriven av":"linkoping"},"schema":{"@context":"https:\/\/schema.org","@graph":[{"@type":"Article","@id":"https:\/\/wp.kristdemokraterna.se\/linkoping\/dags-att-samhallet-bekampar-islamism\/#article","isPartOf":{"@id":"https:\/\/wp.kristdemokraterna.se\/linkoping\/dags-att-samhallet-bekampar-islamism\/"},"author":{"name":"linkoping","@id":"https:\/\/wp.kristdemokraterna.se\/linkoping\/#\/schema\/person\/b0148c3c8863db76d330faa282b9521a"},"headline":"Dags att samh\u00e4llet bek\u00e4mpar islamism","datePublished":"2020-11-03T08:46:19+00:00","dateModified":"2021-08-13T12:09:27+00:00","mainEntityOfPage":{"@id":"https:\/\/wp.kristdemokraterna.se\/linkoping\/dags-att-samhallet-bekampar-islamism\/"},"wordCount":104,"articleSection":["arkiv"],"inLanguage":"sv-SE"},{"@type":"WebPage","@id":"https:\/\/wp.kristdemokraterna.se\/linkoping\/dags-att-samhallet-bekampar-islamism\/","url":"https:\/\/wp.kristdemokraterna.se\/linkoping\/dags-att-samhallet-bekampar-islamism\/","name":"Dags att samh\u00e4llet bek\u00e4mpar islamism - Kristdemokraterna i Link\u00f6ping","isPartOf":{"@id":"https:\/\/wp.kristdemokraterna.se\/linkoping\/#website"},"datePublished":"2020-11-03T08:46:19+00:00","dateModified":"2021-08-13T12:09:27+00:00","author":{"@id":"https:\/\/wp.kristdemokraterna.se\/linkoping\/#\/schema\/person\/b0148c3c8863db76d330faa282b9521a"},"breadcrumb":{"@id":"https:\/\/wp.kristdemokraterna.se\/linkoping\/dags-att-samhallet-bekampar-islamism\/#breadcrumb"},"inLanguage":"sv-SE","potentialAction":[{"@type":"ReadAction","target":["https:\/\/wp.kristdemokraterna.se\/linkoping\/dags-att-samhallet-bekampar-islamism\/"]}]},{"@type":"BreadcrumbList","@id":"https:\/\/wp.kristdemokraterna.se\/linkoping\/dags-att-samhallet-bekampar-islamism\/#breadcrumb","itemListElement":[{"@type":"ListItem","position":1,"name":"Hem","item":"https:\/\/wp.kristdemokraterna.se\/linkoping\/"},{"@type":"ListItem","position":2,"name":"Dags att samh\u00e4llet bek\u00e4mpar islamism"}]},{"@type":"WebSite","@id":"https:\/\/wp.kristdemokraterna.se\/linkoping\/#website","url":"https:\/\/wp.kristdemokraterna.se\/linkoping\/","name":"Kristdemokraterna i Link\u00f6ping","description":"","inLanguage":"sv-SE"},{"@type":"Person","@id":"https:\/\/wp.kristdemokraterna.se\/linkoping\/#\/schema\/person\/b0148c3c8863db76d330faa282b9521a","name":"linkoping","image":{"@type":"ImageObject","inLanguage":"sv-SE","@id":"https:\/\/secure.gravatar.com\/avatar\/016e7965fec0e08fdd07b021a7d25181278d4b29b1d5bab57b16017e35421895?s=96&r=g","url":"https:\/\/secure.gravatar.com\/avatar\/016e7965fec0e08fdd07b021a7d25181278d4b29b1d5bab57b16017e35421895?s=96&r=g","contentUrl":"https:\/\/secure.gravatar.com\/avatar\/016e7965fec0e08fdd07b021a7d25181278d4b29b1d5bab57b16017e35421895?s=96&r=g","caption":"linkoping"},"sameAs":["https:\/\/www.facebook.com\/kdlinkoping\/"],"url":"https:\/\/wp.kristdemokraterna.se\/linkoping\/author\/linkoping\/"}]}},"_links":{"self":[{"href":"https:\/\/wp.kristdemokraterna.se\/linkoping\/wp-json\/wp\/v2\/posts\/1592","targetHints":{"allow":["GET"]}}],"collection":[{"href":"https:\/\/wp.kristdemokraterna.se\/linkoping\/wp-json\/wp\/v2\/posts"}],"about":[{"href":"https:\/\/wp.kristdemokraterna.se\/linkoping\/wp-json\/wp\/v2\/types\/post"}],"author":[{"embeddable":true,"href":"https:\/\/wp.kristdemokraterna.se\/linkoping\/wp-json\/wp\/v2\/users\/410"}],"replies":[{"embeddable":true,"href":"https:\/\/wp.kristdemokraterna.se\/linkoping\/wp-json\/wp\/v2\/comments?post=1592"}],"version-history":[{"count":4,"href":"https:\/\/wp.kristdemokraterna.se\/linkoping\/wp-json\/wp\/v2\/posts\/1592\/revisions"}],"predecessor-version":[{"id":1929,"href":"https:\/\/wp.kristdemokraterna.se\/linkoping\/wp-json\/wp\/v2\/posts\/1592\/revisions\/1929"}],"wp:attachment":[{"href":"https:\/\/wp.kristdemokraterna.se\/linkoping\/wp-json\/wp\/v2\/media?parent=1592"}],"wp:term":[{"taxonomy":"category","embeddable":true,"href":"https:\/\/wp.kristdemokraterna.se\/linkoping\/wp-json\/wp\/v2\/categories?post=1592"},{"taxonomy":"post_tag","embeddable":true,"href":"https:\/\/wp.kristdemokraterna.se\/linkoping\/wp-json\/wp\/v2\/tags?post=1592"}],"curies":[{"name":"wp","href":"https:\/\/api.w.org\/{rel}","templated":true}]}}