{"id":1596,"date":"2020-10-30T09:49:43","date_gmt":"2020-10-30T08:49:43","guid":{"rendered":"http:\/\/wp.kristdemokraterna.se\/linkoping\/?p=1596"},"modified":"2021-08-13T14:09:37","modified_gmt":"2021-08-13T12:09:37","slug":"foraldrar-vet-bast","status":"publish","type":"post","link":"https:\/\/wp.kristdemokraterna.se\/linkoping\/foraldrar-vet-bast\/","title":{"rendered":"F\u00f6r\u00e4ldrar vet b\u00e4st"},"content":{"rendered":"<div class=\"kvgmc6g5 cxmmr5t8 oygrvhab hcukyx3x c1et5uql ii04i59q\">\n<div dir=\"auto\">V\u00e5rt kommunalr\u00e5d Denis\u00e9 Cassel och barn-och ungdomsn\u00e4mndens ledamot Henrik Blosfeld(KD) skriver i dagens Corren med anledning av socialdemokraternas motion till riksdagen om att inf\u00f6ra obligatorisk f\u00f6rskola fr\u00e5n och med tv\u00e5 \u00e5r.<\/div>\n<div dir=\"auto\"><\/div>\n<\/div>\n<div class=\"o9v6fnle cxmmr5t8 oygrvhab hcukyx3x c1et5uql ii04i59q\">\n<div dir=\"auto\">Motionen ger dels intrycket av att alla barn \u00e4r lika och d\u00e4rf\u00f6r kan behandlas p\u00e5 samma s\u00e4tt, och dels att staten vet b\u00e4ttre \u00e4n Sveriges f\u00f6r\u00e4ldrar vad som \u00e4r b\u00e4st f\u00f6r barnet.<\/div>\n<\/div>\n<div class=\"o9v6fnle cxmmr5t8 oygrvhab hcukyx3x c1et5uql ii04i59q\">\n<div dir=\"auto\">Vi Kristdemokrater vet att alla familjer \u00e4r olika och vi beh\u00f6ver lita p\u00e5 att f\u00f6r\u00e4ldrar fattar de b\u00e4sta besluten f\u00f6r sina barn utifr\u00e5n de alternativ som samh\u00e4llet erbjuder.<\/div>\n<div dir=\"auto\"><\/div>\n<\/div>\n<div class=\"o9v6fnle cxmmr5t8 oygrvhab hcukyx3x c1et5uql ii04i59q\">\n<div dir=\"auto\">L\u00e4s g\u00e4rna artikeln h\u00e4r: <a class=\"oajrlxb2 g5ia77u1 qu0x051f esr5mh6w e9989ue4 r7d6kgcz rq0escxv nhd2j8a9 nc684nl6 p7hjln8o kvgmc6g5 cxmmr5t8 oygrvhab hcukyx3x jb3vyjys rz4wbd8a qt6c0cv9 a8nywdso i1ao9s8h esuyzwwr f1sip0of lzcic4wl py34i1dx gpro0wi8\" role=\"link\" href=\"https:\/\/corren.se\/nyheter\/artikel\/sveriges-foraldrar-vet-bast-sjalva\/wl66pxzl?fbclid=IwAR0qZe_jVpsb4ROYDVbD2I9WrsOTazfEXIZabXjdQGyOgTuS0RTEi3-AG4w\" target=\"_blank\" rel=\"nofollow noopener noreferrer\">https:\/\/corren.se\/&#8230;\/sveriges-foraldrar-vet&#8230;\/wl66pxzl<\/a><\/div>\n<\/div>\n","protected":false},"excerpt":{"rendered":"<p>V\u00e5rt kommunalr\u00e5d Denis\u00e9 Cassel och barn-och ungdomsn\u00e4mndens ledamot Henrik Blosfeld(KD) skriver i dagens Corren med anledning av socialdemokraternas motion till riksdagen om att inf\u00f6ra obligatorisk f\u00f6rskola fr\u00e5n och med tv\u00e5 \u00e5r. Motionen ger dels intrycket av att alla barn \u00e4r lika och d\u00e4rf\u00f6r kan behandlas p\u00e5 samma s\u00e4tt, och dels att staten vet b\u00e4ttre \u00e4n <a class=\"read-more-link\" href=\"https:\/\/wp.kristdemokraterna.se\/linkoping\/foraldrar-vet-bast\/\">Read More<\/a><\/p>\n","protected":false},"author":410,"featured_media":0,"comment_status":"closed","ping_status":"closed","sticky":false,"template":"","format":"standard","meta":{"_acf_changed":false,"footnotes":""},"categories":[22],"tags":[],"class_list":["post-1596","post","type-post","status-publish","format-standard","hentry","category-arkiv"],"acf":[],"yoast_head":"<!-- This site is optimized with the Yoast SEO plugin v27.4 - https:\/\/yoast.com\/product\/yoast-seo-wordpress\/ -->\n<title>F\u00f6r\u00e4ldrar vet b\u00e4st - Kristdemokraterna i Link\u00f6ping<\/title>\n<meta name=\"robots\" content=\"index, follow, max-snippet:-1, max-image-preview:large, max-video-preview:-1\" \/>\n<link rel=\"canonical\" href=\"https:\/\/wp.kristdemokraterna.se\/linkoping\/foraldrar-vet-bast\/\" \/>\n<meta property=\"og:locale\" content=\"sv_SE\" \/>\n<meta property=\"og:type\" content=\"article\" \/>\n<meta property=\"og:title\" content=\"F\u00f6r\u00e4ldrar vet b\u00e4st - Kristdemokraterna i Link\u00f6ping\" \/>\n<meta property=\"og:description\" content=\"V\u00e5rt kommunalr\u00e5d Denis\u00e9 Cassel och barn-och ungdomsn\u00e4mndens ledamot Henrik Blosfeld(KD) skriver i dagens Corren med anledning av socialdemokraternas motion till riksdagen om att inf\u00f6ra obligatorisk f\u00f6rskola fr\u00e5n och med tv\u00e5 \u00e5r. Motionen ger dels intrycket av att alla barn \u00e4r lika och d\u00e4rf\u00f6r kan behandlas p\u00e5 samma s\u00e4tt, och dels att staten vet b\u00e4ttre \u00e4n Read More\" \/>\n<meta property=\"og:url\" content=\"https:\/\/wp.kristdemokraterna.se\/linkoping\/foraldrar-vet-bast\/\" \/>\n<meta property=\"og:site_name\" content=\"Kristdemokraterna i Link\u00f6ping\" \/>\n<meta property=\"article:author\" content=\"https:\/\/www.facebook.com\/kdlinkoping\/\" \/>\n<meta property=\"article:published_time\" content=\"2020-10-30T08:49:43+00:00\" \/>\n<meta property=\"article:modified_time\" content=\"2021-08-13T12:09:37+00:00\" \/>\n<meta name=\"author\" content=\"linkoping\" \/>\n<meta name=\"twitter:card\" content=\"summary_large_image\" \/>\n<meta name=\"twitter:label1\" content=\"Skriven av\" \/>\n\t<meta name=\"twitter:data1\" content=\"linkoping\" \/>\n\t<meta name=\"twitter:label2\" content=\"Ber\u00e4knad l\u00e4stid\" \/>\n\t<meta name=\"twitter:data2\" content=\"1 minut\" \/>\n<script type=\"application\/ld+json\" class=\"yoast-schema-graph\">{\"@context\":\"https:\\\/\\\/schema.org\",\"@graph\":[{\"@type\":\"Article\",\"@id\":\"https:\\\/\\\/wp.kristdemokraterna.se\\\/linkoping\\\/foraldrar-vet-bast\\\/#article\",\"isPartOf\":{\"@id\":\"https:\\\/\\\/wp.kristdemokraterna.se\\\/linkoping\\\/foraldrar-vet-bast\\\/\"},\"author\":{\"name\":\"linkoping\",\"@id\":\"https:\\\/\\\/wp.kristdemokraterna.se\\\/linkoping\\\/#\\\/schema\\\/person\\\/b0148c3c8863db76d330faa282b9521a\"},\"headline\":\"F\u00f6r\u00e4ldrar vet b\u00e4st\",\"datePublished\":\"2020-10-30T08:49:43+00:00\",\"dateModified\":\"2021-08-13T12:09:37+00:00\",\"mainEntityOfPage\":{\"@id\":\"https:\\\/\\\/wp.kristdemokraterna.se\\\/linkoping\\\/foraldrar-vet-bast\\\/\"},\"wordCount\":132,\"articleSection\":[\"arkiv\"],\"inLanguage\":\"sv-SE\"},{\"@type\":\"WebPage\",\"@id\":\"https:\\\/\\\/wp.kristdemokraterna.se\\\/linkoping\\\/foraldrar-vet-bast\\\/\",\"url\":\"https:\\\/\\\/wp.kristdemokraterna.se\\\/linkoping\\\/foraldrar-vet-bast\\\/\",\"name\":\"F\u00f6r\u00e4ldrar vet b\u00e4st - Kristdemokraterna i Link\u00f6ping\",\"isPartOf\":{\"@id\":\"https:\\\/\\\/wp.kristdemokraterna.se\\\/linkoping\\\/#website\"},\"datePublished\":\"2020-10-30T08:49:43+00:00\",\"dateModified\":\"2021-08-13T12:09:37+00:00\",\"author\":{\"@id\":\"https:\\\/\\\/wp.kristdemokraterna.se\\\/linkoping\\\/#\\\/schema\\\/person\\\/b0148c3c8863db76d330faa282b9521a\"},\"breadcrumb\":{\"@id\":\"https:\\\/\\\/wp.kristdemokraterna.se\\\/linkoping\\\/foraldrar-vet-bast\\\/#breadcrumb\"},\"inLanguage\":\"sv-SE\",\"potentialAction\":[{\"@type\":\"ReadAction\",\"target\":[\"https:\\\/\\\/wp.kristdemokraterna.se\\\/linkoping\\\/foraldrar-vet-bast\\\/\"]}]},{\"@type\":\"BreadcrumbList\",\"@id\":\"https:\\\/\\\/wp.kristdemokraterna.se\\\/linkoping\\\/foraldrar-vet-bast\\\/#breadcrumb\",\"itemListElement\":[{\"@type\":\"ListItem\",\"position\":1,\"name\":\"Hem\",\"item\":\"https:\\\/\\\/wp.kristdemokraterna.se\\\/linkoping\\\/\"},{\"@type\":\"ListItem\",\"position\":2,\"name\":\"F\u00f6r\u00e4ldrar vet b\u00e4st\"}]},{\"@type\":\"WebSite\",\"@id\":\"https:\\\/\\\/wp.kristdemokraterna.se\\\/linkoping\\\/#website\",\"url\":\"https:\\\/\\\/wp.kristdemokraterna.se\\\/linkoping\\\/\",\"name\":\"Kristdemokraterna i Link\u00f6ping\",\"description\":\"\",\"inLanguage\":\"sv-SE\"},{\"@type\":\"Person\",\"@id\":\"https:\\\/\\\/wp.kristdemokraterna.se\\\/linkoping\\\/#\\\/schema\\\/person\\\/b0148c3c8863db76d330faa282b9521a\",\"name\":\"linkoping\",\"image\":{\"@type\":\"ImageObject\",\"inLanguage\":\"sv-SE\",\"@id\":\"https:\\\/\\\/secure.gravatar.com\\\/avatar\\\/016e7965fec0e08fdd07b021a7d25181278d4b29b1d5bab57b16017e35421895?s=96&r=g\",\"url\":\"https:\\\/\\\/secure.gravatar.com\\\/avatar\\\/016e7965fec0e08fdd07b021a7d25181278d4b29b1d5bab57b16017e35421895?s=96&r=g\",\"contentUrl\":\"https:\\\/\\\/secure.gravatar.com\\\/avatar\\\/016e7965fec0e08fdd07b021a7d25181278d4b29b1d5bab57b16017e35421895?s=96&r=g\",\"caption\":\"linkoping\"},\"sameAs\":[\"https:\\\/\\\/www.facebook.com\\\/kdlinkoping\\\/\"],\"url\":\"https:\\\/\\\/wp.kristdemokraterna.se\\\/linkoping\\\/author\\\/linkoping\\\/\"}]}<\/script>\n<!-- \/ Yoast SEO plugin. -->","yoast_head_json":{"title":"F\u00f6r\u00e4ldrar vet b\u00e4st - Kristdemokraterna i Link\u00f6ping","robots":{"index":"index","follow":"follow","max-snippet":"max-snippet:-1","max-image-preview":"max-image-preview:large","max-video-preview":"max-video-preview:-1"},"canonical":"https:\/\/wp.kristdemokraterna.se\/linkoping\/foraldrar-vet-bast\/","og_locale":"sv_SE","og_type":"article","og_title":"F\u00f6r\u00e4ldrar vet b\u00e4st - Kristdemokraterna i Link\u00f6ping","og_description":"V\u00e5rt kommunalr\u00e5d Denis\u00e9 Cassel och barn-och ungdomsn\u00e4mndens ledamot Henrik Blosfeld(KD) skriver i dagens Corren med anledning av socialdemokraternas motion till riksdagen om att inf\u00f6ra obligatorisk f\u00f6rskola fr\u00e5n och med tv\u00e5 \u00e5r. Motionen ger dels intrycket av att alla barn \u00e4r lika och d\u00e4rf\u00f6r kan behandlas p\u00e5 samma s\u00e4tt, och dels att staten vet b\u00e4ttre \u00e4n Read More","og_url":"https:\/\/wp.kristdemokraterna.se\/linkoping\/foraldrar-vet-bast\/","og_site_name":"Kristdemokraterna i Link\u00f6ping","article_author":"https:\/\/www.facebook.com\/kdlinkoping\/","article_published_time":"2020-10-30T08:49:43+00:00","article_modified_time":"2021-08-13T12:09:37+00:00","author":"linkoping","twitter_card":"summary_large_image","twitter_misc":{"Skriven av":"linkoping","Ber\u00e4knad l\u00e4stid":"1 minut"},"schema":{"@context":"https:\/\/schema.org","@graph":[{"@type":"Article","@id":"https:\/\/wp.kristdemokraterna.se\/linkoping\/foraldrar-vet-bast\/#article","isPartOf":{"@id":"https:\/\/wp.kristdemokraterna.se\/linkoping\/foraldrar-vet-bast\/"},"author":{"name":"linkoping","@id":"https:\/\/wp.kristdemokraterna.se\/linkoping\/#\/schema\/person\/b0148c3c8863db76d330faa282b9521a"},"headline":"F\u00f6r\u00e4ldrar vet b\u00e4st","datePublished":"2020-10-30T08:49:43+00:00","dateModified":"2021-08-13T12:09:37+00:00","mainEntityOfPage":{"@id":"https:\/\/wp.kristdemokraterna.se\/linkoping\/foraldrar-vet-bast\/"},"wordCount":132,"articleSection":["arkiv"],"inLanguage":"sv-SE"},{"@type":"WebPage","@id":"https:\/\/wp.kristdemokraterna.se\/linkoping\/foraldrar-vet-bast\/","url":"https:\/\/wp.kristdemokraterna.se\/linkoping\/foraldrar-vet-bast\/","name":"F\u00f6r\u00e4ldrar vet b\u00e4st - Kristdemokraterna i Link\u00f6ping","isPartOf":{"@id":"https:\/\/wp.kristdemokraterna.se\/linkoping\/#website"},"datePublished":"2020-10-30T08:49:43+00:00","dateModified":"2021-08-13T12:09:37+00:00","author":{"@id":"https:\/\/wp.kristdemokraterna.se\/linkoping\/#\/schema\/person\/b0148c3c8863db76d330faa282b9521a"},"breadcrumb":{"@id":"https:\/\/wp.kristdemokraterna.se\/linkoping\/foraldrar-vet-bast\/#breadcrumb"},"inLanguage":"sv-SE","potentialAction":[{"@type":"ReadAction","target":["https:\/\/wp.kristdemokraterna.se\/linkoping\/foraldrar-vet-bast\/"]}]},{"@type":"BreadcrumbList","@id":"https:\/\/wp.kristdemokraterna.se\/linkoping\/foraldrar-vet-bast\/#breadcrumb","itemListElement":[{"@type":"ListItem","position":1,"name":"Hem","item":"https:\/\/wp.kristdemokraterna.se\/linkoping\/"},{"@type":"ListItem","position":2,"name":"F\u00f6r\u00e4ldrar vet b\u00e4st"}]},{"@type":"WebSite","@id":"https:\/\/wp.kristdemokraterna.se\/linkoping\/#website","url":"https:\/\/wp.kristdemokraterna.se\/linkoping\/","name":"Kristdemokraterna i Link\u00f6ping","description":"","inLanguage":"sv-SE"},{"@type":"Person","@id":"https:\/\/wp.kristdemokraterna.se\/linkoping\/#\/schema\/person\/b0148c3c8863db76d330faa282b9521a","name":"linkoping","image":{"@type":"ImageObject","inLanguage":"sv-SE","@id":"https:\/\/secure.gravatar.com\/avatar\/016e7965fec0e08fdd07b021a7d25181278d4b29b1d5bab57b16017e35421895?s=96&r=g","url":"https:\/\/secure.gravatar.com\/avatar\/016e7965fec0e08fdd07b021a7d25181278d4b29b1d5bab57b16017e35421895?s=96&r=g","contentUrl":"https:\/\/secure.gravatar.com\/avatar\/016e7965fec0e08fdd07b021a7d25181278d4b29b1d5bab57b16017e35421895?s=96&r=g","caption":"linkoping"},"sameAs":["https:\/\/www.facebook.com\/kdlinkoping\/"],"url":"https:\/\/wp.kristdemokraterna.se\/linkoping\/author\/linkoping\/"}]}},"_links":{"self":[{"href":"https:\/\/wp.kristdemokraterna.se\/linkoping\/wp-json\/wp\/v2\/posts\/1596","targetHints":{"allow":["GET"]}}],"collection":[{"href":"https:\/\/wp.kristdemokraterna.se\/linkoping\/wp-json\/wp\/v2\/posts"}],"about":[{"href":"https:\/\/wp.kristdemokraterna.se\/linkoping\/wp-json\/wp\/v2\/types\/post"}],"author":[{"embeddable":true,"href":"https:\/\/wp.kristdemokraterna.se\/linkoping\/wp-json\/wp\/v2\/users\/410"}],"replies":[{"embeddable":true,"href":"https:\/\/wp.kristdemokraterna.se\/linkoping\/wp-json\/wp\/v2\/comments?post=1596"}],"version-history":[{"count":3,"href":"https:\/\/wp.kristdemokraterna.se\/linkoping\/wp-json\/wp\/v2\/posts\/1596\/revisions"}],"predecessor-version":[{"id":1930,"href":"https:\/\/wp.kristdemokraterna.se\/linkoping\/wp-json\/wp\/v2\/posts\/1596\/revisions\/1930"}],"wp:attachment":[{"href":"https:\/\/wp.kristdemokraterna.se\/linkoping\/wp-json\/wp\/v2\/media?parent=1596"}],"wp:term":[{"taxonomy":"category","embeddable":true,"href":"https:\/\/wp.kristdemokraterna.se\/linkoping\/wp-json\/wp\/v2\/categories?post=1596"},{"taxonomy":"post_tag","embeddable":true,"href":"https:\/\/wp.kristdemokraterna.se\/linkoping\/wp-json\/wp\/v2\/tags?post=1596"}],"curies":[{"name":"wp","href":"https:\/\/api.w.org\/{rel}","templated":true}]}}