{"id":1598,"date":"2020-10-26T09:53:27","date_gmt":"2020-10-26T08:53:27","guid":{"rendered":"http:\/\/wp.kristdemokraterna.se\/linkoping\/?p=1598"},"modified":"2021-08-13T14:10:07","modified_gmt":"2021-08-13T12:10:07","slug":"ett-steg-narmare-fordomsfri-rekrytering","status":"publish","type":"post","link":"https:\/\/wp.kristdemokraterna.se\/linkoping\/ett-steg-narmare-fordomsfri-rekrytering\/","title":{"rendered":"Ett steg n\u00e4rmare f\u00f6rdomsfri rekrytering"},"content":{"rendered":"<div class=\"kvgmc6g5 cxmmr5t8 oygrvhab hcukyx3x c1et5uql ii04i59q\">\n<div dir=\"auto\">Under den senaste veckan har bl.a SVT Nyheter \u00d6st och P4 \u00d6sterg\u00f6tland uppm\u00e4rksammat det pressmeddelandet som Kommunalr\u00e5det Denis\u00e9 Cassel skickade ut f\u00f6rra veckan om att Link\u00f6pings kommun nu v\u00e4ljer att slopa personligt brev.<\/div>\n<div dir=\"auto\"><\/div>\n<\/div>\n<div class=\"o9v6fnle cxmmr5t8 oygrvhab hcukyx3x c1et5uql ii04i59q\">\n<div dir=\"auto\">Ett led i att vara en attraktiv arbetsgivare \u00e4r att minimera antal beslut baserade p\u00e5 magk\u00e4nsla och g\u00f6ra mer kvalitativa rekryteringar. Detta \u00e4r en viktigt fr\u00e5ga inf\u00f6r framtiden och \u00e4ven en viktigt fr\u00e5ga f\u00f6r kommunens medarbetare. Kul \u00e4ven att P4 \u00d6sterg\u00f6tland uppm\u00e4rksammat att Norrk\u00f6pings kommun st\u00e4ller sig positiva till v\u00e5rt beslut.<\/div>\n<div dir=\"auto\"><\/div>\n<\/div>\n<div class=\"o9v6fnle cxmmr5t8 oygrvhab hcukyx3x c1et5uql ii04i59q\">\n<div dir=\"auto\">L\u00e4s g\u00e4rna pressmeddelandet h\u00e4r: <a class=\"oajrlxb2 g5ia77u1 qu0x051f esr5mh6w e9989ue4 r7d6kgcz rq0escxv nhd2j8a9 nc684nl6 p7hjln8o kvgmc6g5 cxmmr5t8 oygrvhab hcukyx3x jb3vyjys rz4wbd8a qt6c0cv9 a8nywdso i1ao9s8h esuyzwwr f1sip0of lzcic4wl py34i1dx gpro0wi8\" role=\"link\" href=\"https:\/\/www.linkoping.se\/...\/inget-krav-pa-personligt-brev\/?fbclid=IwAR1UnzZVus0VyneysLtwJvXoK7s9EypQo9WyEMQe7vca4dzqhRabKdcAj68\" target=\"_blank\" rel=\"nofollow noopener noreferrer\">https:\/\/www.linkoping.se\/&#8230;\/inget-krav-pa-personligt-brev\/<\/a><\/div>\n<\/div>\n","protected":false},"excerpt":{"rendered":"<p>Under den senaste veckan har bl.a SVT Nyheter \u00d6st och P4 \u00d6sterg\u00f6tland uppm\u00e4rksammat det pressmeddelandet som Kommunalr\u00e5det Denis\u00e9 Cassel skickade ut f\u00f6rra veckan om att Link\u00f6pings kommun nu v\u00e4ljer att slopa personligt brev. Ett led i att vara en attraktiv arbetsgivare \u00e4r att minimera antal beslut baserade p\u00e5 magk\u00e4nsla och g\u00f6ra mer kvalitativa rekryteringar. Detta <a class=\"read-more-link\" href=\"https:\/\/wp.kristdemokraterna.se\/linkoping\/ett-steg-narmare-fordomsfri-rekrytering\/\">Read More<\/a><\/p>\n","protected":false},"author":410,"featured_media":0,"comment_status":"closed","ping_status":"closed","sticky":false,"template":"","format":"standard","meta":{"_acf_changed":false,"footnotes":""},"categories":[22],"tags":[],"class_list":["post-1598","post","type-post","status-publish","format-standard","hentry","category-arkiv"],"acf":[],"yoast_head":"<!-- This site is optimized with the Yoast SEO plugin v27.4 - https:\/\/yoast.com\/product\/yoast-seo-wordpress\/ -->\n<title>Ett steg n\u00e4rmare f\u00f6rdomsfri rekrytering - Kristdemokraterna i Link\u00f6ping<\/title>\n<meta name=\"robots\" content=\"index, follow, max-snippet:-1, max-image-preview:large, max-video-preview:-1\" \/>\n<link rel=\"canonical\" href=\"https:\/\/wp.kristdemokraterna.se\/linkoping\/ett-steg-narmare-fordomsfri-rekrytering\/\" \/>\n<meta property=\"og:locale\" content=\"sv_SE\" \/>\n<meta property=\"og:type\" content=\"article\" \/>\n<meta property=\"og:title\" content=\"Ett steg n\u00e4rmare f\u00f6rdomsfri rekrytering - Kristdemokraterna i Link\u00f6ping\" \/>\n<meta property=\"og:description\" content=\"Under den senaste veckan har bl.a SVT Nyheter \u00d6st och P4 \u00d6sterg\u00f6tland uppm\u00e4rksammat det pressmeddelandet som Kommunalr\u00e5det Denis\u00e9 Cassel skickade ut f\u00f6rra veckan om att Link\u00f6pings kommun nu v\u00e4ljer att slopa personligt brev. Ett led i att vara en attraktiv arbetsgivare \u00e4r att minimera antal beslut baserade p\u00e5 magk\u00e4nsla och g\u00f6ra mer kvalitativa rekryteringar. Detta Read More\" \/>\n<meta property=\"og:url\" content=\"https:\/\/wp.kristdemokraterna.se\/linkoping\/ett-steg-narmare-fordomsfri-rekrytering\/\" \/>\n<meta property=\"og:site_name\" content=\"Kristdemokraterna i Link\u00f6ping\" \/>\n<meta property=\"article:author\" content=\"https:\/\/www.facebook.com\/kdlinkoping\/\" \/>\n<meta property=\"article:published_time\" content=\"2020-10-26T08:53:27+00:00\" \/>\n<meta property=\"article:modified_time\" content=\"2021-08-13T12:10:07+00:00\" \/>\n<meta name=\"author\" content=\"linkoping\" \/>\n<meta name=\"twitter:card\" content=\"summary_large_image\" \/>\n<meta name=\"twitter:label1\" content=\"Skriven av\" \/>\n\t<meta name=\"twitter:data1\" content=\"linkoping\" \/>\n\t<meta name=\"twitter:label2\" content=\"Ber\u00e4knad l\u00e4stid\" \/>\n\t<meta name=\"twitter:data2\" content=\"1 minut\" \/>\n<script type=\"application\/ld+json\" class=\"yoast-schema-graph\">{\"@context\":\"https:\\\/\\\/schema.org\",\"@graph\":[{\"@type\":\"Article\",\"@id\":\"https:\\\/\\\/wp.kristdemokraterna.se\\\/linkoping\\\/ett-steg-narmare-fordomsfri-rekrytering\\\/#article\",\"isPartOf\":{\"@id\":\"https:\\\/\\\/wp.kristdemokraterna.se\\\/linkoping\\\/ett-steg-narmare-fordomsfri-rekrytering\\\/\"},\"author\":{\"name\":\"linkoping\",\"@id\":\"https:\\\/\\\/wp.kristdemokraterna.se\\\/linkoping\\\/#\\\/schema\\\/person\\\/b0148c3c8863db76d330faa282b9521a\"},\"headline\":\"Ett steg n\u00e4rmare f\u00f6rdomsfri rekrytering\",\"datePublished\":\"2020-10-26T08:53:27+00:00\",\"dateModified\":\"2021-08-13T12:10:07+00:00\",\"mainEntityOfPage\":{\"@id\":\"https:\\\/\\\/wp.kristdemokraterna.se\\\/linkoping\\\/ett-steg-narmare-fordomsfri-rekrytering\\\/\"},\"wordCount\":121,\"articleSection\":[\"arkiv\"],\"inLanguage\":\"sv-SE\"},{\"@type\":\"WebPage\",\"@id\":\"https:\\\/\\\/wp.kristdemokraterna.se\\\/linkoping\\\/ett-steg-narmare-fordomsfri-rekrytering\\\/\",\"url\":\"https:\\\/\\\/wp.kristdemokraterna.se\\\/linkoping\\\/ett-steg-narmare-fordomsfri-rekrytering\\\/\",\"name\":\"Ett steg n\u00e4rmare f\u00f6rdomsfri rekrytering - Kristdemokraterna i Link\u00f6ping\",\"isPartOf\":{\"@id\":\"https:\\\/\\\/wp.kristdemokraterna.se\\\/linkoping\\\/#website\"},\"datePublished\":\"2020-10-26T08:53:27+00:00\",\"dateModified\":\"2021-08-13T12:10:07+00:00\",\"author\":{\"@id\":\"https:\\\/\\\/wp.kristdemokraterna.se\\\/linkoping\\\/#\\\/schema\\\/person\\\/b0148c3c8863db76d330faa282b9521a\"},\"breadcrumb\":{\"@id\":\"https:\\\/\\\/wp.kristdemokraterna.se\\\/linkoping\\\/ett-steg-narmare-fordomsfri-rekrytering\\\/#breadcrumb\"},\"inLanguage\":\"sv-SE\",\"potentialAction\":[{\"@type\":\"ReadAction\",\"target\":[\"https:\\\/\\\/wp.kristdemokraterna.se\\\/linkoping\\\/ett-steg-narmare-fordomsfri-rekrytering\\\/\"]}]},{\"@type\":\"BreadcrumbList\",\"@id\":\"https:\\\/\\\/wp.kristdemokraterna.se\\\/linkoping\\\/ett-steg-narmare-fordomsfri-rekrytering\\\/#breadcrumb\",\"itemListElement\":[{\"@type\":\"ListItem\",\"position\":1,\"name\":\"Hem\",\"item\":\"https:\\\/\\\/wp.kristdemokraterna.se\\\/linkoping\\\/\"},{\"@type\":\"ListItem\",\"position\":2,\"name\":\"Ett steg n\u00e4rmare f\u00f6rdomsfri rekrytering\"}]},{\"@type\":\"WebSite\",\"@id\":\"https:\\\/\\\/wp.kristdemokraterna.se\\\/linkoping\\\/#website\",\"url\":\"https:\\\/\\\/wp.kristdemokraterna.se\\\/linkoping\\\/\",\"name\":\"Kristdemokraterna i Link\u00f6ping\",\"description\":\"\",\"inLanguage\":\"sv-SE\"},{\"@type\":\"Person\",\"@id\":\"https:\\\/\\\/wp.kristdemokraterna.se\\\/linkoping\\\/#\\\/schema\\\/person\\\/b0148c3c8863db76d330faa282b9521a\",\"name\":\"linkoping\",\"image\":{\"@type\":\"ImageObject\",\"inLanguage\":\"sv-SE\",\"@id\":\"https:\\\/\\\/secure.gravatar.com\\\/avatar\\\/016e7965fec0e08fdd07b021a7d25181278d4b29b1d5bab57b16017e35421895?s=96&r=g\",\"url\":\"https:\\\/\\\/secure.gravatar.com\\\/avatar\\\/016e7965fec0e08fdd07b021a7d25181278d4b29b1d5bab57b16017e35421895?s=96&r=g\",\"contentUrl\":\"https:\\\/\\\/secure.gravatar.com\\\/avatar\\\/016e7965fec0e08fdd07b021a7d25181278d4b29b1d5bab57b16017e35421895?s=96&r=g\",\"caption\":\"linkoping\"},\"sameAs\":[\"https:\\\/\\\/www.facebook.com\\\/kdlinkoping\\\/\"],\"url\":\"https:\\\/\\\/wp.kristdemokraterna.se\\\/linkoping\\\/author\\\/linkoping\\\/\"}]}<\/script>\n<!-- \/ Yoast SEO plugin. -->","yoast_head_json":{"title":"Ett steg n\u00e4rmare f\u00f6rdomsfri rekrytering - Kristdemokraterna i Link\u00f6ping","robots":{"index":"index","follow":"follow","max-snippet":"max-snippet:-1","max-image-preview":"max-image-preview:large","max-video-preview":"max-video-preview:-1"},"canonical":"https:\/\/wp.kristdemokraterna.se\/linkoping\/ett-steg-narmare-fordomsfri-rekrytering\/","og_locale":"sv_SE","og_type":"article","og_title":"Ett steg n\u00e4rmare f\u00f6rdomsfri rekrytering - Kristdemokraterna i Link\u00f6ping","og_description":"Under den senaste veckan har bl.a SVT Nyheter \u00d6st och P4 \u00d6sterg\u00f6tland uppm\u00e4rksammat det pressmeddelandet som Kommunalr\u00e5det Denis\u00e9 Cassel skickade ut f\u00f6rra veckan om att Link\u00f6pings kommun nu v\u00e4ljer att slopa personligt brev. Ett led i att vara en attraktiv arbetsgivare \u00e4r att minimera antal beslut baserade p\u00e5 magk\u00e4nsla och g\u00f6ra mer kvalitativa rekryteringar. Detta Read More","og_url":"https:\/\/wp.kristdemokraterna.se\/linkoping\/ett-steg-narmare-fordomsfri-rekrytering\/","og_site_name":"Kristdemokraterna i Link\u00f6ping","article_author":"https:\/\/www.facebook.com\/kdlinkoping\/","article_published_time":"2020-10-26T08:53:27+00:00","article_modified_time":"2021-08-13T12:10:07+00:00","author":"linkoping","twitter_card":"summary_large_image","twitter_misc":{"Skriven av":"linkoping","Ber\u00e4knad l\u00e4stid":"1 minut"},"schema":{"@context":"https:\/\/schema.org","@graph":[{"@type":"Article","@id":"https:\/\/wp.kristdemokraterna.se\/linkoping\/ett-steg-narmare-fordomsfri-rekrytering\/#article","isPartOf":{"@id":"https:\/\/wp.kristdemokraterna.se\/linkoping\/ett-steg-narmare-fordomsfri-rekrytering\/"},"author":{"name":"linkoping","@id":"https:\/\/wp.kristdemokraterna.se\/linkoping\/#\/schema\/person\/b0148c3c8863db76d330faa282b9521a"},"headline":"Ett steg n\u00e4rmare f\u00f6rdomsfri rekrytering","datePublished":"2020-10-26T08:53:27+00:00","dateModified":"2021-08-13T12:10:07+00:00","mainEntityOfPage":{"@id":"https:\/\/wp.kristdemokraterna.se\/linkoping\/ett-steg-narmare-fordomsfri-rekrytering\/"},"wordCount":121,"articleSection":["arkiv"],"inLanguage":"sv-SE"},{"@type":"WebPage","@id":"https:\/\/wp.kristdemokraterna.se\/linkoping\/ett-steg-narmare-fordomsfri-rekrytering\/","url":"https:\/\/wp.kristdemokraterna.se\/linkoping\/ett-steg-narmare-fordomsfri-rekrytering\/","name":"Ett steg n\u00e4rmare f\u00f6rdomsfri rekrytering - Kristdemokraterna i Link\u00f6ping","isPartOf":{"@id":"https:\/\/wp.kristdemokraterna.se\/linkoping\/#website"},"datePublished":"2020-10-26T08:53:27+00:00","dateModified":"2021-08-13T12:10:07+00:00","author":{"@id":"https:\/\/wp.kristdemokraterna.se\/linkoping\/#\/schema\/person\/b0148c3c8863db76d330faa282b9521a"},"breadcrumb":{"@id":"https:\/\/wp.kristdemokraterna.se\/linkoping\/ett-steg-narmare-fordomsfri-rekrytering\/#breadcrumb"},"inLanguage":"sv-SE","potentialAction":[{"@type":"ReadAction","target":["https:\/\/wp.kristdemokraterna.se\/linkoping\/ett-steg-narmare-fordomsfri-rekrytering\/"]}]},{"@type":"BreadcrumbList","@id":"https:\/\/wp.kristdemokraterna.se\/linkoping\/ett-steg-narmare-fordomsfri-rekrytering\/#breadcrumb","itemListElement":[{"@type":"ListItem","position":1,"name":"Hem","item":"https:\/\/wp.kristdemokraterna.se\/linkoping\/"},{"@type":"ListItem","position":2,"name":"Ett steg n\u00e4rmare f\u00f6rdomsfri rekrytering"}]},{"@type":"WebSite","@id":"https:\/\/wp.kristdemokraterna.se\/linkoping\/#website","url":"https:\/\/wp.kristdemokraterna.se\/linkoping\/","name":"Kristdemokraterna i Link\u00f6ping","description":"","inLanguage":"sv-SE"},{"@type":"Person","@id":"https:\/\/wp.kristdemokraterna.se\/linkoping\/#\/schema\/person\/b0148c3c8863db76d330faa282b9521a","name":"linkoping","image":{"@type":"ImageObject","inLanguage":"sv-SE","@id":"https:\/\/secure.gravatar.com\/avatar\/016e7965fec0e08fdd07b021a7d25181278d4b29b1d5bab57b16017e35421895?s=96&r=g","url":"https:\/\/secure.gravatar.com\/avatar\/016e7965fec0e08fdd07b021a7d25181278d4b29b1d5bab57b16017e35421895?s=96&r=g","contentUrl":"https:\/\/secure.gravatar.com\/avatar\/016e7965fec0e08fdd07b021a7d25181278d4b29b1d5bab57b16017e35421895?s=96&r=g","caption":"linkoping"},"sameAs":["https:\/\/www.facebook.com\/kdlinkoping\/"],"url":"https:\/\/wp.kristdemokraterna.se\/linkoping\/author\/linkoping\/"}]}},"_links":{"self":[{"href":"https:\/\/wp.kristdemokraterna.se\/linkoping\/wp-json\/wp\/v2\/posts\/1598","targetHints":{"allow":["GET"]}}],"collection":[{"href":"https:\/\/wp.kristdemokraterna.se\/linkoping\/wp-json\/wp\/v2\/posts"}],"about":[{"href":"https:\/\/wp.kristdemokraterna.se\/linkoping\/wp-json\/wp\/v2\/types\/post"}],"author":[{"embeddable":true,"href":"https:\/\/wp.kristdemokraterna.se\/linkoping\/wp-json\/wp\/v2\/users\/410"}],"replies":[{"embeddable":true,"href":"https:\/\/wp.kristdemokraterna.se\/linkoping\/wp-json\/wp\/v2\/comments?post=1598"}],"version-history":[{"count":2,"href":"https:\/\/wp.kristdemokraterna.se\/linkoping\/wp-json\/wp\/v2\/posts\/1598\/revisions"}],"predecessor-version":[{"id":1931,"href":"https:\/\/wp.kristdemokraterna.se\/linkoping\/wp-json\/wp\/v2\/posts\/1598\/revisions\/1931"}],"wp:attachment":[{"href":"https:\/\/wp.kristdemokraterna.se\/linkoping\/wp-json\/wp\/v2\/media?parent=1598"}],"wp:term":[{"taxonomy":"category","embeddable":true,"href":"https:\/\/wp.kristdemokraterna.se\/linkoping\/wp-json\/wp\/v2\/categories?post=1598"},{"taxonomy":"post_tag","embeddable":true,"href":"https:\/\/wp.kristdemokraterna.se\/linkoping\/wp-json\/wp\/v2\/tags?post=1598"}],"curies":[{"name":"wp","href":"https:\/\/api.w.org\/{rel}","templated":true}]}}