{"id":1601,"date":"2020-10-20T09:55:29","date_gmt":"2020-10-20T07:55:29","guid":{"rendered":"http:\/\/wp.kristdemokraterna.se\/linkoping\/?p=1601"},"modified":"2021-09-16T09:23:00","modified_gmt":"2021-09-16T07:23:00","slug":"internbudget-aldrenamnden-2021","status":"publish","type":"post","link":"https:\/\/wp.kristdemokraterna.se\/linkoping\/internbudget-aldrenamnden-2021\/","title":{"rendered":"Internbudget \u00e4ldren\u00e4mnden 2021"},"content":{"rendered":"<div class=\"kvgmc6g5 cxmmr5t8 oygrvhab hcukyx3x c1et5uql ii04i59q\">\n<div dir=\"auto\">Ig\u00e5r presenterade \u00e4ldren\u00e4mndens ordf\u00f6rande Liselotte Fager de satsningar allians f\u00f6r Link\u00f6ping kommer g\u00f6ra inom \u00e4ldreomsorgen 2021 i samband med n\u00e4mndens internbudget.<\/div>\n<div dir=\"auto\"><\/div>\n<\/div>\n<div class=\"o9v6fnle cxmmr5t8 oygrvhab hcukyx3x c1et5uql ii04i59q\">\n<div dir=\"auto\">Allians f\u00f6r Link\u00f6ping vill st\u00e4rka livskvalit\u00e9n f\u00f6r Link\u00f6pings \u00e4ldre och kommer d\u00e4rf\u00f6r forts\u00e4tta att satsa p\u00e5 \u00e4ldres m\u00e5ltidssituation.<\/div>\n<div dir=\"auto\"><\/div>\n<\/div>\n<div class=\"o9v6fnle cxmmr5t8 oygrvhab hcukyx3x c1et5uql ii04i59q\">\n<div dir=\"auto\">En god \u00e4ldreomsorg kan bara f\u00f6rverkligas med engagerad och kompetent personal. D\u00e4rf\u00f6r v\u00e4ljer \u00e4ldren\u00e4mnden att g\u00f6ra omfattande satsningar p\u00e5 personalen.<\/div>\n<div dir=\"auto\">\nNi kan h\u00f6ra Liselottes intervju med p4 \u00d6sterg\u00f6tland h\u00e4r: <a class=\"oajrlxb2 g5ia77u1 qu0x051f esr5mh6w e9989ue4 r7d6kgcz rq0escxv nhd2j8a9 nc684nl6 p7hjln8o kvgmc6g5 cxmmr5t8 oygrvhab hcukyx3x jb3vyjys rz4wbd8a qt6c0cv9 a8nywdso i1ao9s8h esuyzwwr f1sip0of lzcic4wl py34i1dx gpro0wi8\" role=\"link\" href=\"https:\/\/sverigesradio.se\/artikel\/7578030?fbclid=IwAR1U4vrw6TPf3r9WYb-9jUOx8B0WgOQ90Nc-zz8F7LiYaYJOwFBUzePgvGI\" target=\"_blank\" rel=\"nofollow noopener noreferrer\">https:\/\/sverigesradio.se\/artikel\/7578030<\/a><\/div>\n<\/div>\n","protected":false},"excerpt":{"rendered":"<p>Ig\u00e5r presenterade \u00e4ldren\u00e4mndens ordf\u00f6rande Liselotte Fager de satsningar allians f\u00f6r Link\u00f6ping kommer g\u00f6ra inom \u00e4ldreomsorgen 2021 i samband med n\u00e4mndens internbudget. Allians f\u00f6r Link\u00f6ping vill st\u00e4rka livskvalit\u00e9n f\u00f6r Link\u00f6pings \u00e4ldre och kommer d\u00e4rf\u00f6r forts\u00e4tta att satsa p\u00e5 \u00e4ldres m\u00e5ltidssituation. En god \u00e4ldreomsorg kan bara f\u00f6rverkligas med engagerad och kompetent personal. D\u00e4rf\u00f6r v\u00e4ljer \u00e4ldren\u00e4mnden att g\u00f6ra <a class=\"read-more-link\" href=\"https:\/\/wp.kristdemokraterna.se\/linkoping\/internbudget-aldrenamnden-2021\/\">Read More<\/a><\/p>\n","protected":false},"author":410,"featured_media":0,"comment_status":"closed","ping_status":"closed","sticky":false,"template":"","format":"standard","meta":{"_acf_changed":false,"footnotes":""},"categories":[22,6],"tags":[],"class_list":["post-1601","post","type-post","status-publish","format-standard","hentry","category-arkiv","category-budget"],"acf":[],"yoast_head":"<!-- This site is optimized with the Yoast SEO plugin v27.4 - https:\/\/yoast.com\/product\/yoast-seo-wordpress\/ -->\n<title>Internbudget \u00e4ldren\u00e4mnden 2021 - Kristdemokraterna i Link\u00f6ping<\/title>\n<meta name=\"robots\" content=\"index, follow, max-snippet:-1, max-image-preview:large, max-video-preview:-1\" \/>\n<link rel=\"canonical\" href=\"https:\/\/wp.kristdemokraterna.se\/linkoping\/internbudget-aldrenamnden-2021\/\" \/>\n<meta property=\"og:locale\" content=\"sv_SE\" \/>\n<meta property=\"og:type\" content=\"article\" \/>\n<meta property=\"og:title\" content=\"Internbudget \u00e4ldren\u00e4mnden 2021 - Kristdemokraterna i Link\u00f6ping\" \/>\n<meta property=\"og:description\" content=\"Ig\u00e5r presenterade \u00e4ldren\u00e4mndens ordf\u00f6rande Liselotte Fager de satsningar allians f\u00f6r Link\u00f6ping kommer g\u00f6ra inom \u00e4ldreomsorgen 2021 i samband med n\u00e4mndens internbudget. Allians f\u00f6r Link\u00f6ping vill st\u00e4rka livskvalit\u00e9n f\u00f6r Link\u00f6pings \u00e4ldre och kommer d\u00e4rf\u00f6r forts\u00e4tta att satsa p\u00e5 \u00e4ldres m\u00e5ltidssituation. En god \u00e4ldreomsorg kan bara f\u00f6rverkligas med engagerad och kompetent personal. D\u00e4rf\u00f6r v\u00e4ljer \u00e4ldren\u00e4mnden att g\u00f6ra Read More\" \/>\n<meta property=\"og:url\" content=\"https:\/\/wp.kristdemokraterna.se\/linkoping\/internbudget-aldrenamnden-2021\/\" \/>\n<meta property=\"og:site_name\" content=\"Kristdemokraterna i Link\u00f6ping\" \/>\n<meta property=\"article:author\" content=\"https:\/\/www.facebook.com\/kdlinkoping\/\" \/>\n<meta property=\"article:published_time\" content=\"2020-10-20T07:55:29+00:00\" \/>\n<meta property=\"article:modified_time\" content=\"2021-09-16T07:23:00+00:00\" \/>\n<meta name=\"author\" content=\"linkoping\" \/>\n<meta name=\"twitter:card\" content=\"summary_large_image\" \/>\n<meta name=\"twitter:label1\" content=\"Skriven av\" \/>\n\t<meta name=\"twitter:data1\" content=\"linkoping\" \/>\n<script type=\"application\/ld+json\" class=\"yoast-schema-graph\">{\"@context\":\"https:\\\/\\\/schema.org\",\"@graph\":[{\"@type\":\"Article\",\"@id\":\"https:\\\/\\\/wp.kristdemokraterna.se\\\/linkoping\\\/internbudget-aldrenamnden-2021\\\/#article\",\"isPartOf\":{\"@id\":\"https:\\\/\\\/wp.kristdemokraterna.se\\\/linkoping\\\/internbudget-aldrenamnden-2021\\\/\"},\"author\":{\"name\":\"linkoping\",\"@id\":\"https:\\\/\\\/wp.kristdemokraterna.se\\\/linkoping\\\/#\\\/schema\\\/person\\\/b0148c3c8863db76d330faa282b9521a\"},\"headline\":\"Internbudget \u00e4ldren\u00e4mnden 2021\",\"datePublished\":\"2020-10-20T07:55:29+00:00\",\"dateModified\":\"2021-09-16T07:23:00+00:00\",\"mainEntityOfPage\":{\"@id\":\"https:\\\/\\\/wp.kristdemokraterna.se\\\/linkoping\\\/internbudget-aldrenamnden-2021\\\/\"},\"wordCount\":100,\"articleSection\":[\"arkiv\",\"budget\"],\"inLanguage\":\"sv-SE\"},{\"@type\":\"WebPage\",\"@id\":\"https:\\\/\\\/wp.kristdemokraterna.se\\\/linkoping\\\/internbudget-aldrenamnden-2021\\\/\",\"url\":\"https:\\\/\\\/wp.kristdemokraterna.se\\\/linkoping\\\/internbudget-aldrenamnden-2021\\\/\",\"name\":\"Internbudget \u00e4ldren\u00e4mnden 2021 - Kristdemokraterna i Link\u00f6ping\",\"isPartOf\":{\"@id\":\"https:\\\/\\\/wp.kristdemokraterna.se\\\/linkoping\\\/#website\"},\"datePublished\":\"2020-10-20T07:55:29+00:00\",\"dateModified\":\"2021-09-16T07:23:00+00:00\",\"author\":{\"@id\":\"https:\\\/\\\/wp.kristdemokraterna.se\\\/linkoping\\\/#\\\/schema\\\/person\\\/b0148c3c8863db76d330faa282b9521a\"},\"breadcrumb\":{\"@id\":\"https:\\\/\\\/wp.kristdemokraterna.se\\\/linkoping\\\/internbudget-aldrenamnden-2021\\\/#breadcrumb\"},\"inLanguage\":\"sv-SE\",\"potentialAction\":[{\"@type\":\"ReadAction\",\"target\":[\"https:\\\/\\\/wp.kristdemokraterna.se\\\/linkoping\\\/internbudget-aldrenamnden-2021\\\/\"]}]},{\"@type\":\"BreadcrumbList\",\"@id\":\"https:\\\/\\\/wp.kristdemokraterna.se\\\/linkoping\\\/internbudget-aldrenamnden-2021\\\/#breadcrumb\",\"itemListElement\":[{\"@type\":\"ListItem\",\"position\":1,\"name\":\"Hem\",\"item\":\"https:\\\/\\\/wp.kristdemokraterna.se\\\/linkoping\\\/\"},{\"@type\":\"ListItem\",\"position\":2,\"name\":\"Internbudget \u00e4ldren\u00e4mnden 2021\"}]},{\"@type\":\"WebSite\",\"@id\":\"https:\\\/\\\/wp.kristdemokraterna.se\\\/linkoping\\\/#website\",\"url\":\"https:\\\/\\\/wp.kristdemokraterna.se\\\/linkoping\\\/\",\"name\":\"Kristdemokraterna i Link\u00f6ping\",\"description\":\"\",\"inLanguage\":\"sv-SE\"},{\"@type\":\"Person\",\"@id\":\"https:\\\/\\\/wp.kristdemokraterna.se\\\/linkoping\\\/#\\\/schema\\\/person\\\/b0148c3c8863db76d330faa282b9521a\",\"name\":\"linkoping\",\"image\":{\"@type\":\"ImageObject\",\"inLanguage\":\"sv-SE\",\"@id\":\"https:\\\/\\\/secure.gravatar.com\\\/avatar\\\/016e7965fec0e08fdd07b021a7d25181278d4b29b1d5bab57b16017e35421895?s=96&r=g\",\"url\":\"https:\\\/\\\/secure.gravatar.com\\\/avatar\\\/016e7965fec0e08fdd07b021a7d25181278d4b29b1d5bab57b16017e35421895?s=96&r=g\",\"contentUrl\":\"https:\\\/\\\/secure.gravatar.com\\\/avatar\\\/016e7965fec0e08fdd07b021a7d25181278d4b29b1d5bab57b16017e35421895?s=96&r=g\",\"caption\":\"linkoping\"},\"sameAs\":[\"https:\\\/\\\/www.facebook.com\\\/kdlinkoping\\\/\"],\"url\":\"https:\\\/\\\/wp.kristdemokraterna.se\\\/linkoping\\\/author\\\/linkoping\\\/\"}]}<\/script>\n<!-- \/ Yoast SEO plugin. -->","yoast_head_json":{"title":"Internbudget \u00e4ldren\u00e4mnden 2021 - Kristdemokraterna i Link\u00f6ping","robots":{"index":"index","follow":"follow","max-snippet":"max-snippet:-1","max-image-preview":"max-image-preview:large","max-video-preview":"max-video-preview:-1"},"canonical":"https:\/\/wp.kristdemokraterna.se\/linkoping\/internbudget-aldrenamnden-2021\/","og_locale":"sv_SE","og_type":"article","og_title":"Internbudget \u00e4ldren\u00e4mnden 2021 - Kristdemokraterna i Link\u00f6ping","og_description":"Ig\u00e5r presenterade \u00e4ldren\u00e4mndens ordf\u00f6rande Liselotte Fager de satsningar allians f\u00f6r Link\u00f6ping kommer g\u00f6ra inom \u00e4ldreomsorgen 2021 i samband med n\u00e4mndens internbudget. Allians f\u00f6r Link\u00f6ping vill st\u00e4rka livskvalit\u00e9n f\u00f6r Link\u00f6pings \u00e4ldre och kommer d\u00e4rf\u00f6r forts\u00e4tta att satsa p\u00e5 \u00e4ldres m\u00e5ltidssituation. En god \u00e4ldreomsorg kan bara f\u00f6rverkligas med engagerad och kompetent personal. D\u00e4rf\u00f6r v\u00e4ljer \u00e4ldren\u00e4mnden att g\u00f6ra Read More","og_url":"https:\/\/wp.kristdemokraterna.se\/linkoping\/internbudget-aldrenamnden-2021\/","og_site_name":"Kristdemokraterna i Link\u00f6ping","article_author":"https:\/\/www.facebook.com\/kdlinkoping\/","article_published_time":"2020-10-20T07:55:29+00:00","article_modified_time":"2021-09-16T07:23:00+00:00","author":"linkoping","twitter_card":"summary_large_image","twitter_misc":{"Skriven av":"linkoping"},"schema":{"@context":"https:\/\/schema.org","@graph":[{"@type":"Article","@id":"https:\/\/wp.kristdemokraterna.se\/linkoping\/internbudget-aldrenamnden-2021\/#article","isPartOf":{"@id":"https:\/\/wp.kristdemokraterna.se\/linkoping\/internbudget-aldrenamnden-2021\/"},"author":{"name":"linkoping","@id":"https:\/\/wp.kristdemokraterna.se\/linkoping\/#\/schema\/person\/b0148c3c8863db76d330faa282b9521a"},"headline":"Internbudget \u00e4ldren\u00e4mnden 2021","datePublished":"2020-10-20T07:55:29+00:00","dateModified":"2021-09-16T07:23:00+00:00","mainEntityOfPage":{"@id":"https:\/\/wp.kristdemokraterna.se\/linkoping\/internbudget-aldrenamnden-2021\/"},"wordCount":100,"articleSection":["arkiv","budget"],"inLanguage":"sv-SE"},{"@type":"WebPage","@id":"https:\/\/wp.kristdemokraterna.se\/linkoping\/internbudget-aldrenamnden-2021\/","url":"https:\/\/wp.kristdemokraterna.se\/linkoping\/internbudget-aldrenamnden-2021\/","name":"Internbudget \u00e4ldren\u00e4mnden 2021 - Kristdemokraterna i Link\u00f6ping","isPartOf":{"@id":"https:\/\/wp.kristdemokraterna.se\/linkoping\/#website"},"datePublished":"2020-10-20T07:55:29+00:00","dateModified":"2021-09-16T07:23:00+00:00","author":{"@id":"https:\/\/wp.kristdemokraterna.se\/linkoping\/#\/schema\/person\/b0148c3c8863db76d330faa282b9521a"},"breadcrumb":{"@id":"https:\/\/wp.kristdemokraterna.se\/linkoping\/internbudget-aldrenamnden-2021\/#breadcrumb"},"inLanguage":"sv-SE","potentialAction":[{"@type":"ReadAction","target":["https:\/\/wp.kristdemokraterna.se\/linkoping\/internbudget-aldrenamnden-2021\/"]}]},{"@type":"BreadcrumbList","@id":"https:\/\/wp.kristdemokraterna.se\/linkoping\/internbudget-aldrenamnden-2021\/#breadcrumb","itemListElement":[{"@type":"ListItem","position":1,"name":"Hem","item":"https:\/\/wp.kristdemokraterna.se\/linkoping\/"},{"@type":"ListItem","position":2,"name":"Internbudget \u00e4ldren\u00e4mnden 2021"}]},{"@type":"WebSite","@id":"https:\/\/wp.kristdemokraterna.se\/linkoping\/#website","url":"https:\/\/wp.kristdemokraterna.se\/linkoping\/","name":"Kristdemokraterna i Link\u00f6ping","description":"","inLanguage":"sv-SE"},{"@type":"Person","@id":"https:\/\/wp.kristdemokraterna.se\/linkoping\/#\/schema\/person\/b0148c3c8863db76d330faa282b9521a","name":"linkoping","image":{"@type":"ImageObject","inLanguage":"sv-SE","@id":"https:\/\/secure.gravatar.com\/avatar\/016e7965fec0e08fdd07b021a7d25181278d4b29b1d5bab57b16017e35421895?s=96&r=g","url":"https:\/\/secure.gravatar.com\/avatar\/016e7965fec0e08fdd07b021a7d25181278d4b29b1d5bab57b16017e35421895?s=96&r=g","contentUrl":"https:\/\/secure.gravatar.com\/avatar\/016e7965fec0e08fdd07b021a7d25181278d4b29b1d5bab57b16017e35421895?s=96&r=g","caption":"linkoping"},"sameAs":["https:\/\/www.facebook.com\/kdlinkoping\/"],"url":"https:\/\/wp.kristdemokraterna.se\/linkoping\/author\/linkoping\/"}]}},"_links":{"self":[{"href":"https:\/\/wp.kristdemokraterna.se\/linkoping\/wp-json\/wp\/v2\/posts\/1601","targetHints":{"allow":["GET"]}}],"collection":[{"href":"https:\/\/wp.kristdemokraterna.se\/linkoping\/wp-json\/wp\/v2\/posts"}],"about":[{"href":"https:\/\/wp.kristdemokraterna.se\/linkoping\/wp-json\/wp\/v2\/types\/post"}],"author":[{"embeddable":true,"href":"https:\/\/wp.kristdemokraterna.se\/linkoping\/wp-json\/wp\/v2\/users\/410"}],"replies":[{"embeddable":true,"href":"https:\/\/wp.kristdemokraterna.se\/linkoping\/wp-json\/wp\/v2\/comments?post=1601"}],"version-history":[{"count":3,"href":"https:\/\/wp.kristdemokraterna.se\/linkoping\/wp-json\/wp\/v2\/posts\/1601\/revisions"}],"predecessor-version":[{"id":1932,"href":"https:\/\/wp.kristdemokraterna.se\/linkoping\/wp-json\/wp\/v2\/posts\/1601\/revisions\/1932"}],"wp:attachment":[{"href":"https:\/\/wp.kristdemokraterna.se\/linkoping\/wp-json\/wp\/v2\/media?parent=1601"}],"wp:term":[{"taxonomy":"category","embeddable":true,"href":"https:\/\/wp.kristdemokraterna.se\/linkoping\/wp-json\/wp\/v2\/categories?post=1601"},{"taxonomy":"post_tag","embeddable":true,"href":"https:\/\/wp.kristdemokraterna.se\/linkoping\/wp-json\/wp\/v2\/tags?post=1601"}],"curies":[{"name":"wp","href":"https:\/\/api.w.org\/{rel}","templated":true}]}}