{"id":1604,"date":"2020-11-23T13:21:22","date_gmt":"2020-11-23T12:21:22","guid":{"rendered":"http:\/\/wp.kristdemokraterna.se\/linkoping\/?p=1604"},"modified":"2021-09-16T09:23:37","modified_gmt":"2021-09-16T07:23:37","slug":"1604-2","status":"publish","type":"post","link":"https:\/\/wp.kristdemokraterna.se\/linkoping\/1604-2\/","title":{"rendered":"Den politiska prestigen"},"content":{"rendered":"<div class=\"kvgmc6g5 cxmmr5t8 oygrvhab hcukyx3x c1et5uql ii04i59q\">\n<div dir=\"auto\">I helgen skrev kommunalr\u00e5det Denis\u00e9 Cassel och \u00e4ldren\u00e4mndens ordf\u00f6rande Liselotte Fager en debattartikel i Corren som svar p\u00e5 en tidigare artikel fr\u00e5n V\u00e4nsterpartiet.<\/div>\n<div dir=\"auto\"><\/div>\n<\/div>\n<div class=\"o9v6fnle cxmmr5t8 oygrvhab hcukyx3x c1et5uql ii04i59q\">\n<div dir=\"auto\">V\u00e4nsterpartiet tog i sin artikel upp flera punkter f\u00f6r att f\u00f6rst\u00e4rka arbetet inom \u00e4ldreomsorgen. Mycket som vi redan nu arbetar med. Vi genomf\u00f6ra stora satsningar p\u00e5 personal, minskad smittorisk och livskvalitetsh\u00f6jande \u00e5tg\u00e4rder.<\/div>\n<div dir=\"auto\"><\/div>\n<\/div>\n<div class=\"o9v6fnle cxmmr5t8 oygrvhab hcukyx3x c1et5uql ii04i59q\">\n<div dir=\"auto\">Ni kan l\u00e4sa artikeln h\u00e4r: <a class=\"oajrlxb2 g5ia77u1 qu0x051f esr5mh6w e9989ue4 r7d6kgcz rq0escxv nhd2j8a9 nc684nl6 p7hjln8o kvgmc6g5 cxmmr5t8 oygrvhab hcukyx3x jb3vyjys rz4wbd8a qt6c0cv9 a8nywdso i1ao9s8h esuyzwwr f1sip0of lzcic4wl py34i1dx gpro0wi8\" role=\"link\" href=\"https:\/\/corren.se\/asikter\/artikel\/den-politiska-prestigen-maste-laggas-at-sidan\/1l73p85r?fbclid=IwAR0qoQrZQ0pKVO6y6X_jC2A-nvA_NMKjf6Ip3UM_kz2-Nrg4vrYse4F9Mz0\" target=\"_blank\" rel=\"nofollow noopener\">https:\/\/corren.se\/&#8230;\/den-politiska-prestigen&#8230;\/1l73p85r<\/a><\/div>\n<\/div>\n","protected":false},"excerpt":{"rendered":"<p>I helgen skrev kommunalr\u00e5det Denis\u00e9 Cassel och \u00e4ldren\u00e4mndens ordf\u00f6rande Liselotte Fager en debattartikel i Corren som svar p\u00e5 en tidigare artikel fr\u00e5n V\u00e4nsterpartiet. V\u00e4nsterpartiet tog i sin artikel upp flera punkter f\u00f6r att f\u00f6rst\u00e4rka arbetet inom \u00e4ldreomsorgen. Mycket som vi redan nu arbetar med. Vi genomf\u00f6ra stora satsningar p\u00e5 personal, minskad smittorisk och livskvalitetsh\u00f6jande \u00e5tg\u00e4rder. <a class=\"read-more-link\" href=\"https:\/\/wp.kristdemokraterna.se\/linkoping\/1604-2\/\">Read More<\/a><\/p>\n","protected":false},"author":410,"featured_media":0,"comment_status":"closed","ping_status":"closed","sticky":false,"template":"","format":"standard","meta":{"_acf_changed":false,"footnotes":""},"categories":[22,1],"tags":[],"class_list":["post-1604","post","type-post","status-publish","format-standard","hentry","category-arkiv","category-okategoriserade"],"acf":[],"yoast_head":"<!-- This site is optimized with the Yoast SEO plugin v27.4 - https:\/\/yoast.com\/product\/yoast-seo-wordpress\/ -->\n<title>Den politiska prestigen - Kristdemokraterna i Link\u00f6ping<\/title>\n<meta name=\"robots\" content=\"index, follow, max-snippet:-1, max-image-preview:large, max-video-preview:-1\" \/>\n<link rel=\"canonical\" href=\"https:\/\/wp.kristdemokraterna.se\/linkoping\/1604-2\/\" \/>\n<meta property=\"og:locale\" content=\"sv_SE\" \/>\n<meta property=\"og:type\" content=\"article\" \/>\n<meta property=\"og:title\" content=\"Den politiska prestigen - Kristdemokraterna i Link\u00f6ping\" \/>\n<meta property=\"og:description\" content=\"I helgen skrev kommunalr\u00e5det Denis\u00e9 Cassel och \u00e4ldren\u00e4mndens ordf\u00f6rande Liselotte Fager en debattartikel i Corren som svar p\u00e5 en tidigare artikel fr\u00e5n V\u00e4nsterpartiet. V\u00e4nsterpartiet tog i sin artikel upp flera punkter f\u00f6r att f\u00f6rst\u00e4rka arbetet inom \u00e4ldreomsorgen. Mycket som vi redan nu arbetar med. Vi genomf\u00f6ra stora satsningar p\u00e5 personal, minskad smittorisk och livskvalitetsh\u00f6jande \u00e5tg\u00e4rder. Read More\" \/>\n<meta property=\"og:url\" content=\"https:\/\/wp.kristdemokraterna.se\/linkoping\/1604-2\/\" \/>\n<meta property=\"og:site_name\" content=\"Kristdemokraterna i Link\u00f6ping\" \/>\n<meta property=\"article:author\" content=\"https:\/\/www.facebook.com\/kdlinkoping\/\" \/>\n<meta property=\"article:published_time\" content=\"2020-11-23T12:21:22+00:00\" \/>\n<meta property=\"article:modified_time\" content=\"2021-09-16T07:23:37+00:00\" \/>\n<meta name=\"author\" content=\"linkoping\" \/>\n<meta name=\"twitter:card\" content=\"summary_large_image\" \/>\n<meta name=\"twitter:label1\" content=\"Skriven av\" \/>\n\t<meta name=\"twitter:data1\" content=\"linkoping\" \/>\n<script type=\"application\/ld+json\" class=\"yoast-schema-graph\">{\"@context\":\"https:\\\/\\\/schema.org\",\"@graph\":[{\"@type\":\"Article\",\"@id\":\"https:\\\/\\\/wp.kristdemokraterna.se\\\/linkoping\\\/1604-2\\\/#article\",\"isPartOf\":{\"@id\":\"https:\\\/\\\/wp.kristdemokraterna.se\\\/linkoping\\\/1604-2\\\/\"},\"author\":{\"name\":\"linkoping\",\"@id\":\"https:\\\/\\\/wp.kristdemokraterna.se\\\/linkoping\\\/#\\\/schema\\\/person\\\/b0148c3c8863db76d330faa282b9521a\"},\"headline\":\"Den politiska prestigen\",\"datePublished\":\"2020-11-23T12:21:22+00:00\",\"dateModified\":\"2021-09-16T07:23:37+00:00\",\"mainEntityOfPage\":{\"@id\":\"https:\\\/\\\/wp.kristdemokraterna.se\\\/linkoping\\\/1604-2\\\/\"},\"wordCount\":84,\"articleSection\":[\"arkiv\",\"okategoriserade\"],\"inLanguage\":\"sv-SE\"},{\"@type\":\"WebPage\",\"@id\":\"https:\\\/\\\/wp.kristdemokraterna.se\\\/linkoping\\\/1604-2\\\/\",\"url\":\"https:\\\/\\\/wp.kristdemokraterna.se\\\/linkoping\\\/1604-2\\\/\",\"name\":\"Den politiska prestigen - Kristdemokraterna i Link\u00f6ping\",\"isPartOf\":{\"@id\":\"https:\\\/\\\/wp.kristdemokraterna.se\\\/linkoping\\\/#website\"},\"datePublished\":\"2020-11-23T12:21:22+00:00\",\"dateModified\":\"2021-09-16T07:23:37+00:00\",\"author\":{\"@id\":\"https:\\\/\\\/wp.kristdemokraterna.se\\\/linkoping\\\/#\\\/schema\\\/person\\\/b0148c3c8863db76d330faa282b9521a\"},\"breadcrumb\":{\"@id\":\"https:\\\/\\\/wp.kristdemokraterna.se\\\/linkoping\\\/1604-2\\\/#breadcrumb\"},\"inLanguage\":\"sv-SE\",\"potentialAction\":[{\"@type\":\"ReadAction\",\"target\":[\"https:\\\/\\\/wp.kristdemokraterna.se\\\/linkoping\\\/1604-2\\\/\"]}]},{\"@type\":\"BreadcrumbList\",\"@id\":\"https:\\\/\\\/wp.kristdemokraterna.se\\\/linkoping\\\/1604-2\\\/#breadcrumb\",\"itemListElement\":[{\"@type\":\"ListItem\",\"position\":1,\"name\":\"Hem\",\"item\":\"https:\\\/\\\/wp.kristdemokraterna.se\\\/linkoping\\\/\"},{\"@type\":\"ListItem\",\"position\":2,\"name\":\"Den politiska prestigen\"}]},{\"@type\":\"WebSite\",\"@id\":\"https:\\\/\\\/wp.kristdemokraterna.se\\\/linkoping\\\/#website\",\"url\":\"https:\\\/\\\/wp.kristdemokraterna.se\\\/linkoping\\\/\",\"name\":\"Kristdemokraterna i Link\u00f6ping\",\"description\":\"\",\"inLanguage\":\"sv-SE\"},{\"@type\":\"Person\",\"@id\":\"https:\\\/\\\/wp.kristdemokraterna.se\\\/linkoping\\\/#\\\/schema\\\/person\\\/b0148c3c8863db76d330faa282b9521a\",\"name\":\"linkoping\",\"image\":{\"@type\":\"ImageObject\",\"inLanguage\":\"sv-SE\",\"@id\":\"https:\\\/\\\/secure.gravatar.com\\\/avatar\\\/016e7965fec0e08fdd07b021a7d25181278d4b29b1d5bab57b16017e35421895?s=96&r=g\",\"url\":\"https:\\\/\\\/secure.gravatar.com\\\/avatar\\\/016e7965fec0e08fdd07b021a7d25181278d4b29b1d5bab57b16017e35421895?s=96&r=g\",\"contentUrl\":\"https:\\\/\\\/secure.gravatar.com\\\/avatar\\\/016e7965fec0e08fdd07b021a7d25181278d4b29b1d5bab57b16017e35421895?s=96&r=g\",\"caption\":\"linkoping\"},\"sameAs\":[\"https:\\\/\\\/www.facebook.com\\\/kdlinkoping\\\/\"],\"url\":\"https:\\\/\\\/wp.kristdemokraterna.se\\\/linkoping\\\/author\\\/linkoping\\\/\"}]}<\/script>\n<!-- \/ Yoast SEO plugin. -->","yoast_head_json":{"title":"Den politiska prestigen - Kristdemokraterna i Link\u00f6ping","robots":{"index":"index","follow":"follow","max-snippet":"max-snippet:-1","max-image-preview":"max-image-preview:large","max-video-preview":"max-video-preview:-1"},"canonical":"https:\/\/wp.kristdemokraterna.se\/linkoping\/1604-2\/","og_locale":"sv_SE","og_type":"article","og_title":"Den politiska prestigen - Kristdemokraterna i Link\u00f6ping","og_description":"I helgen skrev kommunalr\u00e5det Denis\u00e9 Cassel och \u00e4ldren\u00e4mndens ordf\u00f6rande Liselotte Fager en debattartikel i Corren som svar p\u00e5 en tidigare artikel fr\u00e5n V\u00e4nsterpartiet. V\u00e4nsterpartiet tog i sin artikel upp flera punkter f\u00f6r att f\u00f6rst\u00e4rka arbetet inom \u00e4ldreomsorgen. Mycket som vi redan nu arbetar med. Vi genomf\u00f6ra stora satsningar p\u00e5 personal, minskad smittorisk och livskvalitetsh\u00f6jande \u00e5tg\u00e4rder. Read More","og_url":"https:\/\/wp.kristdemokraterna.se\/linkoping\/1604-2\/","og_site_name":"Kristdemokraterna i Link\u00f6ping","article_author":"https:\/\/www.facebook.com\/kdlinkoping\/","article_published_time":"2020-11-23T12:21:22+00:00","article_modified_time":"2021-09-16T07:23:37+00:00","author":"linkoping","twitter_card":"summary_large_image","twitter_misc":{"Skriven av":"linkoping"},"schema":{"@context":"https:\/\/schema.org","@graph":[{"@type":"Article","@id":"https:\/\/wp.kristdemokraterna.se\/linkoping\/1604-2\/#article","isPartOf":{"@id":"https:\/\/wp.kristdemokraterna.se\/linkoping\/1604-2\/"},"author":{"name":"linkoping","@id":"https:\/\/wp.kristdemokraterna.se\/linkoping\/#\/schema\/person\/b0148c3c8863db76d330faa282b9521a"},"headline":"Den politiska prestigen","datePublished":"2020-11-23T12:21:22+00:00","dateModified":"2021-09-16T07:23:37+00:00","mainEntityOfPage":{"@id":"https:\/\/wp.kristdemokraterna.se\/linkoping\/1604-2\/"},"wordCount":84,"articleSection":["arkiv","okategoriserade"],"inLanguage":"sv-SE"},{"@type":"WebPage","@id":"https:\/\/wp.kristdemokraterna.se\/linkoping\/1604-2\/","url":"https:\/\/wp.kristdemokraterna.se\/linkoping\/1604-2\/","name":"Den politiska prestigen - Kristdemokraterna i Link\u00f6ping","isPartOf":{"@id":"https:\/\/wp.kristdemokraterna.se\/linkoping\/#website"},"datePublished":"2020-11-23T12:21:22+00:00","dateModified":"2021-09-16T07:23:37+00:00","author":{"@id":"https:\/\/wp.kristdemokraterna.se\/linkoping\/#\/schema\/person\/b0148c3c8863db76d330faa282b9521a"},"breadcrumb":{"@id":"https:\/\/wp.kristdemokraterna.se\/linkoping\/1604-2\/#breadcrumb"},"inLanguage":"sv-SE","potentialAction":[{"@type":"ReadAction","target":["https:\/\/wp.kristdemokraterna.se\/linkoping\/1604-2\/"]}]},{"@type":"BreadcrumbList","@id":"https:\/\/wp.kristdemokraterna.se\/linkoping\/1604-2\/#breadcrumb","itemListElement":[{"@type":"ListItem","position":1,"name":"Hem","item":"https:\/\/wp.kristdemokraterna.se\/linkoping\/"},{"@type":"ListItem","position":2,"name":"Den politiska prestigen"}]},{"@type":"WebSite","@id":"https:\/\/wp.kristdemokraterna.se\/linkoping\/#website","url":"https:\/\/wp.kristdemokraterna.se\/linkoping\/","name":"Kristdemokraterna i Link\u00f6ping","description":"","inLanguage":"sv-SE"},{"@type":"Person","@id":"https:\/\/wp.kristdemokraterna.se\/linkoping\/#\/schema\/person\/b0148c3c8863db76d330faa282b9521a","name":"linkoping","image":{"@type":"ImageObject","inLanguage":"sv-SE","@id":"https:\/\/secure.gravatar.com\/avatar\/016e7965fec0e08fdd07b021a7d25181278d4b29b1d5bab57b16017e35421895?s=96&r=g","url":"https:\/\/secure.gravatar.com\/avatar\/016e7965fec0e08fdd07b021a7d25181278d4b29b1d5bab57b16017e35421895?s=96&r=g","contentUrl":"https:\/\/secure.gravatar.com\/avatar\/016e7965fec0e08fdd07b021a7d25181278d4b29b1d5bab57b16017e35421895?s=96&r=g","caption":"linkoping"},"sameAs":["https:\/\/www.facebook.com\/kdlinkoping\/"],"url":"https:\/\/wp.kristdemokraterna.se\/linkoping\/author\/linkoping\/"}]}},"_links":{"self":[{"href":"https:\/\/wp.kristdemokraterna.se\/linkoping\/wp-json\/wp\/v2\/posts\/1604","targetHints":{"allow":["GET"]}}],"collection":[{"href":"https:\/\/wp.kristdemokraterna.se\/linkoping\/wp-json\/wp\/v2\/posts"}],"about":[{"href":"https:\/\/wp.kristdemokraterna.se\/linkoping\/wp-json\/wp\/v2\/types\/post"}],"author":[{"embeddable":true,"href":"https:\/\/wp.kristdemokraterna.se\/linkoping\/wp-json\/wp\/v2\/users\/410"}],"replies":[{"embeddable":true,"href":"https:\/\/wp.kristdemokraterna.se\/linkoping\/wp-json\/wp\/v2\/comments?post=1604"}],"version-history":[{"count":4,"href":"https:\/\/wp.kristdemokraterna.se\/linkoping\/wp-json\/wp\/v2\/posts\/1604\/revisions"}],"predecessor-version":[{"id":1928,"href":"https:\/\/wp.kristdemokraterna.se\/linkoping\/wp-json\/wp\/v2\/posts\/1604\/revisions\/1928"}],"wp:attachment":[{"href":"https:\/\/wp.kristdemokraterna.se\/linkoping\/wp-json\/wp\/v2\/media?parent=1604"}],"wp:term":[{"taxonomy":"category","embeddable":true,"href":"https:\/\/wp.kristdemokraterna.se\/linkoping\/wp-json\/wp\/v2\/categories?post=1604"},{"taxonomy":"post_tag","embeddable":true,"href":"https:\/\/wp.kristdemokraterna.se\/linkoping\/wp-json\/wp\/v2\/tags?post=1604"}],"curies":[{"name":"wp","href":"https:\/\/api.w.org\/{rel}","templated":true}]}}