{"id":1653,"date":"2021-06-22T14:35:51","date_gmt":"2021-06-22T12:35:51","guid":{"rendered":"https:\/\/wp.kristdemokraterna.se\/linkoping\/?p=1653"},"modified":"2021-09-16T09:22:46","modified_gmt":"2021-09-16T07:22:46","slug":"stor-satsning-pa-aldreomsorgen-i-linkoping","status":"publish","type":"post","link":"https:\/\/wp.kristdemokraterna.se\/linkoping\/stor-satsning-pa-aldreomsorgen-i-linkoping\/","title":{"rendered":"Stor satsning p\u00e5 \u00e4ldreomsorgen i Link\u00f6ping"},"content":{"rendered":"<div class=\"o9v6fnle cxmmr5t8 oygrvhab hcukyx3x c1et5uql ii04i59q\">\n<div dir=\"auto\">\u00c4ldren\u00e4mndens ordf\u00f6rande Liselotte Fager (KD) kallade till presstr\u00e4ff framf\u00f6r Stadshuset under m\u00e5ndagen. F\u00f6retr\u00e4dare f\u00f6r lokal media var inbjudna.<\/div>\n<\/div>\n<div class=\"o9v6fnle cxmmr5t8 oygrvhab hcukyx3x c1et5uql ii04i59q\">\n<div dir=\"auto\">Budskapet var att en fortsatt ut\u00f6kad grundbemanning, f\u00f6rb\u00e4ttrade arbetsvillkor, f\u00f6rst\u00e4rkt demensv\u00e5rd och fler kuratorer som ska m\u00f6ta \u00e4ldres psykiska oh\u00e4lsa. Det \u00e4r n\u00e5gra av de satsningar som \u00e4ldren\u00e4mnden kan g\u00f6ra tack vare \u00f6kade statsbidrag och ett \u00f6verskott i budgeten.<\/div>\n<\/div>\n<div class=\"o9v6fnle cxmmr5t8 oygrvhab hcukyx3x c1et5uql ii04i59q\">\n<div dir=\"auto\">\u2013 Vi vet att \u00e4ldreomsorgen st\u00e5r inf\u00f6r flera l\u00e5ngsiktiga utmaningar. Det blir allt fler \u00e4ldre, kompetensf\u00f6rs\u00f6rjningen \u00e4r en utmaning och ett allt mer digitaliserat samh\u00e4lle st\u00e4ller nya krav p\u00e5 v\u00e5ra verksamheter. D\u00e4rf\u00f6r \u00e4r det gl\u00e4djande att \u00e4ldren\u00e4mnden kan g\u00f6ra en rad extra satsningar 2021 och 2022, ber\u00e4ttade Liselotte Fager (KD).<\/div>\n<\/div>\n<div class=\"o9v6fnle cxmmr5t8 oygrvhab hcukyx3x c1et5uql ii04i59q\">\n<div dir=\"auto\">Under 2021 har \u00e4ldren\u00e4mnden ekonomiska f\u00f6ruts\u00e4ttningar att g\u00f6ra satsningar i verksamheten. Satsningarna motsvarar 43 miljoner kronor och g\u00f6rs inom omr\u00e5dena f\u00f6rb\u00e4ttrade arbetsvillkor, anpassning av lokaler och digitalisering.<\/div>\n<\/div>\n<div class=\"o9v6fnle cxmmr5t8 oygrvhab hcukyx3x c1et5uql ii04i59q\">\n<div dir=\"auto\">\u2013 Under 2021 och 2002 kan v\u00e5ra utf\u00f6rare avropa medel f\u00f6r att f\u00f6rb\u00e4ttra arbetsvillkoren inom \u00e4ldreomsorgen. Det kan till exempel handla om att se \u00f6ver alternativ till delade turer, m\u00f6jligg\u00f6ra inflytande \u00f6ver scheman eller f\u00f6r utveckling av spr\u00e5kkompetensen. Dessutom har vi f\u00e5tt tydliga signaler om att det beh\u00f6vs en l\u00e4ngre satsning p\u00e5 ut\u00f6kad grundbemanning.<\/div>\n<div dir=\"auto\"><\/div>\n<\/div>\n<div class=\"o9v6fnle cxmmr5t8 oygrvhab hcukyx3x c1et5uql ii04i59q\">\n<div dir=\"auto\">L\u00e4s hela pressmeddelandet h\u00e4r: <a class=\"oajrlxb2 g5ia77u1 qu0x051f esr5mh6w e9989ue4 r7d6kgcz rq0escxv nhd2j8a9 nc684nl6 p7hjln8o kvgmc6g5 cxmmr5t8 oygrvhab hcukyx3x jb3vyjys rz4wbd8a qt6c0cv9 a8nywdso i1ao9s8h esuyzwwr f1sip0of lzcic4wl py34i1dx gpro0wi8\" role=\"link\" href=\"https:\/\/via.tt.se\/pressmeddelande\/stor-satsning-pa-aldreomsorgen?publisherId=849190&amp;releaseId=3302091&amp;fbclid=IwAR0SbuguhaIvBlo1zgAuw9f7nXbutygYmj8V0dkBAzjOuFcvg-g8WGarGUA\" target=\"_blank\" rel=\"nofollow noopener\">https:\/\/via.tt.se\/press&#8230;\/stor-satsning-pa-aldreomsorgen&#8230;<\/a><\/div>\n<\/div>\n","protected":false},"excerpt":{"rendered":"<p>\u00c4ldren\u00e4mndens ordf\u00f6rande Liselotte Fager (KD) kallade till presstr\u00e4ff framf\u00f6r Stadshuset under m\u00e5ndagen. F\u00f6retr\u00e4dare f\u00f6r lokal media var inbjudna. Budskapet var att en fortsatt ut\u00f6kad grundbemanning, f\u00f6rb\u00e4ttrade arbetsvillkor, f\u00f6rst\u00e4rkt demensv\u00e5rd och fler kuratorer som ska m\u00f6ta \u00e4ldres psykiska oh\u00e4lsa. Det \u00e4r n\u00e5gra av de satsningar som \u00e4ldren\u00e4mnden kan g\u00f6ra tack vare \u00f6kade statsbidrag och ett \u00f6verskott <a class=\"read-more-link\" href=\"https:\/\/wp.kristdemokraterna.se\/linkoping\/stor-satsning-pa-aldreomsorgen-i-linkoping\/\">Read More<\/a><\/p>\n","protected":false},"author":410,"featured_media":0,"comment_status":"closed","ping_status":"closed","sticky":false,"template":"","format":"standard","meta":{"_acf_changed":false,"footnotes":""},"categories":[22,5],"tags":[],"class_list":["post-1653","post","type-post","status-publish","format-standard","hentry","category-arkiv","category-pressmeddelanden"],"acf":[],"yoast_head":"<!-- This site is optimized with the Yoast SEO plugin v27.4 - https:\/\/yoast.com\/product\/yoast-seo-wordpress\/ -->\n<title>Stor satsning p\u00e5 \u00e4ldreomsorgen i Link\u00f6ping - Kristdemokraterna i Link\u00f6ping<\/title>\n<meta name=\"robots\" content=\"index, follow, max-snippet:-1, max-image-preview:large, max-video-preview:-1\" \/>\n<link rel=\"canonical\" href=\"https:\/\/wp.kristdemokraterna.se\/linkoping\/stor-satsning-pa-aldreomsorgen-i-linkoping\/\" \/>\n<meta property=\"og:locale\" content=\"sv_SE\" \/>\n<meta property=\"og:type\" content=\"article\" \/>\n<meta property=\"og:title\" content=\"Stor satsning p\u00e5 \u00e4ldreomsorgen i Link\u00f6ping - Kristdemokraterna i Link\u00f6ping\" \/>\n<meta property=\"og:description\" content=\"\u00c4ldren\u00e4mndens ordf\u00f6rande Liselotte Fager (KD) kallade till presstr\u00e4ff framf\u00f6r Stadshuset under m\u00e5ndagen. F\u00f6retr\u00e4dare f\u00f6r lokal media var inbjudna. Budskapet var att en fortsatt ut\u00f6kad grundbemanning, f\u00f6rb\u00e4ttrade arbetsvillkor, f\u00f6rst\u00e4rkt demensv\u00e5rd och fler kuratorer som ska m\u00f6ta \u00e4ldres psykiska oh\u00e4lsa. Det \u00e4r n\u00e5gra av de satsningar som \u00e4ldren\u00e4mnden kan g\u00f6ra tack vare \u00f6kade statsbidrag och ett \u00f6verskott Read More\" \/>\n<meta property=\"og:url\" content=\"https:\/\/wp.kristdemokraterna.se\/linkoping\/stor-satsning-pa-aldreomsorgen-i-linkoping\/\" \/>\n<meta property=\"og:site_name\" content=\"Kristdemokraterna i Link\u00f6ping\" \/>\n<meta property=\"article:author\" content=\"https:\/\/www.facebook.com\/kdlinkoping\/\" \/>\n<meta property=\"article:published_time\" content=\"2021-06-22T12:35:51+00:00\" \/>\n<meta property=\"article:modified_time\" content=\"2021-09-16T07:22:46+00:00\" \/>\n<meta name=\"author\" content=\"linkoping\" \/>\n<meta name=\"twitter:card\" content=\"summary_large_image\" \/>\n<meta name=\"twitter:label1\" content=\"Skriven av\" \/>\n\t<meta name=\"twitter:data1\" content=\"linkoping\" \/>\n\t<meta name=\"twitter:label2\" content=\"Ber\u00e4knad l\u00e4stid\" \/>\n\t<meta name=\"twitter:data2\" content=\"1 minut\" \/>\n<script type=\"application\/ld+json\" class=\"yoast-schema-graph\">{\"@context\":\"https:\\\/\\\/schema.org\",\"@graph\":[{\"@type\":\"Article\",\"@id\":\"https:\\\/\\\/wp.kristdemokraterna.se\\\/linkoping\\\/stor-satsning-pa-aldreomsorgen-i-linkoping\\\/#article\",\"isPartOf\":{\"@id\":\"https:\\\/\\\/wp.kristdemokraterna.se\\\/linkoping\\\/stor-satsning-pa-aldreomsorgen-i-linkoping\\\/\"},\"author\":{\"name\":\"linkoping\",\"@id\":\"https:\\\/\\\/wp.kristdemokraterna.se\\\/linkoping\\\/#\\\/schema\\\/person\\\/b0148c3c8863db76d330faa282b9521a\"},\"headline\":\"Stor satsning p\u00e5 \u00e4ldreomsorgen i Link\u00f6ping\",\"datePublished\":\"2021-06-22T12:35:51+00:00\",\"dateModified\":\"2021-09-16T07:22:46+00:00\",\"mainEntityOfPage\":{\"@id\":\"https:\\\/\\\/wp.kristdemokraterna.se\\\/linkoping\\\/stor-satsning-pa-aldreomsorgen-i-linkoping\\\/\"},\"wordCount\":253,\"articleSection\":[\"arkiv\",\"pressmeddelanden\"],\"inLanguage\":\"sv-SE\"},{\"@type\":\"WebPage\",\"@id\":\"https:\\\/\\\/wp.kristdemokraterna.se\\\/linkoping\\\/stor-satsning-pa-aldreomsorgen-i-linkoping\\\/\",\"url\":\"https:\\\/\\\/wp.kristdemokraterna.se\\\/linkoping\\\/stor-satsning-pa-aldreomsorgen-i-linkoping\\\/\",\"name\":\"Stor satsning p\u00e5 \u00e4ldreomsorgen i Link\u00f6ping - Kristdemokraterna i Link\u00f6ping\",\"isPartOf\":{\"@id\":\"https:\\\/\\\/wp.kristdemokraterna.se\\\/linkoping\\\/#website\"},\"datePublished\":\"2021-06-22T12:35:51+00:00\",\"dateModified\":\"2021-09-16T07:22:46+00:00\",\"author\":{\"@id\":\"https:\\\/\\\/wp.kristdemokraterna.se\\\/linkoping\\\/#\\\/schema\\\/person\\\/b0148c3c8863db76d330faa282b9521a\"},\"breadcrumb\":{\"@id\":\"https:\\\/\\\/wp.kristdemokraterna.se\\\/linkoping\\\/stor-satsning-pa-aldreomsorgen-i-linkoping\\\/#breadcrumb\"},\"inLanguage\":\"sv-SE\",\"potentialAction\":[{\"@type\":\"ReadAction\",\"target\":[\"https:\\\/\\\/wp.kristdemokraterna.se\\\/linkoping\\\/stor-satsning-pa-aldreomsorgen-i-linkoping\\\/\"]}]},{\"@type\":\"BreadcrumbList\",\"@id\":\"https:\\\/\\\/wp.kristdemokraterna.se\\\/linkoping\\\/stor-satsning-pa-aldreomsorgen-i-linkoping\\\/#breadcrumb\",\"itemListElement\":[{\"@type\":\"ListItem\",\"position\":1,\"name\":\"Hem\",\"item\":\"https:\\\/\\\/wp.kristdemokraterna.se\\\/linkoping\\\/\"},{\"@type\":\"ListItem\",\"position\":2,\"name\":\"Stor satsning p\u00e5 \u00e4ldreomsorgen i Link\u00f6ping\"}]},{\"@type\":\"WebSite\",\"@id\":\"https:\\\/\\\/wp.kristdemokraterna.se\\\/linkoping\\\/#website\",\"url\":\"https:\\\/\\\/wp.kristdemokraterna.se\\\/linkoping\\\/\",\"name\":\"Kristdemokraterna i Link\u00f6ping\",\"description\":\"\",\"inLanguage\":\"sv-SE\"},{\"@type\":\"Person\",\"@id\":\"https:\\\/\\\/wp.kristdemokraterna.se\\\/linkoping\\\/#\\\/schema\\\/person\\\/b0148c3c8863db76d330faa282b9521a\",\"name\":\"linkoping\",\"image\":{\"@type\":\"ImageObject\",\"inLanguage\":\"sv-SE\",\"@id\":\"https:\\\/\\\/secure.gravatar.com\\\/avatar\\\/016e7965fec0e08fdd07b021a7d25181278d4b29b1d5bab57b16017e35421895?s=96&r=g\",\"url\":\"https:\\\/\\\/secure.gravatar.com\\\/avatar\\\/016e7965fec0e08fdd07b021a7d25181278d4b29b1d5bab57b16017e35421895?s=96&r=g\",\"contentUrl\":\"https:\\\/\\\/secure.gravatar.com\\\/avatar\\\/016e7965fec0e08fdd07b021a7d25181278d4b29b1d5bab57b16017e35421895?s=96&r=g\",\"caption\":\"linkoping\"},\"sameAs\":[\"https:\\\/\\\/www.facebook.com\\\/kdlinkoping\\\/\"],\"url\":\"https:\\\/\\\/wp.kristdemokraterna.se\\\/linkoping\\\/author\\\/linkoping\\\/\"}]}<\/script>\n<!-- \/ Yoast SEO plugin. -->","yoast_head_json":{"title":"Stor satsning p\u00e5 \u00e4ldreomsorgen i Link\u00f6ping - Kristdemokraterna i Link\u00f6ping","robots":{"index":"index","follow":"follow","max-snippet":"max-snippet:-1","max-image-preview":"max-image-preview:large","max-video-preview":"max-video-preview:-1"},"canonical":"https:\/\/wp.kristdemokraterna.se\/linkoping\/stor-satsning-pa-aldreomsorgen-i-linkoping\/","og_locale":"sv_SE","og_type":"article","og_title":"Stor satsning p\u00e5 \u00e4ldreomsorgen i Link\u00f6ping - Kristdemokraterna i Link\u00f6ping","og_description":"\u00c4ldren\u00e4mndens ordf\u00f6rande Liselotte Fager (KD) kallade till presstr\u00e4ff framf\u00f6r Stadshuset under m\u00e5ndagen. F\u00f6retr\u00e4dare f\u00f6r lokal media var inbjudna. Budskapet var att en fortsatt ut\u00f6kad grundbemanning, f\u00f6rb\u00e4ttrade arbetsvillkor, f\u00f6rst\u00e4rkt demensv\u00e5rd och fler kuratorer som ska m\u00f6ta \u00e4ldres psykiska oh\u00e4lsa. Det \u00e4r n\u00e5gra av de satsningar som \u00e4ldren\u00e4mnden kan g\u00f6ra tack vare \u00f6kade statsbidrag och ett \u00f6verskott Read More","og_url":"https:\/\/wp.kristdemokraterna.se\/linkoping\/stor-satsning-pa-aldreomsorgen-i-linkoping\/","og_site_name":"Kristdemokraterna i Link\u00f6ping","article_author":"https:\/\/www.facebook.com\/kdlinkoping\/","article_published_time":"2021-06-22T12:35:51+00:00","article_modified_time":"2021-09-16T07:22:46+00:00","author":"linkoping","twitter_card":"summary_large_image","twitter_misc":{"Skriven av":"linkoping","Ber\u00e4knad l\u00e4stid":"1 minut"},"schema":{"@context":"https:\/\/schema.org","@graph":[{"@type":"Article","@id":"https:\/\/wp.kristdemokraterna.se\/linkoping\/stor-satsning-pa-aldreomsorgen-i-linkoping\/#article","isPartOf":{"@id":"https:\/\/wp.kristdemokraterna.se\/linkoping\/stor-satsning-pa-aldreomsorgen-i-linkoping\/"},"author":{"name":"linkoping","@id":"https:\/\/wp.kristdemokraterna.se\/linkoping\/#\/schema\/person\/b0148c3c8863db76d330faa282b9521a"},"headline":"Stor satsning p\u00e5 \u00e4ldreomsorgen i Link\u00f6ping","datePublished":"2021-06-22T12:35:51+00:00","dateModified":"2021-09-16T07:22:46+00:00","mainEntityOfPage":{"@id":"https:\/\/wp.kristdemokraterna.se\/linkoping\/stor-satsning-pa-aldreomsorgen-i-linkoping\/"},"wordCount":253,"articleSection":["arkiv","pressmeddelanden"],"inLanguage":"sv-SE"},{"@type":"WebPage","@id":"https:\/\/wp.kristdemokraterna.se\/linkoping\/stor-satsning-pa-aldreomsorgen-i-linkoping\/","url":"https:\/\/wp.kristdemokraterna.se\/linkoping\/stor-satsning-pa-aldreomsorgen-i-linkoping\/","name":"Stor satsning p\u00e5 \u00e4ldreomsorgen i Link\u00f6ping - Kristdemokraterna i Link\u00f6ping","isPartOf":{"@id":"https:\/\/wp.kristdemokraterna.se\/linkoping\/#website"},"datePublished":"2021-06-22T12:35:51+00:00","dateModified":"2021-09-16T07:22:46+00:00","author":{"@id":"https:\/\/wp.kristdemokraterna.se\/linkoping\/#\/schema\/person\/b0148c3c8863db76d330faa282b9521a"},"breadcrumb":{"@id":"https:\/\/wp.kristdemokraterna.se\/linkoping\/stor-satsning-pa-aldreomsorgen-i-linkoping\/#breadcrumb"},"inLanguage":"sv-SE","potentialAction":[{"@type":"ReadAction","target":["https:\/\/wp.kristdemokraterna.se\/linkoping\/stor-satsning-pa-aldreomsorgen-i-linkoping\/"]}]},{"@type":"BreadcrumbList","@id":"https:\/\/wp.kristdemokraterna.se\/linkoping\/stor-satsning-pa-aldreomsorgen-i-linkoping\/#breadcrumb","itemListElement":[{"@type":"ListItem","position":1,"name":"Hem","item":"https:\/\/wp.kristdemokraterna.se\/linkoping\/"},{"@type":"ListItem","position":2,"name":"Stor satsning p\u00e5 \u00e4ldreomsorgen i Link\u00f6ping"}]},{"@type":"WebSite","@id":"https:\/\/wp.kristdemokraterna.se\/linkoping\/#website","url":"https:\/\/wp.kristdemokraterna.se\/linkoping\/","name":"Kristdemokraterna i Link\u00f6ping","description":"","inLanguage":"sv-SE"},{"@type":"Person","@id":"https:\/\/wp.kristdemokraterna.se\/linkoping\/#\/schema\/person\/b0148c3c8863db76d330faa282b9521a","name":"linkoping","image":{"@type":"ImageObject","inLanguage":"sv-SE","@id":"https:\/\/secure.gravatar.com\/avatar\/016e7965fec0e08fdd07b021a7d25181278d4b29b1d5bab57b16017e35421895?s=96&r=g","url":"https:\/\/secure.gravatar.com\/avatar\/016e7965fec0e08fdd07b021a7d25181278d4b29b1d5bab57b16017e35421895?s=96&r=g","contentUrl":"https:\/\/secure.gravatar.com\/avatar\/016e7965fec0e08fdd07b021a7d25181278d4b29b1d5bab57b16017e35421895?s=96&r=g","caption":"linkoping"},"sameAs":["https:\/\/www.facebook.com\/kdlinkoping\/"],"url":"https:\/\/wp.kristdemokraterna.se\/linkoping\/author\/linkoping\/"}]}},"_links":{"self":[{"href":"https:\/\/wp.kristdemokraterna.se\/linkoping\/wp-json\/wp\/v2\/posts\/1653","targetHints":{"allow":["GET"]}}],"collection":[{"href":"https:\/\/wp.kristdemokraterna.se\/linkoping\/wp-json\/wp\/v2\/posts"}],"about":[{"href":"https:\/\/wp.kristdemokraterna.se\/linkoping\/wp-json\/wp\/v2\/types\/post"}],"author":[{"embeddable":true,"href":"https:\/\/wp.kristdemokraterna.se\/linkoping\/wp-json\/wp\/v2\/users\/410"}],"replies":[{"embeddable":true,"href":"https:\/\/wp.kristdemokraterna.se\/linkoping\/wp-json\/wp\/v2\/comments?post=1653"}],"version-history":[{"count":4,"href":"https:\/\/wp.kristdemokraterna.se\/linkoping\/wp-json\/wp\/v2\/posts\/1653\/revisions"}],"predecessor-version":[{"id":1925,"href":"https:\/\/wp.kristdemokraterna.se\/linkoping\/wp-json\/wp\/v2\/posts\/1653\/revisions\/1925"}],"wp:attachment":[{"href":"https:\/\/wp.kristdemokraterna.se\/linkoping\/wp-json\/wp\/v2\/media?parent=1653"}],"wp:term":[{"taxonomy":"category","embeddable":true,"href":"https:\/\/wp.kristdemokraterna.se\/linkoping\/wp-json\/wp\/v2\/categories?post=1653"},{"taxonomy":"post_tag","embeddable":true,"href":"https:\/\/wp.kristdemokraterna.se\/linkoping\/wp-json\/wp\/v2\/tags?post=1653"}],"curies":[{"name":"wp","href":"https:\/\/api.w.org\/{rel}","templated":true}]}}