{"id":1657,"date":"2021-06-07T14:41:44","date_gmt":"2021-06-07T12:41:44","guid":{"rendered":"https:\/\/wp.kristdemokraterna.se\/linkoping\/?p=1657"},"modified":"2021-08-27T11:47:54","modified_gmt":"2021-08-27T09:47:54","slug":"krafttag-for-trygghetsskapande-kameraovervakning","status":"publish","type":"post","link":"https:\/\/wp.kristdemokraterna.se\/linkoping\/krafttag-for-trygghetsskapande-kameraovervakning\/","title":{"rendered":"Krafttag f\u00f6r trygghetsskapande kamera\u00f6vervakning"},"content":{"rendered":"<div class=\"o9v6fnle cxmmr5t8 oygrvhab hcukyx3x c1et5uql ii04i59q\">\n<div dir=\"auto\">Under m\u00e5ndagen h\u00f6ll Link\u00f6pings Kommun en presstr\u00e4ff i Berga Centrum. Kommunstyrelsens ordf\u00f6rande Niklas Borg (M) och kommunstyrelsens 1:e vice ordf\u00f6rande Denis\u00e9 Cassel (KD) ber\u00e4ttade vilka brottsf\u00f6rebyggande och trygghetsskapande \u00e5tg\u00e4rder Link\u00f6pings Kommun planerar att vidta fram\u00f6ver. Vid presstr\u00e4ffen deltog mediarepresentanter fr\u00e5n bl a SVT, Sveriges Radio och Corren.<\/div>\n<div dir=\"auto\"><\/div>\n<div dir=\"auto\"><\/div>\n<div class=\"o9v6fnle cxmmr5t8 oygrvhab hcukyx3x c1et5uql ii04i59q\">\n<div dir=\"auto\">\u2013 \u00c5r 2018 lovade Polismyndigheten att 27 kameror skulle s\u00e4ttas upp i v\u00e5ra prioriterade bostadsomr\u00e5den och i centrum i Link\u00f6ping. Idag 2021 finns det endast fyra kameror p\u00e5 plats, varav en endast satts upp tillf\u00e4lligt. Med anledning av det har jag idag tillsammans med kommunstyrelsens ordf\u00f6rande Niklas Borg g\u00e5tt ut med information om att vi p\u00e5 morgondagens kommunstyrelsesammantr\u00e4de kommer uppdra till kommundirekt\u00f6ren att ta fram en handlingsplan f\u00f6r kommunal kamerabevakning i Link\u00f6ping, som en del av det trygghetsskapande arbetet ber\u00e4ttar Denis\u00e9 Cassel (KD).<\/div>\n<div dir=\"auto\"><\/div>\n<\/div>\n<div class=\"o9v6fnle cxmmr5t8 oygrvhab hcukyx3x c1et5uql ii04i59q\">\n<div dir=\"auto\">\u2013 Syftet med kommunens kamerabevakning \u00e4r inte att \u00f6verta Polismyndighetens ansvar, utan ska ses som ett komplement till det \u00f6vriga brottsf\u00f6rebyggande arbetet. N\u00e4r Polismyndigheten inte levererar p\u00e5 sina l\u00f6ften kan vi i Alliansen inte passivt se p\u00e5. Jag tycker egentligen inte att vi som kommun ska beh\u00f6va ta \u00f6ver statens ansvar, men det ing\u00e5r i det kommunala \u00e5tagandet att se till att v\u00e5ra medborgare k\u00e4nner sig trygga. Det k\u00e4nns d\u00e4rf\u00f6r sj\u00e4lvklart att initiera ett kommunalt kamerabevakningsprojekt.<\/div>\n<div dir=\"auto\"><\/div>\n<\/div>\n<div class=\"o9v6fnle cxmmr5t8 oygrvhab hcukyx3x c1et5uql ii04i59q\">\n<div dir=\"auto\">Den lokala samverkan med Polisen \u00e4r mycket v\u00e4lfungerande och vi har en samsyn n\u00e4r det g\u00e4ller n\u00f6dv\u00e4ndigheten av \u00f6kad kamerabevakning.<\/div>\n<\/div>\n<\/div>\n","protected":false},"excerpt":{"rendered":"<p>Under m\u00e5ndagen h\u00f6ll Link\u00f6pings Kommun en presstr\u00e4ff i Berga Centrum. Kommunstyrelsens ordf\u00f6rande Niklas Borg (M) och kommunstyrelsens 1:e vice ordf\u00f6rande Denis\u00e9 Cassel (KD) ber\u00e4ttade vilka brottsf\u00f6rebyggande och trygghetsskapande \u00e5tg\u00e4rder Link\u00f6pings Kommun planerar att vidta fram\u00f6ver. Vid presstr\u00e4ffen deltog mediarepresentanter fr\u00e5n bl a SVT, Sveriges Radio och Corren. \u2013 \u00c5r 2018 lovade Polismyndigheten att 27 kameror <a class=\"read-more-link\" href=\"https:\/\/wp.kristdemokraterna.se\/linkoping\/krafttag-for-trygghetsskapande-kameraovervakning\/\">Read More<\/a><\/p>\n","protected":false},"author":410,"featured_media":0,"comment_status":"closed","ping_status":"closed","sticky":false,"template":"","format":"standard","meta":{"_acf_changed":false,"footnotes":""},"categories":[22],"tags":[],"class_list":["post-1657","post","type-post","status-publish","format-standard","hentry","category-arkiv"],"acf":[],"yoast_head":"<!-- This site is optimized with the Yoast SEO plugin v27.4 - https:\/\/yoast.com\/product\/yoast-seo-wordpress\/ -->\n<title>Krafttag f\u00f6r trygghetsskapande kamera\u00f6vervakning - Kristdemokraterna i Link\u00f6ping<\/title>\n<meta name=\"robots\" content=\"index, follow, max-snippet:-1, max-image-preview:large, max-video-preview:-1\" \/>\n<link rel=\"canonical\" href=\"https:\/\/wp.kristdemokraterna.se\/linkoping\/krafttag-for-trygghetsskapande-kameraovervakning\/\" \/>\n<meta property=\"og:locale\" content=\"sv_SE\" \/>\n<meta property=\"og:type\" content=\"article\" \/>\n<meta property=\"og:title\" content=\"Krafttag f\u00f6r trygghetsskapande kamera\u00f6vervakning - Kristdemokraterna i Link\u00f6ping\" \/>\n<meta property=\"og:description\" content=\"Under m\u00e5ndagen h\u00f6ll Link\u00f6pings Kommun en presstr\u00e4ff i Berga Centrum. Kommunstyrelsens ordf\u00f6rande Niklas Borg (M) och kommunstyrelsens 1:e vice ordf\u00f6rande Denis\u00e9 Cassel (KD) ber\u00e4ttade vilka brottsf\u00f6rebyggande och trygghetsskapande \u00e5tg\u00e4rder Link\u00f6pings Kommun planerar att vidta fram\u00f6ver. Vid presstr\u00e4ffen deltog mediarepresentanter fr\u00e5n bl a SVT, Sveriges Radio och Corren. \u2013 \u00c5r 2018 lovade Polismyndigheten att 27 kameror Read More\" \/>\n<meta property=\"og:url\" content=\"https:\/\/wp.kristdemokraterna.se\/linkoping\/krafttag-for-trygghetsskapande-kameraovervakning\/\" \/>\n<meta property=\"og:site_name\" content=\"Kristdemokraterna i Link\u00f6ping\" \/>\n<meta property=\"article:author\" content=\"https:\/\/www.facebook.com\/kdlinkoping\/\" \/>\n<meta property=\"article:published_time\" content=\"2021-06-07T12:41:44+00:00\" \/>\n<meta property=\"article:modified_time\" content=\"2021-08-27T09:47:54+00:00\" \/>\n<meta name=\"author\" content=\"linkoping\" \/>\n<meta name=\"twitter:card\" content=\"summary_large_image\" \/>\n<meta name=\"twitter:label1\" content=\"Skriven av\" \/>\n\t<meta name=\"twitter:data1\" content=\"linkoping\" \/>\n\t<meta name=\"twitter:label2\" content=\"Ber\u00e4knad l\u00e4stid\" \/>\n\t<meta name=\"twitter:data2\" content=\"1 minut\" \/>\n<script type=\"application\/ld+json\" class=\"yoast-schema-graph\">{\"@context\":\"https:\\\/\\\/schema.org\",\"@graph\":[{\"@type\":\"Article\",\"@id\":\"https:\\\/\\\/wp.kristdemokraterna.se\\\/linkoping\\\/krafttag-for-trygghetsskapande-kameraovervakning\\\/#article\",\"isPartOf\":{\"@id\":\"https:\\\/\\\/wp.kristdemokraterna.se\\\/linkoping\\\/krafttag-for-trygghetsskapande-kameraovervakning\\\/\"},\"author\":{\"name\":\"linkoping\",\"@id\":\"https:\\\/\\\/wp.kristdemokraterna.se\\\/linkoping\\\/#\\\/schema\\\/person\\\/b0148c3c8863db76d330faa282b9521a\"},\"headline\":\"Krafttag f\u00f6r trygghetsskapande kamera\u00f6vervakning\",\"datePublished\":\"2021-06-07T12:41:44+00:00\",\"dateModified\":\"2021-08-27T09:47:54+00:00\",\"mainEntityOfPage\":{\"@id\":\"https:\\\/\\\/wp.kristdemokraterna.se\\\/linkoping\\\/krafttag-for-trygghetsskapande-kameraovervakning\\\/\"},\"wordCount\":268,\"articleSection\":[\"arkiv\"],\"inLanguage\":\"sv-SE\"},{\"@type\":\"WebPage\",\"@id\":\"https:\\\/\\\/wp.kristdemokraterna.se\\\/linkoping\\\/krafttag-for-trygghetsskapande-kameraovervakning\\\/\",\"url\":\"https:\\\/\\\/wp.kristdemokraterna.se\\\/linkoping\\\/krafttag-for-trygghetsskapande-kameraovervakning\\\/\",\"name\":\"Krafttag f\u00f6r trygghetsskapande kamera\u00f6vervakning - Kristdemokraterna i Link\u00f6ping\",\"isPartOf\":{\"@id\":\"https:\\\/\\\/wp.kristdemokraterna.se\\\/linkoping\\\/#website\"},\"datePublished\":\"2021-06-07T12:41:44+00:00\",\"dateModified\":\"2021-08-27T09:47:54+00:00\",\"author\":{\"@id\":\"https:\\\/\\\/wp.kristdemokraterna.se\\\/linkoping\\\/#\\\/schema\\\/person\\\/b0148c3c8863db76d330faa282b9521a\"},\"breadcrumb\":{\"@id\":\"https:\\\/\\\/wp.kristdemokraterna.se\\\/linkoping\\\/krafttag-for-trygghetsskapande-kameraovervakning\\\/#breadcrumb\"},\"inLanguage\":\"sv-SE\",\"potentialAction\":[{\"@type\":\"ReadAction\",\"target\":[\"https:\\\/\\\/wp.kristdemokraterna.se\\\/linkoping\\\/krafttag-for-trygghetsskapande-kameraovervakning\\\/\"]}]},{\"@type\":\"BreadcrumbList\",\"@id\":\"https:\\\/\\\/wp.kristdemokraterna.se\\\/linkoping\\\/krafttag-for-trygghetsskapande-kameraovervakning\\\/#breadcrumb\",\"itemListElement\":[{\"@type\":\"ListItem\",\"position\":1,\"name\":\"Hem\",\"item\":\"https:\\\/\\\/wp.kristdemokraterna.se\\\/linkoping\\\/\"},{\"@type\":\"ListItem\",\"position\":2,\"name\":\"Krafttag f\u00f6r trygghetsskapande kamera\u00f6vervakning\"}]},{\"@type\":\"WebSite\",\"@id\":\"https:\\\/\\\/wp.kristdemokraterna.se\\\/linkoping\\\/#website\",\"url\":\"https:\\\/\\\/wp.kristdemokraterna.se\\\/linkoping\\\/\",\"name\":\"Kristdemokraterna i Link\u00f6ping\",\"description\":\"\",\"inLanguage\":\"sv-SE\"},{\"@type\":\"Person\",\"@id\":\"https:\\\/\\\/wp.kristdemokraterna.se\\\/linkoping\\\/#\\\/schema\\\/person\\\/b0148c3c8863db76d330faa282b9521a\",\"name\":\"linkoping\",\"image\":{\"@type\":\"ImageObject\",\"inLanguage\":\"sv-SE\",\"@id\":\"https:\\\/\\\/secure.gravatar.com\\\/avatar\\\/016e7965fec0e08fdd07b021a7d25181278d4b29b1d5bab57b16017e35421895?s=96&r=g\",\"url\":\"https:\\\/\\\/secure.gravatar.com\\\/avatar\\\/016e7965fec0e08fdd07b021a7d25181278d4b29b1d5bab57b16017e35421895?s=96&r=g\",\"contentUrl\":\"https:\\\/\\\/secure.gravatar.com\\\/avatar\\\/016e7965fec0e08fdd07b021a7d25181278d4b29b1d5bab57b16017e35421895?s=96&r=g\",\"caption\":\"linkoping\"},\"sameAs\":[\"https:\\\/\\\/www.facebook.com\\\/kdlinkoping\\\/\"],\"url\":\"https:\\\/\\\/wp.kristdemokraterna.se\\\/linkoping\\\/author\\\/linkoping\\\/\"}]}<\/script>\n<!-- \/ Yoast SEO plugin. -->","yoast_head_json":{"title":"Krafttag f\u00f6r trygghetsskapande kamera\u00f6vervakning - Kristdemokraterna i Link\u00f6ping","robots":{"index":"index","follow":"follow","max-snippet":"max-snippet:-1","max-image-preview":"max-image-preview:large","max-video-preview":"max-video-preview:-1"},"canonical":"https:\/\/wp.kristdemokraterna.se\/linkoping\/krafttag-for-trygghetsskapande-kameraovervakning\/","og_locale":"sv_SE","og_type":"article","og_title":"Krafttag f\u00f6r trygghetsskapande kamera\u00f6vervakning - Kristdemokraterna i Link\u00f6ping","og_description":"Under m\u00e5ndagen h\u00f6ll Link\u00f6pings Kommun en presstr\u00e4ff i Berga Centrum. Kommunstyrelsens ordf\u00f6rande Niklas Borg (M) och kommunstyrelsens 1:e vice ordf\u00f6rande Denis\u00e9 Cassel (KD) ber\u00e4ttade vilka brottsf\u00f6rebyggande och trygghetsskapande \u00e5tg\u00e4rder Link\u00f6pings Kommun planerar att vidta fram\u00f6ver. Vid presstr\u00e4ffen deltog mediarepresentanter fr\u00e5n bl a SVT, Sveriges Radio och Corren. \u2013 \u00c5r 2018 lovade Polismyndigheten att 27 kameror Read More","og_url":"https:\/\/wp.kristdemokraterna.se\/linkoping\/krafttag-for-trygghetsskapande-kameraovervakning\/","og_site_name":"Kristdemokraterna i Link\u00f6ping","article_author":"https:\/\/www.facebook.com\/kdlinkoping\/","article_published_time":"2021-06-07T12:41:44+00:00","article_modified_time":"2021-08-27T09:47:54+00:00","author":"linkoping","twitter_card":"summary_large_image","twitter_misc":{"Skriven av":"linkoping","Ber\u00e4knad l\u00e4stid":"1 minut"},"schema":{"@context":"https:\/\/schema.org","@graph":[{"@type":"Article","@id":"https:\/\/wp.kristdemokraterna.se\/linkoping\/krafttag-for-trygghetsskapande-kameraovervakning\/#article","isPartOf":{"@id":"https:\/\/wp.kristdemokraterna.se\/linkoping\/krafttag-for-trygghetsskapande-kameraovervakning\/"},"author":{"name":"linkoping","@id":"https:\/\/wp.kristdemokraterna.se\/linkoping\/#\/schema\/person\/b0148c3c8863db76d330faa282b9521a"},"headline":"Krafttag f\u00f6r trygghetsskapande kamera\u00f6vervakning","datePublished":"2021-06-07T12:41:44+00:00","dateModified":"2021-08-27T09:47:54+00:00","mainEntityOfPage":{"@id":"https:\/\/wp.kristdemokraterna.se\/linkoping\/krafttag-for-trygghetsskapande-kameraovervakning\/"},"wordCount":268,"articleSection":["arkiv"],"inLanguage":"sv-SE"},{"@type":"WebPage","@id":"https:\/\/wp.kristdemokraterna.se\/linkoping\/krafttag-for-trygghetsskapande-kameraovervakning\/","url":"https:\/\/wp.kristdemokraterna.se\/linkoping\/krafttag-for-trygghetsskapande-kameraovervakning\/","name":"Krafttag f\u00f6r trygghetsskapande kamera\u00f6vervakning - Kristdemokraterna i Link\u00f6ping","isPartOf":{"@id":"https:\/\/wp.kristdemokraterna.se\/linkoping\/#website"},"datePublished":"2021-06-07T12:41:44+00:00","dateModified":"2021-08-27T09:47:54+00:00","author":{"@id":"https:\/\/wp.kristdemokraterna.se\/linkoping\/#\/schema\/person\/b0148c3c8863db76d330faa282b9521a"},"breadcrumb":{"@id":"https:\/\/wp.kristdemokraterna.se\/linkoping\/krafttag-for-trygghetsskapande-kameraovervakning\/#breadcrumb"},"inLanguage":"sv-SE","potentialAction":[{"@type":"ReadAction","target":["https:\/\/wp.kristdemokraterna.se\/linkoping\/krafttag-for-trygghetsskapande-kameraovervakning\/"]}]},{"@type":"BreadcrumbList","@id":"https:\/\/wp.kristdemokraterna.se\/linkoping\/krafttag-for-trygghetsskapande-kameraovervakning\/#breadcrumb","itemListElement":[{"@type":"ListItem","position":1,"name":"Hem","item":"https:\/\/wp.kristdemokraterna.se\/linkoping\/"},{"@type":"ListItem","position":2,"name":"Krafttag f\u00f6r trygghetsskapande kamera\u00f6vervakning"}]},{"@type":"WebSite","@id":"https:\/\/wp.kristdemokraterna.se\/linkoping\/#website","url":"https:\/\/wp.kristdemokraterna.se\/linkoping\/","name":"Kristdemokraterna i Link\u00f6ping","description":"","inLanguage":"sv-SE"},{"@type":"Person","@id":"https:\/\/wp.kristdemokraterna.se\/linkoping\/#\/schema\/person\/b0148c3c8863db76d330faa282b9521a","name":"linkoping","image":{"@type":"ImageObject","inLanguage":"sv-SE","@id":"https:\/\/secure.gravatar.com\/avatar\/016e7965fec0e08fdd07b021a7d25181278d4b29b1d5bab57b16017e35421895?s=96&r=g","url":"https:\/\/secure.gravatar.com\/avatar\/016e7965fec0e08fdd07b021a7d25181278d4b29b1d5bab57b16017e35421895?s=96&r=g","contentUrl":"https:\/\/secure.gravatar.com\/avatar\/016e7965fec0e08fdd07b021a7d25181278d4b29b1d5bab57b16017e35421895?s=96&r=g","caption":"linkoping"},"sameAs":["https:\/\/www.facebook.com\/kdlinkoping\/"],"url":"https:\/\/wp.kristdemokraterna.se\/linkoping\/author\/linkoping\/"}]}},"_links":{"self":[{"href":"https:\/\/wp.kristdemokraterna.se\/linkoping\/wp-json\/wp\/v2\/posts\/1657","targetHints":{"allow":["GET"]}}],"collection":[{"href":"https:\/\/wp.kristdemokraterna.se\/linkoping\/wp-json\/wp\/v2\/posts"}],"about":[{"href":"https:\/\/wp.kristdemokraterna.se\/linkoping\/wp-json\/wp\/v2\/types\/post"}],"author":[{"embeddable":true,"href":"https:\/\/wp.kristdemokraterna.se\/linkoping\/wp-json\/wp\/v2\/users\/410"}],"replies":[{"embeddable":true,"href":"https:\/\/wp.kristdemokraterna.se\/linkoping\/wp-json\/wp\/v2\/comments?post=1657"}],"version-history":[{"count":7,"href":"https:\/\/wp.kristdemokraterna.se\/linkoping\/wp-json\/wp\/v2\/posts\/1657\/revisions"}],"predecessor-version":[{"id":1948,"href":"https:\/\/wp.kristdemokraterna.se\/linkoping\/wp-json\/wp\/v2\/posts\/1657\/revisions\/1948"}],"wp:attachment":[{"href":"https:\/\/wp.kristdemokraterna.se\/linkoping\/wp-json\/wp\/v2\/media?parent=1657"}],"wp:term":[{"taxonomy":"category","embeddable":true,"href":"https:\/\/wp.kristdemokraterna.se\/linkoping\/wp-json\/wp\/v2\/categories?post=1657"},{"taxonomy":"post_tag","embeddable":true,"href":"https:\/\/wp.kristdemokraterna.se\/linkoping\/wp-json\/wp\/v2\/tags?post=1657"}],"curies":[{"name":"wp","href":"https:\/\/api.w.org\/{rel}","templated":true}]}}