{"id":193,"date":"2014-06-12T00:12:46","date_gmt":"2014-06-11T22:12:46","guid":{"rendered":"http:\/\/wp.kristdemokraterna.se\/linkoping\/?p=193"},"modified":"2021-08-13T11:49:10","modified_gmt":"2021-08-13T09:49:10","slug":"linkoping-pa-ratt-vag-med-alliansen","status":"publish","type":"post","link":"https:\/\/wp.kristdemokraterna.se\/linkoping\/linkoping-pa-ratt-vag-med-alliansen\/","title":{"rendered":"Link\u00f6ping p\u00e5 r\u00e4tt v\u00e4g med Alliansen"},"content":{"rendered":"<p><strong>Link\u00f6ping p\u00e5 r\u00e4tt v\u00e4g med Alliansen<\/strong><br \/>\n116 av v\u00e5ra genomf\u00f6rda insatser f\u00f6r ett b\u00e4ttre Link\u00f6ping 2011-2014<a href=\"https:\/\/wp.kristdemokraterna.se\/linkoping\/files\/2014\/06\/dsc_0016_0.jpg\"><img loading=\"lazy\" decoding=\"async\" class=\"alignnone size-full wp-image-192\" src=\"https:\/\/wp.kristdemokraterna.se\/linkoping\/files\/2014\/06\/dsc_0016_0.jpg\" alt=\"dsc_0016_0\" width=\"1260\" height=\"710\" srcset=\"https:\/\/wp.kristdemokraterna.se\/linkoping\/files\/2014\/06\/dsc_0016_0.jpg 1260w, https:\/\/wp.kristdemokraterna.se\/linkoping\/files\/2014\/06\/dsc_0016_0-300x169.jpg 300w, https:\/\/wp.kristdemokraterna.se\/linkoping\/files\/2014\/06\/dsc_0016_0-540x304.jpg 540w, https:\/\/wp.kristdemokraterna.se\/linkoping\/files\/2014\/06\/dsc_0016_0-576x324.jpg 576w, https:\/\/wp.kristdemokraterna.se\/linkoping\/files\/2014\/06\/dsc_0016_0-186x104.jpg 186w\" sizes=\"auto, (max-width: 1260px) 100vw, 1260px\" \/><br \/>\n<\/a><em>Foto: Felicia Roel<\/em><a href=\"https:\/\/wp.kristdemokraterna.se\/linkoping\/files\/2014\/06\/dsc_0016_0.jpg\"><br \/>\n<\/a><\/p>\n<p>Det g\u00e5r bra f\u00f6r Link\u00f6ping. Vi har en god tillv\u00e4xt i b\u00e5de befintliga och nya f\u00f6retag, sjunkande arbetsl\u00f6shet, en stabil ekonomi med regionens l\u00e4gsta skatt och h\u00f6g kvalitet i v\u00e4lf\u00e4rden.<\/p>\n<p>Sedan 2006 har Alliansen haft v\u00e4ljarnas f\u00f6rtroende att styra kommunen och sedan dess har vi ocks\u00e5 varje dag gemensamt tagit ansvar f\u00f6r Link\u00f6ping. N\u00e4r nuvarande mandatperiod nu drar sig mot sitt slut kan vi sammanfatta denna tid med f\u00f6ljande resultat:<\/p>\n<ul>\n<li>Sjunkande arbetsl\u00f6shet. Senaste \u00e5ret har ungdomsarbetsl\u00f6sheten i Link\u00f6ping minskat med 27,5 procent. Det \u00e4r mer \u00e4n i n\u00e5gon annan j\u00e4mf\u00f6rbar kommun.<\/li>\n<li>Ett \u00f6kat bostadsbyggande. Antalet p\u00e5b\u00f6rjade bost\u00e4der har \u00f6kat tv\u00e5 i rad fr\u00e5n 320 bost\u00e4der 2011 till 708 bost\u00e4der 2013. F\u00f6r 2014 ser det ut att bli \u00e4nnu fler.<\/li>\n<li>En stark ekonomi. Kommunen har redovisat \u00f6verskott varje \u00e5r under mandatperioden och kommunen \u00e4r fri fr\u00e5n l\u00e5n.<\/li>\n<li>B\u00e4ttre f\u00f6retagsklimat. Under mandatperioden har Link\u00f6ping kl\u00e4ttrat fr\u00e5n plats 52 till plats 34 i Svenskt N\u00e4ringslivs ranking \u00f6ver kommunernas f\u00f6retagsklimat.<\/li>\n<li>B\u00e4ttre skolresultat. Meritv\u00e4rdena i grundskolan har stigit stadigt under mandatperioden och \u00e4r nu de h\u00f6gsta p\u00e5 femton \u00e5r \u2013 211,9 2013 j\u00e4mf\u00f6rt med 206,1 2010.<\/li>\n<\/ul>\n<p>Vi i Alliansen \u2013 Moderaterna, Folkpartiet, Centerpartiet och Kristdemokraterna \u2013 vill ha ditt f\u00f6rtroende i valet i september. V\u00e5r politik \u00e4r tydlig. Vi vill att jobben ska bli fler och att Link\u00f6ping blir en friare, f\u00f6retagsammare, tryggare och gr\u00f6nare plats att bo och verka i.<br \/>\nI detta dokument hittar du 116 av de insatser som vi har genomf\u00f6rt f\u00f6r ett b\u00e4ttre Link\u00f6ping.<\/p>\n<p><a href=\"https:\/\/wp.kristdemokraterna.se\/linkoping\/files\/2014\/06\/linkoping_pa_ratt_vag_med_alliansen_-_genomforda_insatser_for_ett_battre_linkoping_2011-2014.pdf\"><img loading=\"lazy\" decoding=\"async\" class=\"alignnone wp-image-197 size-full\" src=\"https:\/\/wp.kristdemokraterna.se\/linkoping\/files\/2014\/06\/linkoping_pa_ratt_vag_med_alliansen_-_genomforda_insatser_for_ett_battre_linkoping_2011-2014-1-e1402524729742.png\" alt=\"linkoping_pa_ratt_vag_med_alliansen_-_genomforda_insatser_for_ett_battre_linkoping_2011-2014-1\" width=\"200\" height=\"200\" srcset=\"https:\/\/wp.kristdemokraterna.se\/linkoping\/files\/2014\/06\/linkoping_pa_ratt_vag_med_alliansen_-_genomforda_insatser_for_ett_battre_linkoping_2011-2014-1-e1402524729742.png 200w, https:\/\/wp.kristdemokraterna.se\/linkoping\/files\/2014\/06\/linkoping_pa_ratt_vag_med_alliansen_-_genomforda_insatser_for_ett_battre_linkoping_2011-2014-1-e1402524729742-150x150.png 150w, https:\/\/wp.kristdemokraterna.se\/linkoping\/files\/2014\/06\/linkoping_pa_ratt_vag_med_alliansen_-_genomforda_insatser_for_ett_battre_linkoping_2011-2014-1-e1402524729742-112x112.png 112w\" sizes=\"auto, (max-width: 200px) 100vw, 200px\" \/><\/a><\/p>\n<p>PDF <a href=\"https:\/\/wp.kristdemokraterna.se\/linkoping\/files\/2014\/06\/linkoping_pa_ratt_vag_med_alliansen_-_genomforda_insatser_for_ett_battre_linkoping_2011-2014.pdf\" target=\"_blank\" rel=\"noopener\">linkoping_pa_ratt_vag_med_alliansen_-_genomforda_insatser_for_ett_battre_linkoping_2011-2014.pdf<\/a><\/p>\n","protected":false},"excerpt":{"rendered":"<p>Link\u00f6ping p\u00e5 r\u00e4tt v\u00e4g med Alliansen 116 av v\u00e5ra genomf\u00f6rda insatser f\u00f6r ett b\u00e4ttre Link\u00f6ping 2011-2014 Foto: Felicia Roel Det g\u00e5r bra f\u00f6r Link\u00f6ping. Vi har en god tillv\u00e4xt i b\u00e5de befintliga och nya f\u00f6retag, sjunkande arbetsl\u00f6shet, en stabil ekonomi med regionens l\u00e4gsta skatt och h\u00f6g kvalitet i v\u00e4lf\u00e4rden. Sedan 2006 har Alliansen haft v\u00e4ljarnas <a class=\"read-more-link\" href=\"https:\/\/wp.kristdemokraterna.se\/linkoping\/linkoping-pa-ratt-vag-med-alliansen\/\">Read More<\/a><\/p>\n","protected":false},"author":410,"featured_media":0,"comment_status":"closed","ping_status":"closed","sticky":false,"template":"","format":"standard","meta":{"_acf_changed":false,"footnotes":""},"categories":[22,1],"tags":[],"class_list":["post-193","post","type-post","status-publish","format-standard","hentry","category-arkiv","category-okategoriserade"],"acf":[],"yoast_head":"<!-- This site is optimized with the Yoast SEO plugin v27.4 - https:\/\/yoast.com\/product\/yoast-seo-wordpress\/ -->\n<title>Link\u00f6ping p\u00e5 r\u00e4tt v\u00e4g med Alliansen - Kristdemokraterna i Link\u00f6ping<\/title>\n<meta name=\"robots\" content=\"index, follow, max-snippet:-1, max-image-preview:large, max-video-preview:-1\" \/>\n<link rel=\"canonical\" href=\"https:\/\/wp.kristdemokraterna.se\/linkoping\/linkoping-pa-ratt-vag-med-alliansen\/\" \/>\n<meta property=\"og:locale\" content=\"sv_SE\" \/>\n<meta property=\"og:type\" content=\"article\" \/>\n<meta property=\"og:title\" content=\"Link\u00f6ping p\u00e5 r\u00e4tt v\u00e4g med Alliansen - Kristdemokraterna i Link\u00f6ping\" \/>\n<meta property=\"og:description\" content=\"Link\u00f6ping p\u00e5 r\u00e4tt v\u00e4g med Alliansen 116 av v\u00e5ra genomf\u00f6rda insatser f\u00f6r ett b\u00e4ttre Link\u00f6ping 2011-2014 Foto: Felicia Roel Det g\u00e5r bra f\u00f6r Link\u00f6ping. Vi har en god tillv\u00e4xt i b\u00e5de befintliga och nya f\u00f6retag, sjunkande arbetsl\u00f6shet, en stabil ekonomi med regionens l\u00e4gsta skatt och h\u00f6g kvalitet i v\u00e4lf\u00e4rden. Sedan 2006 har Alliansen haft v\u00e4ljarnas Read More\" \/>\n<meta property=\"og:url\" content=\"https:\/\/wp.kristdemokraterna.se\/linkoping\/linkoping-pa-ratt-vag-med-alliansen\/\" \/>\n<meta property=\"og:site_name\" content=\"Kristdemokraterna i Link\u00f6ping\" \/>\n<meta property=\"article:author\" content=\"https:\/\/www.facebook.com\/kdlinkoping\/\" \/>\n<meta property=\"article:published_time\" content=\"2014-06-11T22:12:46+00:00\" \/>\n<meta property=\"article:modified_time\" content=\"2021-08-13T09:49:10+00:00\" \/>\n<meta property=\"og:image\" content=\"http:\/\/wp.kristdemokraterna.se\/linkoping\/files\/2014\/06\/dsc_0016_0.jpg\" \/>\n<meta name=\"author\" content=\"linkoping\" \/>\n<meta name=\"twitter:card\" content=\"summary_large_image\" \/>\n<meta name=\"twitter:label1\" content=\"Skriven av\" \/>\n\t<meta name=\"twitter:data1\" content=\"linkoping\" \/>\n\t<meta name=\"twitter:label2\" content=\"Ber\u00e4knad l\u00e4stid\" \/>\n\t<meta name=\"twitter:data2\" content=\"2 minuter\" \/>\n<script type=\"application\/ld+json\" class=\"yoast-schema-graph\">{\"@context\":\"https:\\\/\\\/schema.org\",\"@graph\":[{\"@type\":\"Article\",\"@id\":\"https:\\\/\\\/wp.kristdemokraterna.se\\\/linkoping\\\/linkoping-pa-ratt-vag-med-alliansen\\\/#article\",\"isPartOf\":{\"@id\":\"https:\\\/\\\/wp.kristdemokraterna.se\\\/linkoping\\\/linkoping-pa-ratt-vag-med-alliansen\\\/\"},\"author\":{\"name\":\"linkoping\",\"@id\":\"https:\\\/\\\/wp.kristdemokraterna.se\\\/linkoping\\\/#\\\/schema\\\/person\\\/b0148c3c8863db76d330faa282b9521a\"},\"headline\":\"Link\u00f6ping p\u00e5 r\u00e4tt v\u00e4g med Alliansen\",\"datePublished\":\"2014-06-11T22:12:46+00:00\",\"dateModified\":\"2021-08-13T09:49:10+00:00\",\"mainEntityOfPage\":{\"@id\":\"https:\\\/\\\/wp.kristdemokraterna.se\\\/linkoping\\\/linkoping-pa-ratt-vag-med-alliansen\\\/\"},\"wordCount\":330,\"image\":{\"@id\":\"https:\\\/\\\/wp.kristdemokraterna.se\\\/linkoping\\\/linkoping-pa-ratt-vag-med-alliansen\\\/#primaryimage\"},\"thumbnailUrl\":\"http:\\\/\\\/wp.kristdemokraterna.se\\\/linkoping\\\/files\\\/2014\\\/06\\\/dsc_0016_0.jpg\",\"articleSection\":[\"arkiv\",\"okategoriserade\"],\"inLanguage\":\"sv-SE\"},{\"@type\":\"WebPage\",\"@id\":\"https:\\\/\\\/wp.kristdemokraterna.se\\\/linkoping\\\/linkoping-pa-ratt-vag-med-alliansen\\\/\",\"url\":\"https:\\\/\\\/wp.kristdemokraterna.se\\\/linkoping\\\/linkoping-pa-ratt-vag-med-alliansen\\\/\",\"name\":\"Link\u00f6ping p\u00e5 r\u00e4tt v\u00e4g med Alliansen - Kristdemokraterna i Link\u00f6ping\",\"isPartOf\":{\"@id\":\"https:\\\/\\\/wp.kristdemokraterna.se\\\/linkoping\\\/#website\"},\"primaryImageOfPage\":{\"@id\":\"https:\\\/\\\/wp.kristdemokraterna.se\\\/linkoping\\\/linkoping-pa-ratt-vag-med-alliansen\\\/#primaryimage\"},\"image\":{\"@id\":\"https:\\\/\\\/wp.kristdemokraterna.se\\\/linkoping\\\/linkoping-pa-ratt-vag-med-alliansen\\\/#primaryimage\"},\"thumbnailUrl\":\"http:\\\/\\\/wp.kristdemokraterna.se\\\/linkoping\\\/files\\\/2014\\\/06\\\/dsc_0016_0.jpg\",\"datePublished\":\"2014-06-11T22:12:46+00:00\",\"dateModified\":\"2021-08-13T09:49:10+00:00\",\"author\":{\"@id\":\"https:\\\/\\\/wp.kristdemokraterna.se\\\/linkoping\\\/#\\\/schema\\\/person\\\/b0148c3c8863db76d330faa282b9521a\"},\"breadcrumb\":{\"@id\":\"https:\\\/\\\/wp.kristdemokraterna.se\\\/linkoping\\\/linkoping-pa-ratt-vag-med-alliansen\\\/#breadcrumb\"},\"inLanguage\":\"sv-SE\",\"potentialAction\":[{\"@type\":\"ReadAction\",\"target\":[\"https:\\\/\\\/wp.kristdemokraterna.se\\\/linkoping\\\/linkoping-pa-ratt-vag-med-alliansen\\\/\"]}]},{\"@type\":\"ImageObject\",\"inLanguage\":\"sv-SE\",\"@id\":\"https:\\\/\\\/wp.kristdemokraterna.se\\\/linkoping\\\/linkoping-pa-ratt-vag-med-alliansen\\\/#primaryimage\",\"url\":\"https:\\\/\\\/wp.kristdemokraterna.se\\\/linkoping\\\/files\\\/2014\\\/06\\\/dsc_0016_0.jpg\",\"contentUrl\":\"https:\\\/\\\/wp.kristdemokraterna.se\\\/linkoping\\\/files\\\/2014\\\/06\\\/dsc_0016_0.jpg\",\"width\":1260,\"height\":710},{\"@type\":\"BreadcrumbList\",\"@id\":\"https:\\\/\\\/wp.kristdemokraterna.se\\\/linkoping\\\/linkoping-pa-ratt-vag-med-alliansen\\\/#breadcrumb\",\"itemListElement\":[{\"@type\":\"ListItem\",\"position\":1,\"name\":\"Hem\",\"item\":\"https:\\\/\\\/wp.kristdemokraterna.se\\\/linkoping\\\/\"},{\"@type\":\"ListItem\",\"position\":2,\"name\":\"Link\u00f6ping p\u00e5 r\u00e4tt v\u00e4g med Alliansen\"}]},{\"@type\":\"WebSite\",\"@id\":\"https:\\\/\\\/wp.kristdemokraterna.se\\\/linkoping\\\/#website\",\"url\":\"https:\\\/\\\/wp.kristdemokraterna.se\\\/linkoping\\\/\",\"name\":\"Kristdemokraterna i Link\u00f6ping\",\"description\":\"\",\"inLanguage\":\"sv-SE\"},{\"@type\":\"Person\",\"@id\":\"https:\\\/\\\/wp.kristdemokraterna.se\\\/linkoping\\\/#\\\/schema\\\/person\\\/b0148c3c8863db76d330faa282b9521a\",\"name\":\"linkoping\",\"image\":{\"@type\":\"ImageObject\",\"inLanguage\":\"sv-SE\",\"@id\":\"https:\\\/\\\/secure.gravatar.com\\\/avatar\\\/016e7965fec0e08fdd07b021a7d25181278d4b29b1d5bab57b16017e35421895?s=96&r=g\",\"url\":\"https:\\\/\\\/secure.gravatar.com\\\/avatar\\\/016e7965fec0e08fdd07b021a7d25181278d4b29b1d5bab57b16017e35421895?s=96&r=g\",\"contentUrl\":\"https:\\\/\\\/secure.gravatar.com\\\/avatar\\\/016e7965fec0e08fdd07b021a7d25181278d4b29b1d5bab57b16017e35421895?s=96&r=g\",\"caption\":\"linkoping\"},\"sameAs\":[\"https:\\\/\\\/www.facebook.com\\\/kdlinkoping\\\/\"],\"url\":\"https:\\\/\\\/wp.kristdemokraterna.se\\\/linkoping\\\/author\\\/linkoping\\\/\"}]}<\/script>\n<!-- \/ Yoast SEO plugin. -->","yoast_head_json":{"title":"Link\u00f6ping p\u00e5 r\u00e4tt v\u00e4g med Alliansen - Kristdemokraterna i Link\u00f6ping","robots":{"index":"index","follow":"follow","max-snippet":"max-snippet:-1","max-image-preview":"max-image-preview:large","max-video-preview":"max-video-preview:-1"},"canonical":"https:\/\/wp.kristdemokraterna.se\/linkoping\/linkoping-pa-ratt-vag-med-alliansen\/","og_locale":"sv_SE","og_type":"article","og_title":"Link\u00f6ping p\u00e5 r\u00e4tt v\u00e4g med Alliansen - Kristdemokraterna i Link\u00f6ping","og_description":"Link\u00f6ping p\u00e5 r\u00e4tt v\u00e4g med Alliansen 116 av v\u00e5ra genomf\u00f6rda insatser f\u00f6r ett b\u00e4ttre Link\u00f6ping 2011-2014 Foto: Felicia Roel Det g\u00e5r bra f\u00f6r Link\u00f6ping. Vi har en god tillv\u00e4xt i b\u00e5de befintliga och nya f\u00f6retag, sjunkande arbetsl\u00f6shet, en stabil ekonomi med regionens l\u00e4gsta skatt och h\u00f6g kvalitet i v\u00e4lf\u00e4rden. Sedan 2006 har Alliansen haft v\u00e4ljarnas Read More","og_url":"https:\/\/wp.kristdemokraterna.se\/linkoping\/linkoping-pa-ratt-vag-med-alliansen\/","og_site_name":"Kristdemokraterna i Link\u00f6ping","article_author":"https:\/\/www.facebook.com\/kdlinkoping\/","article_published_time":"2014-06-11T22:12:46+00:00","article_modified_time":"2021-08-13T09:49:10+00:00","og_image":[{"url":"http:\/\/wp.kristdemokraterna.se\/linkoping\/files\/2014\/06\/dsc_0016_0.jpg","type":"","width":"","height":""}],"author":"linkoping","twitter_card":"summary_large_image","twitter_misc":{"Skriven av":"linkoping","Ber\u00e4knad l\u00e4stid":"2 minuter"},"schema":{"@context":"https:\/\/schema.org","@graph":[{"@type":"Article","@id":"https:\/\/wp.kristdemokraterna.se\/linkoping\/linkoping-pa-ratt-vag-med-alliansen\/#article","isPartOf":{"@id":"https:\/\/wp.kristdemokraterna.se\/linkoping\/linkoping-pa-ratt-vag-med-alliansen\/"},"author":{"name":"linkoping","@id":"https:\/\/wp.kristdemokraterna.se\/linkoping\/#\/schema\/person\/b0148c3c8863db76d330faa282b9521a"},"headline":"Link\u00f6ping p\u00e5 r\u00e4tt v\u00e4g med Alliansen","datePublished":"2014-06-11T22:12:46+00:00","dateModified":"2021-08-13T09:49:10+00:00","mainEntityOfPage":{"@id":"https:\/\/wp.kristdemokraterna.se\/linkoping\/linkoping-pa-ratt-vag-med-alliansen\/"},"wordCount":330,"image":{"@id":"https:\/\/wp.kristdemokraterna.se\/linkoping\/linkoping-pa-ratt-vag-med-alliansen\/#primaryimage"},"thumbnailUrl":"http:\/\/wp.kristdemokraterna.se\/linkoping\/files\/2014\/06\/dsc_0016_0.jpg","articleSection":["arkiv","okategoriserade"],"inLanguage":"sv-SE"},{"@type":"WebPage","@id":"https:\/\/wp.kristdemokraterna.se\/linkoping\/linkoping-pa-ratt-vag-med-alliansen\/","url":"https:\/\/wp.kristdemokraterna.se\/linkoping\/linkoping-pa-ratt-vag-med-alliansen\/","name":"Link\u00f6ping p\u00e5 r\u00e4tt v\u00e4g med Alliansen - Kristdemokraterna i Link\u00f6ping","isPartOf":{"@id":"https:\/\/wp.kristdemokraterna.se\/linkoping\/#website"},"primaryImageOfPage":{"@id":"https:\/\/wp.kristdemokraterna.se\/linkoping\/linkoping-pa-ratt-vag-med-alliansen\/#primaryimage"},"image":{"@id":"https:\/\/wp.kristdemokraterna.se\/linkoping\/linkoping-pa-ratt-vag-med-alliansen\/#primaryimage"},"thumbnailUrl":"http:\/\/wp.kristdemokraterna.se\/linkoping\/files\/2014\/06\/dsc_0016_0.jpg","datePublished":"2014-06-11T22:12:46+00:00","dateModified":"2021-08-13T09:49:10+00:00","author":{"@id":"https:\/\/wp.kristdemokraterna.se\/linkoping\/#\/schema\/person\/b0148c3c8863db76d330faa282b9521a"},"breadcrumb":{"@id":"https:\/\/wp.kristdemokraterna.se\/linkoping\/linkoping-pa-ratt-vag-med-alliansen\/#breadcrumb"},"inLanguage":"sv-SE","potentialAction":[{"@type":"ReadAction","target":["https:\/\/wp.kristdemokraterna.se\/linkoping\/linkoping-pa-ratt-vag-med-alliansen\/"]}]},{"@type":"ImageObject","inLanguage":"sv-SE","@id":"https:\/\/wp.kristdemokraterna.se\/linkoping\/linkoping-pa-ratt-vag-med-alliansen\/#primaryimage","url":"https:\/\/wp.kristdemokraterna.se\/linkoping\/files\/2014\/06\/dsc_0016_0.jpg","contentUrl":"https:\/\/wp.kristdemokraterna.se\/linkoping\/files\/2014\/06\/dsc_0016_0.jpg","width":1260,"height":710},{"@type":"BreadcrumbList","@id":"https:\/\/wp.kristdemokraterna.se\/linkoping\/linkoping-pa-ratt-vag-med-alliansen\/#breadcrumb","itemListElement":[{"@type":"ListItem","position":1,"name":"Hem","item":"https:\/\/wp.kristdemokraterna.se\/linkoping\/"},{"@type":"ListItem","position":2,"name":"Link\u00f6ping p\u00e5 r\u00e4tt v\u00e4g med Alliansen"}]},{"@type":"WebSite","@id":"https:\/\/wp.kristdemokraterna.se\/linkoping\/#website","url":"https:\/\/wp.kristdemokraterna.se\/linkoping\/","name":"Kristdemokraterna i Link\u00f6ping","description":"","inLanguage":"sv-SE"},{"@type":"Person","@id":"https:\/\/wp.kristdemokraterna.se\/linkoping\/#\/schema\/person\/b0148c3c8863db76d330faa282b9521a","name":"linkoping","image":{"@type":"ImageObject","inLanguage":"sv-SE","@id":"https:\/\/secure.gravatar.com\/avatar\/016e7965fec0e08fdd07b021a7d25181278d4b29b1d5bab57b16017e35421895?s=96&r=g","url":"https:\/\/secure.gravatar.com\/avatar\/016e7965fec0e08fdd07b021a7d25181278d4b29b1d5bab57b16017e35421895?s=96&r=g","contentUrl":"https:\/\/secure.gravatar.com\/avatar\/016e7965fec0e08fdd07b021a7d25181278d4b29b1d5bab57b16017e35421895?s=96&r=g","caption":"linkoping"},"sameAs":["https:\/\/www.facebook.com\/kdlinkoping\/"],"url":"https:\/\/wp.kristdemokraterna.se\/linkoping\/author\/linkoping\/"}]}},"_links":{"self":[{"href":"https:\/\/wp.kristdemokraterna.se\/linkoping\/wp-json\/wp\/v2\/posts\/193","targetHints":{"allow":["GET"]}}],"collection":[{"href":"https:\/\/wp.kristdemokraterna.se\/linkoping\/wp-json\/wp\/v2\/posts"}],"about":[{"href":"https:\/\/wp.kristdemokraterna.se\/linkoping\/wp-json\/wp\/v2\/types\/post"}],"author":[{"embeddable":true,"href":"https:\/\/wp.kristdemokraterna.se\/linkoping\/wp-json\/wp\/v2\/users\/410"}],"replies":[{"embeddable":true,"href":"https:\/\/wp.kristdemokraterna.se\/linkoping\/wp-json\/wp\/v2\/comments?post=193"}],"version-history":[{"count":6,"href":"https:\/\/wp.kristdemokraterna.se\/linkoping\/wp-json\/wp\/v2\/posts\/193\/revisions"}],"predecessor-version":[{"id":1904,"href":"https:\/\/wp.kristdemokraterna.se\/linkoping\/wp-json\/wp\/v2\/posts\/193\/revisions\/1904"}],"wp:attachment":[{"href":"https:\/\/wp.kristdemokraterna.se\/linkoping\/wp-json\/wp\/v2\/media?parent=193"}],"wp:term":[{"taxonomy":"category","embeddable":true,"href":"https:\/\/wp.kristdemokraterna.se\/linkoping\/wp-json\/wp\/v2\/categories?post=193"},{"taxonomy":"post_tag","embeddable":true,"href":"https:\/\/wp.kristdemokraterna.se\/linkoping\/wp-json\/wp\/v2\/tags?post=193"}],"curies":[{"name":"wp","href":"https:\/\/api.w.org\/{rel}","templated":true}]}}