{"id":1987,"date":"2021-08-18T10:36:03","date_gmt":"2021-08-18T08:36:03","guid":{"rendered":"https:\/\/wp.kristdemokraterna.se\/linkoping\/?p=1987"},"modified":"2021-09-16T09:23:24","modified_gmt":"2021-09-16T07:23:24","slug":"trygg-nollning-i-linkoping","status":"publish","type":"post","link":"https:\/\/wp.kristdemokraterna.se\/linkoping\/trygg-nollning-i-linkoping\/","title":{"rendered":"Trygg &#8221;nollning&#8221; i Link\u00f6ping"},"content":{"rendered":"<div class=\"kvgmc6g5 cxmmr5t8 oygrvhab hcukyx3x c1et5uql ii04i59q\">\n<div dir=\"auto\">Skolorna startar igen efter sommarlovet och fr\u00e5gan om &#8221;nollning&#8221; blir \u00e5ter aktuell. <a class=\"oajrlxb2 g5ia77u1 qu0x051f esr5mh6w e9989ue4 r7d6kgcz rq0escxv nhd2j8a9 nc684nl6 p7hjln8o kvgmc6g5 cxmmr5t8 oygrvhab hcukyx3x jb3vyjys rz4wbd8a qt6c0cv9 a8nywdso i1ao9s8h esuyzwwr f1sip0of lzcic4wl q66pz984 gpro0wi8 b1v8xokw\" role=\"link\" href=\"https:\/\/www.facebook.com\/kdlinkoping\/?__cft__[0]=AZW8syaK8sJv1HxnZMlmKvcn1ekWKDR_nYB53WfIT626Kq4MjekSOYFRBNXK4oQXavmU4yHQIOTbfwuW07xGactYGYHb5fnZuXXblG1UUd_YidF-0UBoX7U77gUeCn-4ufgxsN9ZIu1eu2TBlBnh_B4_stFnCGBEmMJCj2GQwvBMJSHd4KXJL9KO1ICoizOYAIA-MoDbs1WgtzodBlWJCCWi&amp;__tn__=kK-y-R\"><span class=\"nc684nl6\">Kristdemokraterna i Link\u00f6ping<\/span><\/a> och de \u00f6vriga partierna som ing\u00e5r i Allians f\u00f6r Link\u00f6ping anser att en gammal tradition som nollningen b\u00f6r kunna genomf\u00f6ras p\u00e5 ett tryggt och ansvarsfullt s\u00e4tt \u00e4ven i \u00e5r. Med anledning av det har ett omfattande arbetet gjorts fr\u00e5n kommunens h\u00e5ll tillsammans med skolorna f\u00f6r att f\u00e5 till organiserade aktiviteter.<\/div>\n<\/div>\n<div class=\"o9v6fnle cxmmr5t8 oygrvhab hcukyx3x c1et5uql ii04i59q\">\n<div dir=\"auto\">Vi bjuder in f\u00f6r\u00e4ldrar och andra vuxna att delta i \u00e5rets nollning och tror att vi d\u00e4rigenom f\u00e5r b\u00e4ttre kontroll p\u00e5 vad ungdomarna g\u00f6r. \u00c4ven polisen och f\u00e4ltverksamheten \u00e4r v\u00e4l f\u00f6rberedda i \u00e5r.<\/div>\n<div dir=\"auto\"><\/div>\n<\/div>\n<div class=\"o9v6fnle cxmmr5t8 oygrvhab hcukyx3x c1et5uql ii04i59q\">\n<div dir=\"auto\">F\u00f6r\u00e4ldraansvar \u00e4r viktigt och som vuxen finns det n\u00e5gra saker du kan g\u00f6ra f\u00f6r att din ungdom inte ska r\u00e5ka illa ut:<\/div>\n<\/div>\n<div class=\"o9v6fnle cxmmr5t8 oygrvhab hcukyx3x c1et5uql ii04i59q\">\n<div dir=\"auto\">K\u00f6p inte ut alkohol.<\/div>\n<\/div>\n<div class=\"o9v6fnle cxmmr5t8 oygrvhab hcukyx3x c1et5uql ii04i59q\">\n<div dir=\"auto\">Best\u00e4m en tid n\u00e4r din ungdom ska komma hem.<\/div>\n<\/div>\n<div class=\"o9v6fnle cxmmr5t8 oygrvhab hcukyx3x c1et5uql ii04i59q\">\n<div dir=\"auto\">Ta en promenad d\u00e4r ungdomarna genomf\u00f6r nollningen.<\/div>\n<\/div>\n<div class=\"o9v6fnle cxmmr5t8 oygrvhab hcukyx3x c1et5uql ii04i59q\">\n<div dir=\"auto\"><\/div>\n<div dir=\"auto\">Tillsammans kan vi se till att v\u00e5ra ungdomar f\u00e5r en trygg och minnesv\u00e4rd gymnasiestart!<\/div>\n<\/div>\n","protected":false},"excerpt":{"rendered":"<p>Skolorna startar igen efter sommarlovet och fr\u00e5gan om &#8221;nollning&#8221; blir \u00e5ter aktuell. Kristdemokraterna i Link\u00f6ping och de \u00f6vriga partierna som ing\u00e5r i Allians f\u00f6r Link\u00f6ping anser att en gammal tradition som nollningen b\u00f6r kunna genomf\u00f6ras p\u00e5 ett tryggt och ansvarsfullt s\u00e4tt \u00e4ven i \u00e5r. Med anledning av det har ett omfattande arbetet gjorts fr\u00e5n kommunens <a class=\"read-more-link\" href=\"https:\/\/wp.kristdemokraterna.se\/linkoping\/trygg-nollning-i-linkoping\/\">Read More<\/a><\/p>\n","protected":false},"author":410,"featured_media":0,"comment_status":"closed","ping_status":"closed","sticky":false,"template":"","format":"standard","meta":{"_acf_changed":false,"footnotes":""},"categories":[22,1],"tags":[],"class_list":["post-1987","post","type-post","status-publish","format-standard","hentry","category-arkiv","category-okategoriserade"],"acf":[],"yoast_head":"<!-- This site is optimized with the Yoast SEO plugin v27.4 - https:\/\/yoast.com\/product\/yoast-seo-wordpress\/ -->\n<title>Trygg &quot;nollning&quot; i Link\u00f6ping - Kristdemokraterna i Link\u00f6ping<\/title>\n<meta name=\"robots\" content=\"index, follow, max-snippet:-1, max-image-preview:large, max-video-preview:-1\" \/>\n<link rel=\"canonical\" href=\"https:\/\/wp.kristdemokraterna.se\/linkoping\/trygg-nollning-i-linkoping\/\" \/>\n<meta property=\"og:locale\" content=\"sv_SE\" \/>\n<meta property=\"og:type\" content=\"article\" \/>\n<meta property=\"og:title\" content=\"Trygg &quot;nollning&quot; i Link\u00f6ping - Kristdemokraterna i Link\u00f6ping\" \/>\n<meta property=\"og:description\" content=\"Skolorna startar igen efter sommarlovet och fr\u00e5gan om &#8221;nollning&#8221; blir \u00e5ter aktuell. Kristdemokraterna i Link\u00f6ping och de \u00f6vriga partierna som ing\u00e5r i Allians f\u00f6r Link\u00f6ping anser att en gammal tradition som nollningen b\u00f6r kunna genomf\u00f6ras p\u00e5 ett tryggt och ansvarsfullt s\u00e4tt \u00e4ven i \u00e5r. Med anledning av det har ett omfattande arbetet gjorts fr\u00e5n kommunens Read More\" \/>\n<meta property=\"og:url\" content=\"https:\/\/wp.kristdemokraterna.se\/linkoping\/trygg-nollning-i-linkoping\/\" \/>\n<meta property=\"og:site_name\" content=\"Kristdemokraterna i Link\u00f6ping\" \/>\n<meta property=\"article:author\" content=\"https:\/\/www.facebook.com\/kdlinkoping\/\" \/>\n<meta property=\"article:published_time\" content=\"2021-08-18T08:36:03+00:00\" \/>\n<meta property=\"article:modified_time\" content=\"2021-09-16T07:23:24+00:00\" \/>\n<meta name=\"author\" content=\"linkoping\" \/>\n<meta name=\"twitter:card\" content=\"summary_large_image\" \/>\n<meta name=\"twitter:label1\" content=\"Skriven av\" \/>\n\t<meta name=\"twitter:data1\" content=\"linkoping\" \/>\n\t<meta name=\"twitter:label2\" content=\"Ber\u00e4knad l\u00e4stid\" \/>\n\t<meta name=\"twitter:data2\" content=\"1 minut\" \/>\n<script type=\"application\/ld+json\" class=\"yoast-schema-graph\">{\"@context\":\"https:\\\/\\\/schema.org\",\"@graph\":[{\"@type\":\"Article\",\"@id\":\"https:\\\/\\\/wp.kristdemokraterna.se\\\/linkoping\\\/trygg-nollning-i-linkoping\\\/#article\",\"isPartOf\":{\"@id\":\"https:\\\/\\\/wp.kristdemokraterna.se\\\/linkoping\\\/trygg-nollning-i-linkoping\\\/\"},\"author\":{\"name\":\"linkoping\",\"@id\":\"https:\\\/\\\/wp.kristdemokraterna.se\\\/linkoping\\\/#\\\/schema\\\/person\\\/b0148c3c8863db76d330faa282b9521a\"},\"headline\":\"Trygg &#8221;nollning&#8221; i Link\u00f6ping\",\"datePublished\":\"2021-08-18T08:36:03+00:00\",\"dateModified\":\"2021-09-16T07:23:24+00:00\",\"mainEntityOfPage\":{\"@id\":\"https:\\\/\\\/wp.kristdemokraterna.se\\\/linkoping\\\/trygg-nollning-i-linkoping\\\/\"},\"wordCount\":193,\"articleSection\":[\"arkiv\",\"okategoriserade\"],\"inLanguage\":\"sv-SE\"},{\"@type\":\"WebPage\",\"@id\":\"https:\\\/\\\/wp.kristdemokraterna.se\\\/linkoping\\\/trygg-nollning-i-linkoping\\\/\",\"url\":\"https:\\\/\\\/wp.kristdemokraterna.se\\\/linkoping\\\/trygg-nollning-i-linkoping\\\/\",\"name\":\"Trygg \\\"nollning\\\" i Link\u00f6ping - Kristdemokraterna i Link\u00f6ping\",\"isPartOf\":{\"@id\":\"https:\\\/\\\/wp.kristdemokraterna.se\\\/linkoping\\\/#website\"},\"datePublished\":\"2021-08-18T08:36:03+00:00\",\"dateModified\":\"2021-09-16T07:23:24+00:00\",\"author\":{\"@id\":\"https:\\\/\\\/wp.kristdemokraterna.se\\\/linkoping\\\/#\\\/schema\\\/person\\\/b0148c3c8863db76d330faa282b9521a\"},\"breadcrumb\":{\"@id\":\"https:\\\/\\\/wp.kristdemokraterna.se\\\/linkoping\\\/trygg-nollning-i-linkoping\\\/#breadcrumb\"},\"inLanguage\":\"sv-SE\",\"potentialAction\":[{\"@type\":\"ReadAction\",\"target\":[\"https:\\\/\\\/wp.kristdemokraterna.se\\\/linkoping\\\/trygg-nollning-i-linkoping\\\/\"]}]},{\"@type\":\"BreadcrumbList\",\"@id\":\"https:\\\/\\\/wp.kristdemokraterna.se\\\/linkoping\\\/trygg-nollning-i-linkoping\\\/#breadcrumb\",\"itemListElement\":[{\"@type\":\"ListItem\",\"position\":1,\"name\":\"Hem\",\"item\":\"https:\\\/\\\/wp.kristdemokraterna.se\\\/linkoping\\\/\"},{\"@type\":\"ListItem\",\"position\":2,\"name\":\"Trygg &#8221;nollning&#8221; i Link\u00f6ping\"}]},{\"@type\":\"WebSite\",\"@id\":\"https:\\\/\\\/wp.kristdemokraterna.se\\\/linkoping\\\/#website\",\"url\":\"https:\\\/\\\/wp.kristdemokraterna.se\\\/linkoping\\\/\",\"name\":\"Kristdemokraterna i Link\u00f6ping\",\"description\":\"\",\"inLanguage\":\"sv-SE\"},{\"@type\":\"Person\",\"@id\":\"https:\\\/\\\/wp.kristdemokraterna.se\\\/linkoping\\\/#\\\/schema\\\/person\\\/b0148c3c8863db76d330faa282b9521a\",\"name\":\"linkoping\",\"image\":{\"@type\":\"ImageObject\",\"inLanguage\":\"sv-SE\",\"@id\":\"https:\\\/\\\/secure.gravatar.com\\\/avatar\\\/016e7965fec0e08fdd07b021a7d25181278d4b29b1d5bab57b16017e35421895?s=96&r=g\",\"url\":\"https:\\\/\\\/secure.gravatar.com\\\/avatar\\\/016e7965fec0e08fdd07b021a7d25181278d4b29b1d5bab57b16017e35421895?s=96&r=g\",\"contentUrl\":\"https:\\\/\\\/secure.gravatar.com\\\/avatar\\\/016e7965fec0e08fdd07b021a7d25181278d4b29b1d5bab57b16017e35421895?s=96&r=g\",\"caption\":\"linkoping\"},\"sameAs\":[\"https:\\\/\\\/www.facebook.com\\\/kdlinkoping\\\/\"],\"url\":\"https:\\\/\\\/wp.kristdemokraterna.se\\\/linkoping\\\/author\\\/linkoping\\\/\"}]}<\/script>\n<!-- \/ Yoast SEO plugin. -->","yoast_head_json":{"title":"Trygg \"nollning\" i Link\u00f6ping - Kristdemokraterna i Link\u00f6ping","robots":{"index":"index","follow":"follow","max-snippet":"max-snippet:-1","max-image-preview":"max-image-preview:large","max-video-preview":"max-video-preview:-1"},"canonical":"https:\/\/wp.kristdemokraterna.se\/linkoping\/trygg-nollning-i-linkoping\/","og_locale":"sv_SE","og_type":"article","og_title":"Trygg \"nollning\" i Link\u00f6ping - Kristdemokraterna i Link\u00f6ping","og_description":"Skolorna startar igen efter sommarlovet och fr\u00e5gan om &#8221;nollning&#8221; blir \u00e5ter aktuell. Kristdemokraterna i Link\u00f6ping och de \u00f6vriga partierna som ing\u00e5r i Allians f\u00f6r Link\u00f6ping anser att en gammal tradition som nollningen b\u00f6r kunna genomf\u00f6ras p\u00e5 ett tryggt och ansvarsfullt s\u00e4tt \u00e4ven i \u00e5r. Med anledning av det har ett omfattande arbetet gjorts fr\u00e5n kommunens Read More","og_url":"https:\/\/wp.kristdemokraterna.se\/linkoping\/trygg-nollning-i-linkoping\/","og_site_name":"Kristdemokraterna i Link\u00f6ping","article_author":"https:\/\/www.facebook.com\/kdlinkoping\/","article_published_time":"2021-08-18T08:36:03+00:00","article_modified_time":"2021-09-16T07:23:24+00:00","author":"linkoping","twitter_card":"summary_large_image","twitter_misc":{"Skriven av":"linkoping","Ber\u00e4knad l\u00e4stid":"1 minut"},"schema":{"@context":"https:\/\/schema.org","@graph":[{"@type":"Article","@id":"https:\/\/wp.kristdemokraterna.se\/linkoping\/trygg-nollning-i-linkoping\/#article","isPartOf":{"@id":"https:\/\/wp.kristdemokraterna.se\/linkoping\/trygg-nollning-i-linkoping\/"},"author":{"name":"linkoping","@id":"https:\/\/wp.kristdemokraterna.se\/linkoping\/#\/schema\/person\/b0148c3c8863db76d330faa282b9521a"},"headline":"Trygg &#8221;nollning&#8221; i Link\u00f6ping","datePublished":"2021-08-18T08:36:03+00:00","dateModified":"2021-09-16T07:23:24+00:00","mainEntityOfPage":{"@id":"https:\/\/wp.kristdemokraterna.se\/linkoping\/trygg-nollning-i-linkoping\/"},"wordCount":193,"articleSection":["arkiv","okategoriserade"],"inLanguage":"sv-SE"},{"@type":"WebPage","@id":"https:\/\/wp.kristdemokraterna.se\/linkoping\/trygg-nollning-i-linkoping\/","url":"https:\/\/wp.kristdemokraterna.se\/linkoping\/trygg-nollning-i-linkoping\/","name":"Trygg \"nollning\" i Link\u00f6ping - Kristdemokraterna i Link\u00f6ping","isPartOf":{"@id":"https:\/\/wp.kristdemokraterna.se\/linkoping\/#website"},"datePublished":"2021-08-18T08:36:03+00:00","dateModified":"2021-09-16T07:23:24+00:00","author":{"@id":"https:\/\/wp.kristdemokraterna.se\/linkoping\/#\/schema\/person\/b0148c3c8863db76d330faa282b9521a"},"breadcrumb":{"@id":"https:\/\/wp.kristdemokraterna.se\/linkoping\/trygg-nollning-i-linkoping\/#breadcrumb"},"inLanguage":"sv-SE","potentialAction":[{"@type":"ReadAction","target":["https:\/\/wp.kristdemokraterna.se\/linkoping\/trygg-nollning-i-linkoping\/"]}]},{"@type":"BreadcrumbList","@id":"https:\/\/wp.kristdemokraterna.se\/linkoping\/trygg-nollning-i-linkoping\/#breadcrumb","itemListElement":[{"@type":"ListItem","position":1,"name":"Hem","item":"https:\/\/wp.kristdemokraterna.se\/linkoping\/"},{"@type":"ListItem","position":2,"name":"Trygg &#8221;nollning&#8221; i Link\u00f6ping"}]},{"@type":"WebSite","@id":"https:\/\/wp.kristdemokraterna.se\/linkoping\/#website","url":"https:\/\/wp.kristdemokraterna.se\/linkoping\/","name":"Kristdemokraterna i Link\u00f6ping","description":"","inLanguage":"sv-SE"},{"@type":"Person","@id":"https:\/\/wp.kristdemokraterna.se\/linkoping\/#\/schema\/person\/b0148c3c8863db76d330faa282b9521a","name":"linkoping","image":{"@type":"ImageObject","inLanguage":"sv-SE","@id":"https:\/\/secure.gravatar.com\/avatar\/016e7965fec0e08fdd07b021a7d25181278d4b29b1d5bab57b16017e35421895?s=96&r=g","url":"https:\/\/secure.gravatar.com\/avatar\/016e7965fec0e08fdd07b021a7d25181278d4b29b1d5bab57b16017e35421895?s=96&r=g","contentUrl":"https:\/\/secure.gravatar.com\/avatar\/016e7965fec0e08fdd07b021a7d25181278d4b29b1d5bab57b16017e35421895?s=96&r=g","caption":"linkoping"},"sameAs":["https:\/\/www.facebook.com\/kdlinkoping\/"],"url":"https:\/\/wp.kristdemokraterna.se\/linkoping\/author\/linkoping\/"}]}},"_links":{"self":[{"href":"https:\/\/wp.kristdemokraterna.se\/linkoping\/wp-json\/wp\/v2\/posts\/1987","targetHints":{"allow":["GET"]}}],"collection":[{"href":"https:\/\/wp.kristdemokraterna.se\/linkoping\/wp-json\/wp\/v2\/posts"}],"about":[{"href":"https:\/\/wp.kristdemokraterna.se\/linkoping\/wp-json\/wp\/v2\/types\/post"}],"author":[{"embeddable":true,"href":"https:\/\/wp.kristdemokraterna.se\/linkoping\/wp-json\/wp\/v2\/users\/410"}],"replies":[{"embeddable":true,"href":"https:\/\/wp.kristdemokraterna.se\/linkoping\/wp-json\/wp\/v2\/comments?post=1987"}],"version-history":[{"count":1,"href":"https:\/\/wp.kristdemokraterna.se\/linkoping\/wp-json\/wp\/v2\/posts\/1987\/revisions"}],"predecessor-version":[{"id":1988,"href":"https:\/\/wp.kristdemokraterna.se\/linkoping\/wp-json\/wp\/v2\/posts\/1987\/revisions\/1988"}],"wp:attachment":[{"href":"https:\/\/wp.kristdemokraterna.se\/linkoping\/wp-json\/wp\/v2\/media?parent=1987"}],"wp:term":[{"taxonomy":"category","embeddable":true,"href":"https:\/\/wp.kristdemokraterna.se\/linkoping\/wp-json\/wp\/v2\/categories?post=1987"},{"taxonomy":"post_tag","embeddable":true,"href":"https:\/\/wp.kristdemokraterna.se\/linkoping\/wp-json\/wp\/v2\/tags?post=1987"}],"curies":[{"name":"wp","href":"https:\/\/api.w.org\/{rel}","templated":true}]}}