{"id":2013,"date":"2021-09-11T12:54:09","date_gmt":"2021-09-11T10:54:09","guid":{"rendered":"https:\/\/wp.kristdemokraterna.se\/linkoping\/?p=2013"},"modified":"2021-11-17T12:45:08","modified_gmt":"2021-11-17T11:45:08","slug":"ett-ar-kvar-till-valet","status":"publish","type":"post","link":"https:\/\/wp.kristdemokraterna.se\/linkoping\/ett-ar-kvar-till-valet\/","title":{"rendered":"Ett \u00e5r kvar till valet"},"content":{"rendered":"<p>Idag, den 11 september \u00e4r det exakt ett \u00e5r kvar tills det \u00e4r dags f\u00f6r Link\u00f6pingsborna att best\u00e4mma i vilken riktning Link\u00f6pings kommun ska r\u00f6ra sig.<\/p>\n<p>Vilka fr\u00e5gor \u00e4r viktigast inf\u00f6r valet 2022? V\u00e5rt kommunalr\u00e5d Denis\u00e9 Cassel (KD) n\u00e4mner n\u00e5gra av sina hj\u00e4rtefr\u00e5gor:<\/p>\n<p>&#8211; Ett tryggt och s\u00e4kert Link\u00f6ping med l\u00e5g kommunalskatt.<br \/>\n&#8211; Vi borde f\u00e5tt v\u00e5r samordningsplan med 60 \u00e5tg\u00e4rder mot segregation i Link\u00f6ping p\u00e5 plats tidigare. \u00c5tg\u00e4rdsplanen beskriver bland annat hur trygghet och gemenskap ska \u00f6ka och hur fler ska komma i arbete i omr\u00e5dena Berga, Ryd och Sk\u00e4ggetorp. Jag \u00f6nskar \u00e4ven att det team av utredare i socialf\u00f6rvaltningen som ska arbeta mot bidragsfusk i v\u00e4lf\u00e4rden inr\u00e4ttats tidigare.<br \/>\n&#8211; Vi vill att de omfattande trygghetssatsningar vi genomf\u00f6rt p\u00e5 kommunala ordningsvakter, kamerabevakning med mera ger utdelning till Link\u00f6pingsborna. Vi \u00f6nskar \u00e4ven f\u00e5 igenom en skattes\u00e4nkning.<\/p>\n","protected":false},"excerpt":{"rendered":"<p>Idag, den 11 september \u00e4r det exakt ett \u00e5r kvar tills det \u00e4r dags f\u00f6r Link\u00f6pingsborna att best\u00e4mma i vilken riktning Link\u00f6pings kommun ska r\u00f6ra sig. Vilka fr\u00e5gor \u00e4r viktigast inf\u00f6r valet 2022? V\u00e5rt kommunalr\u00e5d Denis\u00e9 Cassel (KD) n\u00e4mner n\u00e5gra av sina hj\u00e4rtefr\u00e5gor: &#8211; Ett tryggt och s\u00e4kert Link\u00f6ping med l\u00e5g kommunalskatt. &#8211; Vi borde <a class=\"read-more-link\" href=\"https:\/\/wp.kristdemokraterna.se\/linkoping\/ett-ar-kvar-till-valet\/\">Read More<\/a><\/p>\n","protected":false},"author":410,"featured_media":0,"comment_status":"closed","ping_status":"closed","sticky":false,"template":"","format":"standard","meta":{"_acf_changed":false,"footnotes":""},"categories":[22,1],"tags":[],"class_list":["post-2013","post","type-post","status-publish","format-standard","hentry","category-arkiv","category-okategoriserade"],"acf":[],"yoast_head":"<!-- This site is optimized with the Yoast SEO plugin v27.4 - https:\/\/yoast.com\/product\/yoast-seo-wordpress\/ -->\n<title>Ett \u00e5r kvar till valet - Kristdemokraterna i Link\u00f6ping<\/title>\n<meta name=\"robots\" content=\"index, follow, max-snippet:-1, max-image-preview:large, max-video-preview:-1\" \/>\n<link rel=\"canonical\" href=\"https:\/\/wp.kristdemokraterna.se\/linkoping\/ett-ar-kvar-till-valet\/\" \/>\n<meta property=\"og:locale\" content=\"sv_SE\" \/>\n<meta property=\"og:type\" content=\"article\" \/>\n<meta property=\"og:title\" content=\"Ett \u00e5r kvar till valet - Kristdemokraterna i Link\u00f6ping\" \/>\n<meta property=\"og:description\" content=\"Idag, den 11 september \u00e4r det exakt ett \u00e5r kvar tills det \u00e4r dags f\u00f6r Link\u00f6pingsborna att best\u00e4mma i vilken riktning Link\u00f6pings kommun ska r\u00f6ra sig. Vilka fr\u00e5gor \u00e4r viktigast inf\u00f6r valet 2022? V\u00e5rt kommunalr\u00e5d Denis\u00e9 Cassel (KD) n\u00e4mner n\u00e5gra av sina hj\u00e4rtefr\u00e5gor: &#8211; Ett tryggt och s\u00e4kert Link\u00f6ping med l\u00e5g kommunalskatt. &#8211; Vi borde Read More\" \/>\n<meta property=\"og:url\" content=\"https:\/\/wp.kristdemokraterna.se\/linkoping\/ett-ar-kvar-till-valet\/\" \/>\n<meta property=\"og:site_name\" content=\"Kristdemokraterna i Link\u00f6ping\" \/>\n<meta property=\"article:author\" content=\"https:\/\/www.facebook.com\/kdlinkoping\/\" \/>\n<meta property=\"article:published_time\" content=\"2021-09-11T10:54:09+00:00\" \/>\n<meta property=\"article:modified_time\" content=\"2021-11-17T11:45:08+00:00\" \/>\n<meta name=\"author\" content=\"linkoping\" \/>\n<meta name=\"twitter:card\" content=\"summary_large_image\" \/>\n<meta name=\"twitter:label1\" content=\"Skriven av\" \/>\n\t<meta name=\"twitter:data1\" content=\"linkoping\" \/>\n\t<meta name=\"twitter:label2\" content=\"Ber\u00e4knad l\u00e4stid\" \/>\n\t<meta name=\"twitter:data2\" content=\"1 minut\" \/>\n<script type=\"application\/ld+json\" class=\"yoast-schema-graph\">{\"@context\":\"https:\\\/\\\/schema.org\",\"@graph\":[{\"@type\":\"Article\",\"@id\":\"https:\\\/\\\/wp.kristdemokraterna.se\\\/linkoping\\\/ett-ar-kvar-till-valet\\\/#article\",\"isPartOf\":{\"@id\":\"https:\\\/\\\/wp.kristdemokraterna.se\\\/linkoping\\\/ett-ar-kvar-till-valet\\\/\"},\"author\":{\"name\":\"linkoping\",\"@id\":\"https:\\\/\\\/wp.kristdemokraterna.se\\\/linkoping\\\/#\\\/schema\\\/person\\\/b0148c3c8863db76d330faa282b9521a\"},\"headline\":\"Ett \u00e5r kvar till valet\",\"datePublished\":\"2021-09-11T10:54:09+00:00\",\"dateModified\":\"2021-11-17T11:45:08+00:00\",\"mainEntityOfPage\":{\"@id\":\"https:\\\/\\\/wp.kristdemokraterna.se\\\/linkoping\\\/ett-ar-kvar-till-valet\\\/\"},\"wordCount\":168,\"articleSection\":[\"arkiv\",\"okategoriserade\"],\"inLanguage\":\"sv-SE\"},{\"@type\":\"WebPage\",\"@id\":\"https:\\\/\\\/wp.kristdemokraterna.se\\\/linkoping\\\/ett-ar-kvar-till-valet\\\/\",\"url\":\"https:\\\/\\\/wp.kristdemokraterna.se\\\/linkoping\\\/ett-ar-kvar-till-valet\\\/\",\"name\":\"Ett \u00e5r kvar till valet - Kristdemokraterna i Link\u00f6ping\",\"isPartOf\":{\"@id\":\"https:\\\/\\\/wp.kristdemokraterna.se\\\/linkoping\\\/#website\"},\"datePublished\":\"2021-09-11T10:54:09+00:00\",\"dateModified\":\"2021-11-17T11:45:08+00:00\",\"author\":{\"@id\":\"https:\\\/\\\/wp.kristdemokraterna.se\\\/linkoping\\\/#\\\/schema\\\/person\\\/b0148c3c8863db76d330faa282b9521a\"},\"breadcrumb\":{\"@id\":\"https:\\\/\\\/wp.kristdemokraterna.se\\\/linkoping\\\/ett-ar-kvar-till-valet\\\/#breadcrumb\"},\"inLanguage\":\"sv-SE\",\"potentialAction\":[{\"@type\":\"ReadAction\",\"target\":[\"https:\\\/\\\/wp.kristdemokraterna.se\\\/linkoping\\\/ett-ar-kvar-till-valet\\\/\"]}]},{\"@type\":\"BreadcrumbList\",\"@id\":\"https:\\\/\\\/wp.kristdemokraterna.se\\\/linkoping\\\/ett-ar-kvar-till-valet\\\/#breadcrumb\",\"itemListElement\":[{\"@type\":\"ListItem\",\"position\":1,\"name\":\"Hem\",\"item\":\"https:\\\/\\\/wp.kristdemokraterna.se\\\/linkoping\\\/\"},{\"@type\":\"ListItem\",\"position\":2,\"name\":\"Ett \u00e5r kvar till valet\"}]},{\"@type\":\"WebSite\",\"@id\":\"https:\\\/\\\/wp.kristdemokraterna.se\\\/linkoping\\\/#website\",\"url\":\"https:\\\/\\\/wp.kristdemokraterna.se\\\/linkoping\\\/\",\"name\":\"Kristdemokraterna i Link\u00f6ping\",\"description\":\"\",\"inLanguage\":\"sv-SE\"},{\"@type\":\"Person\",\"@id\":\"https:\\\/\\\/wp.kristdemokraterna.se\\\/linkoping\\\/#\\\/schema\\\/person\\\/b0148c3c8863db76d330faa282b9521a\",\"name\":\"linkoping\",\"image\":{\"@type\":\"ImageObject\",\"inLanguage\":\"sv-SE\",\"@id\":\"https:\\\/\\\/secure.gravatar.com\\\/avatar\\\/016e7965fec0e08fdd07b021a7d25181278d4b29b1d5bab57b16017e35421895?s=96&r=g\",\"url\":\"https:\\\/\\\/secure.gravatar.com\\\/avatar\\\/016e7965fec0e08fdd07b021a7d25181278d4b29b1d5bab57b16017e35421895?s=96&r=g\",\"contentUrl\":\"https:\\\/\\\/secure.gravatar.com\\\/avatar\\\/016e7965fec0e08fdd07b021a7d25181278d4b29b1d5bab57b16017e35421895?s=96&r=g\",\"caption\":\"linkoping\"},\"sameAs\":[\"https:\\\/\\\/www.facebook.com\\\/kdlinkoping\\\/\"],\"url\":\"https:\\\/\\\/wp.kristdemokraterna.se\\\/linkoping\\\/author\\\/linkoping\\\/\"}]}<\/script>\n<!-- \/ Yoast SEO plugin. -->","yoast_head_json":{"title":"Ett \u00e5r kvar till valet - Kristdemokraterna i Link\u00f6ping","robots":{"index":"index","follow":"follow","max-snippet":"max-snippet:-1","max-image-preview":"max-image-preview:large","max-video-preview":"max-video-preview:-1"},"canonical":"https:\/\/wp.kristdemokraterna.se\/linkoping\/ett-ar-kvar-till-valet\/","og_locale":"sv_SE","og_type":"article","og_title":"Ett \u00e5r kvar till valet - Kristdemokraterna i Link\u00f6ping","og_description":"Idag, den 11 september \u00e4r det exakt ett \u00e5r kvar tills det \u00e4r dags f\u00f6r Link\u00f6pingsborna att best\u00e4mma i vilken riktning Link\u00f6pings kommun ska r\u00f6ra sig. Vilka fr\u00e5gor \u00e4r viktigast inf\u00f6r valet 2022? V\u00e5rt kommunalr\u00e5d Denis\u00e9 Cassel (KD) n\u00e4mner n\u00e5gra av sina hj\u00e4rtefr\u00e5gor: &#8211; Ett tryggt och s\u00e4kert Link\u00f6ping med l\u00e5g kommunalskatt. &#8211; Vi borde Read More","og_url":"https:\/\/wp.kristdemokraterna.se\/linkoping\/ett-ar-kvar-till-valet\/","og_site_name":"Kristdemokraterna i Link\u00f6ping","article_author":"https:\/\/www.facebook.com\/kdlinkoping\/","article_published_time":"2021-09-11T10:54:09+00:00","article_modified_time":"2021-11-17T11:45:08+00:00","author":"linkoping","twitter_card":"summary_large_image","twitter_misc":{"Skriven av":"linkoping","Ber\u00e4knad l\u00e4stid":"1 minut"},"schema":{"@context":"https:\/\/schema.org","@graph":[{"@type":"Article","@id":"https:\/\/wp.kristdemokraterna.se\/linkoping\/ett-ar-kvar-till-valet\/#article","isPartOf":{"@id":"https:\/\/wp.kristdemokraterna.se\/linkoping\/ett-ar-kvar-till-valet\/"},"author":{"name":"linkoping","@id":"https:\/\/wp.kristdemokraterna.se\/linkoping\/#\/schema\/person\/b0148c3c8863db76d330faa282b9521a"},"headline":"Ett \u00e5r kvar till valet","datePublished":"2021-09-11T10:54:09+00:00","dateModified":"2021-11-17T11:45:08+00:00","mainEntityOfPage":{"@id":"https:\/\/wp.kristdemokraterna.se\/linkoping\/ett-ar-kvar-till-valet\/"},"wordCount":168,"articleSection":["arkiv","okategoriserade"],"inLanguage":"sv-SE"},{"@type":"WebPage","@id":"https:\/\/wp.kristdemokraterna.se\/linkoping\/ett-ar-kvar-till-valet\/","url":"https:\/\/wp.kristdemokraterna.se\/linkoping\/ett-ar-kvar-till-valet\/","name":"Ett \u00e5r kvar till valet - Kristdemokraterna i Link\u00f6ping","isPartOf":{"@id":"https:\/\/wp.kristdemokraterna.se\/linkoping\/#website"},"datePublished":"2021-09-11T10:54:09+00:00","dateModified":"2021-11-17T11:45:08+00:00","author":{"@id":"https:\/\/wp.kristdemokraterna.se\/linkoping\/#\/schema\/person\/b0148c3c8863db76d330faa282b9521a"},"breadcrumb":{"@id":"https:\/\/wp.kristdemokraterna.se\/linkoping\/ett-ar-kvar-till-valet\/#breadcrumb"},"inLanguage":"sv-SE","potentialAction":[{"@type":"ReadAction","target":["https:\/\/wp.kristdemokraterna.se\/linkoping\/ett-ar-kvar-till-valet\/"]}]},{"@type":"BreadcrumbList","@id":"https:\/\/wp.kristdemokraterna.se\/linkoping\/ett-ar-kvar-till-valet\/#breadcrumb","itemListElement":[{"@type":"ListItem","position":1,"name":"Hem","item":"https:\/\/wp.kristdemokraterna.se\/linkoping\/"},{"@type":"ListItem","position":2,"name":"Ett \u00e5r kvar till valet"}]},{"@type":"WebSite","@id":"https:\/\/wp.kristdemokraterna.se\/linkoping\/#website","url":"https:\/\/wp.kristdemokraterna.se\/linkoping\/","name":"Kristdemokraterna i Link\u00f6ping","description":"","inLanguage":"sv-SE"},{"@type":"Person","@id":"https:\/\/wp.kristdemokraterna.se\/linkoping\/#\/schema\/person\/b0148c3c8863db76d330faa282b9521a","name":"linkoping","image":{"@type":"ImageObject","inLanguage":"sv-SE","@id":"https:\/\/secure.gravatar.com\/avatar\/016e7965fec0e08fdd07b021a7d25181278d4b29b1d5bab57b16017e35421895?s=96&r=g","url":"https:\/\/secure.gravatar.com\/avatar\/016e7965fec0e08fdd07b021a7d25181278d4b29b1d5bab57b16017e35421895?s=96&r=g","contentUrl":"https:\/\/secure.gravatar.com\/avatar\/016e7965fec0e08fdd07b021a7d25181278d4b29b1d5bab57b16017e35421895?s=96&r=g","caption":"linkoping"},"sameAs":["https:\/\/www.facebook.com\/kdlinkoping\/"],"url":"https:\/\/wp.kristdemokraterna.se\/linkoping\/author\/linkoping\/"}]}},"_links":{"self":[{"href":"https:\/\/wp.kristdemokraterna.se\/linkoping\/wp-json\/wp\/v2\/posts\/2013","targetHints":{"allow":["GET"]}}],"collection":[{"href":"https:\/\/wp.kristdemokraterna.se\/linkoping\/wp-json\/wp\/v2\/posts"}],"about":[{"href":"https:\/\/wp.kristdemokraterna.se\/linkoping\/wp-json\/wp\/v2\/types\/post"}],"author":[{"embeddable":true,"href":"https:\/\/wp.kristdemokraterna.se\/linkoping\/wp-json\/wp\/v2\/users\/410"}],"replies":[{"embeddable":true,"href":"https:\/\/wp.kristdemokraterna.se\/linkoping\/wp-json\/wp\/v2\/comments?post=2013"}],"version-history":[{"count":1,"href":"https:\/\/wp.kristdemokraterna.se\/linkoping\/wp-json\/wp\/v2\/posts\/2013\/revisions"}],"predecessor-version":[{"id":2015,"href":"https:\/\/wp.kristdemokraterna.se\/linkoping\/wp-json\/wp\/v2\/posts\/2013\/revisions\/2015"}],"wp:attachment":[{"href":"https:\/\/wp.kristdemokraterna.se\/linkoping\/wp-json\/wp\/v2\/media?parent=2013"}],"wp:term":[{"taxonomy":"category","embeddable":true,"href":"https:\/\/wp.kristdemokraterna.se\/linkoping\/wp-json\/wp\/v2\/categories?post=2013"},{"taxonomy":"post_tag","embeddable":true,"href":"https:\/\/wp.kristdemokraterna.se\/linkoping\/wp-json\/wp\/v2\/tags?post=2013"}],"curies":[{"name":"wp","href":"https:\/\/api.w.org\/{rel}","templated":true}]}}