{"id":2053,"date":"2021-10-07T16:28:23","date_gmt":"2021-10-07T14:28:23","guid":{"rendered":"https:\/\/wp.kristdemokraterna.se\/linkoping\/?p=2053"},"modified":"2022-02-01T09:24:04","modified_gmt":"2022-02-01T08:24:04","slug":"ungdomar-bjod-in-till-debatt-i-skaggetorp","status":"publish","type":"post","link":"https:\/\/wp.kristdemokraterna.se\/linkoping\/ungdomar-bjod-in-till-debatt-i-skaggetorp\/","title":{"rendered":"Ungdomar bj\u00f6d in till debatt i Sk\u00e4ggetorp"},"content":{"rendered":"<div class=\"kvgmc6g5 cxmmr5t8 oygrvhab hcukyx3x c1et5uql ii04i59q\">\n<div dir=\"auto\">P\u00e5 l\u00f6rdagen samlades politiker och ungdomar i R\u00f6da Korsets lokaler i Sk\u00e4ggetorp Centrum f\u00f6r att diskutera ungdomars liv i Link\u00f6pings utsatta omr\u00e5den. Debatten gick under namnet &#8221;TJAFS&#8221; och \u00e4ven v\u00e5rt kommunalr\u00e5d Denis\u00e9 Cassel (KD) deltog.<\/div>\n<\/div>\n<div class=\"o9v6fnle cxmmr5t8 oygrvhab hcukyx3x c1et5uql ii04i59q\">\n<div dir=\"auto\">En av fr\u00e5gorna som togs upp under debatten handlade om nedst\u00e4ngningen av Sk\u00e4ggetorpsskolan. Ungdomspanelen var kritiska mot beslutet och menar att eleverna tvingades in i skolor som inte ville ha dem.<\/div>\n<div dir=\"auto\"><\/div>\n<\/div>\n<div class=\"o9v6fnle cxmmr5t8 oygrvhab hcukyx3x c1et5uql ii04i59q\">\n<div dir=\"auto\">\u2013 Jag tror att det var r\u00e4tt beslut att st\u00e4nga ner Sk\u00e4ggetorpsskolan med tanke p\u00e5 den l\u00e5ga andel elever som gick ut med gymnasiekompetens men jag ser \u00e4ven problemet n\u00e4r eleverna bem\u00f6ts negativt i de nya skolorna menade Denis\u00e9 Cassel som sj\u00e4lv arbetat som l\u00e4rare.<\/div>\n<div dir=\"auto\"><\/div>\n<\/div>\n<div class=\"o9v6fnle cxmmr5t8 oygrvhab hcukyx3x c1et5uql ii04i59q\">\n<div dir=\"auto\">Selma Bagambe, ordf\u00f6rande f\u00f6r R\u00f6da Korsets ungdomsf\u00f6rbund, var glad \u00f6ver att politikerna ville delta i debatten och hoppas att det kan upprepas i framtiden.<\/div>\n<\/div>\n","protected":false},"excerpt":{"rendered":"<p>P\u00e5 l\u00f6rdagen samlades politiker och ungdomar i R\u00f6da Korsets lokaler i Sk\u00e4ggetorp Centrum f\u00f6r att diskutera ungdomars liv i Link\u00f6pings utsatta omr\u00e5den. Debatten gick under namnet &#8221;TJAFS&#8221; och \u00e4ven v\u00e5rt kommunalr\u00e5d Denis\u00e9 Cassel (KD) deltog. En av fr\u00e5gorna som togs upp under debatten handlade om nedst\u00e4ngningen av Sk\u00e4ggetorpsskolan. Ungdomspanelen var kritiska mot beslutet och menar <a class=\"read-more-link\" href=\"https:\/\/wp.kristdemokraterna.se\/linkoping\/ungdomar-bjod-in-till-debatt-i-skaggetorp\/\">Read More<\/a><\/p>\n","protected":false},"author":410,"featured_media":0,"comment_status":"closed","ping_status":"closed","sticky":false,"template":"","format":"standard","meta":{"_acf_changed":false,"footnotes":""},"categories":[22,1],"tags":[],"class_list":["post-2053","post","type-post","status-publish","format-standard","hentry","category-arkiv","category-okategoriserade"],"acf":[],"yoast_head":"<!-- This site is optimized with the Yoast SEO plugin v27.4 - https:\/\/yoast.com\/product\/yoast-seo-wordpress\/ -->\n<title>Ungdomar bj\u00f6d in till debatt i Sk\u00e4ggetorp - Kristdemokraterna i Link\u00f6ping<\/title>\n<meta name=\"robots\" content=\"index, follow, max-snippet:-1, max-image-preview:large, max-video-preview:-1\" \/>\n<link rel=\"canonical\" href=\"https:\/\/wp.kristdemokraterna.se\/linkoping\/ungdomar-bjod-in-till-debatt-i-skaggetorp\/\" \/>\n<meta property=\"og:locale\" content=\"sv_SE\" \/>\n<meta property=\"og:type\" content=\"article\" \/>\n<meta property=\"og:title\" content=\"Ungdomar bj\u00f6d in till debatt i Sk\u00e4ggetorp - Kristdemokraterna i Link\u00f6ping\" \/>\n<meta property=\"og:description\" content=\"P\u00e5 l\u00f6rdagen samlades politiker och ungdomar i R\u00f6da Korsets lokaler i Sk\u00e4ggetorp Centrum f\u00f6r att diskutera ungdomars liv i Link\u00f6pings utsatta omr\u00e5den. Debatten gick under namnet &#8221;TJAFS&#8221; och \u00e4ven v\u00e5rt kommunalr\u00e5d Denis\u00e9 Cassel (KD) deltog. En av fr\u00e5gorna som togs upp under debatten handlade om nedst\u00e4ngningen av Sk\u00e4ggetorpsskolan. Ungdomspanelen var kritiska mot beslutet och menar Read More\" \/>\n<meta property=\"og:url\" content=\"https:\/\/wp.kristdemokraterna.se\/linkoping\/ungdomar-bjod-in-till-debatt-i-skaggetorp\/\" \/>\n<meta property=\"og:site_name\" content=\"Kristdemokraterna i Link\u00f6ping\" \/>\n<meta property=\"article:author\" content=\"https:\/\/www.facebook.com\/kdlinkoping\/\" \/>\n<meta property=\"article:published_time\" content=\"2021-10-07T14:28:23+00:00\" \/>\n<meta property=\"article:modified_time\" content=\"2022-02-01T08:24:04+00:00\" \/>\n<meta name=\"author\" content=\"linkoping\" \/>\n<meta name=\"twitter:card\" content=\"summary_large_image\" \/>\n<meta name=\"twitter:label1\" content=\"Skriven av\" \/>\n\t<meta name=\"twitter:data1\" content=\"linkoping\" \/>\n\t<meta name=\"twitter:label2\" content=\"Ber\u00e4knad l\u00e4stid\" \/>\n\t<meta name=\"twitter:data2\" content=\"1 minut\" \/>\n<script type=\"application\/ld+json\" class=\"yoast-schema-graph\">{\"@context\":\"https:\\\/\\\/schema.org\",\"@graph\":[{\"@type\":\"Article\",\"@id\":\"https:\\\/\\\/wp.kristdemokraterna.se\\\/linkoping\\\/ungdomar-bjod-in-till-debatt-i-skaggetorp\\\/#article\",\"isPartOf\":{\"@id\":\"https:\\\/\\\/wp.kristdemokraterna.se\\\/linkoping\\\/ungdomar-bjod-in-till-debatt-i-skaggetorp\\\/\"},\"author\":{\"name\":\"linkoping\",\"@id\":\"https:\\\/\\\/wp.kristdemokraterna.se\\\/linkoping\\\/#\\\/schema\\\/person\\\/b0148c3c8863db76d330faa282b9521a\"},\"headline\":\"Ungdomar bj\u00f6d in till debatt i Sk\u00e4ggetorp\",\"datePublished\":\"2021-10-07T14:28:23+00:00\",\"dateModified\":\"2022-02-01T08:24:04+00:00\",\"mainEntityOfPage\":{\"@id\":\"https:\\\/\\\/wp.kristdemokraterna.se\\\/linkoping\\\/ungdomar-bjod-in-till-debatt-i-skaggetorp\\\/\"},\"wordCount\":166,\"articleSection\":[\"arkiv\",\"okategoriserade\"],\"inLanguage\":\"sv-SE\"},{\"@type\":\"WebPage\",\"@id\":\"https:\\\/\\\/wp.kristdemokraterna.se\\\/linkoping\\\/ungdomar-bjod-in-till-debatt-i-skaggetorp\\\/\",\"url\":\"https:\\\/\\\/wp.kristdemokraterna.se\\\/linkoping\\\/ungdomar-bjod-in-till-debatt-i-skaggetorp\\\/\",\"name\":\"Ungdomar bj\u00f6d in till debatt i Sk\u00e4ggetorp - Kristdemokraterna i Link\u00f6ping\",\"isPartOf\":{\"@id\":\"https:\\\/\\\/wp.kristdemokraterna.se\\\/linkoping\\\/#website\"},\"datePublished\":\"2021-10-07T14:28:23+00:00\",\"dateModified\":\"2022-02-01T08:24:04+00:00\",\"author\":{\"@id\":\"https:\\\/\\\/wp.kristdemokraterna.se\\\/linkoping\\\/#\\\/schema\\\/person\\\/b0148c3c8863db76d330faa282b9521a\"},\"breadcrumb\":{\"@id\":\"https:\\\/\\\/wp.kristdemokraterna.se\\\/linkoping\\\/ungdomar-bjod-in-till-debatt-i-skaggetorp\\\/#breadcrumb\"},\"inLanguage\":\"sv-SE\",\"potentialAction\":[{\"@type\":\"ReadAction\",\"target\":[\"https:\\\/\\\/wp.kristdemokraterna.se\\\/linkoping\\\/ungdomar-bjod-in-till-debatt-i-skaggetorp\\\/\"]}]},{\"@type\":\"BreadcrumbList\",\"@id\":\"https:\\\/\\\/wp.kristdemokraterna.se\\\/linkoping\\\/ungdomar-bjod-in-till-debatt-i-skaggetorp\\\/#breadcrumb\",\"itemListElement\":[{\"@type\":\"ListItem\",\"position\":1,\"name\":\"Hem\",\"item\":\"https:\\\/\\\/wp.kristdemokraterna.se\\\/linkoping\\\/\"},{\"@type\":\"ListItem\",\"position\":2,\"name\":\"Ungdomar bj\u00f6d in till debatt i Sk\u00e4ggetorp\"}]},{\"@type\":\"WebSite\",\"@id\":\"https:\\\/\\\/wp.kristdemokraterna.se\\\/linkoping\\\/#website\",\"url\":\"https:\\\/\\\/wp.kristdemokraterna.se\\\/linkoping\\\/\",\"name\":\"Kristdemokraterna i Link\u00f6ping\",\"description\":\"\",\"inLanguage\":\"sv-SE\"},{\"@type\":\"Person\",\"@id\":\"https:\\\/\\\/wp.kristdemokraterna.se\\\/linkoping\\\/#\\\/schema\\\/person\\\/b0148c3c8863db76d330faa282b9521a\",\"name\":\"linkoping\",\"image\":{\"@type\":\"ImageObject\",\"inLanguage\":\"sv-SE\",\"@id\":\"https:\\\/\\\/secure.gravatar.com\\\/avatar\\\/016e7965fec0e08fdd07b021a7d25181278d4b29b1d5bab57b16017e35421895?s=96&r=g\",\"url\":\"https:\\\/\\\/secure.gravatar.com\\\/avatar\\\/016e7965fec0e08fdd07b021a7d25181278d4b29b1d5bab57b16017e35421895?s=96&r=g\",\"contentUrl\":\"https:\\\/\\\/secure.gravatar.com\\\/avatar\\\/016e7965fec0e08fdd07b021a7d25181278d4b29b1d5bab57b16017e35421895?s=96&r=g\",\"caption\":\"linkoping\"},\"sameAs\":[\"https:\\\/\\\/www.facebook.com\\\/kdlinkoping\\\/\"],\"url\":\"https:\\\/\\\/wp.kristdemokraterna.se\\\/linkoping\\\/author\\\/linkoping\\\/\"}]}<\/script>\n<!-- \/ Yoast SEO plugin. -->","yoast_head_json":{"title":"Ungdomar bj\u00f6d in till debatt i Sk\u00e4ggetorp - Kristdemokraterna i Link\u00f6ping","robots":{"index":"index","follow":"follow","max-snippet":"max-snippet:-1","max-image-preview":"max-image-preview:large","max-video-preview":"max-video-preview:-1"},"canonical":"https:\/\/wp.kristdemokraterna.se\/linkoping\/ungdomar-bjod-in-till-debatt-i-skaggetorp\/","og_locale":"sv_SE","og_type":"article","og_title":"Ungdomar bj\u00f6d in till debatt i Sk\u00e4ggetorp - Kristdemokraterna i Link\u00f6ping","og_description":"P\u00e5 l\u00f6rdagen samlades politiker och ungdomar i R\u00f6da Korsets lokaler i Sk\u00e4ggetorp Centrum f\u00f6r att diskutera ungdomars liv i Link\u00f6pings utsatta omr\u00e5den. Debatten gick under namnet &#8221;TJAFS&#8221; och \u00e4ven v\u00e5rt kommunalr\u00e5d Denis\u00e9 Cassel (KD) deltog. En av fr\u00e5gorna som togs upp under debatten handlade om nedst\u00e4ngningen av Sk\u00e4ggetorpsskolan. Ungdomspanelen var kritiska mot beslutet och menar Read More","og_url":"https:\/\/wp.kristdemokraterna.se\/linkoping\/ungdomar-bjod-in-till-debatt-i-skaggetorp\/","og_site_name":"Kristdemokraterna i Link\u00f6ping","article_author":"https:\/\/www.facebook.com\/kdlinkoping\/","article_published_time":"2021-10-07T14:28:23+00:00","article_modified_time":"2022-02-01T08:24:04+00:00","author":"linkoping","twitter_card":"summary_large_image","twitter_misc":{"Skriven av":"linkoping","Ber\u00e4knad l\u00e4stid":"1 minut"},"schema":{"@context":"https:\/\/schema.org","@graph":[{"@type":"Article","@id":"https:\/\/wp.kristdemokraterna.se\/linkoping\/ungdomar-bjod-in-till-debatt-i-skaggetorp\/#article","isPartOf":{"@id":"https:\/\/wp.kristdemokraterna.se\/linkoping\/ungdomar-bjod-in-till-debatt-i-skaggetorp\/"},"author":{"name":"linkoping","@id":"https:\/\/wp.kristdemokraterna.se\/linkoping\/#\/schema\/person\/b0148c3c8863db76d330faa282b9521a"},"headline":"Ungdomar bj\u00f6d in till debatt i Sk\u00e4ggetorp","datePublished":"2021-10-07T14:28:23+00:00","dateModified":"2022-02-01T08:24:04+00:00","mainEntityOfPage":{"@id":"https:\/\/wp.kristdemokraterna.se\/linkoping\/ungdomar-bjod-in-till-debatt-i-skaggetorp\/"},"wordCount":166,"articleSection":["arkiv","okategoriserade"],"inLanguage":"sv-SE"},{"@type":"WebPage","@id":"https:\/\/wp.kristdemokraterna.se\/linkoping\/ungdomar-bjod-in-till-debatt-i-skaggetorp\/","url":"https:\/\/wp.kristdemokraterna.se\/linkoping\/ungdomar-bjod-in-till-debatt-i-skaggetorp\/","name":"Ungdomar bj\u00f6d in till debatt i Sk\u00e4ggetorp - Kristdemokraterna i Link\u00f6ping","isPartOf":{"@id":"https:\/\/wp.kristdemokraterna.se\/linkoping\/#website"},"datePublished":"2021-10-07T14:28:23+00:00","dateModified":"2022-02-01T08:24:04+00:00","author":{"@id":"https:\/\/wp.kristdemokraterna.se\/linkoping\/#\/schema\/person\/b0148c3c8863db76d330faa282b9521a"},"breadcrumb":{"@id":"https:\/\/wp.kristdemokraterna.se\/linkoping\/ungdomar-bjod-in-till-debatt-i-skaggetorp\/#breadcrumb"},"inLanguage":"sv-SE","potentialAction":[{"@type":"ReadAction","target":["https:\/\/wp.kristdemokraterna.se\/linkoping\/ungdomar-bjod-in-till-debatt-i-skaggetorp\/"]}]},{"@type":"BreadcrumbList","@id":"https:\/\/wp.kristdemokraterna.se\/linkoping\/ungdomar-bjod-in-till-debatt-i-skaggetorp\/#breadcrumb","itemListElement":[{"@type":"ListItem","position":1,"name":"Hem","item":"https:\/\/wp.kristdemokraterna.se\/linkoping\/"},{"@type":"ListItem","position":2,"name":"Ungdomar bj\u00f6d in till debatt i Sk\u00e4ggetorp"}]},{"@type":"WebSite","@id":"https:\/\/wp.kristdemokraterna.se\/linkoping\/#website","url":"https:\/\/wp.kristdemokraterna.se\/linkoping\/","name":"Kristdemokraterna i Link\u00f6ping","description":"","inLanguage":"sv-SE"},{"@type":"Person","@id":"https:\/\/wp.kristdemokraterna.se\/linkoping\/#\/schema\/person\/b0148c3c8863db76d330faa282b9521a","name":"linkoping","image":{"@type":"ImageObject","inLanguage":"sv-SE","@id":"https:\/\/secure.gravatar.com\/avatar\/016e7965fec0e08fdd07b021a7d25181278d4b29b1d5bab57b16017e35421895?s=96&r=g","url":"https:\/\/secure.gravatar.com\/avatar\/016e7965fec0e08fdd07b021a7d25181278d4b29b1d5bab57b16017e35421895?s=96&r=g","contentUrl":"https:\/\/secure.gravatar.com\/avatar\/016e7965fec0e08fdd07b021a7d25181278d4b29b1d5bab57b16017e35421895?s=96&r=g","caption":"linkoping"},"sameAs":["https:\/\/www.facebook.com\/kdlinkoping\/"],"url":"https:\/\/wp.kristdemokraterna.se\/linkoping\/author\/linkoping\/"}]}},"_links":{"self":[{"href":"https:\/\/wp.kristdemokraterna.se\/linkoping\/wp-json\/wp\/v2\/posts\/2053","targetHints":{"allow":["GET"]}}],"collection":[{"href":"https:\/\/wp.kristdemokraterna.se\/linkoping\/wp-json\/wp\/v2\/posts"}],"about":[{"href":"https:\/\/wp.kristdemokraterna.se\/linkoping\/wp-json\/wp\/v2\/types\/post"}],"author":[{"embeddable":true,"href":"https:\/\/wp.kristdemokraterna.se\/linkoping\/wp-json\/wp\/v2\/users\/410"}],"replies":[{"embeddable":true,"href":"https:\/\/wp.kristdemokraterna.se\/linkoping\/wp-json\/wp\/v2\/comments?post=2053"}],"version-history":[{"count":1,"href":"https:\/\/wp.kristdemokraterna.se\/linkoping\/wp-json\/wp\/v2\/posts\/2053\/revisions"}],"predecessor-version":[{"id":2055,"href":"https:\/\/wp.kristdemokraterna.se\/linkoping\/wp-json\/wp\/v2\/posts\/2053\/revisions\/2055"}],"wp:attachment":[{"href":"https:\/\/wp.kristdemokraterna.se\/linkoping\/wp-json\/wp\/v2\/media?parent=2053"}],"wp:term":[{"taxonomy":"category","embeddable":true,"href":"https:\/\/wp.kristdemokraterna.se\/linkoping\/wp-json\/wp\/v2\/categories?post=2053"},{"taxonomy":"post_tag","embeddable":true,"href":"https:\/\/wp.kristdemokraterna.se\/linkoping\/wp-json\/wp\/v2\/tags?post=2053"}],"curies":[{"name":"wp","href":"https:\/\/api.w.org\/{rel}","templated":true}]}}