{"id":2083,"date":"2021-11-28T11:00:13","date_gmt":"2021-11-28T10:00:13","guid":{"rendered":"https:\/\/wp.kristdemokraterna.se\/linkoping\/?p=2083"},"modified":"2021-12-16T11:52:40","modified_gmt":"2021-12-16T10:52:40","slug":"vi-ar-igang-med-valplaneringen","status":"publish","type":"post","link":"https:\/\/wp.kristdemokraterna.se\/linkoping\/vi-ar-igang-med-valplaneringen\/","title":{"rendered":"Vi \u00e4r ig\u00e5ng med valplaneringen"},"content":{"rendered":"<div class=\"kvgmc6g5 cxmmr5t8 oygrvhab hcukyx3x c1et5uql ii04i59q\">\n<div dir=\"auto\">I september 2022 \u00e4r det val i Sverige. KD gruppen hade ig\u00e5r ett f\u00f6rsta m\u00f6te i Stadshuset d\u00e4r strategi och valprogram diskuterades. V\u00e5rt kommunalr\u00e5d Denis\u00e9 Cassel h\u00f6ll i den inledande dragningen och pekade ut viktiga kristdemokratiska m\u00e5lgrupper.<\/div>\n<div dir=\"auto\"><\/div>\n<\/div>\n<div class=\"o9v6fnle cxmmr5t8 oygrvhab hcukyx3x c1et5uql ii04i59q\">\n<div dir=\"auto\">Valprogrammet kommer att antas i maj men det \u00e4r viktigt att vi p\u00e5b\u00f6rjar arbetet redan nu. Under m\u00f6tet har vi bl a diskuterat en unders\u00f6kning fr\u00e5n Novus om vilka fr\u00e5gor som v\u00e4ljarna anser vara viktigast inf\u00f6r valet och vi har \u00e4ven pratat om vilken strategi vi ska anv\u00e4nda p\u00e5 sociala medier. V\u00e5ra politiker fick \u00e4ven diskutera potentiella valfr\u00e5gor i mindre grupper.<\/div>\n<\/div>\n","protected":false},"excerpt":{"rendered":"<p>I september 2022 \u00e4r det val i Sverige. KD gruppen hade ig\u00e5r ett f\u00f6rsta m\u00f6te i Stadshuset d\u00e4r strategi och valprogram diskuterades. V\u00e5rt kommunalr\u00e5d Denis\u00e9 Cassel h\u00f6ll i den inledande dragningen och pekade ut viktiga kristdemokratiska m\u00e5lgrupper. Valprogrammet kommer att antas i maj men det \u00e4r viktigt att vi p\u00e5b\u00f6rjar arbetet redan nu. Under m\u00f6tet <a class=\"read-more-link\" href=\"https:\/\/wp.kristdemokraterna.se\/linkoping\/vi-ar-igang-med-valplaneringen\/\">Read More<\/a><\/p>\n","protected":false},"author":410,"featured_media":0,"comment_status":"closed","ping_status":"closed","sticky":false,"template":"","format":"standard","meta":{"_acf_changed":false,"footnotes":""},"categories":[22,1],"tags":[],"class_list":["post-2083","post","type-post","status-publish","format-standard","hentry","category-arkiv","category-okategoriserade"],"acf":[],"yoast_head":"<!-- This site is optimized with the Yoast SEO plugin v27.4 - https:\/\/yoast.com\/product\/yoast-seo-wordpress\/ -->\n<title>Vi \u00e4r ig\u00e5ng med valplaneringen - Kristdemokraterna i Link\u00f6ping<\/title>\n<meta name=\"robots\" content=\"index, follow, max-snippet:-1, max-image-preview:large, max-video-preview:-1\" \/>\n<link rel=\"canonical\" href=\"https:\/\/wp.kristdemokraterna.se\/linkoping\/vi-ar-igang-med-valplaneringen\/\" \/>\n<meta property=\"og:locale\" content=\"sv_SE\" \/>\n<meta property=\"og:type\" content=\"article\" \/>\n<meta property=\"og:title\" content=\"Vi \u00e4r ig\u00e5ng med valplaneringen - Kristdemokraterna i Link\u00f6ping\" \/>\n<meta property=\"og:description\" content=\"I september 2022 \u00e4r det val i Sverige. KD gruppen hade ig\u00e5r ett f\u00f6rsta m\u00f6te i Stadshuset d\u00e4r strategi och valprogram diskuterades. V\u00e5rt kommunalr\u00e5d Denis\u00e9 Cassel h\u00f6ll i den inledande dragningen och pekade ut viktiga kristdemokratiska m\u00e5lgrupper. Valprogrammet kommer att antas i maj men det \u00e4r viktigt att vi p\u00e5b\u00f6rjar arbetet redan nu. Under m\u00f6tet Read More\" \/>\n<meta property=\"og:url\" content=\"https:\/\/wp.kristdemokraterna.se\/linkoping\/vi-ar-igang-med-valplaneringen\/\" \/>\n<meta property=\"og:site_name\" content=\"Kristdemokraterna i Link\u00f6ping\" \/>\n<meta property=\"article:author\" content=\"https:\/\/www.facebook.com\/kdlinkoping\/\" \/>\n<meta property=\"article:published_time\" content=\"2021-11-28T10:00:13+00:00\" \/>\n<meta property=\"article:modified_time\" content=\"2021-12-16T10:52:40+00:00\" \/>\n<meta name=\"author\" content=\"linkoping\" \/>\n<meta name=\"twitter:card\" content=\"summary_large_image\" \/>\n<meta name=\"twitter:label1\" content=\"Skriven av\" \/>\n\t<meta name=\"twitter:data1\" content=\"linkoping\" \/>\n\t<meta name=\"twitter:label2\" content=\"Ber\u00e4knad l\u00e4stid\" \/>\n\t<meta name=\"twitter:data2\" content=\"1 minut\" \/>\n<script type=\"application\/ld+json\" class=\"yoast-schema-graph\">{\"@context\":\"https:\\\/\\\/schema.org\",\"@graph\":[{\"@type\":\"Article\",\"@id\":\"https:\\\/\\\/wp.kristdemokraterna.se\\\/linkoping\\\/vi-ar-igang-med-valplaneringen\\\/#article\",\"isPartOf\":{\"@id\":\"https:\\\/\\\/wp.kristdemokraterna.se\\\/linkoping\\\/vi-ar-igang-med-valplaneringen\\\/\"},\"author\":{\"name\":\"linkoping\",\"@id\":\"https:\\\/\\\/wp.kristdemokraterna.se\\\/linkoping\\\/#\\\/schema\\\/person\\\/b0148c3c8863db76d330faa282b9521a\"},\"headline\":\"Vi \u00e4r ig\u00e5ng med valplaneringen\",\"datePublished\":\"2021-11-28T10:00:13+00:00\",\"dateModified\":\"2021-12-16T10:52:40+00:00\",\"mainEntityOfPage\":{\"@id\":\"https:\\\/\\\/wp.kristdemokraterna.se\\\/linkoping\\\/vi-ar-igang-med-valplaneringen\\\/\"},\"wordCount\":122,\"articleSection\":[\"arkiv\",\"okategoriserade\"],\"inLanguage\":\"sv-SE\"},{\"@type\":\"WebPage\",\"@id\":\"https:\\\/\\\/wp.kristdemokraterna.se\\\/linkoping\\\/vi-ar-igang-med-valplaneringen\\\/\",\"url\":\"https:\\\/\\\/wp.kristdemokraterna.se\\\/linkoping\\\/vi-ar-igang-med-valplaneringen\\\/\",\"name\":\"Vi \u00e4r ig\u00e5ng med valplaneringen - Kristdemokraterna i Link\u00f6ping\",\"isPartOf\":{\"@id\":\"https:\\\/\\\/wp.kristdemokraterna.se\\\/linkoping\\\/#website\"},\"datePublished\":\"2021-11-28T10:00:13+00:00\",\"dateModified\":\"2021-12-16T10:52:40+00:00\",\"author\":{\"@id\":\"https:\\\/\\\/wp.kristdemokraterna.se\\\/linkoping\\\/#\\\/schema\\\/person\\\/b0148c3c8863db76d330faa282b9521a\"},\"breadcrumb\":{\"@id\":\"https:\\\/\\\/wp.kristdemokraterna.se\\\/linkoping\\\/vi-ar-igang-med-valplaneringen\\\/#breadcrumb\"},\"inLanguage\":\"sv-SE\",\"potentialAction\":[{\"@type\":\"ReadAction\",\"target\":[\"https:\\\/\\\/wp.kristdemokraterna.se\\\/linkoping\\\/vi-ar-igang-med-valplaneringen\\\/\"]}]},{\"@type\":\"BreadcrumbList\",\"@id\":\"https:\\\/\\\/wp.kristdemokraterna.se\\\/linkoping\\\/vi-ar-igang-med-valplaneringen\\\/#breadcrumb\",\"itemListElement\":[{\"@type\":\"ListItem\",\"position\":1,\"name\":\"Hem\",\"item\":\"https:\\\/\\\/wp.kristdemokraterna.se\\\/linkoping\\\/\"},{\"@type\":\"ListItem\",\"position\":2,\"name\":\"Vi \u00e4r ig\u00e5ng med valplaneringen\"}]},{\"@type\":\"WebSite\",\"@id\":\"https:\\\/\\\/wp.kristdemokraterna.se\\\/linkoping\\\/#website\",\"url\":\"https:\\\/\\\/wp.kristdemokraterna.se\\\/linkoping\\\/\",\"name\":\"Kristdemokraterna i Link\u00f6ping\",\"description\":\"\",\"inLanguage\":\"sv-SE\"},{\"@type\":\"Person\",\"@id\":\"https:\\\/\\\/wp.kristdemokraterna.se\\\/linkoping\\\/#\\\/schema\\\/person\\\/b0148c3c8863db76d330faa282b9521a\",\"name\":\"linkoping\",\"image\":{\"@type\":\"ImageObject\",\"inLanguage\":\"sv-SE\",\"@id\":\"https:\\\/\\\/secure.gravatar.com\\\/avatar\\\/016e7965fec0e08fdd07b021a7d25181278d4b29b1d5bab57b16017e35421895?s=96&r=g\",\"url\":\"https:\\\/\\\/secure.gravatar.com\\\/avatar\\\/016e7965fec0e08fdd07b021a7d25181278d4b29b1d5bab57b16017e35421895?s=96&r=g\",\"contentUrl\":\"https:\\\/\\\/secure.gravatar.com\\\/avatar\\\/016e7965fec0e08fdd07b021a7d25181278d4b29b1d5bab57b16017e35421895?s=96&r=g\",\"caption\":\"linkoping\"},\"sameAs\":[\"https:\\\/\\\/www.facebook.com\\\/kdlinkoping\\\/\"],\"url\":\"https:\\\/\\\/wp.kristdemokraterna.se\\\/linkoping\\\/author\\\/linkoping\\\/\"}]}<\/script>\n<!-- \/ Yoast SEO plugin. -->","yoast_head_json":{"title":"Vi \u00e4r ig\u00e5ng med valplaneringen - Kristdemokraterna i Link\u00f6ping","robots":{"index":"index","follow":"follow","max-snippet":"max-snippet:-1","max-image-preview":"max-image-preview:large","max-video-preview":"max-video-preview:-1"},"canonical":"https:\/\/wp.kristdemokraterna.se\/linkoping\/vi-ar-igang-med-valplaneringen\/","og_locale":"sv_SE","og_type":"article","og_title":"Vi \u00e4r ig\u00e5ng med valplaneringen - Kristdemokraterna i Link\u00f6ping","og_description":"I september 2022 \u00e4r det val i Sverige. KD gruppen hade ig\u00e5r ett f\u00f6rsta m\u00f6te i Stadshuset d\u00e4r strategi och valprogram diskuterades. V\u00e5rt kommunalr\u00e5d Denis\u00e9 Cassel h\u00f6ll i den inledande dragningen och pekade ut viktiga kristdemokratiska m\u00e5lgrupper. Valprogrammet kommer att antas i maj men det \u00e4r viktigt att vi p\u00e5b\u00f6rjar arbetet redan nu. Under m\u00f6tet Read More","og_url":"https:\/\/wp.kristdemokraterna.se\/linkoping\/vi-ar-igang-med-valplaneringen\/","og_site_name":"Kristdemokraterna i Link\u00f6ping","article_author":"https:\/\/www.facebook.com\/kdlinkoping\/","article_published_time":"2021-11-28T10:00:13+00:00","article_modified_time":"2021-12-16T10:52:40+00:00","author":"linkoping","twitter_card":"summary_large_image","twitter_misc":{"Skriven av":"linkoping","Ber\u00e4knad l\u00e4stid":"1 minut"},"schema":{"@context":"https:\/\/schema.org","@graph":[{"@type":"Article","@id":"https:\/\/wp.kristdemokraterna.se\/linkoping\/vi-ar-igang-med-valplaneringen\/#article","isPartOf":{"@id":"https:\/\/wp.kristdemokraterna.se\/linkoping\/vi-ar-igang-med-valplaneringen\/"},"author":{"name":"linkoping","@id":"https:\/\/wp.kristdemokraterna.se\/linkoping\/#\/schema\/person\/b0148c3c8863db76d330faa282b9521a"},"headline":"Vi \u00e4r ig\u00e5ng med valplaneringen","datePublished":"2021-11-28T10:00:13+00:00","dateModified":"2021-12-16T10:52:40+00:00","mainEntityOfPage":{"@id":"https:\/\/wp.kristdemokraterna.se\/linkoping\/vi-ar-igang-med-valplaneringen\/"},"wordCount":122,"articleSection":["arkiv","okategoriserade"],"inLanguage":"sv-SE"},{"@type":"WebPage","@id":"https:\/\/wp.kristdemokraterna.se\/linkoping\/vi-ar-igang-med-valplaneringen\/","url":"https:\/\/wp.kristdemokraterna.se\/linkoping\/vi-ar-igang-med-valplaneringen\/","name":"Vi \u00e4r ig\u00e5ng med valplaneringen - Kristdemokraterna i Link\u00f6ping","isPartOf":{"@id":"https:\/\/wp.kristdemokraterna.se\/linkoping\/#website"},"datePublished":"2021-11-28T10:00:13+00:00","dateModified":"2021-12-16T10:52:40+00:00","author":{"@id":"https:\/\/wp.kristdemokraterna.se\/linkoping\/#\/schema\/person\/b0148c3c8863db76d330faa282b9521a"},"breadcrumb":{"@id":"https:\/\/wp.kristdemokraterna.se\/linkoping\/vi-ar-igang-med-valplaneringen\/#breadcrumb"},"inLanguage":"sv-SE","potentialAction":[{"@type":"ReadAction","target":["https:\/\/wp.kristdemokraterna.se\/linkoping\/vi-ar-igang-med-valplaneringen\/"]}]},{"@type":"BreadcrumbList","@id":"https:\/\/wp.kristdemokraterna.se\/linkoping\/vi-ar-igang-med-valplaneringen\/#breadcrumb","itemListElement":[{"@type":"ListItem","position":1,"name":"Hem","item":"https:\/\/wp.kristdemokraterna.se\/linkoping\/"},{"@type":"ListItem","position":2,"name":"Vi \u00e4r ig\u00e5ng med valplaneringen"}]},{"@type":"WebSite","@id":"https:\/\/wp.kristdemokraterna.se\/linkoping\/#website","url":"https:\/\/wp.kristdemokraterna.se\/linkoping\/","name":"Kristdemokraterna i Link\u00f6ping","description":"","inLanguage":"sv-SE"},{"@type":"Person","@id":"https:\/\/wp.kristdemokraterna.se\/linkoping\/#\/schema\/person\/b0148c3c8863db76d330faa282b9521a","name":"linkoping","image":{"@type":"ImageObject","inLanguage":"sv-SE","@id":"https:\/\/secure.gravatar.com\/avatar\/016e7965fec0e08fdd07b021a7d25181278d4b29b1d5bab57b16017e35421895?s=96&r=g","url":"https:\/\/secure.gravatar.com\/avatar\/016e7965fec0e08fdd07b021a7d25181278d4b29b1d5bab57b16017e35421895?s=96&r=g","contentUrl":"https:\/\/secure.gravatar.com\/avatar\/016e7965fec0e08fdd07b021a7d25181278d4b29b1d5bab57b16017e35421895?s=96&r=g","caption":"linkoping"},"sameAs":["https:\/\/www.facebook.com\/kdlinkoping\/"],"url":"https:\/\/wp.kristdemokraterna.se\/linkoping\/author\/linkoping\/"}]}},"_links":{"self":[{"href":"https:\/\/wp.kristdemokraterna.se\/linkoping\/wp-json\/wp\/v2\/posts\/2083","targetHints":{"allow":["GET"]}}],"collection":[{"href":"https:\/\/wp.kristdemokraterna.se\/linkoping\/wp-json\/wp\/v2\/posts"}],"about":[{"href":"https:\/\/wp.kristdemokraterna.se\/linkoping\/wp-json\/wp\/v2\/types\/post"}],"author":[{"embeddable":true,"href":"https:\/\/wp.kristdemokraterna.se\/linkoping\/wp-json\/wp\/v2\/users\/410"}],"replies":[{"embeddable":true,"href":"https:\/\/wp.kristdemokraterna.se\/linkoping\/wp-json\/wp\/v2\/comments?post=2083"}],"version-history":[{"count":1,"href":"https:\/\/wp.kristdemokraterna.se\/linkoping\/wp-json\/wp\/v2\/posts\/2083\/revisions"}],"predecessor-version":[{"id":2085,"href":"https:\/\/wp.kristdemokraterna.se\/linkoping\/wp-json\/wp\/v2\/posts\/2083\/revisions\/2085"}],"wp:attachment":[{"href":"https:\/\/wp.kristdemokraterna.se\/linkoping\/wp-json\/wp\/v2\/media?parent=2083"}],"wp:term":[{"taxonomy":"category","embeddable":true,"href":"https:\/\/wp.kristdemokraterna.se\/linkoping\/wp-json\/wp\/v2\/categories?post=2083"},{"taxonomy":"post_tag","embeddable":true,"href":"https:\/\/wp.kristdemokraterna.se\/linkoping\/wp-json\/wp\/v2\/tags?post=2083"}],"curies":[{"name":"wp","href":"https:\/\/api.w.org\/{rel}","templated":true}]}}