{"id":2118,"date":"2022-01-27T13:30:37","date_gmt":"2022-01-27T12:30:37","guid":{"rendered":"https:\/\/wp.kristdemokraterna.se\/linkoping\/?p=2118"},"modified":"2022-02-17T15:21:09","modified_gmt":"2022-02-17T14:21:09","slug":"idag-minns-vi-forintelsens-offer","status":"publish","type":"post","link":"https:\/\/wp.kristdemokraterna.se\/linkoping\/idag-minns-vi-forintelsens-offer\/","title":{"rendered":"Idag minns vi f\u00f6rintelsens offer"},"content":{"rendered":"<p>Den 27 januari 1945 befriades f\u00f6rintelsel\u00e4gret i Auschwitz-Birkenau av trupper ur R\u00f6da Arm\u00e9n. Det \u00e4r grunden till att vi idag minns det som h\u00e4nde f\u00f6r drygt 70 \u00e5r sedan. I dag h\u00f6gtidligh\u00e5ller vi minnet av alla de m\u00e4nniskor som f\u00f6ll offer f\u00f6r en av de mest avskyv\u00e4rda regimerna i v\u00e4rldshistorien. F\u00f6rintelsens minnesdag understryker ocks\u00e5 betydelsen av att k\u00e4mpa f\u00f6r demokratin och m\u00e4nniskov\u00e4rdet, en kamp som m\u00e5ste vinnas varje dag och f\u00f6r varje ny generation.<\/p>\n<p>Flera miljoner m\u00e4nniskor\u00a0m\u00f6rdades i nazisternas f\u00f6rintelse- och koncentrationsl\u00e4ger runt om i Europa. Den st\u00f6rsta gruppen var judar, men ocks\u00e5 kristna polacker, homosexuella\u00ad, motst\u00e5ndsm\u00e4n- och kvinnor, funktionshindrade\u00ad och m\u00e5nga andra. Dessa var m\u00e4nniskor som av nazisterna utsetts som mindre v\u00e4rda. Men det var inte nog, i nazisternas \u00f6gon var de inte v\u00e4rda att leva. Som Sveriges s\u00e4rskilda s\u00e4ndebud i Budapest utf\u00e4rdade Raoul Wallenberg skyddspass och skyddade judar i byggnader som betecknades som svenskt territorium vilket r\u00e4ddade tiotusentals och m\u00f6jligen s\u00e5 m\u00e5nga som hundratusen liv. Tack vare sina insatser under f\u00f6rintelsen har Raoul Wallenberg hedrats med en rad humanit\u00e4ra utm\u00e4rkelser under \u00e5rtiondena efter sin f\u00f6rmodade d\u00f6d.<\/p>\n<p>&#8211; L\u00e5t oss i dag minnas och p\u00e5minnas, vi m\u00e5ste l\u00e4ra av v\u00e5r historia. Det som skedde f\u00f6r drygt 70 \u00e5r sedan i Europa f\u00e5r inte upprepas, det f\u00e5r inte ens vara i n\u00e4rheten av att upprepas. D\u00e4rf\u00f6r \u00e4r det v\u00e5r skyldighet att lyssna till de \u00f6verlevare som finns i dag och f\u00f6ra deras historia vidare, s\u00e4ger Denis\u00e9 Cassel, Kommunalr\u00e5d (KD).<\/p>\n","protected":false},"excerpt":{"rendered":"<p>Den 27 januari 1945 befriades f\u00f6rintelsel\u00e4gret i Auschwitz-Birkenau av trupper ur R\u00f6da Arm\u00e9n. Det \u00e4r grunden till att vi idag minns det som h\u00e4nde f\u00f6r drygt 70 \u00e5r sedan. I dag h\u00f6gtidligh\u00e5ller vi minnet av alla de m\u00e4nniskor som f\u00f6ll offer f\u00f6r en av de mest avskyv\u00e4rda regimerna i v\u00e4rldshistorien. F\u00f6rintelsens minnesdag understryker ocks\u00e5 betydelsen <a class=\"read-more-link\" href=\"https:\/\/wp.kristdemokraterna.se\/linkoping\/idag-minns-vi-forintelsens-offer\/\">Read More<\/a><\/p>\n","protected":false},"author":410,"featured_media":0,"comment_status":"closed","ping_status":"closed","sticky":false,"template":"","format":"standard","meta":{"_acf_changed":false,"footnotes":""},"categories":[22,1],"tags":[],"class_list":["post-2118","post","type-post","status-publish","format-standard","hentry","category-arkiv","category-okategoriserade"],"acf":[],"yoast_head":"<!-- This site is optimized with the Yoast SEO plugin v27.4 - https:\/\/yoast.com\/product\/yoast-seo-wordpress\/ -->\n<title>Idag minns vi f\u00f6rintelsens offer - Kristdemokraterna i Link\u00f6ping<\/title>\n<meta name=\"robots\" content=\"index, follow, max-snippet:-1, max-image-preview:large, max-video-preview:-1\" \/>\n<link rel=\"canonical\" href=\"https:\/\/wp.kristdemokraterna.se\/linkoping\/idag-minns-vi-forintelsens-offer\/\" \/>\n<meta property=\"og:locale\" content=\"sv_SE\" \/>\n<meta property=\"og:type\" content=\"article\" \/>\n<meta property=\"og:title\" content=\"Idag minns vi f\u00f6rintelsens offer - Kristdemokraterna i Link\u00f6ping\" \/>\n<meta property=\"og:description\" content=\"Den 27 januari 1945 befriades f\u00f6rintelsel\u00e4gret i Auschwitz-Birkenau av trupper ur R\u00f6da Arm\u00e9n. Det \u00e4r grunden till att vi idag minns det som h\u00e4nde f\u00f6r drygt 70 \u00e5r sedan. I dag h\u00f6gtidligh\u00e5ller vi minnet av alla de m\u00e4nniskor som f\u00f6ll offer f\u00f6r en av de mest avskyv\u00e4rda regimerna i v\u00e4rldshistorien. F\u00f6rintelsens minnesdag understryker ocks\u00e5 betydelsen Read More\" \/>\n<meta property=\"og:url\" content=\"https:\/\/wp.kristdemokraterna.se\/linkoping\/idag-minns-vi-forintelsens-offer\/\" \/>\n<meta property=\"og:site_name\" content=\"Kristdemokraterna i Link\u00f6ping\" \/>\n<meta property=\"article:author\" content=\"https:\/\/www.facebook.com\/kdlinkoping\/\" \/>\n<meta property=\"article:published_time\" content=\"2022-01-27T12:30:37+00:00\" \/>\n<meta property=\"article:modified_time\" content=\"2022-02-17T14:21:09+00:00\" \/>\n<meta name=\"author\" content=\"linkoping\" \/>\n<meta name=\"twitter:card\" content=\"summary_large_image\" \/>\n<meta name=\"twitter:label1\" content=\"Skriven av\" \/>\n\t<meta name=\"twitter:data1\" content=\"linkoping\" \/>\n\t<meta name=\"twitter:label2\" content=\"Ber\u00e4knad l\u00e4stid\" \/>\n\t<meta name=\"twitter:data2\" content=\"2 minuter\" \/>\n<script type=\"application\/ld+json\" class=\"yoast-schema-graph\">{\"@context\":\"https:\\\/\\\/schema.org\",\"@graph\":[{\"@type\":\"Article\",\"@id\":\"https:\\\/\\\/wp.kristdemokraterna.se\\\/linkoping\\\/idag-minns-vi-forintelsens-offer\\\/#article\",\"isPartOf\":{\"@id\":\"https:\\\/\\\/wp.kristdemokraterna.se\\\/linkoping\\\/idag-minns-vi-forintelsens-offer\\\/\"},\"author\":{\"name\":\"linkoping\",\"@id\":\"https:\\\/\\\/wp.kristdemokraterna.se\\\/linkoping\\\/#\\\/schema\\\/person\\\/b0148c3c8863db76d330faa282b9521a\"},\"headline\":\"Idag minns vi f\u00f6rintelsens offer\",\"datePublished\":\"2022-01-27T12:30:37+00:00\",\"dateModified\":\"2022-02-17T14:21:09+00:00\",\"mainEntityOfPage\":{\"@id\":\"https:\\\/\\\/wp.kristdemokraterna.se\\\/linkoping\\\/idag-minns-vi-forintelsens-offer\\\/\"},\"wordCount\":299,\"articleSection\":[\"arkiv\",\"okategoriserade\"],\"inLanguage\":\"sv-SE\"},{\"@type\":\"WebPage\",\"@id\":\"https:\\\/\\\/wp.kristdemokraterna.se\\\/linkoping\\\/idag-minns-vi-forintelsens-offer\\\/\",\"url\":\"https:\\\/\\\/wp.kristdemokraterna.se\\\/linkoping\\\/idag-minns-vi-forintelsens-offer\\\/\",\"name\":\"Idag minns vi f\u00f6rintelsens offer - Kristdemokraterna i Link\u00f6ping\",\"isPartOf\":{\"@id\":\"https:\\\/\\\/wp.kristdemokraterna.se\\\/linkoping\\\/#website\"},\"datePublished\":\"2022-01-27T12:30:37+00:00\",\"dateModified\":\"2022-02-17T14:21:09+00:00\",\"author\":{\"@id\":\"https:\\\/\\\/wp.kristdemokraterna.se\\\/linkoping\\\/#\\\/schema\\\/person\\\/b0148c3c8863db76d330faa282b9521a\"},\"breadcrumb\":{\"@id\":\"https:\\\/\\\/wp.kristdemokraterna.se\\\/linkoping\\\/idag-minns-vi-forintelsens-offer\\\/#breadcrumb\"},\"inLanguage\":\"sv-SE\",\"potentialAction\":[{\"@type\":\"ReadAction\",\"target\":[\"https:\\\/\\\/wp.kristdemokraterna.se\\\/linkoping\\\/idag-minns-vi-forintelsens-offer\\\/\"]}]},{\"@type\":\"BreadcrumbList\",\"@id\":\"https:\\\/\\\/wp.kristdemokraterna.se\\\/linkoping\\\/idag-minns-vi-forintelsens-offer\\\/#breadcrumb\",\"itemListElement\":[{\"@type\":\"ListItem\",\"position\":1,\"name\":\"Hem\",\"item\":\"https:\\\/\\\/wp.kristdemokraterna.se\\\/linkoping\\\/\"},{\"@type\":\"ListItem\",\"position\":2,\"name\":\"Idag minns vi f\u00f6rintelsens offer\"}]},{\"@type\":\"WebSite\",\"@id\":\"https:\\\/\\\/wp.kristdemokraterna.se\\\/linkoping\\\/#website\",\"url\":\"https:\\\/\\\/wp.kristdemokraterna.se\\\/linkoping\\\/\",\"name\":\"Kristdemokraterna i Link\u00f6ping\",\"description\":\"\",\"inLanguage\":\"sv-SE\"},{\"@type\":\"Person\",\"@id\":\"https:\\\/\\\/wp.kristdemokraterna.se\\\/linkoping\\\/#\\\/schema\\\/person\\\/b0148c3c8863db76d330faa282b9521a\",\"name\":\"linkoping\",\"image\":{\"@type\":\"ImageObject\",\"inLanguage\":\"sv-SE\",\"@id\":\"https:\\\/\\\/secure.gravatar.com\\\/avatar\\\/016e7965fec0e08fdd07b021a7d25181278d4b29b1d5bab57b16017e35421895?s=96&r=g\",\"url\":\"https:\\\/\\\/secure.gravatar.com\\\/avatar\\\/016e7965fec0e08fdd07b021a7d25181278d4b29b1d5bab57b16017e35421895?s=96&r=g\",\"contentUrl\":\"https:\\\/\\\/secure.gravatar.com\\\/avatar\\\/016e7965fec0e08fdd07b021a7d25181278d4b29b1d5bab57b16017e35421895?s=96&r=g\",\"caption\":\"linkoping\"},\"sameAs\":[\"https:\\\/\\\/www.facebook.com\\\/kdlinkoping\\\/\"],\"url\":\"https:\\\/\\\/wp.kristdemokraterna.se\\\/linkoping\\\/author\\\/linkoping\\\/\"}]}<\/script>\n<!-- \/ Yoast SEO plugin. -->","yoast_head_json":{"title":"Idag minns vi f\u00f6rintelsens offer - Kristdemokraterna i Link\u00f6ping","robots":{"index":"index","follow":"follow","max-snippet":"max-snippet:-1","max-image-preview":"max-image-preview:large","max-video-preview":"max-video-preview:-1"},"canonical":"https:\/\/wp.kristdemokraterna.se\/linkoping\/idag-minns-vi-forintelsens-offer\/","og_locale":"sv_SE","og_type":"article","og_title":"Idag minns vi f\u00f6rintelsens offer - Kristdemokraterna i Link\u00f6ping","og_description":"Den 27 januari 1945 befriades f\u00f6rintelsel\u00e4gret i Auschwitz-Birkenau av trupper ur R\u00f6da Arm\u00e9n. Det \u00e4r grunden till att vi idag minns det som h\u00e4nde f\u00f6r drygt 70 \u00e5r sedan. I dag h\u00f6gtidligh\u00e5ller vi minnet av alla de m\u00e4nniskor som f\u00f6ll offer f\u00f6r en av de mest avskyv\u00e4rda regimerna i v\u00e4rldshistorien. F\u00f6rintelsens minnesdag understryker ocks\u00e5 betydelsen Read More","og_url":"https:\/\/wp.kristdemokraterna.se\/linkoping\/idag-minns-vi-forintelsens-offer\/","og_site_name":"Kristdemokraterna i Link\u00f6ping","article_author":"https:\/\/www.facebook.com\/kdlinkoping\/","article_published_time":"2022-01-27T12:30:37+00:00","article_modified_time":"2022-02-17T14:21:09+00:00","author":"linkoping","twitter_card":"summary_large_image","twitter_misc":{"Skriven av":"linkoping","Ber\u00e4knad l\u00e4stid":"2 minuter"},"schema":{"@context":"https:\/\/schema.org","@graph":[{"@type":"Article","@id":"https:\/\/wp.kristdemokraterna.se\/linkoping\/idag-minns-vi-forintelsens-offer\/#article","isPartOf":{"@id":"https:\/\/wp.kristdemokraterna.se\/linkoping\/idag-minns-vi-forintelsens-offer\/"},"author":{"name":"linkoping","@id":"https:\/\/wp.kristdemokraterna.se\/linkoping\/#\/schema\/person\/b0148c3c8863db76d330faa282b9521a"},"headline":"Idag minns vi f\u00f6rintelsens offer","datePublished":"2022-01-27T12:30:37+00:00","dateModified":"2022-02-17T14:21:09+00:00","mainEntityOfPage":{"@id":"https:\/\/wp.kristdemokraterna.se\/linkoping\/idag-minns-vi-forintelsens-offer\/"},"wordCount":299,"articleSection":["arkiv","okategoriserade"],"inLanguage":"sv-SE"},{"@type":"WebPage","@id":"https:\/\/wp.kristdemokraterna.se\/linkoping\/idag-minns-vi-forintelsens-offer\/","url":"https:\/\/wp.kristdemokraterna.se\/linkoping\/idag-minns-vi-forintelsens-offer\/","name":"Idag minns vi f\u00f6rintelsens offer - Kristdemokraterna i Link\u00f6ping","isPartOf":{"@id":"https:\/\/wp.kristdemokraterna.se\/linkoping\/#website"},"datePublished":"2022-01-27T12:30:37+00:00","dateModified":"2022-02-17T14:21:09+00:00","author":{"@id":"https:\/\/wp.kristdemokraterna.se\/linkoping\/#\/schema\/person\/b0148c3c8863db76d330faa282b9521a"},"breadcrumb":{"@id":"https:\/\/wp.kristdemokraterna.se\/linkoping\/idag-minns-vi-forintelsens-offer\/#breadcrumb"},"inLanguage":"sv-SE","potentialAction":[{"@type":"ReadAction","target":["https:\/\/wp.kristdemokraterna.se\/linkoping\/idag-minns-vi-forintelsens-offer\/"]}]},{"@type":"BreadcrumbList","@id":"https:\/\/wp.kristdemokraterna.se\/linkoping\/idag-minns-vi-forintelsens-offer\/#breadcrumb","itemListElement":[{"@type":"ListItem","position":1,"name":"Hem","item":"https:\/\/wp.kristdemokraterna.se\/linkoping\/"},{"@type":"ListItem","position":2,"name":"Idag minns vi f\u00f6rintelsens offer"}]},{"@type":"WebSite","@id":"https:\/\/wp.kristdemokraterna.se\/linkoping\/#website","url":"https:\/\/wp.kristdemokraterna.se\/linkoping\/","name":"Kristdemokraterna i Link\u00f6ping","description":"","inLanguage":"sv-SE"},{"@type":"Person","@id":"https:\/\/wp.kristdemokraterna.se\/linkoping\/#\/schema\/person\/b0148c3c8863db76d330faa282b9521a","name":"linkoping","image":{"@type":"ImageObject","inLanguage":"sv-SE","@id":"https:\/\/secure.gravatar.com\/avatar\/016e7965fec0e08fdd07b021a7d25181278d4b29b1d5bab57b16017e35421895?s=96&r=g","url":"https:\/\/secure.gravatar.com\/avatar\/016e7965fec0e08fdd07b021a7d25181278d4b29b1d5bab57b16017e35421895?s=96&r=g","contentUrl":"https:\/\/secure.gravatar.com\/avatar\/016e7965fec0e08fdd07b021a7d25181278d4b29b1d5bab57b16017e35421895?s=96&r=g","caption":"linkoping"},"sameAs":["https:\/\/www.facebook.com\/kdlinkoping\/"],"url":"https:\/\/wp.kristdemokraterna.se\/linkoping\/author\/linkoping\/"}]}},"_links":{"self":[{"href":"https:\/\/wp.kristdemokraterna.se\/linkoping\/wp-json\/wp\/v2\/posts\/2118","targetHints":{"allow":["GET"]}}],"collection":[{"href":"https:\/\/wp.kristdemokraterna.se\/linkoping\/wp-json\/wp\/v2\/posts"}],"about":[{"href":"https:\/\/wp.kristdemokraterna.se\/linkoping\/wp-json\/wp\/v2\/types\/post"}],"author":[{"embeddable":true,"href":"https:\/\/wp.kristdemokraterna.se\/linkoping\/wp-json\/wp\/v2\/users\/410"}],"replies":[{"embeddable":true,"href":"https:\/\/wp.kristdemokraterna.se\/linkoping\/wp-json\/wp\/v2\/comments?post=2118"}],"version-history":[{"count":1,"href":"https:\/\/wp.kristdemokraterna.se\/linkoping\/wp-json\/wp\/v2\/posts\/2118\/revisions"}],"predecessor-version":[{"id":2120,"href":"https:\/\/wp.kristdemokraterna.se\/linkoping\/wp-json\/wp\/v2\/posts\/2118\/revisions\/2120"}],"wp:attachment":[{"href":"https:\/\/wp.kristdemokraterna.se\/linkoping\/wp-json\/wp\/v2\/media?parent=2118"}],"wp:term":[{"taxonomy":"category","embeddable":true,"href":"https:\/\/wp.kristdemokraterna.se\/linkoping\/wp-json\/wp\/v2\/categories?post=2118"},{"taxonomy":"post_tag","embeddable":true,"href":"https:\/\/wp.kristdemokraterna.se\/linkoping\/wp-json\/wp\/v2\/tags?post=2118"}],"curies":[{"name":"wp","href":"https:\/\/api.w.org\/{rel}","templated":true}]}}