{"id":2163,"date":"2022-02-01T09:22:10","date_gmt":"2022-02-01T08:22:10","guid":{"rendered":"https:\/\/wp.kristdemokraterna.se\/linkoping\/?p=2163"},"modified":"2022-02-17T15:21:01","modified_gmt":"2022-02-17T14:21:01","slug":"ingen-bergtakt-i-skeda","status":"publish","type":"post","link":"https:\/\/wp.kristdemokraterna.se\/linkoping\/ingen-bergtakt-i-skeda\/","title":{"rendered":"Ingen bergt\u00e4kt i Skeda"},"content":{"rendered":"<p>F\u00f6r m\u00e5nga \u00e5r sedan b\u00f6rjade statliga Svevia att se sig om efter en bergt\u00e4kt som kan ers\u00e4tta den nuvarande i Aska, som varit i drift sedan 1998. Valet f\u00f6ll p\u00e5 Skeda. H\u00e4r r\u00e4knar f\u00f6retaget med en \u00e5rsproduktion p\u00e5 upp till 400 000 ton. Bergt\u00e4kten i D\u00f6mestorp, Skeda ber\u00e4knas medf\u00f6ra cirka 175 lastbilstransporter per arbetsdag, men enstaka \u00e5r upp till 300 om dagen. Verksamheten ber\u00e4knas p\u00e5g\u00e5 i 30 \u00e5r.<\/p>\n<p>Nu avsl\u00e5r Mark- och milj\u00f6domstolen Svevias ans\u00f6kan om att f\u00e5 anl\u00e4gga en bergt\u00e4kt i Skeda. Domen som kom f\u00f6rra veckan inneb\u00e4r en stor seger f\u00f6r de boende i Skeda och f\u00f6r f\u00f6reningen Stoppa Skeda bergt\u00e4kt som k\u00e4mpat f\u00f6r att hindra statliga Svevia fr\u00e5n att anl\u00e4gga en t\u00e4kt i D\u00f6mestorp, Skeda s\u00f6der om Link\u00f6ping.<\/p>\n<p>Svevia har st\u00f6tt p\u00e5 h\u00e5rt motst\u00e5nd fr\u00e5n flera h\u00e5ll, bland annat fr\u00e5n L\u00e4nsstyrelsen som velat att Svevia hittar en annan plats f\u00f6r bergt\u00e4kten. \u00c4ven Link\u00f6pings kommun har varit p\u00e5 Skedabornas sida. Domen kan \u00f6verklagas till Mark- och milj\u00f6\u00f6verdomstolen.<\/p>\n<p>Framf\u00f6r allt har det handlat om den h\u00e5rt skyddade st\u00f6rre vattensalamandern som finns i omr\u00e5det. Svevia har \u00e5tagit sig att g\u00f6ra en rad insatser f\u00f6r att s\u00e4kra populationen, men Mark- och milj\u00f6domstolen konstaterar \u00e4nd\u00e5 att man inte ger dispens f\u00f6r artskyddsf\u00f6rordningen betr\u00e4ffande salamandern och avsl\u00e5r ans\u00f6kan om tillst\u00e5nd enligt 9 och 11 kap. milj\u00f6balken.<\/p>\n<p>&#8211; Ett gl\u00e4djande besked f\u00f6r oss alla som k\u00e4mpat mot detta under en s\u00e5 l\u00e5ng tid. Det har varit stunder som k\u00e4nts riktigt tuffa, vi har st\u00e5tt d\u00e4r som David mot Goliat, och idag kan vi gl\u00e4djas \u00e5t att vi klarade det tillsammans, vi vann s\u00e4ger Richard Svenselius, Ledamot i Samh\u00e4llsbyggnadsn\u00e4mnden (KD) och boende i Skeda.<\/p>\n","protected":false},"excerpt":{"rendered":"<p>F\u00f6r m\u00e5nga \u00e5r sedan b\u00f6rjade statliga Svevia att se sig om efter en bergt\u00e4kt som kan ers\u00e4tta den nuvarande i Aska, som varit i drift sedan 1998. Valet f\u00f6ll p\u00e5 Skeda. H\u00e4r r\u00e4knar f\u00f6retaget med en \u00e5rsproduktion p\u00e5 upp till 400 000 ton. Bergt\u00e4kten i D\u00f6mestorp, Skeda ber\u00e4knas medf\u00f6ra cirka 175 lastbilstransporter per arbetsdag, men <a class=\"read-more-link\" href=\"https:\/\/wp.kristdemokraterna.se\/linkoping\/ingen-bergtakt-i-skeda\/\">Read More<\/a><\/p>\n","protected":false},"author":410,"featured_media":0,"comment_status":"closed","ping_status":"closed","sticky":false,"template":"","format":"standard","meta":{"_acf_changed":false,"footnotes":""},"categories":[22,1],"tags":[],"class_list":["post-2163","post","type-post","status-publish","format-standard","hentry","category-arkiv","category-okategoriserade"],"acf":[],"yoast_head":"<!-- This site is optimized with the Yoast SEO plugin v27.4 - https:\/\/yoast.com\/product\/yoast-seo-wordpress\/ -->\n<title>Ingen bergt\u00e4kt i Skeda - Kristdemokraterna i Link\u00f6ping<\/title>\n<meta name=\"robots\" content=\"index, follow, max-snippet:-1, max-image-preview:large, max-video-preview:-1\" \/>\n<link rel=\"canonical\" href=\"https:\/\/wp.kristdemokraterna.se\/linkoping\/ingen-bergtakt-i-skeda\/\" \/>\n<meta property=\"og:locale\" content=\"sv_SE\" \/>\n<meta property=\"og:type\" content=\"article\" \/>\n<meta property=\"og:title\" content=\"Ingen bergt\u00e4kt i Skeda - Kristdemokraterna i Link\u00f6ping\" \/>\n<meta property=\"og:description\" content=\"F\u00f6r m\u00e5nga \u00e5r sedan b\u00f6rjade statliga Svevia att se sig om efter en bergt\u00e4kt som kan ers\u00e4tta den nuvarande i Aska, som varit i drift sedan 1998. Valet f\u00f6ll p\u00e5 Skeda. H\u00e4r r\u00e4knar f\u00f6retaget med en \u00e5rsproduktion p\u00e5 upp till 400 000 ton. Bergt\u00e4kten i D\u00f6mestorp, Skeda ber\u00e4knas medf\u00f6ra cirka 175 lastbilstransporter per arbetsdag, men Read More\" \/>\n<meta property=\"og:url\" content=\"https:\/\/wp.kristdemokraterna.se\/linkoping\/ingen-bergtakt-i-skeda\/\" \/>\n<meta property=\"og:site_name\" content=\"Kristdemokraterna i Link\u00f6ping\" \/>\n<meta property=\"article:author\" content=\"https:\/\/www.facebook.com\/kdlinkoping\/\" \/>\n<meta property=\"article:published_time\" content=\"2022-02-01T08:22:10+00:00\" \/>\n<meta property=\"article:modified_time\" content=\"2022-02-17T14:21:01+00:00\" \/>\n<meta name=\"author\" content=\"linkoping\" \/>\n<meta name=\"twitter:card\" content=\"summary_large_image\" \/>\n<meta name=\"twitter:label1\" content=\"Skriven av\" \/>\n\t<meta name=\"twitter:data1\" content=\"linkoping\" \/>\n\t<meta name=\"twitter:label2\" content=\"Ber\u00e4knad l\u00e4stid\" \/>\n\t<meta name=\"twitter:data2\" content=\"2 minuter\" \/>\n<script type=\"application\/ld+json\" class=\"yoast-schema-graph\">{\"@context\":\"https:\\\/\\\/schema.org\",\"@graph\":[{\"@type\":\"Article\",\"@id\":\"https:\\\/\\\/wp.kristdemokraterna.se\\\/linkoping\\\/ingen-bergtakt-i-skeda\\\/#article\",\"isPartOf\":{\"@id\":\"https:\\\/\\\/wp.kristdemokraterna.se\\\/linkoping\\\/ingen-bergtakt-i-skeda\\\/\"},\"author\":{\"name\":\"linkoping\",\"@id\":\"https:\\\/\\\/wp.kristdemokraterna.se\\\/linkoping\\\/#\\\/schema\\\/person\\\/b0148c3c8863db76d330faa282b9521a\"},\"headline\":\"Ingen bergt\u00e4kt i Skeda\",\"datePublished\":\"2022-02-01T08:22:10+00:00\",\"dateModified\":\"2022-02-17T14:21:01+00:00\",\"mainEntityOfPage\":{\"@id\":\"https:\\\/\\\/wp.kristdemokraterna.se\\\/linkoping\\\/ingen-bergtakt-i-skeda\\\/\"},\"wordCount\":337,\"articleSection\":[\"arkiv\",\"okategoriserade\"],\"inLanguage\":\"sv-SE\"},{\"@type\":\"WebPage\",\"@id\":\"https:\\\/\\\/wp.kristdemokraterna.se\\\/linkoping\\\/ingen-bergtakt-i-skeda\\\/\",\"url\":\"https:\\\/\\\/wp.kristdemokraterna.se\\\/linkoping\\\/ingen-bergtakt-i-skeda\\\/\",\"name\":\"Ingen bergt\u00e4kt i Skeda - Kristdemokraterna i Link\u00f6ping\",\"isPartOf\":{\"@id\":\"https:\\\/\\\/wp.kristdemokraterna.se\\\/linkoping\\\/#website\"},\"datePublished\":\"2022-02-01T08:22:10+00:00\",\"dateModified\":\"2022-02-17T14:21:01+00:00\",\"author\":{\"@id\":\"https:\\\/\\\/wp.kristdemokraterna.se\\\/linkoping\\\/#\\\/schema\\\/person\\\/b0148c3c8863db76d330faa282b9521a\"},\"breadcrumb\":{\"@id\":\"https:\\\/\\\/wp.kristdemokraterna.se\\\/linkoping\\\/ingen-bergtakt-i-skeda\\\/#breadcrumb\"},\"inLanguage\":\"sv-SE\",\"potentialAction\":[{\"@type\":\"ReadAction\",\"target\":[\"https:\\\/\\\/wp.kristdemokraterna.se\\\/linkoping\\\/ingen-bergtakt-i-skeda\\\/\"]}]},{\"@type\":\"BreadcrumbList\",\"@id\":\"https:\\\/\\\/wp.kristdemokraterna.se\\\/linkoping\\\/ingen-bergtakt-i-skeda\\\/#breadcrumb\",\"itemListElement\":[{\"@type\":\"ListItem\",\"position\":1,\"name\":\"Hem\",\"item\":\"https:\\\/\\\/wp.kristdemokraterna.se\\\/linkoping\\\/\"},{\"@type\":\"ListItem\",\"position\":2,\"name\":\"Ingen bergt\u00e4kt i Skeda\"}]},{\"@type\":\"WebSite\",\"@id\":\"https:\\\/\\\/wp.kristdemokraterna.se\\\/linkoping\\\/#website\",\"url\":\"https:\\\/\\\/wp.kristdemokraterna.se\\\/linkoping\\\/\",\"name\":\"Kristdemokraterna i Link\u00f6ping\",\"description\":\"\",\"inLanguage\":\"sv-SE\"},{\"@type\":\"Person\",\"@id\":\"https:\\\/\\\/wp.kristdemokraterna.se\\\/linkoping\\\/#\\\/schema\\\/person\\\/b0148c3c8863db76d330faa282b9521a\",\"name\":\"linkoping\",\"image\":{\"@type\":\"ImageObject\",\"inLanguage\":\"sv-SE\",\"@id\":\"https:\\\/\\\/secure.gravatar.com\\\/avatar\\\/016e7965fec0e08fdd07b021a7d25181278d4b29b1d5bab57b16017e35421895?s=96&r=g\",\"url\":\"https:\\\/\\\/secure.gravatar.com\\\/avatar\\\/016e7965fec0e08fdd07b021a7d25181278d4b29b1d5bab57b16017e35421895?s=96&r=g\",\"contentUrl\":\"https:\\\/\\\/secure.gravatar.com\\\/avatar\\\/016e7965fec0e08fdd07b021a7d25181278d4b29b1d5bab57b16017e35421895?s=96&r=g\",\"caption\":\"linkoping\"},\"sameAs\":[\"https:\\\/\\\/www.facebook.com\\\/kdlinkoping\\\/\"],\"url\":\"https:\\\/\\\/wp.kristdemokraterna.se\\\/linkoping\\\/author\\\/linkoping\\\/\"}]}<\/script>\n<!-- \/ Yoast SEO plugin. -->","yoast_head_json":{"title":"Ingen bergt\u00e4kt i Skeda - Kristdemokraterna i Link\u00f6ping","robots":{"index":"index","follow":"follow","max-snippet":"max-snippet:-1","max-image-preview":"max-image-preview:large","max-video-preview":"max-video-preview:-1"},"canonical":"https:\/\/wp.kristdemokraterna.se\/linkoping\/ingen-bergtakt-i-skeda\/","og_locale":"sv_SE","og_type":"article","og_title":"Ingen bergt\u00e4kt i Skeda - Kristdemokraterna i Link\u00f6ping","og_description":"F\u00f6r m\u00e5nga \u00e5r sedan b\u00f6rjade statliga Svevia att se sig om efter en bergt\u00e4kt som kan ers\u00e4tta den nuvarande i Aska, som varit i drift sedan 1998. Valet f\u00f6ll p\u00e5 Skeda. H\u00e4r r\u00e4knar f\u00f6retaget med en \u00e5rsproduktion p\u00e5 upp till 400 000 ton. Bergt\u00e4kten i D\u00f6mestorp, Skeda ber\u00e4knas medf\u00f6ra cirka 175 lastbilstransporter per arbetsdag, men Read More","og_url":"https:\/\/wp.kristdemokraterna.se\/linkoping\/ingen-bergtakt-i-skeda\/","og_site_name":"Kristdemokraterna i Link\u00f6ping","article_author":"https:\/\/www.facebook.com\/kdlinkoping\/","article_published_time":"2022-02-01T08:22:10+00:00","article_modified_time":"2022-02-17T14:21:01+00:00","author":"linkoping","twitter_card":"summary_large_image","twitter_misc":{"Skriven av":"linkoping","Ber\u00e4knad l\u00e4stid":"2 minuter"},"schema":{"@context":"https:\/\/schema.org","@graph":[{"@type":"Article","@id":"https:\/\/wp.kristdemokraterna.se\/linkoping\/ingen-bergtakt-i-skeda\/#article","isPartOf":{"@id":"https:\/\/wp.kristdemokraterna.se\/linkoping\/ingen-bergtakt-i-skeda\/"},"author":{"name":"linkoping","@id":"https:\/\/wp.kristdemokraterna.se\/linkoping\/#\/schema\/person\/b0148c3c8863db76d330faa282b9521a"},"headline":"Ingen bergt\u00e4kt i Skeda","datePublished":"2022-02-01T08:22:10+00:00","dateModified":"2022-02-17T14:21:01+00:00","mainEntityOfPage":{"@id":"https:\/\/wp.kristdemokraterna.se\/linkoping\/ingen-bergtakt-i-skeda\/"},"wordCount":337,"articleSection":["arkiv","okategoriserade"],"inLanguage":"sv-SE"},{"@type":"WebPage","@id":"https:\/\/wp.kristdemokraterna.se\/linkoping\/ingen-bergtakt-i-skeda\/","url":"https:\/\/wp.kristdemokraterna.se\/linkoping\/ingen-bergtakt-i-skeda\/","name":"Ingen bergt\u00e4kt i Skeda - Kristdemokraterna i Link\u00f6ping","isPartOf":{"@id":"https:\/\/wp.kristdemokraterna.se\/linkoping\/#website"},"datePublished":"2022-02-01T08:22:10+00:00","dateModified":"2022-02-17T14:21:01+00:00","author":{"@id":"https:\/\/wp.kristdemokraterna.se\/linkoping\/#\/schema\/person\/b0148c3c8863db76d330faa282b9521a"},"breadcrumb":{"@id":"https:\/\/wp.kristdemokraterna.se\/linkoping\/ingen-bergtakt-i-skeda\/#breadcrumb"},"inLanguage":"sv-SE","potentialAction":[{"@type":"ReadAction","target":["https:\/\/wp.kristdemokraterna.se\/linkoping\/ingen-bergtakt-i-skeda\/"]}]},{"@type":"BreadcrumbList","@id":"https:\/\/wp.kristdemokraterna.se\/linkoping\/ingen-bergtakt-i-skeda\/#breadcrumb","itemListElement":[{"@type":"ListItem","position":1,"name":"Hem","item":"https:\/\/wp.kristdemokraterna.se\/linkoping\/"},{"@type":"ListItem","position":2,"name":"Ingen bergt\u00e4kt i Skeda"}]},{"@type":"WebSite","@id":"https:\/\/wp.kristdemokraterna.se\/linkoping\/#website","url":"https:\/\/wp.kristdemokraterna.se\/linkoping\/","name":"Kristdemokraterna i Link\u00f6ping","description":"","inLanguage":"sv-SE"},{"@type":"Person","@id":"https:\/\/wp.kristdemokraterna.se\/linkoping\/#\/schema\/person\/b0148c3c8863db76d330faa282b9521a","name":"linkoping","image":{"@type":"ImageObject","inLanguage":"sv-SE","@id":"https:\/\/secure.gravatar.com\/avatar\/016e7965fec0e08fdd07b021a7d25181278d4b29b1d5bab57b16017e35421895?s=96&r=g","url":"https:\/\/secure.gravatar.com\/avatar\/016e7965fec0e08fdd07b021a7d25181278d4b29b1d5bab57b16017e35421895?s=96&r=g","contentUrl":"https:\/\/secure.gravatar.com\/avatar\/016e7965fec0e08fdd07b021a7d25181278d4b29b1d5bab57b16017e35421895?s=96&r=g","caption":"linkoping"},"sameAs":["https:\/\/www.facebook.com\/kdlinkoping\/"],"url":"https:\/\/wp.kristdemokraterna.se\/linkoping\/author\/linkoping\/"}]}},"_links":{"self":[{"href":"https:\/\/wp.kristdemokraterna.se\/linkoping\/wp-json\/wp\/v2\/posts\/2163","targetHints":{"allow":["GET"]}}],"collection":[{"href":"https:\/\/wp.kristdemokraterna.se\/linkoping\/wp-json\/wp\/v2\/posts"}],"about":[{"href":"https:\/\/wp.kristdemokraterna.se\/linkoping\/wp-json\/wp\/v2\/types\/post"}],"author":[{"embeddable":true,"href":"https:\/\/wp.kristdemokraterna.se\/linkoping\/wp-json\/wp\/v2\/users\/410"}],"replies":[{"embeddable":true,"href":"https:\/\/wp.kristdemokraterna.se\/linkoping\/wp-json\/wp\/v2\/comments?post=2163"}],"version-history":[{"count":1,"href":"https:\/\/wp.kristdemokraterna.se\/linkoping\/wp-json\/wp\/v2\/posts\/2163\/revisions"}],"predecessor-version":[{"id":2165,"href":"https:\/\/wp.kristdemokraterna.se\/linkoping\/wp-json\/wp\/v2\/posts\/2163\/revisions\/2165"}],"wp:attachment":[{"href":"https:\/\/wp.kristdemokraterna.se\/linkoping\/wp-json\/wp\/v2\/media?parent=2163"}],"wp:term":[{"taxonomy":"category","embeddable":true,"href":"https:\/\/wp.kristdemokraterna.se\/linkoping\/wp-json\/wp\/v2\/categories?post=2163"},{"taxonomy":"post_tag","embeddable":true,"href":"https:\/\/wp.kristdemokraterna.se\/linkoping\/wp-json\/wp\/v2\/tags?post=2163"}],"curies":[{"name":"wp","href":"https:\/\/api.w.org\/{rel}","templated":true}]}}