{"id":2171,"date":"2022-02-09T13:44:28","date_gmt":"2022-02-09T12:44:28","guid":{"rendered":"https:\/\/wp.kristdemokraterna.se\/linkoping\/?p=2171"},"modified":"2022-02-21T17:44:56","modified_gmt":"2022-02-21T16:44:56","slug":"kd-linkoping-nominerar-denise-cassel-som-sitt-forstanamn","status":"publish","type":"post","link":"https:\/\/wp.kristdemokraterna.se\/linkoping\/kd-linkoping-nominerar-denise-cassel-som-sitt-forstanamn\/","title":{"rendered":"KD Link\u00f6ping nominerar Denis\u00e9 Cassel som sitt f\u00f6rstanamn"},"content":{"rendered":"<p>Kristdemokraterna i Link\u00f6ping har idag presenterat vem som f\u00f6resl\u00e5s toppa den kommunala listan inf\u00f6r valet i september. Nomineringskommitt\u00e9ns ordf\u00f6rande Per Larsson presenterade vid en presstr\u00e4ff i Stadshuset vem kommitt\u00e9n f\u00f6resl\u00e5r som toppnamn p\u00e5 valsedeln till kommunfullm\u00e4ktige i Link\u00f6ping 2022. Som f\u00f6rsta namn p\u00e5 listan f\u00f6resl\u00e5s Denis\u00e9 Cassel, 1:e vice ordf\u00f6rande f\u00f6r kommunstyrelsen och kommunalr\u00e5d (KD).<\/p>\n<p>\u2013 Jag \u00e4r mycket tacksam f\u00f6r f\u00f6rtroendet att f\u00f6resl\u00e5s som f\u00f6rstanamn p\u00e5 valsedeln. Jag k\u00e4nner ett stort st\u00f6d bland medlemmarna och k\u00e4nner tillf\u00f6rsikt inf\u00f6r valdagen. Formellt kommer listan att klubbas p\u00e5 v\u00e5rt \u00e5rsm\u00f6te den 28 februari. Nu g\u00e4ller det att kavla upp \u00e4rmarna och presentera v\u00e5r politik, s\u00e4ger Denis\u00e9 Cassel.<\/p>\n<p>\u2013 Vi i nomineringskommitt\u00e9n \u00e4r glada att idag kunna presentera v\u00e5rt f\u00f6rslag att Denis\u00e9 Cassel toppar kommunvalsedeln. Det finns en stor enighet bland alla f\u00f6rtroendevalda och medlemmar som vi intervjuat under det g\u00e5ngna \u00e5ret att Denis\u00e9 \u00e4r en uppskattad gruppledare och har lyckats v\u00e4l att som kommunalr\u00e5d genomf\u00f6ra och n\u00e5 ut med Kristdemokraternas politik, kommenterar nomineringskommitt\u00e9ns ordf\u00f6rande Per Larsson.<\/p>\n","protected":false},"excerpt":{"rendered":"<p>Kristdemokraterna i Link\u00f6ping har idag presenterat vem som f\u00f6resl\u00e5s toppa den kommunala listan inf\u00f6r valet i september. Nomineringskommitt\u00e9ns ordf\u00f6rande Per Larsson presenterade vid en presstr\u00e4ff i Stadshuset vem kommitt\u00e9n f\u00f6resl\u00e5r som toppnamn p\u00e5 valsedeln till kommunfullm\u00e4ktige i Link\u00f6ping 2022. Som f\u00f6rsta namn p\u00e5 listan f\u00f6resl\u00e5s Denis\u00e9 Cassel, 1:e vice ordf\u00f6rande f\u00f6r kommunstyrelsen och kommunalr\u00e5d (KD). <a class=\"read-more-link\" href=\"https:\/\/wp.kristdemokraterna.se\/linkoping\/kd-linkoping-nominerar-denise-cassel-som-sitt-forstanamn\/\">Read More<\/a><\/p>\n","protected":false},"author":410,"featured_media":0,"comment_status":"closed","ping_status":"closed","sticky":false,"template":"","format":"standard","meta":{"_acf_changed":false,"footnotes":""},"categories":[22,5,8],"tags":[],"class_list":["post-2171","post","type-post","status-publish","format-standard","hentry","category-arkiv","category-pressmeddelanden","category-valprogram"],"acf":[],"yoast_head":"<!-- This site is optimized with the Yoast SEO plugin v27.4 - https:\/\/yoast.com\/product\/yoast-seo-wordpress\/ -->\n<title>KD Link\u00f6ping nominerar Denis\u00e9 Cassel som sitt f\u00f6rstanamn - Kristdemokraterna i Link\u00f6ping<\/title>\n<meta name=\"robots\" content=\"index, follow, max-snippet:-1, max-image-preview:large, max-video-preview:-1\" \/>\n<link rel=\"canonical\" href=\"https:\/\/wp.kristdemokraterna.se\/linkoping\/kd-linkoping-nominerar-denise-cassel-som-sitt-forstanamn\/\" \/>\n<meta property=\"og:locale\" content=\"sv_SE\" \/>\n<meta property=\"og:type\" content=\"article\" \/>\n<meta property=\"og:title\" content=\"KD Link\u00f6ping nominerar Denis\u00e9 Cassel som sitt f\u00f6rstanamn - Kristdemokraterna i Link\u00f6ping\" \/>\n<meta property=\"og:description\" content=\"Kristdemokraterna i Link\u00f6ping har idag presenterat vem som f\u00f6resl\u00e5s toppa den kommunala listan inf\u00f6r valet i september. Nomineringskommitt\u00e9ns ordf\u00f6rande Per Larsson presenterade vid en presstr\u00e4ff i Stadshuset vem kommitt\u00e9n f\u00f6resl\u00e5r som toppnamn p\u00e5 valsedeln till kommunfullm\u00e4ktige i Link\u00f6ping 2022. Som f\u00f6rsta namn p\u00e5 listan f\u00f6resl\u00e5s Denis\u00e9 Cassel, 1:e vice ordf\u00f6rande f\u00f6r kommunstyrelsen och kommunalr\u00e5d (KD). Read More\" \/>\n<meta property=\"og:url\" content=\"https:\/\/wp.kristdemokraterna.se\/linkoping\/kd-linkoping-nominerar-denise-cassel-som-sitt-forstanamn\/\" \/>\n<meta property=\"og:site_name\" content=\"Kristdemokraterna i Link\u00f6ping\" \/>\n<meta property=\"article:author\" content=\"https:\/\/www.facebook.com\/kdlinkoping\/\" \/>\n<meta property=\"article:published_time\" content=\"2022-02-09T12:44:28+00:00\" \/>\n<meta property=\"article:modified_time\" content=\"2022-02-21T16:44:56+00:00\" \/>\n<meta name=\"author\" content=\"linkoping\" \/>\n<meta name=\"twitter:card\" content=\"summary_large_image\" \/>\n<meta name=\"twitter:label1\" content=\"Skriven av\" \/>\n\t<meta name=\"twitter:data1\" content=\"linkoping\" \/>\n\t<meta name=\"twitter:label2\" content=\"Ber\u00e4knad l\u00e4stid\" \/>\n\t<meta name=\"twitter:data2\" content=\"1 minut\" \/>\n<script type=\"application\/ld+json\" class=\"yoast-schema-graph\">{\"@context\":\"https:\\\/\\\/schema.org\",\"@graph\":[{\"@type\":\"Article\",\"@id\":\"https:\\\/\\\/wp.kristdemokraterna.se\\\/linkoping\\\/kd-linkoping-nominerar-denise-cassel-som-sitt-forstanamn\\\/#article\",\"isPartOf\":{\"@id\":\"https:\\\/\\\/wp.kristdemokraterna.se\\\/linkoping\\\/kd-linkoping-nominerar-denise-cassel-som-sitt-forstanamn\\\/\"},\"author\":{\"name\":\"linkoping\",\"@id\":\"https:\\\/\\\/wp.kristdemokraterna.se\\\/linkoping\\\/#\\\/schema\\\/person\\\/b0148c3c8863db76d330faa282b9521a\"},\"headline\":\"KD Link\u00f6ping nominerar Denis\u00e9 Cassel som sitt f\u00f6rstanamn\",\"datePublished\":\"2022-02-09T12:44:28+00:00\",\"dateModified\":\"2022-02-21T16:44:56+00:00\",\"mainEntityOfPage\":{\"@id\":\"https:\\\/\\\/wp.kristdemokraterna.se\\\/linkoping\\\/kd-linkoping-nominerar-denise-cassel-som-sitt-forstanamn\\\/\"},\"wordCount\":213,\"articleSection\":[\"arkiv\",\"pressmeddelanden\",\"valprogram\"],\"inLanguage\":\"sv-SE\"},{\"@type\":\"WebPage\",\"@id\":\"https:\\\/\\\/wp.kristdemokraterna.se\\\/linkoping\\\/kd-linkoping-nominerar-denise-cassel-som-sitt-forstanamn\\\/\",\"url\":\"https:\\\/\\\/wp.kristdemokraterna.se\\\/linkoping\\\/kd-linkoping-nominerar-denise-cassel-som-sitt-forstanamn\\\/\",\"name\":\"KD Link\u00f6ping nominerar Denis\u00e9 Cassel som sitt f\u00f6rstanamn - Kristdemokraterna i Link\u00f6ping\",\"isPartOf\":{\"@id\":\"https:\\\/\\\/wp.kristdemokraterna.se\\\/linkoping\\\/#website\"},\"datePublished\":\"2022-02-09T12:44:28+00:00\",\"dateModified\":\"2022-02-21T16:44:56+00:00\",\"author\":{\"@id\":\"https:\\\/\\\/wp.kristdemokraterna.se\\\/linkoping\\\/#\\\/schema\\\/person\\\/b0148c3c8863db76d330faa282b9521a\"},\"breadcrumb\":{\"@id\":\"https:\\\/\\\/wp.kristdemokraterna.se\\\/linkoping\\\/kd-linkoping-nominerar-denise-cassel-som-sitt-forstanamn\\\/#breadcrumb\"},\"inLanguage\":\"sv-SE\",\"potentialAction\":[{\"@type\":\"ReadAction\",\"target\":[\"https:\\\/\\\/wp.kristdemokraterna.se\\\/linkoping\\\/kd-linkoping-nominerar-denise-cassel-som-sitt-forstanamn\\\/\"]}]},{\"@type\":\"BreadcrumbList\",\"@id\":\"https:\\\/\\\/wp.kristdemokraterna.se\\\/linkoping\\\/kd-linkoping-nominerar-denise-cassel-som-sitt-forstanamn\\\/#breadcrumb\",\"itemListElement\":[{\"@type\":\"ListItem\",\"position\":1,\"name\":\"Hem\",\"item\":\"https:\\\/\\\/wp.kristdemokraterna.se\\\/linkoping\\\/\"},{\"@type\":\"ListItem\",\"position\":2,\"name\":\"KD Link\u00f6ping nominerar Denis\u00e9 Cassel som sitt f\u00f6rstanamn\"}]},{\"@type\":\"WebSite\",\"@id\":\"https:\\\/\\\/wp.kristdemokraterna.se\\\/linkoping\\\/#website\",\"url\":\"https:\\\/\\\/wp.kristdemokraterna.se\\\/linkoping\\\/\",\"name\":\"Kristdemokraterna i Link\u00f6ping\",\"description\":\"\",\"inLanguage\":\"sv-SE\"},{\"@type\":\"Person\",\"@id\":\"https:\\\/\\\/wp.kristdemokraterna.se\\\/linkoping\\\/#\\\/schema\\\/person\\\/b0148c3c8863db76d330faa282b9521a\",\"name\":\"linkoping\",\"image\":{\"@type\":\"ImageObject\",\"inLanguage\":\"sv-SE\",\"@id\":\"https:\\\/\\\/secure.gravatar.com\\\/avatar\\\/016e7965fec0e08fdd07b021a7d25181278d4b29b1d5bab57b16017e35421895?s=96&r=g\",\"url\":\"https:\\\/\\\/secure.gravatar.com\\\/avatar\\\/016e7965fec0e08fdd07b021a7d25181278d4b29b1d5bab57b16017e35421895?s=96&r=g\",\"contentUrl\":\"https:\\\/\\\/secure.gravatar.com\\\/avatar\\\/016e7965fec0e08fdd07b021a7d25181278d4b29b1d5bab57b16017e35421895?s=96&r=g\",\"caption\":\"linkoping\"},\"sameAs\":[\"https:\\\/\\\/www.facebook.com\\\/kdlinkoping\\\/\"],\"url\":\"https:\\\/\\\/wp.kristdemokraterna.se\\\/linkoping\\\/author\\\/linkoping\\\/\"}]}<\/script>\n<!-- \/ Yoast SEO plugin. -->","yoast_head_json":{"title":"KD Link\u00f6ping nominerar Denis\u00e9 Cassel som sitt f\u00f6rstanamn - Kristdemokraterna i Link\u00f6ping","robots":{"index":"index","follow":"follow","max-snippet":"max-snippet:-1","max-image-preview":"max-image-preview:large","max-video-preview":"max-video-preview:-1"},"canonical":"https:\/\/wp.kristdemokraterna.se\/linkoping\/kd-linkoping-nominerar-denise-cassel-som-sitt-forstanamn\/","og_locale":"sv_SE","og_type":"article","og_title":"KD Link\u00f6ping nominerar Denis\u00e9 Cassel som sitt f\u00f6rstanamn - Kristdemokraterna i Link\u00f6ping","og_description":"Kristdemokraterna i Link\u00f6ping har idag presenterat vem som f\u00f6resl\u00e5s toppa den kommunala listan inf\u00f6r valet i september. Nomineringskommitt\u00e9ns ordf\u00f6rande Per Larsson presenterade vid en presstr\u00e4ff i Stadshuset vem kommitt\u00e9n f\u00f6resl\u00e5r som toppnamn p\u00e5 valsedeln till kommunfullm\u00e4ktige i Link\u00f6ping 2022. Som f\u00f6rsta namn p\u00e5 listan f\u00f6resl\u00e5s Denis\u00e9 Cassel, 1:e vice ordf\u00f6rande f\u00f6r kommunstyrelsen och kommunalr\u00e5d (KD). Read More","og_url":"https:\/\/wp.kristdemokraterna.se\/linkoping\/kd-linkoping-nominerar-denise-cassel-som-sitt-forstanamn\/","og_site_name":"Kristdemokraterna i Link\u00f6ping","article_author":"https:\/\/www.facebook.com\/kdlinkoping\/","article_published_time":"2022-02-09T12:44:28+00:00","article_modified_time":"2022-02-21T16:44:56+00:00","author":"linkoping","twitter_card":"summary_large_image","twitter_misc":{"Skriven av":"linkoping","Ber\u00e4knad l\u00e4stid":"1 minut"},"schema":{"@context":"https:\/\/schema.org","@graph":[{"@type":"Article","@id":"https:\/\/wp.kristdemokraterna.se\/linkoping\/kd-linkoping-nominerar-denise-cassel-som-sitt-forstanamn\/#article","isPartOf":{"@id":"https:\/\/wp.kristdemokraterna.se\/linkoping\/kd-linkoping-nominerar-denise-cassel-som-sitt-forstanamn\/"},"author":{"name":"linkoping","@id":"https:\/\/wp.kristdemokraterna.se\/linkoping\/#\/schema\/person\/b0148c3c8863db76d330faa282b9521a"},"headline":"KD Link\u00f6ping nominerar Denis\u00e9 Cassel som sitt f\u00f6rstanamn","datePublished":"2022-02-09T12:44:28+00:00","dateModified":"2022-02-21T16:44:56+00:00","mainEntityOfPage":{"@id":"https:\/\/wp.kristdemokraterna.se\/linkoping\/kd-linkoping-nominerar-denise-cassel-som-sitt-forstanamn\/"},"wordCount":213,"articleSection":["arkiv","pressmeddelanden","valprogram"],"inLanguage":"sv-SE"},{"@type":"WebPage","@id":"https:\/\/wp.kristdemokraterna.se\/linkoping\/kd-linkoping-nominerar-denise-cassel-som-sitt-forstanamn\/","url":"https:\/\/wp.kristdemokraterna.se\/linkoping\/kd-linkoping-nominerar-denise-cassel-som-sitt-forstanamn\/","name":"KD Link\u00f6ping nominerar Denis\u00e9 Cassel som sitt f\u00f6rstanamn - Kristdemokraterna i Link\u00f6ping","isPartOf":{"@id":"https:\/\/wp.kristdemokraterna.se\/linkoping\/#website"},"datePublished":"2022-02-09T12:44:28+00:00","dateModified":"2022-02-21T16:44:56+00:00","author":{"@id":"https:\/\/wp.kristdemokraterna.se\/linkoping\/#\/schema\/person\/b0148c3c8863db76d330faa282b9521a"},"breadcrumb":{"@id":"https:\/\/wp.kristdemokraterna.se\/linkoping\/kd-linkoping-nominerar-denise-cassel-som-sitt-forstanamn\/#breadcrumb"},"inLanguage":"sv-SE","potentialAction":[{"@type":"ReadAction","target":["https:\/\/wp.kristdemokraterna.se\/linkoping\/kd-linkoping-nominerar-denise-cassel-som-sitt-forstanamn\/"]}]},{"@type":"BreadcrumbList","@id":"https:\/\/wp.kristdemokraterna.se\/linkoping\/kd-linkoping-nominerar-denise-cassel-som-sitt-forstanamn\/#breadcrumb","itemListElement":[{"@type":"ListItem","position":1,"name":"Hem","item":"https:\/\/wp.kristdemokraterna.se\/linkoping\/"},{"@type":"ListItem","position":2,"name":"KD Link\u00f6ping nominerar Denis\u00e9 Cassel som sitt f\u00f6rstanamn"}]},{"@type":"WebSite","@id":"https:\/\/wp.kristdemokraterna.se\/linkoping\/#website","url":"https:\/\/wp.kristdemokraterna.se\/linkoping\/","name":"Kristdemokraterna i Link\u00f6ping","description":"","inLanguage":"sv-SE"},{"@type":"Person","@id":"https:\/\/wp.kristdemokraterna.se\/linkoping\/#\/schema\/person\/b0148c3c8863db76d330faa282b9521a","name":"linkoping","image":{"@type":"ImageObject","inLanguage":"sv-SE","@id":"https:\/\/secure.gravatar.com\/avatar\/016e7965fec0e08fdd07b021a7d25181278d4b29b1d5bab57b16017e35421895?s=96&r=g","url":"https:\/\/secure.gravatar.com\/avatar\/016e7965fec0e08fdd07b021a7d25181278d4b29b1d5bab57b16017e35421895?s=96&r=g","contentUrl":"https:\/\/secure.gravatar.com\/avatar\/016e7965fec0e08fdd07b021a7d25181278d4b29b1d5bab57b16017e35421895?s=96&r=g","caption":"linkoping"},"sameAs":["https:\/\/www.facebook.com\/kdlinkoping\/"],"url":"https:\/\/wp.kristdemokraterna.se\/linkoping\/author\/linkoping\/"}]}},"_links":{"self":[{"href":"https:\/\/wp.kristdemokraterna.se\/linkoping\/wp-json\/wp\/v2\/posts\/2171","targetHints":{"allow":["GET"]}}],"collection":[{"href":"https:\/\/wp.kristdemokraterna.se\/linkoping\/wp-json\/wp\/v2\/posts"}],"about":[{"href":"https:\/\/wp.kristdemokraterna.se\/linkoping\/wp-json\/wp\/v2\/types\/post"}],"author":[{"embeddable":true,"href":"https:\/\/wp.kristdemokraterna.se\/linkoping\/wp-json\/wp\/v2\/users\/410"}],"replies":[{"embeddable":true,"href":"https:\/\/wp.kristdemokraterna.se\/linkoping\/wp-json\/wp\/v2\/comments?post=2171"}],"version-history":[{"count":1,"href":"https:\/\/wp.kristdemokraterna.se\/linkoping\/wp-json\/wp\/v2\/posts\/2171\/revisions"}],"predecessor-version":[{"id":2173,"href":"https:\/\/wp.kristdemokraterna.se\/linkoping\/wp-json\/wp\/v2\/posts\/2171\/revisions\/2173"}],"wp:attachment":[{"href":"https:\/\/wp.kristdemokraterna.se\/linkoping\/wp-json\/wp\/v2\/media?parent=2171"}],"wp:term":[{"taxonomy":"category","embeddable":true,"href":"https:\/\/wp.kristdemokraterna.se\/linkoping\/wp-json\/wp\/v2\/categories?post=2171"},{"taxonomy":"post_tag","embeddable":true,"href":"https:\/\/wp.kristdemokraterna.se\/linkoping\/wp-json\/wp\/v2\/tags?post=2171"}],"curies":[{"name":"wp","href":"https:\/\/api.w.org\/{rel}","templated":true}]}}