{"id":2177,"date":"2022-02-17T15:20:35","date_gmt":"2022-02-17T14:20:35","guid":{"rendered":"https:\/\/wp.kristdemokraterna.se\/linkoping\/?p=2177"},"modified":"2022-03-14T16:20:10","modified_gmt":"2022-03-14T15:20:10","slug":"mote-med-biskop-martin-modeus","status":"publish","type":"post","link":"https:\/\/wp.kristdemokraterna.se\/linkoping\/mote-med-biskop-martin-modeus\/","title":{"rendered":"M\u00f6te med biskop Martin Mod\u00e9us"},"content":{"rendered":"<div class=\"kvgmc6g5 cxmmr5t8 oygrvhab hcukyx3x c1et5uql ii04i59q\">\n<div dir=\"auto\">V\u00e5rt kommunalr\u00e5d Denis\u00e9 Cassel (KD) har idag tr\u00e4ffat Link\u00f6pings stifts biskop Martin Mod\u00e9us. Den gemensamma fikan \u00e4gde rum i Stadshuset och en rad aktuella fr\u00e5gor diskuterades under m\u00f6tet.<\/div>\n<\/div>\n<div class=\"cxmmr5t8 oygrvhab hcukyx3x c1et5uql o9v6fnle ii04i59q\">\n<div dir=\"auto\">&#8211; F\u00f6r oss kristdemokrater \u00e4r civilsamh\u00e4llet en viktig del av samh\u00e4llet och d\u00e4r har kyrkan en sj\u00e4lvklar plats. V\u00e5rt parti \u00e4r ju dessutom byggt p\u00e5 kristen m\u00e4nniskosyn och v\u00e4rdegrund. Jag har idag samtalat med biskopen om hur vi tillsammans kan g\u00f6ra Link\u00f6pings kommun \u00e4nnu lite b\u00e4ttre f\u00f6r v\u00e5ra medborgare, avslutar Denis\u00e9 Cassel, kommunalr\u00e5d (KD).<\/div>\n<\/div>\n","protected":false},"excerpt":{"rendered":"<p>V\u00e5rt kommunalr\u00e5d Denis\u00e9 Cassel (KD) har idag tr\u00e4ffat Link\u00f6pings stifts biskop Martin Mod\u00e9us. Den gemensamma fikan \u00e4gde rum i Stadshuset och en rad aktuella fr\u00e5gor diskuterades under m\u00f6tet. &#8211; F\u00f6r oss kristdemokrater \u00e4r civilsamh\u00e4llet en viktig del av samh\u00e4llet och d\u00e4r har kyrkan en sj\u00e4lvklar plats. V\u00e5rt parti \u00e4r ju dessutom byggt p\u00e5 kristen m\u00e4nniskosyn <a class=\"read-more-link\" href=\"https:\/\/wp.kristdemokraterna.se\/linkoping\/mote-med-biskop-martin-modeus\/\">Read More<\/a><\/p>\n","protected":false},"author":410,"featured_media":0,"comment_status":"closed","ping_status":"closed","sticky":false,"template":"","format":"standard","meta":{"_acf_changed":false,"footnotes":""},"categories":[22,1],"tags":[],"class_list":["post-2177","post","type-post","status-publish","format-standard","hentry","category-arkiv","category-okategoriserade"],"acf":[],"yoast_head":"<!-- This site is optimized with the Yoast SEO plugin v27.4 - https:\/\/yoast.com\/product\/yoast-seo-wordpress\/ -->\n<title>M\u00f6te med biskop Martin Mod\u00e9us - Kristdemokraterna i Link\u00f6ping<\/title>\n<meta name=\"robots\" content=\"index, follow, max-snippet:-1, max-image-preview:large, max-video-preview:-1\" \/>\n<link rel=\"canonical\" href=\"https:\/\/wp.kristdemokraterna.se\/linkoping\/mote-med-biskop-martin-modeus\/\" \/>\n<meta property=\"og:locale\" content=\"sv_SE\" \/>\n<meta property=\"og:type\" content=\"article\" \/>\n<meta property=\"og:title\" content=\"M\u00f6te med biskop Martin Mod\u00e9us - Kristdemokraterna i Link\u00f6ping\" \/>\n<meta property=\"og:description\" content=\"V\u00e5rt kommunalr\u00e5d Denis\u00e9 Cassel (KD) har idag tr\u00e4ffat Link\u00f6pings stifts biskop Martin Mod\u00e9us. Den gemensamma fikan \u00e4gde rum i Stadshuset och en rad aktuella fr\u00e5gor diskuterades under m\u00f6tet. &#8211; F\u00f6r oss kristdemokrater \u00e4r civilsamh\u00e4llet en viktig del av samh\u00e4llet och d\u00e4r har kyrkan en sj\u00e4lvklar plats. V\u00e5rt parti \u00e4r ju dessutom byggt p\u00e5 kristen m\u00e4nniskosyn Read More\" \/>\n<meta property=\"og:url\" content=\"https:\/\/wp.kristdemokraterna.se\/linkoping\/mote-med-biskop-martin-modeus\/\" \/>\n<meta property=\"og:site_name\" content=\"Kristdemokraterna i Link\u00f6ping\" \/>\n<meta property=\"article:author\" content=\"https:\/\/www.facebook.com\/kdlinkoping\/\" \/>\n<meta property=\"article:published_time\" content=\"2022-02-17T14:20:35+00:00\" \/>\n<meta property=\"article:modified_time\" content=\"2022-03-14T15:20:10+00:00\" \/>\n<meta name=\"author\" content=\"linkoping\" \/>\n<meta name=\"twitter:card\" content=\"summary_large_image\" \/>\n<meta name=\"twitter:label1\" content=\"Skriven av\" \/>\n\t<meta name=\"twitter:data1\" content=\"linkoping\" \/>\n\t<meta name=\"twitter:label2\" content=\"Ber\u00e4knad l\u00e4stid\" \/>\n\t<meta name=\"twitter:data2\" content=\"1 minut\" \/>\n<script type=\"application\/ld+json\" class=\"yoast-schema-graph\">{\"@context\":\"https:\\\/\\\/schema.org\",\"@graph\":[{\"@type\":\"Article\",\"@id\":\"https:\\\/\\\/wp.kristdemokraterna.se\\\/linkoping\\\/mote-med-biskop-martin-modeus\\\/#article\",\"isPartOf\":{\"@id\":\"https:\\\/\\\/wp.kristdemokraterna.se\\\/linkoping\\\/mote-med-biskop-martin-modeus\\\/\"},\"author\":{\"name\":\"linkoping\",\"@id\":\"https:\\\/\\\/wp.kristdemokraterna.se\\\/linkoping\\\/#\\\/schema\\\/person\\\/b0148c3c8863db76d330faa282b9521a\"},\"headline\":\"M\u00f6te med biskop Martin Mod\u00e9us\",\"datePublished\":\"2022-02-17T14:20:35+00:00\",\"dateModified\":\"2022-03-14T15:20:10+00:00\",\"mainEntityOfPage\":{\"@id\":\"https:\\\/\\\/wp.kristdemokraterna.se\\\/linkoping\\\/mote-med-biskop-martin-modeus\\\/\"},\"wordCount\":110,\"articleSection\":[\"arkiv\",\"okategoriserade\"],\"inLanguage\":\"sv-SE\"},{\"@type\":\"WebPage\",\"@id\":\"https:\\\/\\\/wp.kristdemokraterna.se\\\/linkoping\\\/mote-med-biskop-martin-modeus\\\/\",\"url\":\"https:\\\/\\\/wp.kristdemokraterna.se\\\/linkoping\\\/mote-med-biskop-martin-modeus\\\/\",\"name\":\"M\u00f6te med biskop Martin Mod\u00e9us - Kristdemokraterna i Link\u00f6ping\",\"isPartOf\":{\"@id\":\"https:\\\/\\\/wp.kristdemokraterna.se\\\/linkoping\\\/#website\"},\"datePublished\":\"2022-02-17T14:20:35+00:00\",\"dateModified\":\"2022-03-14T15:20:10+00:00\",\"author\":{\"@id\":\"https:\\\/\\\/wp.kristdemokraterna.se\\\/linkoping\\\/#\\\/schema\\\/person\\\/b0148c3c8863db76d330faa282b9521a\"},\"breadcrumb\":{\"@id\":\"https:\\\/\\\/wp.kristdemokraterna.se\\\/linkoping\\\/mote-med-biskop-martin-modeus\\\/#breadcrumb\"},\"inLanguage\":\"sv-SE\",\"potentialAction\":[{\"@type\":\"ReadAction\",\"target\":[\"https:\\\/\\\/wp.kristdemokraterna.se\\\/linkoping\\\/mote-med-biskop-martin-modeus\\\/\"]}]},{\"@type\":\"BreadcrumbList\",\"@id\":\"https:\\\/\\\/wp.kristdemokraterna.se\\\/linkoping\\\/mote-med-biskop-martin-modeus\\\/#breadcrumb\",\"itemListElement\":[{\"@type\":\"ListItem\",\"position\":1,\"name\":\"Hem\",\"item\":\"https:\\\/\\\/wp.kristdemokraterna.se\\\/linkoping\\\/\"},{\"@type\":\"ListItem\",\"position\":2,\"name\":\"M\u00f6te med biskop Martin Mod\u00e9us\"}]},{\"@type\":\"WebSite\",\"@id\":\"https:\\\/\\\/wp.kristdemokraterna.se\\\/linkoping\\\/#website\",\"url\":\"https:\\\/\\\/wp.kristdemokraterna.se\\\/linkoping\\\/\",\"name\":\"Kristdemokraterna i Link\u00f6ping\",\"description\":\"\",\"inLanguage\":\"sv-SE\"},{\"@type\":\"Person\",\"@id\":\"https:\\\/\\\/wp.kristdemokraterna.se\\\/linkoping\\\/#\\\/schema\\\/person\\\/b0148c3c8863db76d330faa282b9521a\",\"name\":\"linkoping\",\"image\":{\"@type\":\"ImageObject\",\"inLanguage\":\"sv-SE\",\"@id\":\"https:\\\/\\\/secure.gravatar.com\\\/avatar\\\/016e7965fec0e08fdd07b021a7d25181278d4b29b1d5bab57b16017e35421895?s=96&r=g\",\"url\":\"https:\\\/\\\/secure.gravatar.com\\\/avatar\\\/016e7965fec0e08fdd07b021a7d25181278d4b29b1d5bab57b16017e35421895?s=96&r=g\",\"contentUrl\":\"https:\\\/\\\/secure.gravatar.com\\\/avatar\\\/016e7965fec0e08fdd07b021a7d25181278d4b29b1d5bab57b16017e35421895?s=96&r=g\",\"caption\":\"linkoping\"},\"sameAs\":[\"https:\\\/\\\/www.facebook.com\\\/kdlinkoping\\\/\"],\"url\":\"https:\\\/\\\/wp.kristdemokraterna.se\\\/linkoping\\\/author\\\/linkoping\\\/\"}]}<\/script>\n<!-- \/ Yoast SEO plugin. -->","yoast_head_json":{"title":"M\u00f6te med biskop Martin Mod\u00e9us - Kristdemokraterna i Link\u00f6ping","robots":{"index":"index","follow":"follow","max-snippet":"max-snippet:-1","max-image-preview":"max-image-preview:large","max-video-preview":"max-video-preview:-1"},"canonical":"https:\/\/wp.kristdemokraterna.se\/linkoping\/mote-med-biskop-martin-modeus\/","og_locale":"sv_SE","og_type":"article","og_title":"M\u00f6te med biskop Martin Mod\u00e9us - Kristdemokraterna i Link\u00f6ping","og_description":"V\u00e5rt kommunalr\u00e5d Denis\u00e9 Cassel (KD) har idag tr\u00e4ffat Link\u00f6pings stifts biskop Martin Mod\u00e9us. Den gemensamma fikan \u00e4gde rum i Stadshuset och en rad aktuella fr\u00e5gor diskuterades under m\u00f6tet. &#8211; F\u00f6r oss kristdemokrater \u00e4r civilsamh\u00e4llet en viktig del av samh\u00e4llet och d\u00e4r har kyrkan en sj\u00e4lvklar plats. V\u00e5rt parti \u00e4r ju dessutom byggt p\u00e5 kristen m\u00e4nniskosyn Read More","og_url":"https:\/\/wp.kristdemokraterna.se\/linkoping\/mote-med-biskop-martin-modeus\/","og_site_name":"Kristdemokraterna i Link\u00f6ping","article_author":"https:\/\/www.facebook.com\/kdlinkoping\/","article_published_time":"2022-02-17T14:20:35+00:00","article_modified_time":"2022-03-14T15:20:10+00:00","author":"linkoping","twitter_card":"summary_large_image","twitter_misc":{"Skriven av":"linkoping","Ber\u00e4knad l\u00e4stid":"1 minut"},"schema":{"@context":"https:\/\/schema.org","@graph":[{"@type":"Article","@id":"https:\/\/wp.kristdemokraterna.se\/linkoping\/mote-med-biskop-martin-modeus\/#article","isPartOf":{"@id":"https:\/\/wp.kristdemokraterna.se\/linkoping\/mote-med-biskop-martin-modeus\/"},"author":{"name":"linkoping","@id":"https:\/\/wp.kristdemokraterna.se\/linkoping\/#\/schema\/person\/b0148c3c8863db76d330faa282b9521a"},"headline":"M\u00f6te med biskop Martin Mod\u00e9us","datePublished":"2022-02-17T14:20:35+00:00","dateModified":"2022-03-14T15:20:10+00:00","mainEntityOfPage":{"@id":"https:\/\/wp.kristdemokraterna.se\/linkoping\/mote-med-biskop-martin-modeus\/"},"wordCount":110,"articleSection":["arkiv","okategoriserade"],"inLanguage":"sv-SE"},{"@type":"WebPage","@id":"https:\/\/wp.kristdemokraterna.se\/linkoping\/mote-med-biskop-martin-modeus\/","url":"https:\/\/wp.kristdemokraterna.se\/linkoping\/mote-med-biskop-martin-modeus\/","name":"M\u00f6te med biskop Martin Mod\u00e9us - Kristdemokraterna i Link\u00f6ping","isPartOf":{"@id":"https:\/\/wp.kristdemokraterna.se\/linkoping\/#website"},"datePublished":"2022-02-17T14:20:35+00:00","dateModified":"2022-03-14T15:20:10+00:00","author":{"@id":"https:\/\/wp.kristdemokraterna.se\/linkoping\/#\/schema\/person\/b0148c3c8863db76d330faa282b9521a"},"breadcrumb":{"@id":"https:\/\/wp.kristdemokraterna.se\/linkoping\/mote-med-biskop-martin-modeus\/#breadcrumb"},"inLanguage":"sv-SE","potentialAction":[{"@type":"ReadAction","target":["https:\/\/wp.kristdemokraterna.se\/linkoping\/mote-med-biskop-martin-modeus\/"]}]},{"@type":"BreadcrumbList","@id":"https:\/\/wp.kristdemokraterna.se\/linkoping\/mote-med-biskop-martin-modeus\/#breadcrumb","itemListElement":[{"@type":"ListItem","position":1,"name":"Hem","item":"https:\/\/wp.kristdemokraterna.se\/linkoping\/"},{"@type":"ListItem","position":2,"name":"M\u00f6te med biskop Martin Mod\u00e9us"}]},{"@type":"WebSite","@id":"https:\/\/wp.kristdemokraterna.se\/linkoping\/#website","url":"https:\/\/wp.kristdemokraterna.se\/linkoping\/","name":"Kristdemokraterna i Link\u00f6ping","description":"","inLanguage":"sv-SE"},{"@type":"Person","@id":"https:\/\/wp.kristdemokraterna.se\/linkoping\/#\/schema\/person\/b0148c3c8863db76d330faa282b9521a","name":"linkoping","image":{"@type":"ImageObject","inLanguage":"sv-SE","@id":"https:\/\/secure.gravatar.com\/avatar\/016e7965fec0e08fdd07b021a7d25181278d4b29b1d5bab57b16017e35421895?s=96&r=g","url":"https:\/\/secure.gravatar.com\/avatar\/016e7965fec0e08fdd07b021a7d25181278d4b29b1d5bab57b16017e35421895?s=96&r=g","contentUrl":"https:\/\/secure.gravatar.com\/avatar\/016e7965fec0e08fdd07b021a7d25181278d4b29b1d5bab57b16017e35421895?s=96&r=g","caption":"linkoping"},"sameAs":["https:\/\/www.facebook.com\/kdlinkoping\/"],"url":"https:\/\/wp.kristdemokraterna.se\/linkoping\/author\/linkoping\/"}]}},"_links":{"self":[{"href":"https:\/\/wp.kristdemokraterna.se\/linkoping\/wp-json\/wp\/v2\/posts\/2177","targetHints":{"allow":["GET"]}}],"collection":[{"href":"https:\/\/wp.kristdemokraterna.se\/linkoping\/wp-json\/wp\/v2\/posts"}],"about":[{"href":"https:\/\/wp.kristdemokraterna.se\/linkoping\/wp-json\/wp\/v2\/types\/post"}],"author":[{"embeddable":true,"href":"https:\/\/wp.kristdemokraterna.se\/linkoping\/wp-json\/wp\/v2\/users\/410"}],"replies":[{"embeddable":true,"href":"https:\/\/wp.kristdemokraterna.se\/linkoping\/wp-json\/wp\/v2\/comments?post=2177"}],"version-history":[{"count":1,"href":"https:\/\/wp.kristdemokraterna.se\/linkoping\/wp-json\/wp\/v2\/posts\/2177\/revisions"}],"predecessor-version":[{"id":2179,"href":"https:\/\/wp.kristdemokraterna.se\/linkoping\/wp-json\/wp\/v2\/posts\/2177\/revisions\/2179"}],"wp:attachment":[{"href":"https:\/\/wp.kristdemokraterna.se\/linkoping\/wp-json\/wp\/v2\/media?parent=2177"}],"wp:term":[{"taxonomy":"category","embeddable":true,"href":"https:\/\/wp.kristdemokraterna.se\/linkoping\/wp-json\/wp\/v2\/categories?post=2177"},{"taxonomy":"post_tag","embeddable":true,"href":"https:\/\/wp.kristdemokraterna.se\/linkoping\/wp-json\/wp\/v2\/tags?post=2177"}],"curies":[{"name":"wp","href":"https:\/\/api.w.org\/{rel}","templated":true}]}}