{"id":2191,"date":"2022-03-01T11:16:57","date_gmt":"2022-03-01T10:16:57","guid":{"rendered":"https:\/\/wp.kristdemokraterna.se\/linkoping\/?p=2191"},"modified":"2022-03-30T11:20:30","modified_gmt":"2022-03-30T09:20:30","slug":"kd-linkoping-holl-arsmote-i-vallastaden","status":"publish","type":"post","link":"https:\/\/wp.kristdemokraterna.se\/linkoping\/kd-linkoping-holl-arsmote-i-vallastaden\/","title":{"rendered":"KD Link\u00f6ping h\u00f6ll \u00e5rsm\u00f6te i Vallastaden"},"content":{"rendered":"<p>Ig\u00e5r h\u00f6ll Kristdemokraterna i Link\u00f6ping \u00e5rsm\u00f6te i Vallastadens Evenemang &amp; Konferens. Kv\u00e4llen inleddes med kaffe och sm\u00f6rg\u00e5st\u00e5rta och d\u00e4refter talade v\u00e5rt kommunalr\u00e5d\u00a0Denis\u00e9 Cassel\u00a0om utmaningar som vi haft i Link\u00f6ping under det g\u00e5ngna \u00e5ret. Kjell O.Lejon, ledamot i bildningsn\u00e4mnden, h\u00f6ll ett intressant f\u00f6redrag om kristdemokraternas v\u00e4rdegrund ur ett historiskt perspektiv. \u00c4ven regionr\u00e5d Per Larsson h\u00f6ll tal innan listan f\u00f6r h\u00f6stens kommunalvalet fastst\u00e4lldes. Listan toppas av Denis\u00e9 Cassel, f\u00f6ljd av Liselotte Fager och Lars Rox\u00e5. Under kv\u00e4llen blev det \u00e4ven klubbat att Johan H\u00e4ggblom forts\u00e4tter ett \u00e5r som ordf\u00f6rande f\u00f6r partiavdelningen.<\/p>\n","protected":false},"excerpt":{"rendered":"<p>Ig\u00e5r h\u00f6ll Kristdemokraterna i Link\u00f6ping \u00e5rsm\u00f6te i Vallastadens Evenemang &amp; Konferens. Kv\u00e4llen inleddes med kaffe och sm\u00f6rg\u00e5st\u00e5rta och d\u00e4refter talade v\u00e5rt kommunalr\u00e5d\u00a0Denis\u00e9 Cassel\u00a0om utmaningar som vi haft i Link\u00f6ping under det g\u00e5ngna \u00e5ret. Kjell O.Lejon, ledamot i bildningsn\u00e4mnden, h\u00f6ll ett intressant f\u00f6redrag om kristdemokraternas v\u00e4rdegrund ur ett historiskt perspektiv. \u00c4ven regionr\u00e5d Per Larsson h\u00f6ll tal <a class=\"read-more-link\" href=\"https:\/\/wp.kristdemokraterna.se\/linkoping\/kd-linkoping-holl-arsmote-i-vallastaden\/\">Read More<\/a><\/p>\n","protected":false},"author":410,"featured_media":0,"comment_status":"closed","ping_status":"closed","sticky":false,"template":"","format":"standard","meta":{"_acf_changed":false,"footnotes":""},"categories":[22,1,8],"tags":[],"class_list":["post-2191","post","type-post","status-publish","format-standard","hentry","category-arkiv","category-okategoriserade","category-valprogram"],"acf":[],"yoast_head":"<!-- This site is optimized with the Yoast SEO plugin v27.4 - https:\/\/yoast.com\/product\/yoast-seo-wordpress\/ -->\n<title>KD Link\u00f6ping h\u00f6ll \u00e5rsm\u00f6te i Vallastaden - Kristdemokraterna i Link\u00f6ping<\/title>\n<meta name=\"robots\" content=\"index, follow, max-snippet:-1, max-image-preview:large, max-video-preview:-1\" \/>\n<link rel=\"canonical\" href=\"https:\/\/wp.kristdemokraterna.se\/linkoping\/kd-linkoping-holl-arsmote-i-vallastaden\/\" \/>\n<meta property=\"og:locale\" content=\"sv_SE\" \/>\n<meta property=\"og:type\" content=\"article\" \/>\n<meta property=\"og:title\" content=\"KD Link\u00f6ping h\u00f6ll \u00e5rsm\u00f6te i Vallastaden - Kristdemokraterna i Link\u00f6ping\" \/>\n<meta property=\"og:description\" content=\"Ig\u00e5r h\u00f6ll Kristdemokraterna i Link\u00f6ping \u00e5rsm\u00f6te i Vallastadens Evenemang &amp; Konferens. Kv\u00e4llen inleddes med kaffe och sm\u00f6rg\u00e5st\u00e5rta och d\u00e4refter talade v\u00e5rt kommunalr\u00e5d\u00a0Denis\u00e9 Cassel\u00a0om utmaningar som vi haft i Link\u00f6ping under det g\u00e5ngna \u00e5ret. Kjell O.Lejon, ledamot i bildningsn\u00e4mnden, h\u00f6ll ett intressant f\u00f6redrag om kristdemokraternas v\u00e4rdegrund ur ett historiskt perspektiv. \u00c4ven regionr\u00e5d Per Larsson h\u00f6ll tal Read More\" \/>\n<meta property=\"og:url\" content=\"https:\/\/wp.kristdemokraterna.se\/linkoping\/kd-linkoping-holl-arsmote-i-vallastaden\/\" \/>\n<meta property=\"og:site_name\" content=\"Kristdemokraterna i Link\u00f6ping\" \/>\n<meta property=\"article:author\" content=\"https:\/\/www.facebook.com\/kdlinkoping\/\" \/>\n<meta property=\"article:published_time\" content=\"2022-03-01T10:16:57+00:00\" \/>\n<meta property=\"article:modified_time\" content=\"2022-03-30T09:20:30+00:00\" \/>\n<meta name=\"author\" content=\"linkoping\" \/>\n<meta name=\"twitter:card\" content=\"summary_large_image\" \/>\n<meta name=\"twitter:label1\" content=\"Skriven av\" \/>\n\t<meta name=\"twitter:data1\" content=\"linkoping\" \/>\n\t<meta name=\"twitter:label2\" content=\"Ber\u00e4knad l\u00e4stid\" \/>\n\t<meta name=\"twitter:data2\" content=\"1 minut\" \/>\n<script type=\"application\/ld+json\" class=\"yoast-schema-graph\">{\"@context\":\"https:\\\/\\\/schema.org\",\"@graph\":[{\"@type\":\"Article\",\"@id\":\"https:\\\/\\\/wp.kristdemokraterna.se\\\/linkoping\\\/kd-linkoping-holl-arsmote-i-vallastaden\\\/#article\",\"isPartOf\":{\"@id\":\"https:\\\/\\\/wp.kristdemokraterna.se\\\/linkoping\\\/kd-linkoping-holl-arsmote-i-vallastaden\\\/\"},\"author\":{\"name\":\"linkoping\",\"@id\":\"https:\\\/\\\/wp.kristdemokraterna.se\\\/linkoping\\\/#\\\/schema\\\/person\\\/b0148c3c8863db76d330faa282b9521a\"},\"headline\":\"KD Link\u00f6ping h\u00f6ll \u00e5rsm\u00f6te i Vallastaden\",\"datePublished\":\"2022-03-01T10:16:57+00:00\",\"dateModified\":\"2022-03-30T09:20:30+00:00\",\"mainEntityOfPage\":{\"@id\":\"https:\\\/\\\/wp.kristdemokraterna.se\\\/linkoping\\\/kd-linkoping-holl-arsmote-i-vallastaden\\\/\"},\"wordCount\":129,\"articleSection\":[\"arkiv\",\"okategoriserade\",\"valprogram\"],\"inLanguage\":\"sv-SE\"},{\"@type\":\"WebPage\",\"@id\":\"https:\\\/\\\/wp.kristdemokraterna.se\\\/linkoping\\\/kd-linkoping-holl-arsmote-i-vallastaden\\\/\",\"url\":\"https:\\\/\\\/wp.kristdemokraterna.se\\\/linkoping\\\/kd-linkoping-holl-arsmote-i-vallastaden\\\/\",\"name\":\"KD Link\u00f6ping h\u00f6ll \u00e5rsm\u00f6te i Vallastaden - Kristdemokraterna i Link\u00f6ping\",\"isPartOf\":{\"@id\":\"https:\\\/\\\/wp.kristdemokraterna.se\\\/linkoping\\\/#website\"},\"datePublished\":\"2022-03-01T10:16:57+00:00\",\"dateModified\":\"2022-03-30T09:20:30+00:00\",\"author\":{\"@id\":\"https:\\\/\\\/wp.kristdemokraterna.se\\\/linkoping\\\/#\\\/schema\\\/person\\\/b0148c3c8863db76d330faa282b9521a\"},\"breadcrumb\":{\"@id\":\"https:\\\/\\\/wp.kristdemokraterna.se\\\/linkoping\\\/kd-linkoping-holl-arsmote-i-vallastaden\\\/#breadcrumb\"},\"inLanguage\":\"sv-SE\",\"potentialAction\":[{\"@type\":\"ReadAction\",\"target\":[\"https:\\\/\\\/wp.kristdemokraterna.se\\\/linkoping\\\/kd-linkoping-holl-arsmote-i-vallastaden\\\/\"]}]},{\"@type\":\"BreadcrumbList\",\"@id\":\"https:\\\/\\\/wp.kristdemokraterna.se\\\/linkoping\\\/kd-linkoping-holl-arsmote-i-vallastaden\\\/#breadcrumb\",\"itemListElement\":[{\"@type\":\"ListItem\",\"position\":1,\"name\":\"Hem\",\"item\":\"https:\\\/\\\/wp.kristdemokraterna.se\\\/linkoping\\\/\"},{\"@type\":\"ListItem\",\"position\":2,\"name\":\"KD Link\u00f6ping h\u00f6ll \u00e5rsm\u00f6te i Vallastaden\"}]},{\"@type\":\"WebSite\",\"@id\":\"https:\\\/\\\/wp.kristdemokraterna.se\\\/linkoping\\\/#website\",\"url\":\"https:\\\/\\\/wp.kristdemokraterna.se\\\/linkoping\\\/\",\"name\":\"Kristdemokraterna i Link\u00f6ping\",\"description\":\"\",\"inLanguage\":\"sv-SE\"},{\"@type\":\"Person\",\"@id\":\"https:\\\/\\\/wp.kristdemokraterna.se\\\/linkoping\\\/#\\\/schema\\\/person\\\/b0148c3c8863db76d330faa282b9521a\",\"name\":\"linkoping\",\"image\":{\"@type\":\"ImageObject\",\"inLanguage\":\"sv-SE\",\"@id\":\"https:\\\/\\\/secure.gravatar.com\\\/avatar\\\/016e7965fec0e08fdd07b021a7d25181278d4b29b1d5bab57b16017e35421895?s=96&r=g\",\"url\":\"https:\\\/\\\/secure.gravatar.com\\\/avatar\\\/016e7965fec0e08fdd07b021a7d25181278d4b29b1d5bab57b16017e35421895?s=96&r=g\",\"contentUrl\":\"https:\\\/\\\/secure.gravatar.com\\\/avatar\\\/016e7965fec0e08fdd07b021a7d25181278d4b29b1d5bab57b16017e35421895?s=96&r=g\",\"caption\":\"linkoping\"},\"sameAs\":[\"https:\\\/\\\/www.facebook.com\\\/kdlinkoping\\\/\"],\"url\":\"https:\\\/\\\/wp.kristdemokraterna.se\\\/linkoping\\\/author\\\/linkoping\\\/\"}]}<\/script>\n<!-- \/ Yoast SEO plugin. -->","yoast_head_json":{"title":"KD Link\u00f6ping h\u00f6ll \u00e5rsm\u00f6te i Vallastaden - Kristdemokraterna i Link\u00f6ping","robots":{"index":"index","follow":"follow","max-snippet":"max-snippet:-1","max-image-preview":"max-image-preview:large","max-video-preview":"max-video-preview:-1"},"canonical":"https:\/\/wp.kristdemokraterna.se\/linkoping\/kd-linkoping-holl-arsmote-i-vallastaden\/","og_locale":"sv_SE","og_type":"article","og_title":"KD Link\u00f6ping h\u00f6ll \u00e5rsm\u00f6te i Vallastaden - Kristdemokraterna i Link\u00f6ping","og_description":"Ig\u00e5r h\u00f6ll Kristdemokraterna i Link\u00f6ping \u00e5rsm\u00f6te i Vallastadens Evenemang &amp; Konferens. Kv\u00e4llen inleddes med kaffe och sm\u00f6rg\u00e5st\u00e5rta och d\u00e4refter talade v\u00e5rt kommunalr\u00e5d\u00a0Denis\u00e9 Cassel\u00a0om utmaningar som vi haft i Link\u00f6ping under det g\u00e5ngna \u00e5ret. Kjell O.Lejon, ledamot i bildningsn\u00e4mnden, h\u00f6ll ett intressant f\u00f6redrag om kristdemokraternas v\u00e4rdegrund ur ett historiskt perspektiv. \u00c4ven regionr\u00e5d Per Larsson h\u00f6ll tal Read More","og_url":"https:\/\/wp.kristdemokraterna.se\/linkoping\/kd-linkoping-holl-arsmote-i-vallastaden\/","og_site_name":"Kristdemokraterna i Link\u00f6ping","article_author":"https:\/\/www.facebook.com\/kdlinkoping\/","article_published_time":"2022-03-01T10:16:57+00:00","article_modified_time":"2022-03-30T09:20:30+00:00","author":"linkoping","twitter_card":"summary_large_image","twitter_misc":{"Skriven av":"linkoping","Ber\u00e4knad l\u00e4stid":"1 minut"},"schema":{"@context":"https:\/\/schema.org","@graph":[{"@type":"Article","@id":"https:\/\/wp.kristdemokraterna.se\/linkoping\/kd-linkoping-holl-arsmote-i-vallastaden\/#article","isPartOf":{"@id":"https:\/\/wp.kristdemokraterna.se\/linkoping\/kd-linkoping-holl-arsmote-i-vallastaden\/"},"author":{"name":"linkoping","@id":"https:\/\/wp.kristdemokraterna.se\/linkoping\/#\/schema\/person\/b0148c3c8863db76d330faa282b9521a"},"headline":"KD Link\u00f6ping h\u00f6ll \u00e5rsm\u00f6te i Vallastaden","datePublished":"2022-03-01T10:16:57+00:00","dateModified":"2022-03-30T09:20:30+00:00","mainEntityOfPage":{"@id":"https:\/\/wp.kristdemokraterna.se\/linkoping\/kd-linkoping-holl-arsmote-i-vallastaden\/"},"wordCount":129,"articleSection":["arkiv","okategoriserade","valprogram"],"inLanguage":"sv-SE"},{"@type":"WebPage","@id":"https:\/\/wp.kristdemokraterna.se\/linkoping\/kd-linkoping-holl-arsmote-i-vallastaden\/","url":"https:\/\/wp.kristdemokraterna.se\/linkoping\/kd-linkoping-holl-arsmote-i-vallastaden\/","name":"KD Link\u00f6ping h\u00f6ll \u00e5rsm\u00f6te i Vallastaden - Kristdemokraterna i Link\u00f6ping","isPartOf":{"@id":"https:\/\/wp.kristdemokraterna.se\/linkoping\/#website"},"datePublished":"2022-03-01T10:16:57+00:00","dateModified":"2022-03-30T09:20:30+00:00","author":{"@id":"https:\/\/wp.kristdemokraterna.se\/linkoping\/#\/schema\/person\/b0148c3c8863db76d330faa282b9521a"},"breadcrumb":{"@id":"https:\/\/wp.kristdemokraterna.se\/linkoping\/kd-linkoping-holl-arsmote-i-vallastaden\/#breadcrumb"},"inLanguage":"sv-SE","potentialAction":[{"@type":"ReadAction","target":["https:\/\/wp.kristdemokraterna.se\/linkoping\/kd-linkoping-holl-arsmote-i-vallastaden\/"]}]},{"@type":"BreadcrumbList","@id":"https:\/\/wp.kristdemokraterna.se\/linkoping\/kd-linkoping-holl-arsmote-i-vallastaden\/#breadcrumb","itemListElement":[{"@type":"ListItem","position":1,"name":"Hem","item":"https:\/\/wp.kristdemokraterna.se\/linkoping\/"},{"@type":"ListItem","position":2,"name":"KD Link\u00f6ping h\u00f6ll \u00e5rsm\u00f6te i Vallastaden"}]},{"@type":"WebSite","@id":"https:\/\/wp.kristdemokraterna.se\/linkoping\/#website","url":"https:\/\/wp.kristdemokraterna.se\/linkoping\/","name":"Kristdemokraterna i Link\u00f6ping","description":"","inLanguage":"sv-SE"},{"@type":"Person","@id":"https:\/\/wp.kristdemokraterna.se\/linkoping\/#\/schema\/person\/b0148c3c8863db76d330faa282b9521a","name":"linkoping","image":{"@type":"ImageObject","inLanguage":"sv-SE","@id":"https:\/\/secure.gravatar.com\/avatar\/016e7965fec0e08fdd07b021a7d25181278d4b29b1d5bab57b16017e35421895?s=96&r=g","url":"https:\/\/secure.gravatar.com\/avatar\/016e7965fec0e08fdd07b021a7d25181278d4b29b1d5bab57b16017e35421895?s=96&r=g","contentUrl":"https:\/\/secure.gravatar.com\/avatar\/016e7965fec0e08fdd07b021a7d25181278d4b29b1d5bab57b16017e35421895?s=96&r=g","caption":"linkoping"},"sameAs":["https:\/\/www.facebook.com\/kdlinkoping\/"],"url":"https:\/\/wp.kristdemokraterna.se\/linkoping\/author\/linkoping\/"}]}},"_links":{"self":[{"href":"https:\/\/wp.kristdemokraterna.se\/linkoping\/wp-json\/wp\/v2\/posts\/2191","targetHints":{"allow":["GET"]}}],"collection":[{"href":"https:\/\/wp.kristdemokraterna.se\/linkoping\/wp-json\/wp\/v2\/posts"}],"about":[{"href":"https:\/\/wp.kristdemokraterna.se\/linkoping\/wp-json\/wp\/v2\/types\/post"}],"author":[{"embeddable":true,"href":"https:\/\/wp.kristdemokraterna.se\/linkoping\/wp-json\/wp\/v2\/users\/410"}],"replies":[{"embeddable":true,"href":"https:\/\/wp.kristdemokraterna.se\/linkoping\/wp-json\/wp\/v2\/comments?post=2191"}],"version-history":[{"count":1,"href":"https:\/\/wp.kristdemokraterna.se\/linkoping\/wp-json\/wp\/v2\/posts\/2191\/revisions"}],"predecessor-version":[{"id":2193,"href":"https:\/\/wp.kristdemokraterna.se\/linkoping\/wp-json\/wp\/v2\/posts\/2191\/revisions\/2193"}],"wp:attachment":[{"href":"https:\/\/wp.kristdemokraterna.se\/linkoping\/wp-json\/wp\/v2\/media?parent=2191"}],"wp:term":[{"taxonomy":"category","embeddable":true,"href":"https:\/\/wp.kristdemokraterna.se\/linkoping\/wp-json\/wp\/v2\/categories?post=2191"},{"taxonomy":"post_tag","embeddable":true,"href":"https:\/\/wp.kristdemokraterna.se\/linkoping\/wp-json\/wp\/v2\/tags?post=2191"}],"curies":[{"name":"wp","href":"https:\/\/api.w.org\/{rel}","templated":true}]}}