{"id":2194,"date":"2022-03-14T16:19:46","date_gmt":"2022-03-14T15:19:46","guid":{"rendered":"https:\/\/wp.kristdemokraterna.se\/linkoping\/?p=2194"},"modified":"2022-04-20T10:42:56","modified_gmt":"2022-04-20T08:42:56","slug":"manifestation-till-stod-for-ukraina","status":"publish","type":"post","link":"https:\/\/wp.kristdemokraterna.se\/linkoping\/manifestation-till-stod-for-ukraina\/","title":{"rendered":"Manifestation till st\u00f6d f\u00f6r Ukraina"},"content":{"rendered":"<div class=\"kvgmc6g5 cxmmr5t8 oygrvhab hcukyx3x c1et5uql ii04i59q\">\n<div dir=\"auto\">En del av Stora torget i Link\u00f6ping fylldes under m\u00e5ndagen av demonstranter till st\u00f6d f\u00f6r Ukraina. M\u00e5nga bar bl\u00e5gula plakat och flaggor. Olika personer turades om om att h\u00e5lla tal och ber\u00e4tta om sina k\u00e4nslor inf\u00f6r kriget i Ukraina. Borgm\u00e4staren Lars Vikinge och biskop Martin Mod\u00e9us var n\u00e5gra av talarna. \u00c4ven kommunens politiker visade en enad front till st\u00f6d f\u00f6r Ukraina.<\/div>\n<\/div>\n<div class=\"cxmmr5t8 oygrvhab hcukyx3x c1et5uql o9v6fnle ii04i59q\">\n<div dir=\"auto\">\u2013 Det \u00e4r fruktansv\u00e4rt och helt obegripligt. Jag \u00e4r s\u00e5 ledsen att det h\u00e4r h\u00e4nder. Vi m\u00e5ste st\u00e5 upp f\u00f6r det ukrainska folket som har det sv\u00e5rt just nu och d\u00e4rf\u00f6r deltar jag i den h\u00e4r manifestationen idag, sa Denis\u00e9 Cassel, kommunalr\u00e5d (KD) flankerad av Martin Zetterlund, regionpolitiker (KD) och Per Larsson, regionr\u00e5d (KD).<\/div>\n<\/div>\n","protected":false},"excerpt":{"rendered":"<p>En del av Stora torget i Link\u00f6ping fylldes under m\u00e5ndagen av demonstranter till st\u00f6d f\u00f6r Ukraina. M\u00e5nga bar bl\u00e5gula plakat och flaggor. Olika personer turades om om att h\u00e5lla tal och ber\u00e4tta om sina k\u00e4nslor inf\u00f6r kriget i Ukraina. Borgm\u00e4staren Lars Vikinge och biskop Martin Mod\u00e9us var n\u00e5gra av talarna. \u00c4ven kommunens politiker visade en <a class=\"read-more-link\" href=\"https:\/\/wp.kristdemokraterna.se\/linkoping\/manifestation-till-stod-for-ukraina\/\">Read More<\/a><\/p>\n","protected":false},"author":410,"featured_media":0,"comment_status":"closed","ping_status":"closed","sticky":false,"template":"","format":"standard","meta":{"_acf_changed":false,"footnotes":""},"categories":[22,1],"tags":[],"class_list":["post-2194","post","type-post","status-publish","format-standard","hentry","category-arkiv","category-okategoriserade"],"acf":[],"yoast_head":"<!-- This site is optimized with the Yoast SEO plugin v27.4 - https:\/\/yoast.com\/product\/yoast-seo-wordpress\/ -->\n<title>Manifestation till st\u00f6d f\u00f6r Ukraina - Kristdemokraterna i Link\u00f6ping<\/title>\n<meta name=\"robots\" content=\"index, follow, max-snippet:-1, max-image-preview:large, max-video-preview:-1\" \/>\n<link rel=\"canonical\" href=\"https:\/\/wp.kristdemokraterna.se\/linkoping\/manifestation-till-stod-for-ukraina\/\" \/>\n<meta property=\"og:locale\" content=\"sv_SE\" \/>\n<meta property=\"og:type\" content=\"article\" \/>\n<meta property=\"og:title\" content=\"Manifestation till st\u00f6d f\u00f6r Ukraina - Kristdemokraterna i Link\u00f6ping\" \/>\n<meta property=\"og:description\" content=\"En del av Stora torget i Link\u00f6ping fylldes under m\u00e5ndagen av demonstranter till st\u00f6d f\u00f6r Ukraina. M\u00e5nga bar bl\u00e5gula plakat och flaggor. Olika personer turades om om att h\u00e5lla tal och ber\u00e4tta om sina k\u00e4nslor inf\u00f6r kriget i Ukraina. Borgm\u00e4staren Lars Vikinge och biskop Martin Mod\u00e9us var n\u00e5gra av talarna. \u00c4ven kommunens politiker visade en Read More\" \/>\n<meta property=\"og:url\" content=\"https:\/\/wp.kristdemokraterna.se\/linkoping\/manifestation-till-stod-for-ukraina\/\" \/>\n<meta property=\"og:site_name\" content=\"Kristdemokraterna i Link\u00f6ping\" \/>\n<meta property=\"article:author\" content=\"https:\/\/www.facebook.com\/kdlinkoping\/\" \/>\n<meta property=\"article:published_time\" content=\"2022-03-14T15:19:46+00:00\" \/>\n<meta property=\"article:modified_time\" content=\"2022-04-20T08:42:56+00:00\" \/>\n<meta name=\"author\" content=\"linkoping\" \/>\n<meta name=\"twitter:card\" content=\"summary_large_image\" \/>\n<meta name=\"twitter:label1\" content=\"Skriven av\" \/>\n\t<meta name=\"twitter:data1\" content=\"linkoping\" \/>\n\t<meta name=\"twitter:label2\" content=\"Ber\u00e4knad l\u00e4stid\" \/>\n\t<meta name=\"twitter:data2\" content=\"1 minut\" \/>\n<script type=\"application\/ld+json\" class=\"yoast-schema-graph\">{\"@context\":\"https:\\\/\\\/schema.org\",\"@graph\":[{\"@type\":\"Article\",\"@id\":\"https:\\\/\\\/wp.kristdemokraterna.se\\\/linkoping\\\/manifestation-till-stod-for-ukraina\\\/#article\",\"isPartOf\":{\"@id\":\"https:\\\/\\\/wp.kristdemokraterna.se\\\/linkoping\\\/manifestation-till-stod-for-ukraina\\\/\"},\"author\":{\"name\":\"linkoping\",\"@id\":\"https:\\\/\\\/wp.kristdemokraterna.se\\\/linkoping\\\/#\\\/schema\\\/person\\\/b0148c3c8863db76d330faa282b9521a\"},\"headline\":\"Manifestation till st\u00f6d f\u00f6r Ukraina\",\"datePublished\":\"2022-03-14T15:19:46+00:00\",\"dateModified\":\"2022-04-20T08:42:56+00:00\",\"mainEntityOfPage\":{\"@id\":\"https:\\\/\\\/wp.kristdemokraterna.se\\\/linkoping\\\/manifestation-till-stod-for-ukraina\\\/\"},\"wordCount\":147,\"articleSection\":[\"arkiv\",\"okategoriserade\"],\"inLanguage\":\"sv-SE\"},{\"@type\":\"WebPage\",\"@id\":\"https:\\\/\\\/wp.kristdemokraterna.se\\\/linkoping\\\/manifestation-till-stod-for-ukraina\\\/\",\"url\":\"https:\\\/\\\/wp.kristdemokraterna.se\\\/linkoping\\\/manifestation-till-stod-for-ukraina\\\/\",\"name\":\"Manifestation till st\u00f6d f\u00f6r Ukraina - Kristdemokraterna i Link\u00f6ping\",\"isPartOf\":{\"@id\":\"https:\\\/\\\/wp.kristdemokraterna.se\\\/linkoping\\\/#website\"},\"datePublished\":\"2022-03-14T15:19:46+00:00\",\"dateModified\":\"2022-04-20T08:42:56+00:00\",\"author\":{\"@id\":\"https:\\\/\\\/wp.kristdemokraterna.se\\\/linkoping\\\/#\\\/schema\\\/person\\\/b0148c3c8863db76d330faa282b9521a\"},\"breadcrumb\":{\"@id\":\"https:\\\/\\\/wp.kristdemokraterna.se\\\/linkoping\\\/manifestation-till-stod-for-ukraina\\\/#breadcrumb\"},\"inLanguage\":\"sv-SE\",\"potentialAction\":[{\"@type\":\"ReadAction\",\"target\":[\"https:\\\/\\\/wp.kristdemokraterna.se\\\/linkoping\\\/manifestation-till-stod-for-ukraina\\\/\"]}]},{\"@type\":\"BreadcrumbList\",\"@id\":\"https:\\\/\\\/wp.kristdemokraterna.se\\\/linkoping\\\/manifestation-till-stod-for-ukraina\\\/#breadcrumb\",\"itemListElement\":[{\"@type\":\"ListItem\",\"position\":1,\"name\":\"Hem\",\"item\":\"https:\\\/\\\/wp.kristdemokraterna.se\\\/linkoping\\\/\"},{\"@type\":\"ListItem\",\"position\":2,\"name\":\"Manifestation till st\u00f6d f\u00f6r Ukraina\"}]},{\"@type\":\"WebSite\",\"@id\":\"https:\\\/\\\/wp.kristdemokraterna.se\\\/linkoping\\\/#website\",\"url\":\"https:\\\/\\\/wp.kristdemokraterna.se\\\/linkoping\\\/\",\"name\":\"Kristdemokraterna i Link\u00f6ping\",\"description\":\"\",\"inLanguage\":\"sv-SE\"},{\"@type\":\"Person\",\"@id\":\"https:\\\/\\\/wp.kristdemokraterna.se\\\/linkoping\\\/#\\\/schema\\\/person\\\/b0148c3c8863db76d330faa282b9521a\",\"name\":\"linkoping\",\"image\":{\"@type\":\"ImageObject\",\"inLanguage\":\"sv-SE\",\"@id\":\"https:\\\/\\\/secure.gravatar.com\\\/avatar\\\/016e7965fec0e08fdd07b021a7d25181278d4b29b1d5bab57b16017e35421895?s=96&r=g\",\"url\":\"https:\\\/\\\/secure.gravatar.com\\\/avatar\\\/016e7965fec0e08fdd07b021a7d25181278d4b29b1d5bab57b16017e35421895?s=96&r=g\",\"contentUrl\":\"https:\\\/\\\/secure.gravatar.com\\\/avatar\\\/016e7965fec0e08fdd07b021a7d25181278d4b29b1d5bab57b16017e35421895?s=96&r=g\",\"caption\":\"linkoping\"},\"sameAs\":[\"https:\\\/\\\/www.facebook.com\\\/kdlinkoping\\\/\"],\"url\":\"https:\\\/\\\/wp.kristdemokraterna.se\\\/linkoping\\\/author\\\/linkoping\\\/\"}]}<\/script>\n<!-- \/ Yoast SEO plugin. -->","yoast_head_json":{"title":"Manifestation till st\u00f6d f\u00f6r Ukraina - Kristdemokraterna i Link\u00f6ping","robots":{"index":"index","follow":"follow","max-snippet":"max-snippet:-1","max-image-preview":"max-image-preview:large","max-video-preview":"max-video-preview:-1"},"canonical":"https:\/\/wp.kristdemokraterna.se\/linkoping\/manifestation-till-stod-for-ukraina\/","og_locale":"sv_SE","og_type":"article","og_title":"Manifestation till st\u00f6d f\u00f6r Ukraina - Kristdemokraterna i Link\u00f6ping","og_description":"En del av Stora torget i Link\u00f6ping fylldes under m\u00e5ndagen av demonstranter till st\u00f6d f\u00f6r Ukraina. M\u00e5nga bar bl\u00e5gula plakat och flaggor. Olika personer turades om om att h\u00e5lla tal och ber\u00e4tta om sina k\u00e4nslor inf\u00f6r kriget i Ukraina. Borgm\u00e4staren Lars Vikinge och biskop Martin Mod\u00e9us var n\u00e5gra av talarna. \u00c4ven kommunens politiker visade en Read More","og_url":"https:\/\/wp.kristdemokraterna.se\/linkoping\/manifestation-till-stod-for-ukraina\/","og_site_name":"Kristdemokraterna i Link\u00f6ping","article_author":"https:\/\/www.facebook.com\/kdlinkoping\/","article_published_time":"2022-03-14T15:19:46+00:00","article_modified_time":"2022-04-20T08:42:56+00:00","author":"linkoping","twitter_card":"summary_large_image","twitter_misc":{"Skriven av":"linkoping","Ber\u00e4knad l\u00e4stid":"1 minut"},"schema":{"@context":"https:\/\/schema.org","@graph":[{"@type":"Article","@id":"https:\/\/wp.kristdemokraterna.se\/linkoping\/manifestation-till-stod-for-ukraina\/#article","isPartOf":{"@id":"https:\/\/wp.kristdemokraterna.se\/linkoping\/manifestation-till-stod-for-ukraina\/"},"author":{"name":"linkoping","@id":"https:\/\/wp.kristdemokraterna.se\/linkoping\/#\/schema\/person\/b0148c3c8863db76d330faa282b9521a"},"headline":"Manifestation till st\u00f6d f\u00f6r Ukraina","datePublished":"2022-03-14T15:19:46+00:00","dateModified":"2022-04-20T08:42:56+00:00","mainEntityOfPage":{"@id":"https:\/\/wp.kristdemokraterna.se\/linkoping\/manifestation-till-stod-for-ukraina\/"},"wordCount":147,"articleSection":["arkiv","okategoriserade"],"inLanguage":"sv-SE"},{"@type":"WebPage","@id":"https:\/\/wp.kristdemokraterna.se\/linkoping\/manifestation-till-stod-for-ukraina\/","url":"https:\/\/wp.kristdemokraterna.se\/linkoping\/manifestation-till-stod-for-ukraina\/","name":"Manifestation till st\u00f6d f\u00f6r Ukraina - Kristdemokraterna i Link\u00f6ping","isPartOf":{"@id":"https:\/\/wp.kristdemokraterna.se\/linkoping\/#website"},"datePublished":"2022-03-14T15:19:46+00:00","dateModified":"2022-04-20T08:42:56+00:00","author":{"@id":"https:\/\/wp.kristdemokraterna.se\/linkoping\/#\/schema\/person\/b0148c3c8863db76d330faa282b9521a"},"breadcrumb":{"@id":"https:\/\/wp.kristdemokraterna.se\/linkoping\/manifestation-till-stod-for-ukraina\/#breadcrumb"},"inLanguage":"sv-SE","potentialAction":[{"@type":"ReadAction","target":["https:\/\/wp.kristdemokraterna.se\/linkoping\/manifestation-till-stod-for-ukraina\/"]}]},{"@type":"BreadcrumbList","@id":"https:\/\/wp.kristdemokraterna.se\/linkoping\/manifestation-till-stod-for-ukraina\/#breadcrumb","itemListElement":[{"@type":"ListItem","position":1,"name":"Hem","item":"https:\/\/wp.kristdemokraterna.se\/linkoping\/"},{"@type":"ListItem","position":2,"name":"Manifestation till st\u00f6d f\u00f6r Ukraina"}]},{"@type":"WebSite","@id":"https:\/\/wp.kristdemokraterna.se\/linkoping\/#website","url":"https:\/\/wp.kristdemokraterna.se\/linkoping\/","name":"Kristdemokraterna i Link\u00f6ping","description":"","inLanguage":"sv-SE"},{"@type":"Person","@id":"https:\/\/wp.kristdemokraterna.se\/linkoping\/#\/schema\/person\/b0148c3c8863db76d330faa282b9521a","name":"linkoping","image":{"@type":"ImageObject","inLanguage":"sv-SE","@id":"https:\/\/secure.gravatar.com\/avatar\/016e7965fec0e08fdd07b021a7d25181278d4b29b1d5bab57b16017e35421895?s=96&r=g","url":"https:\/\/secure.gravatar.com\/avatar\/016e7965fec0e08fdd07b021a7d25181278d4b29b1d5bab57b16017e35421895?s=96&r=g","contentUrl":"https:\/\/secure.gravatar.com\/avatar\/016e7965fec0e08fdd07b021a7d25181278d4b29b1d5bab57b16017e35421895?s=96&r=g","caption":"linkoping"},"sameAs":["https:\/\/www.facebook.com\/kdlinkoping\/"],"url":"https:\/\/wp.kristdemokraterna.se\/linkoping\/author\/linkoping\/"}]}},"_links":{"self":[{"href":"https:\/\/wp.kristdemokraterna.se\/linkoping\/wp-json\/wp\/v2\/posts\/2194","targetHints":{"allow":["GET"]}}],"collection":[{"href":"https:\/\/wp.kristdemokraterna.se\/linkoping\/wp-json\/wp\/v2\/posts"}],"about":[{"href":"https:\/\/wp.kristdemokraterna.se\/linkoping\/wp-json\/wp\/v2\/types\/post"}],"author":[{"embeddable":true,"href":"https:\/\/wp.kristdemokraterna.se\/linkoping\/wp-json\/wp\/v2\/users\/410"}],"replies":[{"embeddable":true,"href":"https:\/\/wp.kristdemokraterna.se\/linkoping\/wp-json\/wp\/v2\/comments?post=2194"}],"version-history":[{"count":1,"href":"https:\/\/wp.kristdemokraterna.se\/linkoping\/wp-json\/wp\/v2\/posts\/2194\/revisions"}],"predecessor-version":[{"id":2196,"href":"https:\/\/wp.kristdemokraterna.se\/linkoping\/wp-json\/wp\/v2\/posts\/2194\/revisions\/2196"}],"wp:attachment":[{"href":"https:\/\/wp.kristdemokraterna.se\/linkoping\/wp-json\/wp\/v2\/media?parent=2194"}],"wp:term":[{"taxonomy":"category","embeddable":true,"href":"https:\/\/wp.kristdemokraterna.se\/linkoping\/wp-json\/wp\/v2\/categories?post=2194"},{"taxonomy":"post_tag","embeddable":true,"href":"https:\/\/wp.kristdemokraterna.se\/linkoping\/wp-json\/wp\/v2\/tags?post=2194"}],"curies":[{"name":"wp","href":"https:\/\/api.w.org\/{rel}","templated":true}]}}