{"id":2253,"date":"2022-05-11T09:36:22","date_gmt":"2022-05-11T07:36:22","guid":{"rendered":"https:\/\/wp.kristdemokraterna.se\/linkoping\/?p=2253"},"modified":"2022-06-30T06:10:02","modified_gmt":"2022-06-30T04:10:02","slug":"panelsamtal-infor-valet","status":"publish","type":"post","link":"https:\/\/wp.kristdemokraterna.se\/linkoping\/panelsamtal-infor-valet\/","title":{"rendered":"Panelsamtal inf\u00f6r valet"},"content":{"rendered":"<div class=\"kvgmc6g5 cxmmr5t8 oygrvhab hcukyx3x c1et5uql ii04i59q\">\n<div dir=\"auto\">Ig\u00e5r var det \u00e5ter dags f\u00f6r en Bright East tr\u00e4ff p\u00e5 LINK Business Center i Link\u00f6ping. Tr\u00e4ffen g\u00e4stades denna g\u00e5ng av Marcus Oscarsson, k\u00e4nd fr\u00e5n TV4, som modererade ett intressant panelsamtal med lokala politiker fr\u00e5n \u00d6sterg\u00f6tland. V\u00e5rt kommunalr\u00e5d Denis\u00e9 Cassel (KD) deltog med bravur och ber\u00e4ttade bl a om hur vi ska g\u00f6ra Link\u00f6ping till en tryggare stad. Efter samtalet blev det mingel med mat och dryck i \u00d6stsvenska Handelskammarens fina lokaler.<\/div>\n<\/div>\n","protected":false},"excerpt":{"rendered":"<p>Ig\u00e5r var det \u00e5ter dags f\u00f6r en Bright East tr\u00e4ff p\u00e5 LINK Business Center i Link\u00f6ping. Tr\u00e4ffen g\u00e4stades denna g\u00e5ng av Marcus Oscarsson, k\u00e4nd fr\u00e5n TV4, som modererade ett intressant panelsamtal med lokala politiker fr\u00e5n \u00d6sterg\u00f6tland. V\u00e5rt kommunalr\u00e5d Denis\u00e9 Cassel (KD) deltog med bravur och ber\u00e4ttade bl a om hur vi ska g\u00f6ra Link\u00f6ping till <a class=\"read-more-link\" href=\"https:\/\/wp.kristdemokraterna.se\/linkoping\/panelsamtal-infor-valet\/\">Read More<\/a><\/p>\n","protected":false},"author":410,"featured_media":0,"comment_status":"closed","ping_status":"closed","sticky":false,"template":"","format":"standard","meta":{"_acf_changed":false,"footnotes":""},"categories":[22,1],"tags":[],"class_list":["post-2253","post","type-post","status-publish","format-standard","hentry","category-arkiv","category-okategoriserade"],"acf":[],"yoast_head":"<!-- This site is optimized with the Yoast SEO plugin v27.4 - https:\/\/yoast.com\/product\/yoast-seo-wordpress\/ -->\n<title>Panelsamtal inf\u00f6r valet - Kristdemokraterna i Link\u00f6ping<\/title>\n<meta name=\"robots\" content=\"index, follow, max-snippet:-1, max-image-preview:large, max-video-preview:-1\" \/>\n<link rel=\"canonical\" href=\"https:\/\/wp.kristdemokraterna.se\/linkoping\/panelsamtal-infor-valet\/\" \/>\n<meta property=\"og:locale\" content=\"sv_SE\" \/>\n<meta property=\"og:type\" content=\"article\" \/>\n<meta property=\"og:title\" content=\"Panelsamtal inf\u00f6r valet - Kristdemokraterna i Link\u00f6ping\" \/>\n<meta property=\"og:description\" content=\"Ig\u00e5r var det \u00e5ter dags f\u00f6r en Bright East tr\u00e4ff p\u00e5 LINK Business Center i Link\u00f6ping. Tr\u00e4ffen g\u00e4stades denna g\u00e5ng av Marcus Oscarsson, k\u00e4nd fr\u00e5n TV4, som modererade ett intressant panelsamtal med lokala politiker fr\u00e5n \u00d6sterg\u00f6tland. V\u00e5rt kommunalr\u00e5d Denis\u00e9 Cassel (KD) deltog med bravur och ber\u00e4ttade bl a om hur vi ska g\u00f6ra Link\u00f6ping till Read More\" \/>\n<meta property=\"og:url\" content=\"https:\/\/wp.kristdemokraterna.se\/linkoping\/panelsamtal-infor-valet\/\" \/>\n<meta property=\"og:site_name\" content=\"Kristdemokraterna i Link\u00f6ping\" \/>\n<meta property=\"article:author\" content=\"https:\/\/www.facebook.com\/kdlinkoping\/\" \/>\n<meta property=\"article:published_time\" content=\"2022-05-11T07:36:22+00:00\" \/>\n<meta property=\"article:modified_time\" content=\"2022-06-30T04:10:02+00:00\" \/>\n<meta name=\"author\" content=\"linkoping\" \/>\n<meta name=\"twitter:card\" content=\"summary_large_image\" \/>\n<meta name=\"twitter:label1\" content=\"Skriven av\" \/>\n\t<meta name=\"twitter:data1\" content=\"linkoping\" \/>\n<script type=\"application\/ld+json\" class=\"yoast-schema-graph\">{\"@context\":\"https:\\\/\\\/schema.org\",\"@graph\":[{\"@type\":\"Article\",\"@id\":\"https:\\\/\\\/wp.kristdemokraterna.se\\\/linkoping\\\/panelsamtal-infor-valet\\\/#article\",\"isPartOf\":{\"@id\":\"https:\\\/\\\/wp.kristdemokraterna.se\\\/linkoping\\\/panelsamtal-infor-valet\\\/\"},\"author\":{\"name\":\"linkoping\",\"@id\":\"https:\\\/\\\/wp.kristdemokraterna.se\\\/linkoping\\\/#\\\/schema\\\/person\\\/b0148c3c8863db76d330faa282b9521a\"},\"headline\":\"Panelsamtal inf\u00f6r valet\",\"datePublished\":\"2022-05-11T07:36:22+00:00\",\"dateModified\":\"2022-06-30T04:10:02+00:00\",\"mainEntityOfPage\":{\"@id\":\"https:\\\/\\\/wp.kristdemokraterna.se\\\/linkoping\\\/panelsamtal-infor-valet\\\/\"},\"wordCount\":92,\"articleSection\":[\"arkiv\",\"okategoriserade\"],\"inLanguage\":\"sv-SE\"},{\"@type\":\"WebPage\",\"@id\":\"https:\\\/\\\/wp.kristdemokraterna.se\\\/linkoping\\\/panelsamtal-infor-valet\\\/\",\"url\":\"https:\\\/\\\/wp.kristdemokraterna.se\\\/linkoping\\\/panelsamtal-infor-valet\\\/\",\"name\":\"Panelsamtal inf\u00f6r valet - Kristdemokraterna i Link\u00f6ping\",\"isPartOf\":{\"@id\":\"https:\\\/\\\/wp.kristdemokraterna.se\\\/linkoping\\\/#website\"},\"datePublished\":\"2022-05-11T07:36:22+00:00\",\"dateModified\":\"2022-06-30T04:10:02+00:00\",\"author\":{\"@id\":\"https:\\\/\\\/wp.kristdemokraterna.se\\\/linkoping\\\/#\\\/schema\\\/person\\\/b0148c3c8863db76d330faa282b9521a\"},\"breadcrumb\":{\"@id\":\"https:\\\/\\\/wp.kristdemokraterna.se\\\/linkoping\\\/panelsamtal-infor-valet\\\/#breadcrumb\"},\"inLanguage\":\"sv-SE\",\"potentialAction\":[{\"@type\":\"ReadAction\",\"target\":[\"https:\\\/\\\/wp.kristdemokraterna.se\\\/linkoping\\\/panelsamtal-infor-valet\\\/\"]}]},{\"@type\":\"BreadcrumbList\",\"@id\":\"https:\\\/\\\/wp.kristdemokraterna.se\\\/linkoping\\\/panelsamtal-infor-valet\\\/#breadcrumb\",\"itemListElement\":[{\"@type\":\"ListItem\",\"position\":1,\"name\":\"Hem\",\"item\":\"https:\\\/\\\/wp.kristdemokraterna.se\\\/linkoping\\\/\"},{\"@type\":\"ListItem\",\"position\":2,\"name\":\"Panelsamtal inf\u00f6r valet\"}]},{\"@type\":\"WebSite\",\"@id\":\"https:\\\/\\\/wp.kristdemokraterna.se\\\/linkoping\\\/#website\",\"url\":\"https:\\\/\\\/wp.kristdemokraterna.se\\\/linkoping\\\/\",\"name\":\"Kristdemokraterna i Link\u00f6ping\",\"description\":\"\",\"inLanguage\":\"sv-SE\"},{\"@type\":\"Person\",\"@id\":\"https:\\\/\\\/wp.kristdemokraterna.se\\\/linkoping\\\/#\\\/schema\\\/person\\\/b0148c3c8863db76d330faa282b9521a\",\"name\":\"linkoping\",\"image\":{\"@type\":\"ImageObject\",\"inLanguage\":\"sv-SE\",\"@id\":\"https:\\\/\\\/secure.gravatar.com\\\/avatar\\\/016e7965fec0e08fdd07b021a7d25181278d4b29b1d5bab57b16017e35421895?s=96&r=g\",\"url\":\"https:\\\/\\\/secure.gravatar.com\\\/avatar\\\/016e7965fec0e08fdd07b021a7d25181278d4b29b1d5bab57b16017e35421895?s=96&r=g\",\"contentUrl\":\"https:\\\/\\\/secure.gravatar.com\\\/avatar\\\/016e7965fec0e08fdd07b021a7d25181278d4b29b1d5bab57b16017e35421895?s=96&r=g\",\"caption\":\"linkoping\"},\"sameAs\":[\"https:\\\/\\\/www.facebook.com\\\/kdlinkoping\\\/\"],\"url\":\"https:\\\/\\\/wp.kristdemokraterna.se\\\/linkoping\\\/author\\\/linkoping\\\/\"}]}<\/script>\n<!-- \/ Yoast SEO plugin. -->","yoast_head_json":{"title":"Panelsamtal inf\u00f6r valet - Kristdemokraterna i Link\u00f6ping","robots":{"index":"index","follow":"follow","max-snippet":"max-snippet:-1","max-image-preview":"max-image-preview:large","max-video-preview":"max-video-preview:-1"},"canonical":"https:\/\/wp.kristdemokraterna.se\/linkoping\/panelsamtal-infor-valet\/","og_locale":"sv_SE","og_type":"article","og_title":"Panelsamtal inf\u00f6r valet - Kristdemokraterna i Link\u00f6ping","og_description":"Ig\u00e5r var det \u00e5ter dags f\u00f6r en Bright East tr\u00e4ff p\u00e5 LINK Business Center i Link\u00f6ping. Tr\u00e4ffen g\u00e4stades denna g\u00e5ng av Marcus Oscarsson, k\u00e4nd fr\u00e5n TV4, som modererade ett intressant panelsamtal med lokala politiker fr\u00e5n \u00d6sterg\u00f6tland. V\u00e5rt kommunalr\u00e5d Denis\u00e9 Cassel (KD) deltog med bravur och ber\u00e4ttade bl a om hur vi ska g\u00f6ra Link\u00f6ping till Read More","og_url":"https:\/\/wp.kristdemokraterna.se\/linkoping\/panelsamtal-infor-valet\/","og_site_name":"Kristdemokraterna i Link\u00f6ping","article_author":"https:\/\/www.facebook.com\/kdlinkoping\/","article_published_time":"2022-05-11T07:36:22+00:00","article_modified_time":"2022-06-30T04:10:02+00:00","author":"linkoping","twitter_card":"summary_large_image","twitter_misc":{"Skriven av":"linkoping"},"schema":{"@context":"https:\/\/schema.org","@graph":[{"@type":"Article","@id":"https:\/\/wp.kristdemokraterna.se\/linkoping\/panelsamtal-infor-valet\/#article","isPartOf":{"@id":"https:\/\/wp.kristdemokraterna.se\/linkoping\/panelsamtal-infor-valet\/"},"author":{"name":"linkoping","@id":"https:\/\/wp.kristdemokraterna.se\/linkoping\/#\/schema\/person\/b0148c3c8863db76d330faa282b9521a"},"headline":"Panelsamtal inf\u00f6r valet","datePublished":"2022-05-11T07:36:22+00:00","dateModified":"2022-06-30T04:10:02+00:00","mainEntityOfPage":{"@id":"https:\/\/wp.kristdemokraterna.se\/linkoping\/panelsamtal-infor-valet\/"},"wordCount":92,"articleSection":["arkiv","okategoriserade"],"inLanguage":"sv-SE"},{"@type":"WebPage","@id":"https:\/\/wp.kristdemokraterna.se\/linkoping\/panelsamtal-infor-valet\/","url":"https:\/\/wp.kristdemokraterna.se\/linkoping\/panelsamtal-infor-valet\/","name":"Panelsamtal inf\u00f6r valet - Kristdemokraterna i Link\u00f6ping","isPartOf":{"@id":"https:\/\/wp.kristdemokraterna.se\/linkoping\/#website"},"datePublished":"2022-05-11T07:36:22+00:00","dateModified":"2022-06-30T04:10:02+00:00","author":{"@id":"https:\/\/wp.kristdemokraterna.se\/linkoping\/#\/schema\/person\/b0148c3c8863db76d330faa282b9521a"},"breadcrumb":{"@id":"https:\/\/wp.kristdemokraterna.se\/linkoping\/panelsamtal-infor-valet\/#breadcrumb"},"inLanguage":"sv-SE","potentialAction":[{"@type":"ReadAction","target":["https:\/\/wp.kristdemokraterna.se\/linkoping\/panelsamtal-infor-valet\/"]}]},{"@type":"BreadcrumbList","@id":"https:\/\/wp.kristdemokraterna.se\/linkoping\/panelsamtal-infor-valet\/#breadcrumb","itemListElement":[{"@type":"ListItem","position":1,"name":"Hem","item":"https:\/\/wp.kristdemokraterna.se\/linkoping\/"},{"@type":"ListItem","position":2,"name":"Panelsamtal inf\u00f6r valet"}]},{"@type":"WebSite","@id":"https:\/\/wp.kristdemokraterna.se\/linkoping\/#website","url":"https:\/\/wp.kristdemokraterna.se\/linkoping\/","name":"Kristdemokraterna i Link\u00f6ping","description":"","inLanguage":"sv-SE"},{"@type":"Person","@id":"https:\/\/wp.kristdemokraterna.se\/linkoping\/#\/schema\/person\/b0148c3c8863db76d330faa282b9521a","name":"linkoping","image":{"@type":"ImageObject","inLanguage":"sv-SE","@id":"https:\/\/secure.gravatar.com\/avatar\/016e7965fec0e08fdd07b021a7d25181278d4b29b1d5bab57b16017e35421895?s=96&r=g","url":"https:\/\/secure.gravatar.com\/avatar\/016e7965fec0e08fdd07b021a7d25181278d4b29b1d5bab57b16017e35421895?s=96&r=g","contentUrl":"https:\/\/secure.gravatar.com\/avatar\/016e7965fec0e08fdd07b021a7d25181278d4b29b1d5bab57b16017e35421895?s=96&r=g","caption":"linkoping"},"sameAs":["https:\/\/www.facebook.com\/kdlinkoping\/"],"url":"https:\/\/wp.kristdemokraterna.se\/linkoping\/author\/linkoping\/"}]}},"_links":{"self":[{"href":"https:\/\/wp.kristdemokraterna.se\/linkoping\/wp-json\/wp\/v2\/posts\/2253","targetHints":{"allow":["GET"]}}],"collection":[{"href":"https:\/\/wp.kristdemokraterna.se\/linkoping\/wp-json\/wp\/v2\/posts"}],"about":[{"href":"https:\/\/wp.kristdemokraterna.se\/linkoping\/wp-json\/wp\/v2\/types\/post"}],"author":[{"embeddable":true,"href":"https:\/\/wp.kristdemokraterna.se\/linkoping\/wp-json\/wp\/v2\/users\/410"}],"replies":[{"embeddable":true,"href":"https:\/\/wp.kristdemokraterna.se\/linkoping\/wp-json\/wp\/v2\/comments?post=2253"}],"version-history":[{"count":1,"href":"https:\/\/wp.kristdemokraterna.se\/linkoping\/wp-json\/wp\/v2\/posts\/2253\/revisions"}],"predecessor-version":[{"id":2255,"href":"https:\/\/wp.kristdemokraterna.se\/linkoping\/wp-json\/wp\/v2\/posts\/2253\/revisions\/2255"}],"wp:attachment":[{"href":"https:\/\/wp.kristdemokraterna.se\/linkoping\/wp-json\/wp\/v2\/media?parent=2253"}],"wp:term":[{"taxonomy":"category","embeddable":true,"href":"https:\/\/wp.kristdemokraterna.se\/linkoping\/wp-json\/wp\/v2\/categories?post=2253"},{"taxonomy":"post_tag","embeddable":true,"href":"https:\/\/wp.kristdemokraterna.se\/linkoping\/wp-json\/wp\/v2\/tags?post=2253"}],"curies":[{"name":"wp","href":"https:\/\/api.w.org\/{rel}","templated":true}]}}